{"id":1506,"date":"2023-03-21T13:22:13","date_gmt":"2023-03-21T13:22:13","guid":{"rendered":"https:\/\/aridane.org\/ciudad\/?p=1506"},"modified":"2023-07-26T11:56:22","modified_gmt":"2023-07-26T11:56:22","slug":"el-ayuntamiento-de-los-llanos-de-aridane-reconoce-la-importante-labor-que-desempena-proteccion-civil-axer-los-llanos-de-aridane","status":"publish","type":"post","link":"https:\/\/www.aridane.org\/city\/2023\/03\/21\/el-ayuntamiento-de-los-llanos-de-aridane-reconoce-la-importante-labor-que-desempena-proteccion-civil-axer-los-llanos-de-aridane\/","title":{"rendered":"El Ayuntamiento de Los Llanos de Aridane reconoce la importante labor que desempe\u00f1a Protecci\u00f3n Civil Axer Los Llanos de Aridane"},"content":{"rendered":"<section class=\"wpb-content-wrapper\"><p>[vc_row css_animation=\u00bb\u00bb row_type=\u00bbrow\u00bb use_row_as_full_screen_section=\u00bbno\u00bb type=\u00bbfull_width\u00bb angled_section=\u00bbno\u00bb text_align=\u00bbleft\u00bb background_image_as_pattern=\u00bbwithout_pattern\u00bb][vc_column][vc_row_inner row_type=\u00bbrow\u00bb type=\u00bbgrid\u00bb text_align=\u00bbleft\u00bb css_animation=\u00bb\u00bb][vc_column_inner][vc_empty_space height=\u00bb20px\u00bb][vc_empty_space height=\u00bb20px\u00bb][\/vc_column_inner][\/vc_row_inner][vc_column_text]<\/p>\n<ul>\n<li style=\"text-align: justify;\"><em>Hern\u00e1ndez Labrador confirma que a lo largo de estos 4 a\u00f1os se han llevado a cabo tareas de mejora en sus instalaciones, y se les ha dotado de m\u00e1s recursos.<\/em><\/li>\n<li style=\"text-align: justify;\"><em>Adem\u00e1s, invita a los vecinos que as\u00ed lo deseen a unirse a este grupo de voluntarios, cuyo labor es fundamental en las actividades que se desarrollan en el municipio.<\/em><\/li>\n<\/ul>\n<p>&nbsp;<\/p>\n<p style=\"text-align: justify;\"><strong>Los Llanos de Aridane, 21 de marzo de 2023.-<\/strong> El Ayuntamiento de Los Llanos de Aridane a trav\u00e9s de su alcaldesa, Noelia Garc\u00eda Leal, y la concejal de Seguridad Ciudadana, Lorena Hern\u00e1ndez Labrador, han mantenido una reuni\u00f3n con representantes de Protecci\u00f3n Civil Axer Los Llanos de Aridane, \u201cpara seguir avanzando y trabajando en el crecimiento de la agrupaci\u00f3n en el municipio\u201d.<\/p>\n<p style=\"text-align: justify;\">Durante el encuentro, Garc\u00eda Leal ha puesto en valor el importante papel que desempe\u00f1a esta agrupaci\u00f3n, \u201cformado por un equipo humano que ha demostrado estar a la altura de las circunstancias en los momentos m\u00e1s dif\u00edciles que nos ha tocado vivir como la pandemia y la emergencia volc\u00e1nica, pero que tambi\u00e9n cada fin de semana nos ayudan y velan por la seguridad de nuestros vecinos, en coordinaci\u00f3n con otras fuerzas y cuerpos de seguridad, en todos los eventos deportivos, culturales y festivos, entre otros, que acogemos en Los Llanos de Aridane\u201d, se\u00f1ala.<\/p>\n<p style=\"text-align: justify;\">Por su parte, Lorena Hern\u00e1ndez Labrador, ha explicado que \u201ca lo largo de estos cuatro a\u00f1os desde el Consistorio se ha hecho una importante trabajo por mejorar las instalaciones y aumentar sus recursos de Protecci\u00f3n Civil Axer Los Llanos, como por ejemplo: incrementando y renovando los veh\u00edculos para su uso y disposici\u00f3n, con el fin de que estos voluntarios tengan a su alcance los mejores medios para poder llevar a cabo su labor en cualquiera de las actuaciones donde sea requerida su presencia\u201d.<\/p>\n<p style=\"text-align: justify;\">Por \u00faltimo, la concejal ha recordado que en estos momentos Protecci\u00f3n Civil Axer Los Llanos de Aridane contin\u00faa con su campa\u00f1a de captaci\u00f3n de voluntarios \u201cpor lo que invitamos a todos los ciudadanos que as\u00ed lo deseen a incorporarse al equipo\u201d.<\/p>\n<p>[\/vc_column_text][\/vc_column][\/vc_row]<\/p>\n<\/section>","protected":false},"excerpt":{"rendered":"<p>[vc_row css_animation=\u00bb\u00bb row_type=\u00bbrow\u00bb use_row_as_full_screen_section=\u00bbno\u00bb type=\u00bbfull_width\u00bb angled_section=\u00bbno\u00bb text_align=\u00bbleft\u00bb background_image_as_pattern=\u00bbwithout_pattern\u00bb][vc_column][vc_row_inner row_type=\u00bbrow\u00bb type=\u00bbgrid\u00bb text_align=\u00bbleft\u00bb css_animation=\u00bb\u00bb][vc_column_inner][vc_empty_space height=\u00bb20px\u00bb][vc_empty_space height=\u00bb20px\u00bb][\/vc_column_inner][\/vc_row_inner][vc_column_text] Hern\u00e1ndez Labrador confirma que a lo largo de estos 4 a\u00f1os se han llevado a cabo tareas de mejora en sus instalaciones, y se les ha dotado de m\u00e1s recursos. Adem\u00e1s,&#8230;<\/p>\n","protected":false},"author":1,"featured_media":2539,"comment_status":"closed","ping_status":"open","sticky":false,"template":"","format":"standard","meta":{"footnotes":""},"categories":[6],"tags":[],"class_list":["post-1506","post","type-post","status-publish","format-standard","has-post-thumbnail","hentry","category-prensa"],"yoast_head":"<!-- This site is optimized with the Yoast SEO plugin v22.7 - https:\/\/yoast.com\/wordpress\/plugins\/seo\/ -->\n<title>El Ayuntamiento de Los Llanos de Aridane reconoce la importante labor que desempe\u00f1a Protecci\u00f3n Civil Axer Los Llanos de Aridane - Ayuntamiento de Los Llanos de Aridane<\/title>\n<meta name=\"description\" content=\"El Ayuntamiento de Los Llanos de Aridane presenta el cartel y el programa de La Patrona 2021 con el lema \u201cRemedios, m\u00e1s que un nombre.\u201d\" \/>\n<meta name=\"robots\" content=\"index, follow, max-snippet:-1, max-image-preview:large, max-video-preview:-1\" \/>\n<link rel=\"canonical\" href=\"https:\/\/www.aridane.org\/city\/2023\/03\/21\/el-ayuntamiento-de-los-llanos-de-aridane-reconoce-la-importante-labor-que-desempena-proteccion-civil-axer-los-llanos-de-aridane\/\" \/>\n<meta property=\"og:locale\" content=\"es_ES\" \/>\n<meta property=\"og:type\" content=\"article\" \/>\n<meta property=\"og:title\" content=\"El Ayuntamiento de Los Llanos de Aridane reconoce la importante labor que desempe\u00f1a Protecci\u00f3n Civil Axer Los Llanos de Aridane - Ayuntamiento de Los Llanos de Aridane\" \/>\n<meta property=\"og:description\" content=\"El Ayuntamiento de Los Llanos de Aridane presenta el cartel y el programa de La Patrona 2021 con el lema \u201cRemedios, m\u00e1s que un nombre.\u201d\" \/>\n<meta property=\"og:url\" content=\"https:\/\/www.aridane.org\/city\/2023\/03\/21\/el-ayuntamiento-de-los-llanos-de-aridane-reconoce-la-importante-labor-que-desempena-proteccion-civil-axer-los-llanos-de-aridane\/\" \/>\n<meta property=\"og:site_name\" content=\"Ayuntamiento de Los Llanos de Aridane\" \/>\n<meta property=\"article:published_time\" content=\"2023-03-21T13:22:13+00:00\" \/>\n<meta property=\"article:modified_time\" content=\"2023-07-26T11:56:22+00:00\" \/>\n<meta property=\"og:image\" content=\"https:\/\/www.aridane.org\/city\/wp-content\/uploads\/2023\/03\/proteccion_civil.webp\" \/>\n\t<meta property=\"og:image:width\" content=\"1200\" \/>\n\t<meta property=\"og:image:height\" content=\"675\" \/>\n\t<meta property=\"og:image:type\" content=\"image\/webp\" \/>\n<meta name=\"author\" content=\"Richard Diaz\" \/>\n<meta name=\"twitter:card\" content=\"summary_large_image\" \/>\n<meta name=\"twitter:label1\" content=\"Escrito por\" \/>\n\t<meta name=\"twitter:data1\" content=\"Richard Diaz\" \/>\n\t<meta name=\"twitter:label2\" content=\"Tiempo de lectura\" \/>\n\t<meta name=\"twitter:data2\" content=\"2 minutos\" \/>\n<script type=\"application\/ld+json\" class=\"yoast-schema-graph\">{\"@context\":\"https:\/\/schema.org\",\"@graph\":[{\"@type\":\"WebPage\",\"@id\":\"https:\/\/www.aridane.org\/city\/2023\/03\/21\/el-ayuntamiento-de-los-llanos-de-aridane-reconoce-la-importante-labor-que-desempena-proteccion-civil-axer-los-llanos-de-aridane\/\",\"url\":\"https:\/\/www.aridane.org\/city\/2023\/03\/21\/el-ayuntamiento-de-los-llanos-de-aridane-reconoce-la-importante-labor-que-desempena-proteccion-civil-axer-los-llanos-de-aridane\/\",\"name\":\"El Ayuntamiento de Los Llanos de Aridane reconoce la importante labor que desempe\u00f1a Protecci\u00f3n Civil Axer Los Llanos de Aridane - Ayuntamiento de Los Llanos de Aridane\",\"isPartOf\":{\"@id\":\"https:\/\/www.aridane.org\/city\/#website\"},\"primaryImageOfPage\":{\"@id\":\"https:\/\/www.aridane.org\/city\/2023\/03\/21\/el-ayuntamiento-de-los-llanos-de-aridane-reconoce-la-importante-labor-que-desempena-proteccion-civil-axer-los-llanos-de-aridane\/#primaryimage\"},\"image\":{\"@id\":\"https:\/\/www.aridane.org\/city\/2023\/03\/21\/el-ayuntamiento-de-los-llanos-de-aridane-reconoce-la-importante-labor-que-desempena-proteccion-civil-axer-los-llanos-de-aridane\/#primaryimage\"},\"thumbnailUrl\":\"https:\/\/www.aridane.org\/city\/wp-content\/uploads\/2023\/03\/proteccion_civil.webp\",\"datePublished\":\"2023-03-21T13:22:13+00:00\",\"dateModified\":\"2023-07-26T11:56:22+00:00\",\"author\":{\"@id\":\"https:\/\/www.aridane.org\/city\/#\/schema\/person\/7d352ec7f29881716f298394432e7209\"},\"description\":\"El Ayuntamiento de Los Llanos de Aridane presenta el cartel y el programa de La Patrona 2021 con el lema \u201cRemedios, m\u00e1s que un nombre.\u201d\",\"breadcrumb\":{\"@id\":\"https:\/\/www.aridane.org\/city\/2023\/03\/21\/el-ayuntamiento-de-los-llanos-de-aridane-reconoce-la-importante-labor-que-desempena-proteccion-civil-axer-los-llanos-de-aridane\/#breadcrumb\"},\"inLanguage\":\"es\",\"potentialAction\":[{\"@type\":\"ReadAction\",\"target\":[\"https:\/\/www.aridane.org\/city\/2023\/03\/21\/el-ayuntamiento-de-los-llanos-de-aridane-reconoce-la-importante-labor-que-desempena-proteccion-civil-axer-los-llanos-de-aridane\/\"]}]},{\"@type\":\"ImageObject\",\"inLanguage\":\"es\",\"@id\":\"https:\/\/www.aridane.org\/city\/2023\/03\/21\/el-ayuntamiento-de-los-llanos-de-aridane-reconoce-la-importante-labor-que-desempena-proteccion-civil-axer-los-llanos-de-aridane\/#primaryimage\",\"url\":\"https:\/\/www.aridane.org\/city\/wp-content\/uploads\/2023\/03\/proteccion_civil.webp\",\"contentUrl\":\"https:\/\/www.aridane.org\/city\/wp-content\/uploads\/2023\/03\/proteccion_civil.webp\",\"width\":1200,\"height\":675},{\"@type\":\"BreadcrumbList\",\"@id\":\"https:\/\/www.aridane.org\/city\/2023\/03\/21\/el-ayuntamiento-de-los-llanos-de-aridane-reconoce-la-importante-labor-que-desempena-proteccion-civil-axer-los-llanos-de-aridane\/#breadcrumb\",\"itemListElement\":[{\"@type\":\"ListItem\",\"position\":1,\"name\":\"Portada\",\"item\":\"https:\/\/www.aridane.org\/city\/\"},{\"@type\":\"ListItem\",\"position\":2,\"name\":\"El Ayuntamiento de Los Llanos de Aridane reconoce la importante labor que desempe\u00f1a Protecci\u00f3n Civil Axer Los Llanos de Aridane\"}]},{\"@type\":\"WebSite\",\"@id\":\"https:\/\/www.aridane.org\/city\/#website\",\"url\":\"https:\/\/www.aridane.org\/city\/\",\"name\":\"Ayuntamiento de Los Llanos de Aridane\",\"description\":\"\",\"potentialAction\":[{\"@type\":\"SearchAction\",\"target\":{\"@type\":\"EntryPoint\",\"urlTemplate\":\"https:\/\/www.aridane.org\/city\/?s={search_term_string}\"},\"query-input\":\"required name=search_term_string\"}],\"inLanguage\":\"es\"},{\"@type\":\"Person\",\"@id\":\"https:\/\/www.aridane.org\/city\/#\/schema\/person\/7d352ec7f29881716f298394432e7209\",\"name\":\"Richard Diaz\",\"image\":{\"@type\":\"ImageObject\",\"inLanguage\":\"es\",\"@id\":\"https:\/\/www.aridane.org\/city\/#\/schema\/person\/image\/\",\"url\":\"https:\/\/secure.gravatar.com\/avatar\/bacd6aefc26a4a204943090a4c596cd10f0857081ef3cfd12084a70ecb3161d5?s=96&d=mm&r=g\",\"contentUrl\":\"https:\/\/secure.gravatar.com\/avatar\/bacd6aefc26a4a204943090a4c596cd10f0857081ef3cfd12084a70ecb3161d5?s=96&d=mm&r=g\",\"caption\":\"Richard Diaz\"},\"sameAs\":[\"https:\/\/www.aridane.org\/city\"],\"url\":\"https:\/\/www.aridane.org\/city\/author\/richard-diaz\/\"}]}<\/script>\n<!-- \/ Yoast SEO plugin. -->","yoast_head_json":{"title":"El Ayuntamiento de Los Llanos de Aridane reconoce la importante labor que desempe\u00f1a Protecci\u00f3n Civil Axer Los Llanos de Aridane - Ayuntamiento de Los Llanos de Aridane","description":"El Ayuntamiento de Los Llanos de Aridane presenta el cartel y el programa de La Patrona 2021 con el lema \u201cRemedios, m\u00e1s que un nombre.\u201d","robots":{"index":"index","follow":"follow","max-snippet":"max-snippet:-1","max-image-preview":"max-image-preview:large","max-video-preview":"max-video-preview:-1"},"canonical":"https:\/\/www.aridane.org\/city\/2023\/03\/21\/el-ayuntamiento-de-los-llanos-de-aridane-reconoce-la-importante-labor-que-desempena-proteccion-civil-axer-los-llanos-de-aridane\/","og_locale":"es_ES","og_type":"article","og_title":"El Ayuntamiento de Los Llanos de Aridane reconoce la importante labor que desempe\u00f1a Protecci\u00f3n Civil Axer Los Llanos de Aridane - Ayuntamiento de Los Llanos de Aridane","og_description":"El Ayuntamiento de Los Llanos de Aridane presenta el cartel y el programa de La Patrona 2021 con el lema \u201cRemedios, m\u00e1s que un nombre.\u201d","og_url":"https:\/\/www.aridane.org\/city\/2023\/03\/21\/el-ayuntamiento-de-los-llanos-de-aridane-reconoce-la-importante-labor-que-desempena-proteccion-civil-axer-los-llanos-de-aridane\/","og_site_name":"Ayuntamiento de Los Llanos de Aridane","article_published_time":"2023-03-21T13:22:13+00:00","article_modified_time":"2023-07-26T11:56:22+00:00","og_image":[{"width":1200,"height":675,"url":"https:\/\/www.aridane.org\/city\/wp-content\/uploads\/2023\/03\/proteccion_civil.webp","type":"image\/webp"}],"author":"Richard Diaz","twitter_card":"summary_large_image","twitter_misc":{"Escrito por":"Richard Diaz","Tiempo de lectura":"2 minutos"},"schema":{"@context":"https:\/\/schema.org","@graph":[{"@type":"WebPage","@id":"https:\/\/www.aridane.org\/city\/2023\/03\/21\/el-ayuntamiento-de-los-llanos-de-aridane-reconoce-la-importante-labor-que-desempena-proteccion-civil-axer-los-llanos-de-aridane\/","url":"https:\/\/www.aridane.org\/city\/2023\/03\/21\/el-ayuntamiento-de-los-llanos-de-aridane-reconoce-la-importante-labor-que-desempena-proteccion-civil-axer-los-llanos-de-aridane\/","name":"El Ayuntamiento de Los Llanos de Aridane reconoce la importante labor que desempe\u00f1a Protecci\u00f3n Civil Axer Los Llanos de Aridane - Ayuntamiento de Los Llanos de Aridane","isPartOf":{"@id":"https:\/\/www.aridane.org\/city\/#website"},"primaryImageOfPage":{"@id":"https:\/\/www.aridane.org\/city\/2023\/03\/21\/el-ayuntamiento-de-los-llanos-de-aridane-reconoce-la-importante-labor-que-desempena-proteccion-civil-axer-los-llanos-de-aridane\/#primaryimage"},"image":{"@id":"https:\/\/www.aridane.org\/city\/2023\/03\/21\/el-ayuntamiento-de-los-llanos-de-aridane-reconoce-la-importante-labor-que-desempena-proteccion-civil-axer-los-llanos-de-aridane\/#primaryimage"},"thumbnailUrl":"https:\/\/www.aridane.org\/city\/wp-content\/uploads\/2023\/03\/proteccion_civil.webp","datePublished":"2023-03-21T13:22:13+00:00","dateModified":"2023-07-26T11:56:22+00:00","author":{"@id":"https:\/\/www.aridane.org\/city\/#\/schema\/person\/7d352ec7f29881716f298394432e7209"},"description":"El Ayuntamiento de Los Llanos de Aridane presenta el cartel y el programa de La Patrona 2021 con el lema \u201cRemedios, m\u00e1s que un nombre.\u201d","breadcrumb":{"@id":"https:\/\/www.aridane.org\/city\/2023\/03\/21\/el-ayuntamiento-de-los-llanos-de-aridane-reconoce-la-importante-labor-que-desempena-proteccion-civil-axer-los-llanos-de-aridane\/#breadcrumb"},"inLanguage":"es","potentialAction":[{"@type":"ReadAction","target":["https:\/\/www.aridane.org\/city\/2023\/03\/21\/el-ayuntamiento-de-los-llanos-de-aridane-reconoce-la-importante-labor-que-desempena-proteccion-civil-axer-los-llanos-de-aridane\/"]}]},{"@type":"ImageObject","inLanguage":"es","@id":"https:\/\/www.aridane.org\/city\/2023\/03\/21\/el-ayuntamiento-de-los-llanos-de-aridane-reconoce-la-importante-labor-que-desempena-proteccion-civil-axer-los-llanos-de-aridane\/#primaryimage","url":"https:\/\/www.aridane.org\/city\/wp-content\/uploads\/2023\/03\/proteccion_civil.webp","contentUrl":"https:\/\/www.aridane.org\/city\/wp-content\/uploads\/2023\/03\/proteccion_civil.webp","width":1200,"height":675},{"@type":"BreadcrumbList","@id":"https:\/\/www.aridane.org\/city\/2023\/03\/21\/el-ayuntamiento-de-los-llanos-de-aridane-reconoce-la-importante-labor-que-desempena-proteccion-civil-axer-los-llanos-de-aridane\/#breadcrumb","itemListElement":[{"@type":"ListItem","position":1,"name":"Portada","item":"https:\/\/www.aridane.org\/city\/"},{"@type":"ListItem","position":2,"name":"El Ayuntamiento de Los Llanos de Aridane reconoce la importante labor que desempe\u00f1a Protecci\u00f3n Civil Axer Los Llanos de Aridane"}]},{"@type":"WebSite","@id":"https:\/\/www.aridane.org\/city\/#website","url":"https:\/\/www.aridane.org\/city\/","name":"Ayuntamiento de Los Llanos de Aridane","description":"","potentialAction":[{"@type":"SearchAction","target":{"@type":"EntryPoint","urlTemplate":"https:\/\/www.aridane.org\/city\/?s={search_term_string}"},"query-input":"required name=search_term_string"}],"inLanguage":"es"},{"@type":"Person","@id":"https:\/\/www.aridane.org\/city\/#\/schema\/person\/7d352ec7f29881716f298394432e7209","name":"Richard Diaz","image":{"@type":"ImageObject","inLanguage":"es","@id":"https:\/\/www.aridane.org\/city\/#\/schema\/person\/image\/","url":"https:\/\/secure.gravatar.com\/avatar\/bacd6aefc26a4a204943090a4c596cd10f0857081ef3cfd12084a70ecb3161d5?s=96&d=mm&r=g","contentUrl":"https:\/\/secure.gravatar.com\/avatar\/bacd6aefc26a4a204943090a4c596cd10f0857081ef3cfd12084a70ecb3161d5?s=96&d=mm&r=g","caption":"Richard Diaz"},"sameAs":["https:\/\/www.aridane.org\/city"],"url":"https:\/\/www.aridane.org\/city\/author\/richard-diaz\/"}]}},"_links":{"self":[{"href":"https:\/\/www.aridane.org\/city\/wp-json\/wp\/v2\/posts\/1506","targetHints":{"allow":["GET"]}}],"collection":[{"href":"https:\/\/www.aridane.org\/city\/wp-json\/wp\/v2\/posts"}],"about":[{"href":"https:\/\/www.aridane.org\/city\/wp-json\/wp\/v2\/types\/post"}],"author":[{"embeddable":true,"href":"https:\/\/www.aridane.org\/city\/wp-json\/wp\/v2\/users\/1"}],"replies":[{"embeddable":true,"href":"https:\/\/www.aridane.org\/city\/wp-json\/wp\/v2\/comments?post=1506"}],"version-history":[{"count":2,"href":"https:\/\/www.aridane.org\/city\/wp-json\/wp\/v2\/posts\/1506\/revisions"}],"predecessor-version":[{"id":2540,"href":"https:\/\/www.aridane.org\/city\/wp-json\/wp\/v2\/posts\/1506\/revisions\/2540"}],"wp:featuredmedia":[{"embeddable":true,"href":"https:\/\/www.aridane.org\/city\/wp-json\/wp\/v2\/media\/2539"}],"wp:attachment":[{"href":"https:\/\/www.aridane.org\/city\/wp-json\/wp\/v2\/media?parent=1506"}],"wp:term":[{"taxonomy":"category","embeddable":true,"href":"https:\/\/www.aridane.org\/city\/wp-json\/wp\/v2\/categories?post=1506"},{"taxonomy":"post_tag","embeddable":true,"href":"https:\/\/www.aridane.org\/city\/wp-json\/wp\/v2\/tags?post=1506"}],"curies":[{"name":"wp","href":"https:\/\/api.w.org\/{rel}","templated":true}]}}