{"id":1509,"date":"2023-03-22T13:57:34","date_gmt":"2023-03-22T13:57:34","guid":{"rendered":"https:\/\/aridane.org\/ciudad\/?p=1509"},"modified":"2023-07-26T11:53:57","modified_gmt":"2023-07-26T11:53:57","slug":"el-ayuntamiento-de-los-llanos-de-aridane-retoma-la-dinamizacion-del-mercadillo-del-agricultor","status":"publish","type":"post","link":"https:\/\/www.aridane.org\/city\/2023\/03\/22\/el-ayuntamiento-de-los-llanos-de-aridane-retoma-la-dinamizacion-del-mercadillo-del-agricultor\/","title":{"rendered":"El Ayuntamiento de Los Llanos de Aridane retoma la dinamizaci\u00f3n del Mercadillo del Agricultor"},"content":{"rendered":"<section class=\"wpb-content-wrapper\"><p>[vc_row css_animation=\u00bb\u00bb row_type=\u00bbrow\u00bb use_row_as_full_screen_section=\u00bbno\u00bb type=\u00bbfull_width\u00bb angled_section=\u00bbno\u00bb text_align=\u00bbleft\u00bb background_image_as_pattern=\u00bbwithout_pattern\u00bb][vc_column][vc_row_inner row_type=\u00bbrow\u00bb type=\u00bbgrid\u00bb text_align=\u00bbleft\u00bb css_animation=\u00bb\u00bb][vc_column_inner][vc_empty_space height=\u00bb20px\u00bb][vc_empty_space height=\u00bb20px\u00bb][\/vc_column_inner][\/vc_row_inner][vc_column_text]<\/p>\n<ul>\n<li style=\"text-align: justify;\"><em>La concejal del \u00e1rea, Inmaculada Fern\u00e1ndez, pone en valor la buena acogida que han tenido las actividades programadas, llevadas a cabo antes de acabar el a\u00f1o 2022, \u00a0para fomentar las compras en este espacio.<\/em><\/li>\n<\/ul>\n<p>&nbsp;<\/p>\n<p style=\"text-align: justify;\"><strong>Los Llanos de Aridane, 22 de marzo de 2023.-<\/strong> El Ayuntamiento de Los Llanos de Aridane a trav\u00e9s de la concejal de Desarrollo Local, Inmaculada Fern\u00e1ndez, ha confirmado que \u201ceste domingo, 26 de marzo, regresa al Mercadillo del Agricultor la m\u00fasica en directo con el objetivo de seguir dinamizando este espacio\u201d, se\u00f1ala.<\/p>\n<p style=\"text-align: justify;\">Fern\u00e1ndez explica que en esta ocasi\u00f3n \u201ctodas las personas que se acerquen hasta este punto podr\u00e1n disfrutar de la voz del cantautor Fran Ramos, que estar\u00e1 actuando de 11:00 a 13:00 horas\u201d.\u00a0 Adem\u00e1s, la concejal ha querido poner en relieve la buena acogida que han tenido estas actividades programadas, en las que se intercalan catas de productos y actuaciones musicales, durante los \u00faltimos meses de 2022, \u201cpermiti\u00e9ndonos dinamizar este espacio, y contribuir al fomento de las compras\u201d, se\u00f1ala.<\/p>\n<p style=\"text-align: justify;\">Desde la concejal\u00eda de Desarrollo Local recuerdan que el Mercadillo del Agricultor se lleva a cabo todos los domingos en la Avenida Doctor Fleming, en horario de 8:00 a 13:15 horas, \u201cy todas las personas que se acerquen hasta este punto podr\u00e1n adquirir dulces y productos de kil\u00f3metro 0 como frutas, verduras y hortalizas, entre otros\u201d.<\/p>\n<p style=\"text-align: justify;\">Por \u00faltimo, desde el Ayuntamiento de Los Llanos de Aridane se invita a todas las personas a visitar este mercadillo, \u201cy a consumir productos locales, y m\u00e1s en un momento clave como el que vive el municipio\u201d.<\/p>\n<p>[\/vc_column_text][\/vc_column][\/vc_row]<\/p>\n<\/section>","protected":false},"excerpt":{"rendered":"<p>[vc_row css_animation=\u00bb\u00bb row_type=\u00bbrow\u00bb use_row_as_full_screen_section=\u00bbno\u00bb type=\u00bbfull_width\u00bb angled_section=\u00bbno\u00bb text_align=\u00bbleft\u00bb background_image_as_pattern=\u00bbwithout_pattern\u00bb][vc_column][vc_row_inner row_type=\u00bbrow\u00bb type=\u00bbgrid\u00bb text_align=\u00bbleft\u00bb css_animation=\u00bb\u00bb][vc_column_inner][vc_empty_space height=\u00bb20px\u00bb][vc_empty_space height=\u00bb20px\u00bb][\/vc_column_inner][\/vc_row_inner][vc_column_text] La concejal del \u00e1rea, Inmaculada Fern\u00e1ndez, pone en valor la buena acogida que han tenido las actividades programadas, llevadas a cabo antes de acabar el a\u00f1o 2022, \u00a0para fomentar las compras&#8230;<\/p>\n","protected":false},"author":1,"featured_media":2536,"comment_status":"closed","ping_status":"open","sticky":false,"template":"","format":"standard","meta":{"footnotes":""},"categories":[6],"tags":[],"class_list":["post-1509","post","type-post","status-publish","format-standard","has-post-thumbnail","hentry","category-prensa"],"yoast_head":"<!-- This site is optimized with the Yoast SEO plugin v22.7 - https:\/\/yoast.com\/wordpress\/plugins\/seo\/ -->\n<title>El Ayuntamiento de Los Llanos de Aridane retoma la dinamizaci\u00f3n del Mercadillo del Agricultor - Ayuntamiento de Los Llanos de Aridane<\/title>\n<meta name=\"description\" content=\"El Ayuntamiento de Los Llanos de Aridane presenta el cartel y el programa de La Patrona 2021 con el lema \u201cRemedios, m\u00e1s que un nombre.\u201d\" \/>\n<meta name=\"robots\" content=\"index, follow, max-snippet:-1, max-image-preview:large, max-video-preview:-1\" \/>\n<link rel=\"canonical\" href=\"https:\/\/www.aridane.org\/city\/2023\/03\/22\/el-ayuntamiento-de-los-llanos-de-aridane-retoma-la-dinamizacion-del-mercadillo-del-agricultor\/\" \/>\n<meta property=\"og:locale\" content=\"es_ES\" \/>\n<meta property=\"og:type\" content=\"article\" \/>\n<meta property=\"og:title\" content=\"El Ayuntamiento de Los Llanos de Aridane retoma la dinamizaci\u00f3n del Mercadillo del Agricultor - Ayuntamiento de Los Llanos de Aridane\" \/>\n<meta property=\"og:description\" content=\"El Ayuntamiento de Los Llanos de Aridane presenta el cartel y el programa de La Patrona 2021 con el lema \u201cRemedios, m\u00e1s que un nombre.\u201d\" \/>\n<meta property=\"og:url\" content=\"https:\/\/www.aridane.org\/city\/2023\/03\/22\/el-ayuntamiento-de-los-llanos-de-aridane-retoma-la-dinamizacion-del-mercadillo-del-agricultor\/\" \/>\n<meta property=\"og:site_name\" content=\"Ayuntamiento de Los Llanos de Aridane\" \/>\n<meta property=\"article:published_time\" content=\"2023-03-22T13:57:34+00:00\" \/>\n<meta property=\"article:modified_time\" content=\"2023-07-26T11:53:57+00:00\" \/>\n<meta property=\"og:image\" content=\"https:\/\/www.aridane.org\/city\/wp-content\/uploads\/2023\/03\/mercadillo_agricultor.jpg\" \/>\n\t<meta property=\"og:image:width\" content=\"1200\" \/>\n\t<meta property=\"og:image:height\" content=\"675\" \/>\n\t<meta property=\"og:image:type\" content=\"image\/jpeg\" \/>\n<meta name=\"author\" content=\"Richard Diaz\" \/>\n<meta name=\"twitter:card\" content=\"summary_large_image\" \/>\n<meta name=\"twitter:label1\" content=\"Escrito por\" \/>\n\t<meta name=\"twitter:data1\" content=\"Richard Diaz\" \/>\n\t<meta name=\"twitter:label2\" content=\"Tiempo de lectura\" \/>\n\t<meta name=\"twitter:data2\" content=\"2 minutos\" \/>\n<script type=\"application\/ld+json\" class=\"yoast-schema-graph\">{\"@context\":\"https:\/\/schema.org\",\"@graph\":[{\"@type\":\"WebPage\",\"@id\":\"https:\/\/www.aridane.org\/city\/2023\/03\/22\/el-ayuntamiento-de-los-llanos-de-aridane-retoma-la-dinamizacion-del-mercadillo-del-agricultor\/\",\"url\":\"https:\/\/www.aridane.org\/city\/2023\/03\/22\/el-ayuntamiento-de-los-llanos-de-aridane-retoma-la-dinamizacion-del-mercadillo-del-agricultor\/\",\"name\":\"El Ayuntamiento de Los Llanos de Aridane retoma la dinamizaci\u00f3n del Mercadillo del Agricultor - Ayuntamiento de Los Llanos de Aridane\",\"isPartOf\":{\"@id\":\"https:\/\/www.aridane.org\/city\/#website\"},\"primaryImageOfPage\":{\"@id\":\"https:\/\/www.aridane.org\/city\/2023\/03\/22\/el-ayuntamiento-de-los-llanos-de-aridane-retoma-la-dinamizacion-del-mercadillo-del-agricultor\/#primaryimage\"},\"image\":{\"@id\":\"https:\/\/www.aridane.org\/city\/2023\/03\/22\/el-ayuntamiento-de-los-llanos-de-aridane-retoma-la-dinamizacion-del-mercadillo-del-agricultor\/#primaryimage\"},\"thumbnailUrl\":\"https:\/\/www.aridane.org\/city\/wp-content\/uploads\/2023\/03\/mercadillo_agricultor.jpg\",\"datePublished\":\"2023-03-22T13:57:34+00:00\",\"dateModified\":\"2023-07-26T11:53:57+00:00\",\"author\":{\"@id\":\"https:\/\/www.aridane.org\/city\/#\/schema\/person\/7d352ec7f29881716f298394432e7209\"},\"description\":\"El Ayuntamiento de Los Llanos de Aridane presenta el cartel y el programa de La Patrona 2021 con el lema \u201cRemedios, m\u00e1s que un nombre.\u201d\",\"breadcrumb\":{\"@id\":\"https:\/\/www.aridane.org\/city\/2023\/03\/22\/el-ayuntamiento-de-los-llanos-de-aridane-retoma-la-dinamizacion-del-mercadillo-del-agricultor\/#breadcrumb\"},\"inLanguage\":\"es\",\"potentialAction\":[{\"@type\":\"ReadAction\",\"target\":[\"https:\/\/www.aridane.org\/city\/2023\/03\/22\/el-ayuntamiento-de-los-llanos-de-aridane-retoma-la-dinamizacion-del-mercadillo-del-agricultor\/\"]}]},{\"@type\":\"ImageObject\",\"inLanguage\":\"es\",\"@id\":\"https:\/\/www.aridane.org\/city\/2023\/03\/22\/el-ayuntamiento-de-los-llanos-de-aridane-retoma-la-dinamizacion-del-mercadillo-del-agricultor\/#primaryimage\",\"url\":\"https:\/\/www.aridane.org\/city\/wp-content\/uploads\/2023\/03\/mercadillo_agricultor.jpg\",\"contentUrl\":\"https:\/\/www.aridane.org\/city\/wp-content\/uploads\/2023\/03\/mercadillo_agricultor.jpg\",\"width\":1200,\"height\":675},{\"@type\":\"BreadcrumbList\",\"@id\":\"https:\/\/www.aridane.org\/city\/2023\/03\/22\/el-ayuntamiento-de-los-llanos-de-aridane-retoma-la-dinamizacion-del-mercadillo-del-agricultor\/#breadcrumb\",\"itemListElement\":[{\"@type\":\"ListItem\",\"position\":1,\"name\":\"Portada\",\"item\":\"https:\/\/www.aridane.org\/city\/\"},{\"@type\":\"ListItem\",\"position\":2,\"name\":\"El Ayuntamiento de Los Llanos de Aridane retoma la dinamizaci\u00f3n del Mercadillo del Agricultor\"}]},{\"@type\":\"WebSite\",\"@id\":\"https:\/\/www.aridane.org\/city\/#website\",\"url\":\"https:\/\/www.aridane.org\/city\/\",\"name\":\"Ayuntamiento de Los Llanos de Aridane\",\"description\":\"\",\"potentialAction\":[{\"@type\":\"SearchAction\",\"target\":{\"@type\":\"EntryPoint\",\"urlTemplate\":\"https:\/\/www.aridane.org\/city\/?s={search_term_string}\"},\"query-input\":\"required name=search_term_string\"}],\"inLanguage\":\"es\"},{\"@type\":\"Person\",\"@id\":\"https:\/\/www.aridane.org\/city\/#\/schema\/person\/7d352ec7f29881716f298394432e7209\",\"name\":\"Richard Diaz\",\"image\":{\"@type\":\"ImageObject\",\"inLanguage\":\"es\",\"@id\":\"https:\/\/www.aridane.org\/city\/#\/schema\/person\/image\/\",\"url\":\"https:\/\/secure.gravatar.com\/avatar\/bacd6aefc26a4a204943090a4c596cd10f0857081ef3cfd12084a70ecb3161d5?s=96&d=mm&r=g\",\"contentUrl\":\"https:\/\/secure.gravatar.com\/avatar\/bacd6aefc26a4a204943090a4c596cd10f0857081ef3cfd12084a70ecb3161d5?s=96&d=mm&r=g\",\"caption\":\"Richard Diaz\"},\"sameAs\":[\"https:\/\/www.aridane.org\/city\"],\"url\":\"https:\/\/www.aridane.org\/city\/author\/richard-diaz\/\"}]}<\/script>\n<!-- \/ Yoast SEO plugin. -->","yoast_head_json":{"title":"El Ayuntamiento de Los Llanos de Aridane retoma la dinamizaci\u00f3n del Mercadillo del Agricultor - Ayuntamiento de Los Llanos de Aridane","description":"El Ayuntamiento de Los Llanos de Aridane presenta el cartel y el programa de La Patrona 2021 con el lema \u201cRemedios, m\u00e1s que un nombre.\u201d","robots":{"index":"index","follow":"follow","max-snippet":"max-snippet:-1","max-image-preview":"max-image-preview:large","max-video-preview":"max-video-preview:-1"},"canonical":"https:\/\/www.aridane.org\/city\/2023\/03\/22\/el-ayuntamiento-de-los-llanos-de-aridane-retoma-la-dinamizacion-del-mercadillo-del-agricultor\/","og_locale":"es_ES","og_type":"article","og_title":"El Ayuntamiento de Los Llanos de Aridane retoma la dinamizaci\u00f3n del Mercadillo del Agricultor - Ayuntamiento de Los Llanos de Aridane","og_description":"El Ayuntamiento de Los Llanos de Aridane presenta el cartel y el programa de La Patrona 2021 con el lema \u201cRemedios, m\u00e1s que un nombre.\u201d","og_url":"https:\/\/www.aridane.org\/city\/2023\/03\/22\/el-ayuntamiento-de-los-llanos-de-aridane-retoma-la-dinamizacion-del-mercadillo-del-agricultor\/","og_site_name":"Ayuntamiento de Los Llanos de Aridane","article_published_time":"2023-03-22T13:57:34+00:00","article_modified_time":"2023-07-26T11:53:57+00:00","og_image":[{"width":1200,"height":675,"url":"https:\/\/www.aridane.org\/city\/wp-content\/uploads\/2023\/03\/mercadillo_agricultor.jpg","type":"image\/jpeg"}],"author":"Richard Diaz","twitter_card":"summary_large_image","twitter_misc":{"Escrito por":"Richard Diaz","Tiempo de lectura":"2 minutos"},"schema":{"@context":"https:\/\/schema.org","@graph":[{"@type":"WebPage","@id":"https:\/\/www.aridane.org\/city\/2023\/03\/22\/el-ayuntamiento-de-los-llanos-de-aridane-retoma-la-dinamizacion-del-mercadillo-del-agricultor\/","url":"https:\/\/www.aridane.org\/city\/2023\/03\/22\/el-ayuntamiento-de-los-llanos-de-aridane-retoma-la-dinamizacion-del-mercadillo-del-agricultor\/","name":"El Ayuntamiento de Los Llanos de Aridane retoma la dinamizaci\u00f3n del Mercadillo del Agricultor - Ayuntamiento de Los Llanos de Aridane","isPartOf":{"@id":"https:\/\/www.aridane.org\/city\/#website"},"primaryImageOfPage":{"@id":"https:\/\/www.aridane.org\/city\/2023\/03\/22\/el-ayuntamiento-de-los-llanos-de-aridane-retoma-la-dinamizacion-del-mercadillo-del-agricultor\/#primaryimage"},"image":{"@id":"https:\/\/www.aridane.org\/city\/2023\/03\/22\/el-ayuntamiento-de-los-llanos-de-aridane-retoma-la-dinamizacion-del-mercadillo-del-agricultor\/#primaryimage"},"thumbnailUrl":"https:\/\/www.aridane.org\/city\/wp-content\/uploads\/2023\/03\/mercadillo_agricultor.jpg","datePublished":"2023-03-22T13:57:34+00:00","dateModified":"2023-07-26T11:53:57+00:00","author":{"@id":"https:\/\/www.aridane.org\/city\/#\/schema\/person\/7d352ec7f29881716f298394432e7209"},"description":"El Ayuntamiento de Los Llanos de Aridane presenta el cartel y el programa de La Patrona 2021 con el lema \u201cRemedios, m\u00e1s que un nombre.\u201d","breadcrumb":{"@id":"https:\/\/www.aridane.org\/city\/2023\/03\/22\/el-ayuntamiento-de-los-llanos-de-aridane-retoma-la-dinamizacion-del-mercadillo-del-agricultor\/#breadcrumb"},"inLanguage":"es","potentialAction":[{"@type":"ReadAction","target":["https:\/\/www.aridane.org\/city\/2023\/03\/22\/el-ayuntamiento-de-los-llanos-de-aridane-retoma-la-dinamizacion-del-mercadillo-del-agricultor\/"]}]},{"@type":"ImageObject","inLanguage":"es","@id":"https:\/\/www.aridane.org\/city\/2023\/03\/22\/el-ayuntamiento-de-los-llanos-de-aridane-retoma-la-dinamizacion-del-mercadillo-del-agricultor\/#primaryimage","url":"https:\/\/www.aridane.org\/city\/wp-content\/uploads\/2023\/03\/mercadillo_agricultor.jpg","contentUrl":"https:\/\/www.aridane.org\/city\/wp-content\/uploads\/2023\/03\/mercadillo_agricultor.jpg","width":1200,"height":675},{"@type":"BreadcrumbList","@id":"https:\/\/www.aridane.org\/city\/2023\/03\/22\/el-ayuntamiento-de-los-llanos-de-aridane-retoma-la-dinamizacion-del-mercadillo-del-agricultor\/#breadcrumb","itemListElement":[{"@type":"ListItem","position":1,"name":"Portada","item":"https:\/\/www.aridane.org\/city\/"},{"@type":"ListItem","position":2,"name":"El Ayuntamiento de Los Llanos de Aridane retoma la dinamizaci\u00f3n del Mercadillo del Agricultor"}]},{"@type":"WebSite","@id":"https:\/\/www.aridane.org\/city\/#website","url":"https:\/\/www.aridane.org\/city\/","name":"Ayuntamiento de Los Llanos de Aridane","description":"","potentialAction":[{"@type":"SearchAction","target":{"@type":"EntryPoint","urlTemplate":"https:\/\/www.aridane.org\/city\/?s={search_term_string}"},"query-input":"required name=search_term_string"}],"inLanguage":"es"},{"@type":"Person","@id":"https:\/\/www.aridane.org\/city\/#\/schema\/person\/7d352ec7f29881716f298394432e7209","name":"Richard Diaz","image":{"@type":"ImageObject","inLanguage":"es","@id":"https:\/\/www.aridane.org\/city\/#\/schema\/person\/image\/","url":"https:\/\/secure.gravatar.com\/avatar\/bacd6aefc26a4a204943090a4c596cd10f0857081ef3cfd12084a70ecb3161d5?s=96&d=mm&r=g","contentUrl":"https:\/\/secure.gravatar.com\/avatar\/bacd6aefc26a4a204943090a4c596cd10f0857081ef3cfd12084a70ecb3161d5?s=96&d=mm&r=g","caption":"Richard Diaz"},"sameAs":["https:\/\/www.aridane.org\/city"],"url":"https:\/\/www.aridane.org\/city\/author\/richard-diaz\/"}]}},"_links":{"self":[{"href":"https:\/\/www.aridane.org\/city\/wp-json\/wp\/v2\/posts\/1509","targetHints":{"allow":["GET"]}}],"collection":[{"href":"https:\/\/www.aridane.org\/city\/wp-json\/wp\/v2\/posts"}],"about":[{"href":"https:\/\/www.aridane.org\/city\/wp-json\/wp\/v2\/types\/post"}],"author":[{"embeddable":true,"href":"https:\/\/www.aridane.org\/city\/wp-json\/wp\/v2\/users\/1"}],"replies":[{"embeddable":true,"href":"https:\/\/www.aridane.org\/city\/wp-json\/wp\/v2\/comments?post=1509"}],"version-history":[{"count":1,"href":"https:\/\/www.aridane.org\/city\/wp-json\/wp\/v2\/posts\/1509\/revisions"}],"predecessor-version":[{"id":2537,"href":"https:\/\/www.aridane.org\/city\/wp-json\/wp\/v2\/posts\/1509\/revisions\/2537"}],"wp:featuredmedia":[{"embeddable":true,"href":"https:\/\/www.aridane.org\/city\/wp-json\/wp\/v2\/media\/2536"}],"wp:attachment":[{"href":"https:\/\/www.aridane.org\/city\/wp-json\/wp\/v2\/media?parent=1509"}],"wp:term":[{"taxonomy":"category","embeddable":true,"href":"https:\/\/www.aridane.org\/city\/wp-json\/wp\/v2\/categories?post=1509"},{"taxonomy":"post_tag","embeddable":true,"href":"https:\/\/www.aridane.org\/city\/wp-json\/wp\/v2\/tags?post=1509"}],"curies":[{"name":"wp","href":"https:\/\/api.w.org\/{rel}","templated":true}]}}