{"id":1513,"date":"2023-03-24T10:37:52","date_gmt":"2023-03-24T10:37:52","guid":{"rendered":"https:\/\/aridane.org\/ciudad\/?p=1513"},"modified":"2023-07-26T09:42:16","modified_gmt":"2023-07-26T09:42:16","slug":"garcia-leal-explica-a-los-grupo-de-la-oposicion-toda-la-informacion-relativa-a-las-obras-del-cuartel-de-la-guardia-civil-con-total-transparencia-y-a-la-mayor-brevedad","status":"publish","type":"post","link":"https:\/\/www.aridane.org\/city\/2023\/03\/24\/garcia-leal-explica-a-los-grupo-de-la-oposicion-toda-la-informacion-relativa-a-las-obras-del-cuartel-de-la-guardia-civil-con-total-transparencia-y-a-la-mayor-brevedad\/","title":{"rendered":"Garc\u00eda Leal explica a los grupo de la oposici\u00f3n toda la informaci\u00f3n relativa a las obras del cuartel de la Guardia Civil con total transparencia y a la mayor brevedad"},"content":{"rendered":"<section class=\"wpb-content-wrapper\"><p>[vc_row css_animation=\u00bb\u00bb row_type=\u00bbrow\u00bb use_row_as_full_screen_section=\u00bbno\u00bb type=\u00bbfull_width\u00bb angled_section=\u00bbno\u00bb text_align=\u00bbleft\u00bb background_image_as_pattern=\u00bbwithout_pattern\u00bb][vc_column][vc_row_inner row_type=\u00bbrow\u00bb type=\u00bbgrid\u00bb text_align=\u00bbleft\u00bb css_animation=\u00bb\u00bb][vc_column_inner][vc_empty_space height=\u00bb20px\u00bb][vc_empty_space height=\u00bb20px\u00bb][\/vc_column_inner][\/vc_row_inner][vc_column_text]<\/p>\n<ul>\n<li style=\"text-align: justify;\"><em>La alcaldesa se\u00f1ala que las obras llevadas a cabo no solo eran necesarias sino que adem\u00e1s han sido ejecutadas, y cualquier persona puede comprobarlo.\u00a0<\/em><\/li>\n<\/ul>\n<p>&nbsp;<\/p>\n<p style=\"text-align: justify;\"><strong>Los Llanos de Aridane, 24 de marzo de 2023.- <\/strong>La alcaldesa de Los Llanos de Aridane, Noelia Garc\u00eda Leal, ha explicado ayer en Comisi\u00f3n a los grupos de la oposici\u00f3n, toda la informaci\u00f3n relativa a las obras que se acometieron en el cuartel de la Guardia Civil, \u201ccon total transparencia y a la mayor brevedad ya que esta documentaci\u00f3n fue solicitada el pasado 9 de marzo, el 14 de marzo se les dijo que se les explicar\u00eda la informaci\u00f3n en Comisi\u00f3n, y eso es lo que hemos hecho. Por lo tanto, este grupo de Gobierno ha tenido y mostrado total disponibilidad para trasladar cualquier informaci\u00f3n relativa a los expedientes solicitados por parte de los grupos de la oposici\u00f3n\u201d.<\/p>\n<p style=\"text-align: justify;\">Garc\u00eda Leal explica que la informaci\u00f3n solicitada ha sido relativa a las obras acometidas en los a\u00f1os 2018 y 2019, \u201cy concretamente se llevaron a cabo dos contratos menores, uno relativo a la mejora en la electricidad y mientras que el segundo corresponde con las mejoras acometidas en el suelo y en el techo de las oficinas del cuartel\u201d. A esto hay que a\u00f1adir, afirma, \u201cuna tercera obra que por su importe \u00a0se trat\u00f3 de un contrato mayor y se adjudic\u00f3 a trav\u00e9s de un concurso p\u00fablico, con una mesa de contrataci\u00f3n legitimada por los t\u00e9cnicos municipales y representantes de los grupos pol\u00edticos de Izquierda Unida y de Coalici\u00f3n Canaria, \u00a0al que se presentaron 7 empresas y gan\u00f3 este contratista\u201d.<\/p>\n<p style=\"text-align: justify;\">Adem\u00e1s en 2017 y tambi\u00e9n tras una solicitud se procedi\u00f3 al vallado del cuartel por razones de seguridad.<\/p>\n<p style=\"text-align: justify;\">Por otro lado, la alcaldesa recuerda que \u00a0estas obras se acometieron hace ya 5 a\u00f1os, \u201cy la informaci\u00f3n se ha explicado a la mayor celeridad\u201d a lo que a\u00f1ade que \u201cojal\u00e1 municipios como Puntallana gobernada por el PSOE o Bre\u00f1a Alta gobernada por CC, ambos con obras a la contrata en cuesti\u00f3n, \u00a0fueran tan diligentes y transparentes como lo es el equipo de Gobierno de Los Llanos\u201d.<\/p>\n<p style=\"text-align: justify;\">Por \u00faltimo, Garc\u00eda Leal pide una vez m\u00e1s a los grupos de la oposici\u00f3n \u201clealtad institucional, ya que no todo vale en pol\u00edtica. Es incomprensible que aseguren que no hab\u00edan sido citados a la mesa de contrataci\u00f3n cuando el acta refleja la firma de los grupos pol\u00edticos que nos acusan de falta de transparencia\u201d.<\/p>\n<p>[\/vc_column_text][\/vc_column][\/vc_row]<\/p>\n<\/section>","protected":false},"excerpt":{"rendered":"<p>[vc_row css_animation=\u00bb\u00bb row_type=\u00bbrow\u00bb use_row_as_full_screen_section=\u00bbno\u00bb type=\u00bbfull_width\u00bb angled_section=\u00bbno\u00bb text_align=\u00bbleft\u00bb background_image_as_pattern=\u00bbwithout_pattern\u00bb][vc_column][vc_row_inner row_type=\u00bbrow\u00bb type=\u00bbgrid\u00bb text_align=\u00bbleft\u00bb css_animation=\u00bb\u00bb][vc_column_inner][vc_empty_space height=\u00bb20px\u00bb][vc_empty_space height=\u00bb20px\u00bb][\/vc_column_inner][\/vc_row_inner][vc_column_text] La alcaldesa se\u00f1ala que las obras llevadas a cabo no solo eran necesarias sino que adem\u00e1s han sido ejecutadas, y cualquier persona puede comprobarlo.\u00a0 &nbsp; Los Llanos de Aridane, 24 de&#8230;<\/p>\n","protected":false},"author":1,"featured_media":2534,"comment_status":"closed","ping_status":"open","sticky":false,"template":"","format":"standard","meta":{"footnotes":""},"categories":[6],"tags":[],"class_list":["post-1513","post","type-post","status-publish","format-standard","has-post-thumbnail","hentry","category-prensa"],"yoast_head":"<!-- This site is optimized with the Yoast SEO plugin v22.7 - https:\/\/yoast.com\/wordpress\/plugins\/seo\/ -->\n<title>Garc\u00eda Leal explica a los grupo de la oposici\u00f3n toda la informaci\u00f3n relativa a las obras del cuartel de la Guardia Civil con total transparencia y a la mayor brevedad - Ayuntamiento de Los Llanos de Aridane<\/title>\n<meta name=\"description\" content=\"El Ayuntamiento de Los Llanos de Aridane presenta el cartel y el programa de La Patrona 2021 con el lema \u201cRemedios, m\u00e1s que un nombre.\u201d\" \/>\n<meta name=\"robots\" content=\"index, follow, max-snippet:-1, max-image-preview:large, max-video-preview:-1\" \/>\n<link rel=\"canonical\" href=\"https:\/\/www.aridane.org\/city\/2023\/03\/24\/garcia-leal-explica-a-los-grupo-de-la-oposicion-toda-la-informacion-relativa-a-las-obras-del-cuartel-de-la-guardia-civil-con-total-transparencia-y-a-la-mayor-brevedad\/\" \/>\n<meta property=\"og:locale\" content=\"es_ES\" \/>\n<meta property=\"og:type\" content=\"article\" \/>\n<meta property=\"og:title\" content=\"Garc\u00eda Leal explica a los grupo de la oposici\u00f3n toda la informaci\u00f3n relativa a las obras del cuartel de la Guardia Civil con total transparencia y a la mayor brevedad - Ayuntamiento de Los Llanos de Aridane\" \/>\n<meta property=\"og:description\" content=\"El Ayuntamiento de Los Llanos de Aridane presenta el cartel y el programa de La Patrona 2021 con el lema \u201cRemedios, m\u00e1s que un nombre.\u201d\" \/>\n<meta property=\"og:url\" content=\"https:\/\/www.aridane.org\/city\/2023\/03\/24\/garcia-leal-explica-a-los-grupo-de-la-oposicion-toda-la-informacion-relativa-a-las-obras-del-cuartel-de-la-guardia-civil-con-total-transparencia-y-a-la-mayor-brevedad\/\" \/>\n<meta property=\"og:site_name\" content=\"Ayuntamiento de Los Llanos de Aridane\" \/>\n<meta property=\"article:published_time\" content=\"2023-03-24T10:37:52+00:00\" \/>\n<meta property=\"article:modified_time\" content=\"2023-07-26T09:42:16+00:00\" \/>\n<meta property=\"og:image\" content=\"https:\/\/www.aridane.org\/city\/wp-content\/uploads\/2023\/03\/opositores_guardia_civil_1.jpg\" \/>\n\t<meta property=\"og:image:width\" content=\"1200\" \/>\n\t<meta property=\"og:image:height\" content=\"675\" \/>\n\t<meta property=\"og:image:type\" content=\"image\/jpeg\" \/>\n<meta name=\"author\" content=\"Richard Diaz\" \/>\n<meta name=\"twitter:card\" content=\"summary_large_image\" \/>\n<meta name=\"twitter:label1\" content=\"Escrito por\" \/>\n\t<meta name=\"twitter:data1\" content=\"Richard Diaz\" \/>\n\t<meta name=\"twitter:label2\" content=\"Tiempo de lectura\" \/>\n\t<meta name=\"twitter:data2\" content=\"2 minutos\" \/>\n<script type=\"application\/ld+json\" class=\"yoast-schema-graph\">{\"@context\":\"https:\/\/schema.org\",\"@graph\":[{\"@type\":\"WebPage\",\"@id\":\"https:\/\/www.aridane.org\/city\/2023\/03\/24\/garcia-leal-explica-a-los-grupo-de-la-oposicion-toda-la-informacion-relativa-a-las-obras-del-cuartel-de-la-guardia-civil-con-total-transparencia-y-a-la-mayor-brevedad\/\",\"url\":\"https:\/\/www.aridane.org\/city\/2023\/03\/24\/garcia-leal-explica-a-los-grupo-de-la-oposicion-toda-la-informacion-relativa-a-las-obras-del-cuartel-de-la-guardia-civil-con-total-transparencia-y-a-la-mayor-brevedad\/\",\"name\":\"Garc\u00eda Leal explica a los grupo de la oposici\u00f3n toda la informaci\u00f3n relativa a las obras del cuartel de la Guardia Civil con total transparencia y a la mayor brevedad - Ayuntamiento de Los Llanos de Aridane\",\"isPartOf\":{\"@id\":\"https:\/\/www.aridane.org\/city\/#website\"},\"primaryImageOfPage\":{\"@id\":\"https:\/\/www.aridane.org\/city\/2023\/03\/24\/garcia-leal-explica-a-los-grupo-de-la-oposicion-toda-la-informacion-relativa-a-las-obras-del-cuartel-de-la-guardia-civil-con-total-transparencia-y-a-la-mayor-brevedad\/#primaryimage\"},\"image\":{\"@id\":\"https:\/\/www.aridane.org\/city\/2023\/03\/24\/garcia-leal-explica-a-los-grupo-de-la-oposicion-toda-la-informacion-relativa-a-las-obras-del-cuartel-de-la-guardia-civil-con-total-transparencia-y-a-la-mayor-brevedad\/#primaryimage\"},\"thumbnailUrl\":\"https:\/\/www.aridane.org\/city\/wp-content\/uploads\/2023\/03\/opositores_guardia_civil_1.jpg\",\"datePublished\":\"2023-03-24T10:37:52+00:00\",\"dateModified\":\"2023-07-26T09:42:16+00:00\",\"author\":{\"@id\":\"https:\/\/www.aridane.org\/city\/#\/schema\/person\/7d352ec7f29881716f298394432e7209\"},\"description\":\"El Ayuntamiento de Los Llanos de Aridane presenta el cartel y el programa de La Patrona 2021 con el lema \u201cRemedios, m\u00e1s que un nombre.\u201d\",\"breadcrumb\":{\"@id\":\"https:\/\/www.aridane.org\/city\/2023\/03\/24\/garcia-leal-explica-a-los-grupo-de-la-oposicion-toda-la-informacion-relativa-a-las-obras-del-cuartel-de-la-guardia-civil-con-total-transparencia-y-a-la-mayor-brevedad\/#breadcrumb\"},\"inLanguage\":\"es\",\"potentialAction\":[{\"@type\":\"ReadAction\",\"target\":[\"https:\/\/www.aridane.org\/city\/2023\/03\/24\/garcia-leal-explica-a-los-grupo-de-la-oposicion-toda-la-informacion-relativa-a-las-obras-del-cuartel-de-la-guardia-civil-con-total-transparencia-y-a-la-mayor-brevedad\/\"]}]},{\"@type\":\"ImageObject\",\"inLanguage\":\"es\",\"@id\":\"https:\/\/www.aridane.org\/city\/2023\/03\/24\/garcia-leal-explica-a-los-grupo-de-la-oposicion-toda-la-informacion-relativa-a-las-obras-del-cuartel-de-la-guardia-civil-con-total-transparencia-y-a-la-mayor-brevedad\/#primaryimage\",\"url\":\"https:\/\/www.aridane.org\/city\/wp-content\/uploads\/2023\/03\/opositores_guardia_civil_1.jpg\",\"contentUrl\":\"https:\/\/www.aridane.org\/city\/wp-content\/uploads\/2023\/03\/opositores_guardia_civil_1.jpg\",\"width\":1200,\"height\":675},{\"@type\":\"BreadcrumbList\",\"@id\":\"https:\/\/www.aridane.org\/city\/2023\/03\/24\/garcia-leal-explica-a-los-grupo-de-la-oposicion-toda-la-informacion-relativa-a-las-obras-del-cuartel-de-la-guardia-civil-con-total-transparencia-y-a-la-mayor-brevedad\/#breadcrumb\",\"itemListElement\":[{\"@type\":\"ListItem\",\"position\":1,\"name\":\"Portada\",\"item\":\"https:\/\/www.aridane.org\/city\/\"},{\"@type\":\"ListItem\",\"position\":2,\"name\":\"Garc\u00eda Leal explica a los grupo de la oposici\u00f3n toda la informaci\u00f3n relativa a las obras del cuartel de la Guardia Civil con total transparencia y a la mayor brevedad\"}]},{\"@type\":\"WebSite\",\"@id\":\"https:\/\/www.aridane.org\/city\/#website\",\"url\":\"https:\/\/www.aridane.org\/city\/\",\"name\":\"Ayuntamiento de Los Llanos de Aridane\",\"description\":\"\",\"potentialAction\":[{\"@type\":\"SearchAction\",\"target\":{\"@type\":\"EntryPoint\",\"urlTemplate\":\"https:\/\/www.aridane.org\/city\/?s={search_term_string}\"},\"query-input\":\"required name=search_term_string\"}],\"inLanguage\":\"es\"},{\"@type\":\"Person\",\"@id\":\"https:\/\/www.aridane.org\/city\/#\/schema\/person\/7d352ec7f29881716f298394432e7209\",\"name\":\"Richard Diaz\",\"image\":{\"@type\":\"ImageObject\",\"inLanguage\":\"es\",\"@id\":\"https:\/\/www.aridane.org\/city\/#\/schema\/person\/image\/\",\"url\":\"https:\/\/secure.gravatar.com\/avatar\/bacd6aefc26a4a204943090a4c596cd10f0857081ef3cfd12084a70ecb3161d5?s=96&d=mm&r=g\",\"contentUrl\":\"https:\/\/secure.gravatar.com\/avatar\/bacd6aefc26a4a204943090a4c596cd10f0857081ef3cfd12084a70ecb3161d5?s=96&d=mm&r=g\",\"caption\":\"Richard Diaz\"},\"sameAs\":[\"https:\/\/www.aridane.org\/city\"],\"url\":\"https:\/\/www.aridane.org\/city\/author\/richard-diaz\/\"}]}<\/script>\n<!-- \/ Yoast SEO plugin. -->","yoast_head_json":{"title":"Garc\u00eda Leal explica a los grupo de la oposici\u00f3n toda la informaci\u00f3n relativa a las obras del cuartel de la Guardia Civil con total transparencia y a la mayor brevedad - Ayuntamiento de Los Llanos de Aridane","description":"El Ayuntamiento de Los Llanos de Aridane presenta el cartel y el programa de La Patrona 2021 con el lema \u201cRemedios, m\u00e1s que un nombre.\u201d","robots":{"index":"index","follow":"follow","max-snippet":"max-snippet:-1","max-image-preview":"max-image-preview:large","max-video-preview":"max-video-preview:-1"},"canonical":"https:\/\/www.aridane.org\/city\/2023\/03\/24\/garcia-leal-explica-a-los-grupo-de-la-oposicion-toda-la-informacion-relativa-a-las-obras-del-cuartel-de-la-guardia-civil-con-total-transparencia-y-a-la-mayor-brevedad\/","og_locale":"es_ES","og_type":"article","og_title":"Garc\u00eda Leal explica a los grupo de la oposici\u00f3n toda la informaci\u00f3n relativa a las obras del cuartel de la Guardia Civil con total transparencia y a la mayor brevedad - Ayuntamiento de Los Llanos de Aridane","og_description":"El Ayuntamiento de Los Llanos de Aridane presenta el cartel y el programa de La Patrona 2021 con el lema \u201cRemedios, m\u00e1s que un nombre.\u201d","og_url":"https:\/\/www.aridane.org\/city\/2023\/03\/24\/garcia-leal-explica-a-los-grupo-de-la-oposicion-toda-la-informacion-relativa-a-las-obras-del-cuartel-de-la-guardia-civil-con-total-transparencia-y-a-la-mayor-brevedad\/","og_site_name":"Ayuntamiento de Los Llanos de Aridane","article_published_time":"2023-03-24T10:37:52+00:00","article_modified_time":"2023-07-26T09:42:16+00:00","og_image":[{"width":1200,"height":675,"url":"https:\/\/www.aridane.org\/city\/wp-content\/uploads\/2023\/03\/opositores_guardia_civil_1.jpg","type":"image\/jpeg"}],"author":"Richard Diaz","twitter_card":"summary_large_image","twitter_misc":{"Escrito por":"Richard Diaz","Tiempo de lectura":"2 minutos"},"schema":{"@context":"https:\/\/schema.org","@graph":[{"@type":"WebPage","@id":"https:\/\/www.aridane.org\/city\/2023\/03\/24\/garcia-leal-explica-a-los-grupo-de-la-oposicion-toda-la-informacion-relativa-a-las-obras-del-cuartel-de-la-guardia-civil-con-total-transparencia-y-a-la-mayor-brevedad\/","url":"https:\/\/www.aridane.org\/city\/2023\/03\/24\/garcia-leal-explica-a-los-grupo-de-la-oposicion-toda-la-informacion-relativa-a-las-obras-del-cuartel-de-la-guardia-civil-con-total-transparencia-y-a-la-mayor-brevedad\/","name":"Garc\u00eda Leal explica a los grupo de la oposici\u00f3n toda la informaci\u00f3n relativa a las obras del cuartel de la Guardia Civil con total transparencia y a la mayor brevedad - Ayuntamiento de Los Llanos de Aridane","isPartOf":{"@id":"https:\/\/www.aridane.org\/city\/#website"},"primaryImageOfPage":{"@id":"https:\/\/www.aridane.org\/city\/2023\/03\/24\/garcia-leal-explica-a-los-grupo-de-la-oposicion-toda-la-informacion-relativa-a-las-obras-del-cuartel-de-la-guardia-civil-con-total-transparencia-y-a-la-mayor-brevedad\/#primaryimage"},"image":{"@id":"https:\/\/www.aridane.org\/city\/2023\/03\/24\/garcia-leal-explica-a-los-grupo-de-la-oposicion-toda-la-informacion-relativa-a-las-obras-del-cuartel-de-la-guardia-civil-con-total-transparencia-y-a-la-mayor-brevedad\/#primaryimage"},"thumbnailUrl":"https:\/\/www.aridane.org\/city\/wp-content\/uploads\/2023\/03\/opositores_guardia_civil_1.jpg","datePublished":"2023-03-24T10:37:52+00:00","dateModified":"2023-07-26T09:42:16+00:00","author":{"@id":"https:\/\/www.aridane.org\/city\/#\/schema\/person\/7d352ec7f29881716f298394432e7209"},"description":"El Ayuntamiento de Los Llanos de Aridane presenta el cartel y el programa de La Patrona 2021 con el lema \u201cRemedios, m\u00e1s que un nombre.\u201d","breadcrumb":{"@id":"https:\/\/www.aridane.org\/city\/2023\/03\/24\/garcia-leal-explica-a-los-grupo-de-la-oposicion-toda-la-informacion-relativa-a-las-obras-del-cuartel-de-la-guardia-civil-con-total-transparencia-y-a-la-mayor-brevedad\/#breadcrumb"},"inLanguage":"es","potentialAction":[{"@type":"ReadAction","target":["https:\/\/www.aridane.org\/city\/2023\/03\/24\/garcia-leal-explica-a-los-grupo-de-la-oposicion-toda-la-informacion-relativa-a-las-obras-del-cuartel-de-la-guardia-civil-con-total-transparencia-y-a-la-mayor-brevedad\/"]}]},{"@type":"ImageObject","inLanguage":"es","@id":"https:\/\/www.aridane.org\/city\/2023\/03\/24\/garcia-leal-explica-a-los-grupo-de-la-oposicion-toda-la-informacion-relativa-a-las-obras-del-cuartel-de-la-guardia-civil-con-total-transparencia-y-a-la-mayor-brevedad\/#primaryimage","url":"https:\/\/www.aridane.org\/city\/wp-content\/uploads\/2023\/03\/opositores_guardia_civil_1.jpg","contentUrl":"https:\/\/www.aridane.org\/city\/wp-content\/uploads\/2023\/03\/opositores_guardia_civil_1.jpg","width":1200,"height":675},{"@type":"BreadcrumbList","@id":"https:\/\/www.aridane.org\/city\/2023\/03\/24\/garcia-leal-explica-a-los-grupo-de-la-oposicion-toda-la-informacion-relativa-a-las-obras-del-cuartel-de-la-guardia-civil-con-total-transparencia-y-a-la-mayor-brevedad\/#breadcrumb","itemListElement":[{"@type":"ListItem","position":1,"name":"Portada","item":"https:\/\/www.aridane.org\/city\/"},{"@type":"ListItem","position":2,"name":"Garc\u00eda Leal explica a los grupo de la oposici\u00f3n toda la informaci\u00f3n relativa a las obras del cuartel de la Guardia Civil con total transparencia y a la mayor brevedad"}]},{"@type":"WebSite","@id":"https:\/\/www.aridane.org\/city\/#website","url":"https:\/\/www.aridane.org\/city\/","name":"Ayuntamiento de Los Llanos de Aridane","description":"","potentialAction":[{"@type":"SearchAction","target":{"@type":"EntryPoint","urlTemplate":"https:\/\/www.aridane.org\/city\/?s={search_term_string}"},"query-input":"required name=search_term_string"}],"inLanguage":"es"},{"@type":"Person","@id":"https:\/\/www.aridane.org\/city\/#\/schema\/person\/7d352ec7f29881716f298394432e7209","name":"Richard Diaz","image":{"@type":"ImageObject","inLanguage":"es","@id":"https:\/\/www.aridane.org\/city\/#\/schema\/person\/image\/","url":"https:\/\/secure.gravatar.com\/avatar\/bacd6aefc26a4a204943090a4c596cd10f0857081ef3cfd12084a70ecb3161d5?s=96&d=mm&r=g","contentUrl":"https:\/\/secure.gravatar.com\/avatar\/bacd6aefc26a4a204943090a4c596cd10f0857081ef3cfd12084a70ecb3161d5?s=96&d=mm&r=g","caption":"Richard Diaz"},"sameAs":["https:\/\/www.aridane.org\/city"],"url":"https:\/\/www.aridane.org\/city\/author\/richard-diaz\/"}]}},"_links":{"self":[{"href":"https:\/\/www.aridane.org\/city\/wp-json\/wp\/v2\/posts\/1513","targetHints":{"allow":["GET"]}}],"collection":[{"href":"https:\/\/www.aridane.org\/city\/wp-json\/wp\/v2\/posts"}],"about":[{"href":"https:\/\/www.aridane.org\/city\/wp-json\/wp\/v2\/types\/post"}],"author":[{"embeddable":true,"href":"https:\/\/www.aridane.org\/city\/wp-json\/wp\/v2\/users\/1"}],"replies":[{"embeddable":true,"href":"https:\/\/www.aridane.org\/city\/wp-json\/wp\/v2\/comments?post=1513"}],"version-history":[{"count":2,"href":"https:\/\/www.aridane.org\/city\/wp-json\/wp\/v2\/posts\/1513\/revisions"}],"predecessor-version":[{"id":2535,"href":"https:\/\/www.aridane.org\/city\/wp-json\/wp\/v2\/posts\/1513\/revisions\/2535"}],"wp:featuredmedia":[{"embeddable":true,"href":"https:\/\/www.aridane.org\/city\/wp-json\/wp\/v2\/media\/2534"}],"wp:attachment":[{"href":"https:\/\/www.aridane.org\/city\/wp-json\/wp\/v2\/media?parent=1513"}],"wp:term":[{"taxonomy":"category","embeddable":true,"href":"https:\/\/www.aridane.org\/city\/wp-json\/wp\/v2\/categories?post=1513"},{"taxonomy":"post_tag","embeddable":true,"href":"https:\/\/www.aridane.org\/city\/wp-json\/wp\/v2\/tags?post=1513"}],"curies":[{"name":"wp","href":"https:\/\/api.w.org\/{rel}","templated":true}]}}