{"id":1517,"date":"2023-06-19T11:43:02","date_gmt":"2023-06-19T10:43:02","guid":{"rendered":"https:\/\/aridane.org\/ciudad\/?p=1517"},"modified":"2023-07-12T12:12:34","modified_gmt":"2023-07-12T12:12:34","slug":"las-parroquias-con-la-colaboracion-del-ayuntamiento-de-los-llanos-de-aridane-preparan-la-celebracion-de-la-semana-santa-aridanense","status":"publish","type":"post","link":"https:\/\/www.aridane.org\/city\/2023\/06\/19\/las-parroquias-con-la-colaboracion-del-ayuntamiento-de-los-llanos-de-aridane-preparan-la-celebracion-de-la-semana-santa-aridanense\/","title":{"rendered":"Las Parroquias con la colaboraci\u00f3n del Ayuntamiento de Los Llanos de Aridane preparan la celebraci\u00f3n de la Semana Santa aridanense"},"content":{"rendered":"<section class=\"wpb-content-wrapper\"><p>[vc_row css_animation=\u00bb\u00bb row_type=\u00bbrow\u00bb use_row_as_full_screen_section=\u00bbno\u00bb type=\u00bbfull_width\u00bb angled_section=\u00bbno\u00bb text_align=\u00bbleft\u00bb background_image_as_pattern=\u00bbwithout_pattern\u00bb][vc_column][vc_row_inner row_type=\u00bbrow\u00bb type=\u00bbgrid\u00bb text_align=\u00bbleft\u00bb css_animation=\u00bb\u00bb][vc_column_inner][vc_empty_space height=\u00bb20px\u00bb][vc_empty_space height=\u00bb20px\u00bb][\/vc_column_inner][\/vc_row_inner][vc_column_text]<\/p>\n<ul>\n<li style=\"text-align: justify;\"><em>La Parroquia Matriz de Los Remedios recupera todas las procesiones.<\/em><\/li>\n<\/ul>\n<p>&nbsp;<\/p>\n<p style=\"text-align: justify;\"><strong>Los Llanos de Aridane, 23 de marzo de 2023.- <\/strong>El Ayuntamiento de Los Llanos de Aridane a trav\u00e9s de la concejal de Fiestas, M\u00f3nica Gonz\u00e1lez, y junto a la alcaldesa del municipio, Noelia Garc\u00eda Leal, se unen a los p\u00e1rrocos Rub\u00e9n Fagundo, Antonio P\u00e9rez y Alberto Hern\u00e1ndez para presentar el amplio programa de celebraciones y actos de la Semana Santa aridanense.<\/p>\n<p style=\"text-align: justify;\">Garc\u00eda Leal ha puesto en valor y ha agradecido la labor de fe y comunitaria de los p\u00e1rrocos que permite celebrar la Semana Santa \u00a0\u00abuno de los pilares fundamentales en los que se construye la fe cat\u00f3lica y para los creyentes un momento de recogimiento y de comuni\u00f3n\u201d. Adem\u00e1s, recuerda que \u201cjunto a los actos religiosos, la Semana Santa tambi\u00e9n es una muestra cultural, art\u00edsticas, musical y etnogr\u00e1fica de costumbres y tradiciones por lo que se convierte en un acto que aglutina al conjunto de la sociedad\u201d.<\/p>\n<p style=\"text-align: justify;\">Por su parte, la concejala de Fiestas M\u00f3nica Gonz\u00e1lez ha explicado que desde el Consistorio se est\u00e1 colaborando con las Parroquias organizando actos y acciones con el fin de potenciar y contribuir a dar m\u00e1s significado a esta celebraci\u00f3n religiosa.<\/p>\n<p style=\"text-align: justify;\">Bajo el lema de \u2018Stabat Mater&#8217;, Estaba la Madre, la Semana Santa aridanense re\u00fane celebraciones eucar\u00edsticas, encuentros y momentos de fe. Despu\u00e9s de varios a\u00f1os, la Parroquia Matriz de Los Remedios recupera todas las procesiones de sus pasos. Desde el Viernes de Dolores al Domingo de Resurrecci\u00f3n y por el recorrido tradicional, cada d\u00eda se ver\u00e1 el transcurrir de los pasos que cuentan con el fervor de sus Cofrad\u00edas y la feligres\u00eda. El p\u00e1rroco de Los Remedios, Rub\u00e9n Fagundo invita a participar y ayudar en las procesiones \u00aby con ello hacer manifestaci\u00f3n de nuestra fe heredada desde hace 500 a\u00f1os, y ser testigo de esta herencia maravillosa, que tambi\u00e9n se expresa en la calle con la procesiones, que las hacemos todos y entre todos\u201d.<\/p>\n<p style=\"text-align: justify;\">Adem\u00e1s, la concejal informa que desde el Consistorio se ha programado un conjunto de actividades para estos d\u00edas como el III Ciclo `M\u00fasica y Fe\u2019, \u201cque contar\u00e1 con un recital de la soprano Magdalena Padilla con piezas sacras del siglo XVIII, y se desarrollar\u00e1 el domingo 2 de abril en la Parroquia de Los Remedios, y el D\u00fao Improptu el lunes 3 de abril en la Parroquia de La Laguna\u201d.\u00a0 A esto se suma, se\u00f1ala la edil, la exposici\u00f3n \u2018Palabras y Fe\u2019 que en esta edici\u00f3n cuenta con los textos de cinco escritores del municipios \u201cque unen sus creaciones a las fotos realizadas por el fot\u00f3grafo Emilio Barrionuevo a la talla de la Virgen de Los Dolores\u201d.\u00a0 Esta exposici\u00f3n se podr\u00e1 contemplar el mi\u00e9rcoles 5 de abril en la Plaza de Espa\u00f1a, mientras que \u00a0el jueves 6 de abril se dividir\u00e1 en las distintas parroquias del municipio\u201d.<\/p>\n<p style=\"text-align: justify;\">Asimismo, y con el fin de facilitar el acceso a las personas que no puedan asistir, \u00a0\u201cse transmitir\u00e1 a trav\u00e9s de las redes sociales las celebraciones de las principales eucarist\u00edas y por \u00a0tercer a\u00f1o consecutivo, se grabar\u00e1 y difundir\u00e1 a trav\u00e9s de las redes sociales el V\u00eda Crucis Interparroquial cuyos textos ser\u00e1n le\u00eddos en esta edici\u00f3n por ni\u00f1os, ni\u00f1as y j\u00f3venes de las distintas parroquias\u201d.<\/p>\n<p style=\"text-align: justify;\">Por \u00faltimo, los p\u00e1rrocos y el Ayuntamiento de Los Llanos de Aridane invitan a todas las personas que as\u00ed lo deseen a vivir y sentir la Semana Santa aridanense.<\/p>\n<p>[\/vc_column_text][\/vc_column][\/vc_row]<\/p>\n<\/section>","protected":false},"excerpt":{"rendered":"<p>[vc_row css_animation=\u00bb\u00bb row_type=\u00bbrow\u00bb use_row_as_full_screen_section=\u00bbno\u00bb type=\u00bbfull_width\u00bb angled_section=\u00bbno\u00bb text_align=\u00bbleft\u00bb background_image_as_pattern=\u00bbwithout_pattern\u00bb][vc_column][vc_row_inner row_type=\u00bbrow\u00bb type=\u00bbgrid\u00bb text_align=\u00bbleft\u00bb css_animation=\u00bb\u00bb][vc_column_inner][vc_empty_space height=\u00bb20px\u00bb][vc_empty_space height=\u00bb20px\u00bb][\/vc_column_inner][\/vc_row_inner][vc_column_text] La Parroquia Matriz de Los Remedios recupera todas las procesiones. &nbsp; Los Llanos de Aridane, 23 de marzo de 2023.- El Ayuntamiento de Los Llanos de Aridane a trav\u00e9s de la&#8230;<\/p>\n","protected":false},"author":1,"featured_media":2346,"comment_status":"closed","ping_status":"open","sticky":false,"template":"","format":"standard","meta":{"footnotes":""},"categories":[6],"tags":[],"class_list":["post-1517","post","type-post","status-publish","format-standard","has-post-thumbnail","hentry","category-prensa"],"yoast_head":"<!-- This site is optimized with the Yoast SEO plugin v22.7 - https:\/\/yoast.com\/wordpress\/plugins\/seo\/ -->\n<title>Las Parroquias con la colaboraci\u00f3n del Ayuntamiento de Los Llanos de Aridane preparan la celebraci\u00f3n de la Semana Santa aridanense - Ayuntamiento de Los Llanos de Aridane<\/title>\n<meta name=\"description\" content=\"El Ayuntamiento de Los Llanos de Aridane presenta el cartel y el programa de La Patrona 2021 con el lema \u201cRemedios, m\u00e1s que un nombre.\u201d\" \/>\n<meta name=\"robots\" content=\"index, follow, max-snippet:-1, max-image-preview:large, max-video-preview:-1\" \/>\n<link rel=\"canonical\" href=\"https:\/\/www.aridane.org\/city\/2023\/06\/19\/las-parroquias-con-la-colaboracion-del-ayuntamiento-de-los-llanos-de-aridane-preparan-la-celebracion-de-la-semana-santa-aridanense\/\" \/>\n<meta property=\"og:locale\" content=\"es_ES\" \/>\n<meta property=\"og:type\" content=\"article\" \/>\n<meta property=\"og:title\" content=\"Las Parroquias con la colaboraci\u00f3n del Ayuntamiento de Los Llanos de Aridane preparan la celebraci\u00f3n de la Semana Santa aridanense - Ayuntamiento de Los Llanos de Aridane\" \/>\n<meta property=\"og:description\" content=\"El Ayuntamiento de Los Llanos de Aridane presenta el cartel y el programa de La Patrona 2021 con el lema \u201cRemedios, m\u00e1s que un nombre.\u201d\" \/>\n<meta property=\"og:url\" content=\"https:\/\/www.aridane.org\/city\/2023\/06\/19\/las-parroquias-con-la-colaboracion-del-ayuntamiento-de-los-llanos-de-aridane-preparan-la-celebracion-de-la-semana-santa-aridanense\/\" \/>\n<meta property=\"og:site_name\" content=\"Ayuntamiento de Los Llanos de Aridane\" \/>\n<meta property=\"article:published_time\" content=\"2023-06-19T10:43:02+00:00\" \/>\n<meta property=\"article:modified_time\" content=\"2023-07-12T12:12:34+00:00\" \/>\n<meta property=\"og:image\" content=\"https:\/\/www.aridane.org\/city\/wp-content\/uploads\/2023\/06\/noticia_parroquias.jpg\" \/>\n\t<meta property=\"og:image:width\" content=\"976\" \/>\n\t<meta property=\"og:image:height\" content=\"549\" \/>\n\t<meta property=\"og:image:type\" content=\"image\/jpeg\" \/>\n<meta name=\"author\" content=\"Richard Diaz\" \/>\n<meta name=\"twitter:card\" content=\"summary_large_image\" \/>\n<meta name=\"twitter:label1\" content=\"Escrito por\" \/>\n\t<meta name=\"twitter:data1\" content=\"Richard Diaz\" \/>\n\t<meta name=\"twitter:label2\" content=\"Tiempo de lectura\" \/>\n\t<meta name=\"twitter:data2\" content=\"3 minutos\" \/>\n<script type=\"application\/ld+json\" class=\"yoast-schema-graph\">{\"@context\":\"https:\/\/schema.org\",\"@graph\":[{\"@type\":\"WebPage\",\"@id\":\"https:\/\/www.aridane.org\/city\/2023\/06\/19\/las-parroquias-con-la-colaboracion-del-ayuntamiento-de-los-llanos-de-aridane-preparan-la-celebracion-de-la-semana-santa-aridanense\/\",\"url\":\"https:\/\/www.aridane.org\/city\/2023\/06\/19\/las-parroquias-con-la-colaboracion-del-ayuntamiento-de-los-llanos-de-aridane-preparan-la-celebracion-de-la-semana-santa-aridanense\/\",\"name\":\"Las Parroquias con la colaboraci\u00f3n del Ayuntamiento de Los Llanos de Aridane preparan la celebraci\u00f3n de la Semana Santa aridanense - Ayuntamiento de Los Llanos de Aridane\",\"isPartOf\":{\"@id\":\"https:\/\/www.aridane.org\/city\/#website\"},\"primaryImageOfPage\":{\"@id\":\"https:\/\/www.aridane.org\/city\/2023\/06\/19\/las-parroquias-con-la-colaboracion-del-ayuntamiento-de-los-llanos-de-aridane-preparan-la-celebracion-de-la-semana-santa-aridanense\/#primaryimage\"},\"image\":{\"@id\":\"https:\/\/www.aridane.org\/city\/2023\/06\/19\/las-parroquias-con-la-colaboracion-del-ayuntamiento-de-los-llanos-de-aridane-preparan-la-celebracion-de-la-semana-santa-aridanense\/#primaryimage\"},\"thumbnailUrl\":\"https:\/\/www.aridane.org\/city\/wp-content\/uploads\/2023\/06\/noticia_parroquias.jpg\",\"datePublished\":\"2023-06-19T10:43:02+00:00\",\"dateModified\":\"2023-07-12T12:12:34+00:00\",\"author\":{\"@id\":\"https:\/\/www.aridane.org\/city\/#\/schema\/person\/7d352ec7f29881716f298394432e7209\"},\"description\":\"El Ayuntamiento de Los Llanos de Aridane presenta el cartel y el programa de La Patrona 2021 con el lema \u201cRemedios, m\u00e1s que un nombre.\u201d\",\"breadcrumb\":{\"@id\":\"https:\/\/www.aridane.org\/city\/2023\/06\/19\/las-parroquias-con-la-colaboracion-del-ayuntamiento-de-los-llanos-de-aridane-preparan-la-celebracion-de-la-semana-santa-aridanense\/#breadcrumb\"},\"inLanguage\":\"es\",\"potentialAction\":[{\"@type\":\"ReadAction\",\"target\":[\"https:\/\/www.aridane.org\/city\/2023\/06\/19\/las-parroquias-con-la-colaboracion-del-ayuntamiento-de-los-llanos-de-aridane-preparan-la-celebracion-de-la-semana-santa-aridanense\/\"]}]},{\"@type\":\"ImageObject\",\"inLanguage\":\"es\",\"@id\":\"https:\/\/www.aridane.org\/city\/2023\/06\/19\/las-parroquias-con-la-colaboracion-del-ayuntamiento-de-los-llanos-de-aridane-preparan-la-celebracion-de-la-semana-santa-aridanense\/#primaryimage\",\"url\":\"https:\/\/www.aridane.org\/city\/wp-content\/uploads\/2023\/06\/noticia_parroquias.jpg\",\"contentUrl\":\"https:\/\/www.aridane.org\/city\/wp-content\/uploads\/2023\/06\/noticia_parroquias.jpg\",\"width\":976,\"height\":549},{\"@type\":\"BreadcrumbList\",\"@id\":\"https:\/\/www.aridane.org\/city\/2023\/06\/19\/las-parroquias-con-la-colaboracion-del-ayuntamiento-de-los-llanos-de-aridane-preparan-la-celebracion-de-la-semana-santa-aridanense\/#breadcrumb\",\"itemListElement\":[{\"@type\":\"ListItem\",\"position\":1,\"name\":\"Portada\",\"item\":\"https:\/\/www.aridane.org\/city\/\"},{\"@type\":\"ListItem\",\"position\":2,\"name\":\"Las Parroquias con la colaboraci\u00f3n del Ayuntamiento de Los Llanos de Aridane preparan la celebraci\u00f3n de la Semana Santa aridanense\"}]},{\"@type\":\"WebSite\",\"@id\":\"https:\/\/www.aridane.org\/city\/#website\",\"url\":\"https:\/\/www.aridane.org\/city\/\",\"name\":\"Ayuntamiento de Los Llanos de Aridane\",\"description\":\"\",\"potentialAction\":[{\"@type\":\"SearchAction\",\"target\":{\"@type\":\"EntryPoint\",\"urlTemplate\":\"https:\/\/www.aridane.org\/city\/?s={search_term_string}\"},\"query-input\":\"required name=search_term_string\"}],\"inLanguage\":\"es\"},{\"@type\":\"Person\",\"@id\":\"https:\/\/www.aridane.org\/city\/#\/schema\/person\/7d352ec7f29881716f298394432e7209\",\"name\":\"Richard Diaz\",\"image\":{\"@type\":\"ImageObject\",\"inLanguage\":\"es\",\"@id\":\"https:\/\/www.aridane.org\/city\/#\/schema\/person\/image\/\",\"url\":\"https:\/\/secure.gravatar.com\/avatar\/bacd6aefc26a4a204943090a4c596cd10f0857081ef3cfd12084a70ecb3161d5?s=96&d=mm&r=g\",\"contentUrl\":\"https:\/\/secure.gravatar.com\/avatar\/bacd6aefc26a4a204943090a4c596cd10f0857081ef3cfd12084a70ecb3161d5?s=96&d=mm&r=g\",\"caption\":\"Richard Diaz\"},\"sameAs\":[\"https:\/\/www.aridane.org\/city\"],\"url\":\"https:\/\/www.aridane.org\/city\/author\/richard-diaz\/\"}]}<\/script>\n<!-- \/ Yoast SEO plugin. -->","yoast_head_json":{"title":"Las Parroquias con la colaboraci\u00f3n del Ayuntamiento de Los Llanos de Aridane preparan la celebraci\u00f3n de la Semana Santa aridanense - Ayuntamiento de Los Llanos de Aridane","description":"El Ayuntamiento de Los Llanos de Aridane presenta el cartel y el programa de La Patrona 2021 con el lema \u201cRemedios, m\u00e1s que un nombre.\u201d","robots":{"index":"index","follow":"follow","max-snippet":"max-snippet:-1","max-image-preview":"max-image-preview:large","max-video-preview":"max-video-preview:-1"},"canonical":"https:\/\/www.aridane.org\/city\/2023\/06\/19\/las-parroquias-con-la-colaboracion-del-ayuntamiento-de-los-llanos-de-aridane-preparan-la-celebracion-de-la-semana-santa-aridanense\/","og_locale":"es_ES","og_type":"article","og_title":"Las Parroquias con la colaboraci\u00f3n del Ayuntamiento de Los Llanos de Aridane preparan la celebraci\u00f3n de la Semana Santa aridanense - Ayuntamiento de Los Llanos de Aridane","og_description":"El Ayuntamiento de Los Llanos de Aridane presenta el cartel y el programa de La Patrona 2021 con el lema \u201cRemedios, m\u00e1s que un nombre.\u201d","og_url":"https:\/\/www.aridane.org\/city\/2023\/06\/19\/las-parroquias-con-la-colaboracion-del-ayuntamiento-de-los-llanos-de-aridane-preparan-la-celebracion-de-la-semana-santa-aridanense\/","og_site_name":"Ayuntamiento de Los Llanos de Aridane","article_published_time":"2023-06-19T10:43:02+00:00","article_modified_time":"2023-07-12T12:12:34+00:00","og_image":[{"width":976,"height":549,"url":"https:\/\/www.aridane.org\/city\/wp-content\/uploads\/2023\/06\/noticia_parroquias.jpg","type":"image\/jpeg"}],"author":"Richard Diaz","twitter_card":"summary_large_image","twitter_misc":{"Escrito por":"Richard Diaz","Tiempo de lectura":"3 minutos"},"schema":{"@context":"https:\/\/schema.org","@graph":[{"@type":"WebPage","@id":"https:\/\/www.aridane.org\/city\/2023\/06\/19\/las-parroquias-con-la-colaboracion-del-ayuntamiento-de-los-llanos-de-aridane-preparan-la-celebracion-de-la-semana-santa-aridanense\/","url":"https:\/\/www.aridane.org\/city\/2023\/06\/19\/las-parroquias-con-la-colaboracion-del-ayuntamiento-de-los-llanos-de-aridane-preparan-la-celebracion-de-la-semana-santa-aridanense\/","name":"Las Parroquias con la colaboraci\u00f3n del Ayuntamiento de Los Llanos de Aridane preparan la celebraci\u00f3n de la Semana Santa aridanense - Ayuntamiento de Los Llanos de Aridane","isPartOf":{"@id":"https:\/\/www.aridane.org\/city\/#website"},"primaryImageOfPage":{"@id":"https:\/\/www.aridane.org\/city\/2023\/06\/19\/las-parroquias-con-la-colaboracion-del-ayuntamiento-de-los-llanos-de-aridane-preparan-la-celebracion-de-la-semana-santa-aridanense\/#primaryimage"},"image":{"@id":"https:\/\/www.aridane.org\/city\/2023\/06\/19\/las-parroquias-con-la-colaboracion-del-ayuntamiento-de-los-llanos-de-aridane-preparan-la-celebracion-de-la-semana-santa-aridanense\/#primaryimage"},"thumbnailUrl":"https:\/\/www.aridane.org\/city\/wp-content\/uploads\/2023\/06\/noticia_parroquias.jpg","datePublished":"2023-06-19T10:43:02+00:00","dateModified":"2023-07-12T12:12:34+00:00","author":{"@id":"https:\/\/www.aridane.org\/city\/#\/schema\/person\/7d352ec7f29881716f298394432e7209"},"description":"El Ayuntamiento de Los Llanos de Aridane presenta el cartel y el programa de La Patrona 2021 con el lema \u201cRemedios, m\u00e1s que un nombre.\u201d","breadcrumb":{"@id":"https:\/\/www.aridane.org\/city\/2023\/06\/19\/las-parroquias-con-la-colaboracion-del-ayuntamiento-de-los-llanos-de-aridane-preparan-la-celebracion-de-la-semana-santa-aridanense\/#breadcrumb"},"inLanguage":"es","potentialAction":[{"@type":"ReadAction","target":["https:\/\/www.aridane.org\/city\/2023\/06\/19\/las-parroquias-con-la-colaboracion-del-ayuntamiento-de-los-llanos-de-aridane-preparan-la-celebracion-de-la-semana-santa-aridanense\/"]}]},{"@type":"ImageObject","inLanguage":"es","@id":"https:\/\/www.aridane.org\/city\/2023\/06\/19\/las-parroquias-con-la-colaboracion-del-ayuntamiento-de-los-llanos-de-aridane-preparan-la-celebracion-de-la-semana-santa-aridanense\/#primaryimage","url":"https:\/\/www.aridane.org\/city\/wp-content\/uploads\/2023\/06\/noticia_parroquias.jpg","contentUrl":"https:\/\/www.aridane.org\/city\/wp-content\/uploads\/2023\/06\/noticia_parroquias.jpg","width":976,"height":549},{"@type":"BreadcrumbList","@id":"https:\/\/www.aridane.org\/city\/2023\/06\/19\/las-parroquias-con-la-colaboracion-del-ayuntamiento-de-los-llanos-de-aridane-preparan-la-celebracion-de-la-semana-santa-aridanense\/#breadcrumb","itemListElement":[{"@type":"ListItem","position":1,"name":"Portada","item":"https:\/\/www.aridane.org\/city\/"},{"@type":"ListItem","position":2,"name":"Las Parroquias con la colaboraci\u00f3n del Ayuntamiento de Los Llanos de Aridane preparan la celebraci\u00f3n de la Semana Santa aridanense"}]},{"@type":"WebSite","@id":"https:\/\/www.aridane.org\/city\/#website","url":"https:\/\/www.aridane.org\/city\/","name":"Ayuntamiento de Los Llanos de Aridane","description":"","potentialAction":[{"@type":"SearchAction","target":{"@type":"EntryPoint","urlTemplate":"https:\/\/www.aridane.org\/city\/?s={search_term_string}"},"query-input":"required name=search_term_string"}],"inLanguage":"es"},{"@type":"Person","@id":"https:\/\/www.aridane.org\/city\/#\/schema\/person\/7d352ec7f29881716f298394432e7209","name":"Richard Diaz","image":{"@type":"ImageObject","inLanguage":"es","@id":"https:\/\/www.aridane.org\/city\/#\/schema\/person\/image\/","url":"https:\/\/secure.gravatar.com\/avatar\/bacd6aefc26a4a204943090a4c596cd10f0857081ef3cfd12084a70ecb3161d5?s=96&d=mm&r=g","contentUrl":"https:\/\/secure.gravatar.com\/avatar\/bacd6aefc26a4a204943090a4c596cd10f0857081ef3cfd12084a70ecb3161d5?s=96&d=mm&r=g","caption":"Richard Diaz"},"sameAs":["https:\/\/www.aridane.org\/city"],"url":"https:\/\/www.aridane.org\/city\/author\/richard-diaz\/"}]}},"_links":{"self":[{"href":"https:\/\/www.aridane.org\/city\/wp-json\/wp\/v2\/posts\/1517","targetHints":{"allow":["GET"]}}],"collection":[{"href":"https:\/\/www.aridane.org\/city\/wp-json\/wp\/v2\/posts"}],"about":[{"href":"https:\/\/www.aridane.org\/city\/wp-json\/wp\/v2\/types\/post"}],"author":[{"embeddable":true,"href":"https:\/\/www.aridane.org\/city\/wp-json\/wp\/v2\/users\/1"}],"replies":[{"embeddable":true,"href":"https:\/\/www.aridane.org\/city\/wp-json\/wp\/v2\/comments?post=1517"}],"version-history":[{"count":1,"href":"https:\/\/www.aridane.org\/city\/wp-json\/wp\/v2\/posts\/1517\/revisions"}],"predecessor-version":[{"id":2347,"href":"https:\/\/www.aridane.org\/city\/wp-json\/wp\/v2\/posts\/1517\/revisions\/2347"}],"wp:featuredmedia":[{"embeddable":true,"href":"https:\/\/www.aridane.org\/city\/wp-json\/wp\/v2\/media\/2346"}],"wp:attachment":[{"href":"https:\/\/www.aridane.org\/city\/wp-json\/wp\/v2\/media?parent=1517"}],"wp:term":[{"taxonomy":"category","embeddable":true,"href":"https:\/\/www.aridane.org\/city\/wp-json\/wp\/v2\/categories?post=1517"},{"taxonomy":"post_tag","embeddable":true,"href":"https:\/\/www.aridane.org\/city\/wp-json\/wp\/v2\/tags?post=1517"}],"curies":[{"name":"wp","href":"https:\/\/api.w.org\/{rel}","templated":true}]}}