{"id":1522,"date":"2023-03-27T10:17:14","date_gmt":"2023-03-27T09:17:14","guid":{"rendered":"https:\/\/aridane.org\/ciudad\/?p=1522"},"modified":"2023-07-26T09:36:57","modified_gmt":"2023-07-26T09:36:57","slug":"el-ayuntamiento-de-los-llanos-de-aridane-contratara-a-183-personas-a-traves-del-plan-extraordinario-de-empleo-y-formacion","status":"publish","type":"post","link":"https:\/\/www.aridane.org\/city\/2023\/03\/27\/el-ayuntamiento-de-los-llanos-de-aridane-contratara-a-183-personas-a-traves-del-plan-extraordinario-de-empleo-y-formacion\/","title":{"rendered":"El Ayuntamiento de Los Llanos de Aridane contratar\u00e1 a 183 personas a trav\u00e9s del Plan Extraordinario de Empleo y Formaci\u00f3n"},"content":{"rendered":"<section class=\"wpb-content-wrapper\"><p>[vc_row css_animation=\u00bb\u00bb row_type=\u00bbrow\u00bb use_row_as_full_screen_section=\u00bbno\u00bb type=\u00bbfull_width\u00bb angled_section=\u00bbno\u00bb text_align=\u00bbleft\u00bb background_image_as_pattern=\u00bbwithout_pattern\u00bb][vc_column][vc_row_inner row_type=\u00bbrow\u00bb type=\u00bbgrid\u00bb text_align=\u00bbleft\u00bb css_animation=\u00bb\u00bb][vc_column_inner][vc_empty_space height=\u00bb20px\u00bb][vc_empty_space height=\u00bb20px\u00bb][\/vc_column_inner][\/vc_row_inner][vc_column_text]<\/p>\n<ul>\n<li style=\"text-align: justify;\"><em>Garc\u00eda Leal explica que los interesados pueden encontrar los modelos de solicitud desde hoy, lunes 27 de marzo, en en la sede electr\u00f3nica del Ayuntamiento, <\/em><a href=\"http:\/\/eadmin.aridane.org\"><em>aridane.org<\/em><\/a><em> y en el registro. Adem\u00e1s, la documentaci\u00f3n la deben presentar en el registro hasta el viernes, 31 de marzo. Tambi\u00e9n, confirma que algunos ser\u00e1n seleccionados directamente por el Servicio Canario de Empleo. <\/em><\/li>\n<li style=\"text-align: justify;\"><em>La alcaldesa recuerda que la puesta en marcha de este Plan de Empleo es de especial importancia para seguir trabajando en la recuperaci\u00f3n del municipio, y m\u00e1s en un momento clave como el que vive Los Llanos.<\/em><\/li>\n<\/ul>\n<p>&nbsp;<\/p>\n<p style=\"text-align: justify;\"><strong>Los Llanos de Aridane, 27 de marzo de 2023.- <\/strong>El Ayuntamiento de Los Llanos de Aridane a trav\u00e9s de su alcaldesa, Noelia Garc\u00eda Leal, ha confirmado que \u201cse contratar\u00e1 a 183 personas desempleadas a trav\u00e9s del Programa Extraordinario de Empleo y Formaci\u00f3n de la isla de La Palma 2023, financiado por el Gobierno de Espa\u00f1a y el Gobierno de Canarias\u201d.<\/p>\n<p style=\"text-align: justify;\">Garc\u00eda Leal pone en valor el importante papel que juegan en estos momentos los planes de empleo para un municipio como Los Llanos de Aridane, por cierto el m\u00e1s afectado por la erupci\u00f3n del volc\u00e1n, \u201cya que adem\u00e1s de permitirnos incorporar a desempleados al mundo laboral, tambi\u00e9n nos ayudar\u00e1 a continuar trabajando en la recuperaci\u00f3n del municipio, a dar respuesta a las necesidades de nuestros vecinos, y contribuir a que el Consistorio sea una administraci\u00f3n m\u00e1s r\u00e1pida y eficaz a la hora de dar respuesta a las demandas de los aridanenses\u201d.<\/p>\n<p style=\"text-align: justify;\">La alcaldesa explica que los interesados pueden encontrar los modelos de solicitud en la sede electr\u00f3nica del Ayuntamiento, eadmin.aridane.org, as\u00ed como en el registro desde hoy,\u00a0 lunes 27,\u00a0 y podr\u00e1n entregar la documentaci\u00f3n hasta el viernes 31 de marzo, tambi\u00e9n el registro. Adem\u00e1s, confirma que las personas contratadas ser\u00e1n seleccionadas a trav\u00e9s de concurso, \u201cdando prioridad a las personas afectadas por la emergencia volc\u00e1nica, y el Servicio Canario de Empleo tambi\u00e9n seleccionar\u00e1 perfiles de manera directa\u201d.<\/p>\n<p style=\"text-align: justify;\">Por \u00faltimo, desde el Ayuntamiento de Los Llanos de Aridane se agradece nuevamente la puesta en marcha de este Programa Extraordinario de Empleo y Formaci\u00f3n de la isla de La Palma 2023, financiado por el Gobierno de Espa\u00f1a y el Gobierno de Canarias, \u201cporque estamos seguros que ayudar\u00e1 a un importante n\u00famero de familias del municipio\u201d.<\/p>\n<p>[\/vc_column_text][\/vc_column][\/vc_row]<\/p>\n<\/section>","protected":false},"excerpt":{"rendered":"<p>[vc_row css_animation=\u00bb\u00bb row_type=\u00bbrow\u00bb use_row_as_full_screen_section=\u00bbno\u00bb type=\u00bbfull_width\u00bb angled_section=\u00bbno\u00bb text_align=\u00bbleft\u00bb background_image_as_pattern=\u00bbwithout_pattern\u00bb][vc_column][vc_row_inner row_type=\u00bbrow\u00bb type=\u00bbgrid\u00bb text_align=\u00bbleft\u00bb css_animation=\u00bb\u00bb][vc_column_inner][vc_empty_space height=\u00bb20px\u00bb][vc_empty_space height=\u00bb20px\u00bb][\/vc_column_inner][\/vc_row_inner][vc_column_text] Garc\u00eda Leal explica que los interesados pueden encontrar los modelos de solicitud desde hoy, lunes 27 de marzo, en en la sede electr\u00f3nica del Ayuntamiento, aridane.org y en el registro. Adem\u00e1s,&#8230;<\/p>\n","protected":false},"author":1,"featured_media":2531,"comment_status":"closed","ping_status":"open","sticky":false,"template":"","format":"standard","meta":{"footnotes":""},"categories":[6],"tags":[],"class_list":["post-1522","post","type-post","status-publish","format-standard","has-post-thumbnail","hentry","category-prensa"],"yoast_head":"<!-- This site is optimized with the Yoast SEO plugin v22.7 - https:\/\/yoast.com\/wordpress\/plugins\/seo\/ -->\n<title>El Ayuntamiento de Los Llanos de Aridane contratar\u00e1 a 183 personas a trav\u00e9s del Plan Extraordinario de Empleo y Formaci\u00f3n - Ayuntamiento de Los Llanos de Aridane<\/title>\n<meta name=\"description\" content=\"El Ayuntamiento de Los Llanos de Aridane presenta el cartel y el programa de La Patrona 2021 con el lema \u201cRemedios, m\u00e1s que un nombre.\u201d\" \/>\n<meta name=\"robots\" content=\"index, follow, max-snippet:-1, max-image-preview:large, max-video-preview:-1\" \/>\n<link rel=\"canonical\" href=\"https:\/\/www.aridane.org\/city\/2023\/03\/27\/el-ayuntamiento-de-los-llanos-de-aridane-contratara-a-183-personas-a-traves-del-plan-extraordinario-de-empleo-y-formacion\/\" \/>\n<meta property=\"og:locale\" content=\"es_ES\" \/>\n<meta property=\"og:type\" content=\"article\" \/>\n<meta property=\"og:title\" content=\"El Ayuntamiento de Los Llanos de Aridane contratar\u00e1 a 183 personas a trav\u00e9s del Plan Extraordinario de Empleo y Formaci\u00f3n - Ayuntamiento de Los Llanos de Aridane\" \/>\n<meta property=\"og:description\" content=\"El Ayuntamiento de Los Llanos de Aridane presenta el cartel y el programa de La Patrona 2021 con el lema \u201cRemedios, m\u00e1s que un nombre.\u201d\" \/>\n<meta property=\"og:url\" content=\"https:\/\/www.aridane.org\/city\/2023\/03\/27\/el-ayuntamiento-de-los-llanos-de-aridane-contratara-a-183-personas-a-traves-del-plan-extraordinario-de-empleo-y-formacion\/\" \/>\n<meta property=\"og:site_name\" content=\"Ayuntamiento de Los Llanos de Aridane\" \/>\n<meta property=\"article:published_time\" content=\"2023-03-27T09:17:14+00:00\" \/>\n<meta property=\"article:modified_time\" content=\"2023-07-26T09:36:57+00:00\" \/>\n<meta property=\"og:image\" content=\"https:\/\/www.aridane.org\/city\/wp-content\/uploads\/2023\/03\/ayto_aridane_3.jpg\" \/>\n\t<meta property=\"og:image:width\" content=\"1200\" \/>\n\t<meta property=\"og:image:height\" content=\"675\" \/>\n\t<meta property=\"og:image:type\" content=\"image\/jpeg\" \/>\n<meta name=\"author\" content=\"Richard Diaz\" \/>\n<meta name=\"twitter:card\" content=\"summary_large_image\" \/>\n<meta name=\"twitter:label1\" content=\"Escrito por\" \/>\n\t<meta name=\"twitter:data1\" content=\"Richard Diaz\" \/>\n\t<meta name=\"twitter:label2\" content=\"Tiempo de lectura\" \/>\n\t<meta name=\"twitter:data2\" content=\"2 minutos\" \/>\n<script type=\"application\/ld+json\" class=\"yoast-schema-graph\">{\"@context\":\"https:\/\/schema.org\",\"@graph\":[{\"@type\":\"WebPage\",\"@id\":\"https:\/\/www.aridane.org\/city\/2023\/03\/27\/el-ayuntamiento-de-los-llanos-de-aridane-contratara-a-183-personas-a-traves-del-plan-extraordinario-de-empleo-y-formacion\/\",\"url\":\"https:\/\/www.aridane.org\/city\/2023\/03\/27\/el-ayuntamiento-de-los-llanos-de-aridane-contratara-a-183-personas-a-traves-del-plan-extraordinario-de-empleo-y-formacion\/\",\"name\":\"El Ayuntamiento de Los Llanos de Aridane contratar\u00e1 a 183 personas a trav\u00e9s del Plan Extraordinario de Empleo y Formaci\u00f3n - Ayuntamiento de Los Llanos de Aridane\",\"isPartOf\":{\"@id\":\"https:\/\/www.aridane.org\/city\/#website\"},\"primaryImageOfPage\":{\"@id\":\"https:\/\/www.aridane.org\/city\/2023\/03\/27\/el-ayuntamiento-de-los-llanos-de-aridane-contratara-a-183-personas-a-traves-del-plan-extraordinario-de-empleo-y-formacion\/#primaryimage\"},\"image\":{\"@id\":\"https:\/\/www.aridane.org\/city\/2023\/03\/27\/el-ayuntamiento-de-los-llanos-de-aridane-contratara-a-183-personas-a-traves-del-plan-extraordinario-de-empleo-y-formacion\/#primaryimage\"},\"thumbnailUrl\":\"https:\/\/www.aridane.org\/city\/wp-content\/uploads\/2023\/03\/ayto_aridane_3.jpg\",\"datePublished\":\"2023-03-27T09:17:14+00:00\",\"dateModified\":\"2023-07-26T09:36:57+00:00\",\"author\":{\"@id\":\"https:\/\/www.aridane.org\/city\/#\/schema\/person\/7d352ec7f29881716f298394432e7209\"},\"description\":\"El Ayuntamiento de Los Llanos de Aridane presenta el cartel y el programa de La Patrona 2021 con el lema \u201cRemedios, m\u00e1s que un nombre.\u201d\",\"breadcrumb\":{\"@id\":\"https:\/\/www.aridane.org\/city\/2023\/03\/27\/el-ayuntamiento-de-los-llanos-de-aridane-contratara-a-183-personas-a-traves-del-plan-extraordinario-de-empleo-y-formacion\/#breadcrumb\"},\"inLanguage\":\"es\",\"potentialAction\":[{\"@type\":\"ReadAction\",\"target\":[\"https:\/\/www.aridane.org\/city\/2023\/03\/27\/el-ayuntamiento-de-los-llanos-de-aridane-contratara-a-183-personas-a-traves-del-plan-extraordinario-de-empleo-y-formacion\/\"]}]},{\"@type\":\"ImageObject\",\"inLanguage\":\"es\",\"@id\":\"https:\/\/www.aridane.org\/city\/2023\/03\/27\/el-ayuntamiento-de-los-llanos-de-aridane-contratara-a-183-personas-a-traves-del-plan-extraordinario-de-empleo-y-formacion\/#primaryimage\",\"url\":\"https:\/\/www.aridane.org\/city\/wp-content\/uploads\/2023\/03\/ayto_aridane_3.jpg\",\"contentUrl\":\"https:\/\/www.aridane.org\/city\/wp-content\/uploads\/2023\/03\/ayto_aridane_3.jpg\",\"width\":1200,\"height\":675},{\"@type\":\"BreadcrumbList\",\"@id\":\"https:\/\/www.aridane.org\/city\/2023\/03\/27\/el-ayuntamiento-de-los-llanos-de-aridane-contratara-a-183-personas-a-traves-del-plan-extraordinario-de-empleo-y-formacion\/#breadcrumb\",\"itemListElement\":[{\"@type\":\"ListItem\",\"position\":1,\"name\":\"Portada\",\"item\":\"https:\/\/www.aridane.org\/city\/\"},{\"@type\":\"ListItem\",\"position\":2,\"name\":\"El Ayuntamiento de Los Llanos de Aridane contratar\u00e1 a 183 personas a trav\u00e9s del Plan Extraordinario de Empleo y Formaci\u00f3n\"}]},{\"@type\":\"WebSite\",\"@id\":\"https:\/\/www.aridane.org\/city\/#website\",\"url\":\"https:\/\/www.aridane.org\/city\/\",\"name\":\"Ayuntamiento de Los Llanos de Aridane\",\"description\":\"\",\"potentialAction\":[{\"@type\":\"SearchAction\",\"target\":{\"@type\":\"EntryPoint\",\"urlTemplate\":\"https:\/\/www.aridane.org\/city\/?s={search_term_string}\"},\"query-input\":\"required name=search_term_string\"}],\"inLanguage\":\"es\"},{\"@type\":\"Person\",\"@id\":\"https:\/\/www.aridane.org\/city\/#\/schema\/person\/7d352ec7f29881716f298394432e7209\",\"name\":\"Richard Diaz\",\"image\":{\"@type\":\"ImageObject\",\"inLanguage\":\"es\",\"@id\":\"https:\/\/www.aridane.org\/city\/#\/schema\/person\/image\/\",\"url\":\"https:\/\/secure.gravatar.com\/avatar\/bacd6aefc26a4a204943090a4c596cd10f0857081ef3cfd12084a70ecb3161d5?s=96&d=mm&r=g\",\"contentUrl\":\"https:\/\/secure.gravatar.com\/avatar\/bacd6aefc26a4a204943090a4c596cd10f0857081ef3cfd12084a70ecb3161d5?s=96&d=mm&r=g\",\"caption\":\"Richard Diaz\"},\"sameAs\":[\"https:\/\/www.aridane.org\/city\"],\"url\":\"https:\/\/www.aridane.org\/city\/author\/richard-diaz\/\"}]}<\/script>\n<!-- \/ Yoast SEO plugin. -->","yoast_head_json":{"title":"El Ayuntamiento de Los Llanos de Aridane contratar\u00e1 a 183 personas a trav\u00e9s del Plan Extraordinario de Empleo y Formaci\u00f3n - Ayuntamiento de Los Llanos de Aridane","description":"El Ayuntamiento de Los Llanos de Aridane presenta el cartel y el programa de La Patrona 2021 con el lema \u201cRemedios, m\u00e1s que un nombre.\u201d","robots":{"index":"index","follow":"follow","max-snippet":"max-snippet:-1","max-image-preview":"max-image-preview:large","max-video-preview":"max-video-preview:-1"},"canonical":"https:\/\/www.aridane.org\/city\/2023\/03\/27\/el-ayuntamiento-de-los-llanos-de-aridane-contratara-a-183-personas-a-traves-del-plan-extraordinario-de-empleo-y-formacion\/","og_locale":"es_ES","og_type":"article","og_title":"El Ayuntamiento de Los Llanos de Aridane contratar\u00e1 a 183 personas a trav\u00e9s del Plan Extraordinario de Empleo y Formaci\u00f3n - Ayuntamiento de Los Llanos de Aridane","og_description":"El Ayuntamiento de Los Llanos de Aridane presenta el cartel y el programa de La Patrona 2021 con el lema \u201cRemedios, m\u00e1s que un nombre.\u201d","og_url":"https:\/\/www.aridane.org\/city\/2023\/03\/27\/el-ayuntamiento-de-los-llanos-de-aridane-contratara-a-183-personas-a-traves-del-plan-extraordinario-de-empleo-y-formacion\/","og_site_name":"Ayuntamiento de Los Llanos de Aridane","article_published_time":"2023-03-27T09:17:14+00:00","article_modified_time":"2023-07-26T09:36:57+00:00","og_image":[{"width":1200,"height":675,"url":"https:\/\/www.aridane.org\/city\/wp-content\/uploads\/2023\/03\/ayto_aridane_3.jpg","type":"image\/jpeg"}],"author":"Richard Diaz","twitter_card":"summary_large_image","twitter_misc":{"Escrito por":"Richard Diaz","Tiempo de lectura":"2 minutos"},"schema":{"@context":"https:\/\/schema.org","@graph":[{"@type":"WebPage","@id":"https:\/\/www.aridane.org\/city\/2023\/03\/27\/el-ayuntamiento-de-los-llanos-de-aridane-contratara-a-183-personas-a-traves-del-plan-extraordinario-de-empleo-y-formacion\/","url":"https:\/\/www.aridane.org\/city\/2023\/03\/27\/el-ayuntamiento-de-los-llanos-de-aridane-contratara-a-183-personas-a-traves-del-plan-extraordinario-de-empleo-y-formacion\/","name":"El Ayuntamiento de Los Llanos de Aridane contratar\u00e1 a 183 personas a trav\u00e9s del Plan Extraordinario de Empleo y Formaci\u00f3n - Ayuntamiento de Los Llanos de Aridane","isPartOf":{"@id":"https:\/\/www.aridane.org\/city\/#website"},"primaryImageOfPage":{"@id":"https:\/\/www.aridane.org\/city\/2023\/03\/27\/el-ayuntamiento-de-los-llanos-de-aridane-contratara-a-183-personas-a-traves-del-plan-extraordinario-de-empleo-y-formacion\/#primaryimage"},"image":{"@id":"https:\/\/www.aridane.org\/city\/2023\/03\/27\/el-ayuntamiento-de-los-llanos-de-aridane-contratara-a-183-personas-a-traves-del-plan-extraordinario-de-empleo-y-formacion\/#primaryimage"},"thumbnailUrl":"https:\/\/www.aridane.org\/city\/wp-content\/uploads\/2023\/03\/ayto_aridane_3.jpg","datePublished":"2023-03-27T09:17:14+00:00","dateModified":"2023-07-26T09:36:57+00:00","author":{"@id":"https:\/\/www.aridane.org\/city\/#\/schema\/person\/7d352ec7f29881716f298394432e7209"},"description":"El Ayuntamiento de Los Llanos de Aridane presenta el cartel y el programa de La Patrona 2021 con el lema \u201cRemedios, m\u00e1s que un nombre.\u201d","breadcrumb":{"@id":"https:\/\/www.aridane.org\/city\/2023\/03\/27\/el-ayuntamiento-de-los-llanos-de-aridane-contratara-a-183-personas-a-traves-del-plan-extraordinario-de-empleo-y-formacion\/#breadcrumb"},"inLanguage":"es","potentialAction":[{"@type":"ReadAction","target":["https:\/\/www.aridane.org\/city\/2023\/03\/27\/el-ayuntamiento-de-los-llanos-de-aridane-contratara-a-183-personas-a-traves-del-plan-extraordinario-de-empleo-y-formacion\/"]}]},{"@type":"ImageObject","inLanguage":"es","@id":"https:\/\/www.aridane.org\/city\/2023\/03\/27\/el-ayuntamiento-de-los-llanos-de-aridane-contratara-a-183-personas-a-traves-del-plan-extraordinario-de-empleo-y-formacion\/#primaryimage","url":"https:\/\/www.aridane.org\/city\/wp-content\/uploads\/2023\/03\/ayto_aridane_3.jpg","contentUrl":"https:\/\/www.aridane.org\/city\/wp-content\/uploads\/2023\/03\/ayto_aridane_3.jpg","width":1200,"height":675},{"@type":"BreadcrumbList","@id":"https:\/\/www.aridane.org\/city\/2023\/03\/27\/el-ayuntamiento-de-los-llanos-de-aridane-contratara-a-183-personas-a-traves-del-plan-extraordinario-de-empleo-y-formacion\/#breadcrumb","itemListElement":[{"@type":"ListItem","position":1,"name":"Portada","item":"https:\/\/www.aridane.org\/city\/"},{"@type":"ListItem","position":2,"name":"El Ayuntamiento de Los Llanos de Aridane contratar\u00e1 a 183 personas a trav\u00e9s del Plan Extraordinario de Empleo y Formaci\u00f3n"}]},{"@type":"WebSite","@id":"https:\/\/www.aridane.org\/city\/#website","url":"https:\/\/www.aridane.org\/city\/","name":"Ayuntamiento de Los Llanos de Aridane","description":"","potentialAction":[{"@type":"SearchAction","target":{"@type":"EntryPoint","urlTemplate":"https:\/\/www.aridane.org\/city\/?s={search_term_string}"},"query-input":"required name=search_term_string"}],"inLanguage":"es"},{"@type":"Person","@id":"https:\/\/www.aridane.org\/city\/#\/schema\/person\/7d352ec7f29881716f298394432e7209","name":"Richard Diaz","image":{"@type":"ImageObject","inLanguage":"es","@id":"https:\/\/www.aridane.org\/city\/#\/schema\/person\/image\/","url":"https:\/\/secure.gravatar.com\/avatar\/bacd6aefc26a4a204943090a4c596cd10f0857081ef3cfd12084a70ecb3161d5?s=96&d=mm&r=g","contentUrl":"https:\/\/secure.gravatar.com\/avatar\/bacd6aefc26a4a204943090a4c596cd10f0857081ef3cfd12084a70ecb3161d5?s=96&d=mm&r=g","caption":"Richard Diaz"},"sameAs":["https:\/\/www.aridane.org\/city"],"url":"https:\/\/www.aridane.org\/city\/author\/richard-diaz\/"}]}},"_links":{"self":[{"href":"https:\/\/www.aridane.org\/city\/wp-json\/wp\/v2\/posts\/1522","targetHints":{"allow":["GET"]}}],"collection":[{"href":"https:\/\/www.aridane.org\/city\/wp-json\/wp\/v2\/posts"}],"about":[{"href":"https:\/\/www.aridane.org\/city\/wp-json\/wp\/v2\/types\/post"}],"author":[{"embeddable":true,"href":"https:\/\/www.aridane.org\/city\/wp-json\/wp\/v2\/users\/1"}],"replies":[{"embeddable":true,"href":"https:\/\/www.aridane.org\/city\/wp-json\/wp\/v2\/comments?post=1522"}],"version-history":[{"count":1,"href":"https:\/\/www.aridane.org\/city\/wp-json\/wp\/v2\/posts\/1522\/revisions"}],"predecessor-version":[{"id":2532,"href":"https:\/\/www.aridane.org\/city\/wp-json\/wp\/v2\/posts\/1522\/revisions\/2532"}],"wp:featuredmedia":[{"embeddable":true,"href":"https:\/\/www.aridane.org\/city\/wp-json\/wp\/v2\/media\/2531"}],"wp:attachment":[{"href":"https:\/\/www.aridane.org\/city\/wp-json\/wp\/v2\/media?parent=1522"}],"wp:term":[{"taxonomy":"category","embeddable":true,"href":"https:\/\/www.aridane.org\/city\/wp-json\/wp\/v2\/categories?post=1522"},{"taxonomy":"post_tag","embeddable":true,"href":"https:\/\/www.aridane.org\/city\/wp-json\/wp\/v2\/tags?post=1522"}],"curies":[{"name":"wp","href":"https:\/\/api.w.org\/{rel}","templated":true}]}}