{"id":1525,"date":"2023-03-27T13:46:45","date_gmt":"2023-03-27T12:46:45","guid":{"rendered":"https:\/\/aridane.org\/ciudad\/?p=1525"},"modified":"2023-07-26T07:30:02","modified_gmt":"2023-07-26T07:30:02","slug":"el-ayuntamiento-de-los-llanos-de-aridane-presenta-la-vi-edicion-del-ciclo-de-conciertos-de-camara","status":"publish","type":"post","link":"https:\/\/www.aridane.org\/city\/2023\/03\/27\/el-ayuntamiento-de-los-llanos-de-aridane-presenta-la-vi-edicion-del-ciclo-de-conciertos-de-camara\/","title":{"rendered":"El Ayuntamiento de Los Llanos de Aridane presenta la VI edici\u00f3n del Ciclo de Conciertos de C\u00e1mara"},"content":{"rendered":"<section class=\"wpb-content-wrapper\"><p>[vc_row css_animation=\u00bb\u00bb row_type=\u00bbrow\u00bb use_row_as_full_screen_section=\u00bbno\u00bb type=\u00bbfull_width\u00bb angled_section=\u00bbno\u00bb text_align=\u00bbleft\u00bb background_image_as_pattern=\u00bbwithout_pattern\u00bb][vc_column][vc_row_inner row_type=\u00bbrow\u00bb type=\u00bbgrid\u00bb text_align=\u00bbleft\u00bb css_animation=\u00bb\u00bb][vc_column_inner][vc_empty_space height=\u00bb20px\u00bb][\/vc_column_inner][\/vc_row_inner][vc_column_text]<\/p>\n<ul>\n<li style=\"text-align: justify;\"><em>Ser\u00e1 en el Espacio Cultural El Secadero, y el ciclo de conciertos se desarrollar\u00e1 desde este jueves 30 de marzo hasta el pr\u00f3ximo 25 de mayo. <\/em><\/li>\n<li style=\"text-align: justify;\"><em><em>La entrada ser\u00e1 gratuita hasta completar aforo.<\/em><\/em>&nbsp;<\/li>\n<\/ul>\n<p style=\"text-align: justify;\"><strong>Los Llanos de Aridane, 27 de marzo de 2023.- <\/strong>El Ayuntamiento de Los Llanos de Aridane a trav\u00e9s de la concejal de Cultura, Charo Gonz\u00e1lez, pone en marcha dentro del proyecto Secadero Cl\u00e1sico la sexta edici\u00f3n del Ciclo de Conciertos de C\u00e1mara, para j\u00f3venes promesas de la m\u00fasica , \u201ccon el objetivo de ofrecer a las j\u00f3venes que cursan sus \u00faltimos a\u00f1os de carrera musical la oportunidad de actuar en un espacio con una ac\u00fastica privilegiada para la interpretaci\u00f3n\u201d, se\u00f1ala.<\/p>\n<p style=\"text-align: justify;\">Gonz\u00e1lez explica que el ciclo de conciertos comenzar\u00e1 este jueves 30 de marzo y finalizar\u00e1 el 25 de mayo, \u201cser\u00e1 un encuentro que ofrecer\u00e1 diferentes formatos de presentaci\u00f3n, en el que j\u00f3venes m\u00fasicos nos acercar\u00e1n a una rica variedad de obras musicales capaces de atraer los gustos m\u00e1s diversos. Adem\u00e1s, recuerda que este programa cuenta con el respaldo del Conservatorio Superior de M\u00fasica de Canarias y la coordinaci\u00f3n del director de la Banda Municipal de M\u00fasica de Los Llanos de Aridane, Gonzalo Jaubert\u201d.<\/p>\n<p style=\"text-align: justify;\">Por \u00faltimo, desde el Ayuntamiento de Los Llanos de Aridane se invita a todas las personas que lo deseen a disfrutar de este ciclo, y se recuerda que \u201cla entrada es libre hasta completar aforo\u201d.<\/p>\n<p style=\"text-align: justify;\"><strong>Programa<\/strong><\/p>\n<ul style=\"text-align: justify;\">\n<li><strong>30 de marzo de 2023, 19:00h<\/strong><\/li>\n<\/ul>\n<p style=\"text-align: justify;\">D\u00daO DE CANTO Y GUITARRA<\/p>\n<p style=\"text-align: justify;\">Jennibel del Carmen Hern\u00e1ndez Gonz\u00e1lez (canto)<\/p>\n<p style=\"text-align: justify;\">Sof\u00eda P\u00e9rez Saavedra (guitarra)<\/p>\n<p style=\"text-align: justify;\">CUARTETO DE CANTO, ACORDE\u00d3N, SAXO,<\/p>\n<p style=\"text-align: justify;\">GUITARRA Y PERCUSI\u00d3N<\/p>\n<p style=\"text-align: justify;\">Juan Carlos \u00c1lamo del Rosario, guitarra<\/p>\n<p style=\"text-align: justify;\">Marieme Abdoulaye Ndjim, canto<\/p>\n<p style=\"text-align: justify;\">Elena D\u00edez L\u00f3pez, percusi\u00f3n<\/p>\n<p style=\"text-align: justify;\">Fabi\u00e1n Gil Vega, saxof\u00f3n.<\/p>\n<p style=\"text-align: justify;\">Obras de:<\/p>\n<ol style=\"text-align: justify;\">\n<li>Rebay, M. Marcou, F. Scubert, R. Gnattali&#8230;<\/li>\n<\/ol>\n<p style=\"text-align: justify;\">G.F Haendel, Astor Piazzolla, G. Gershwin, Gene<\/p>\n<p style=\"text-align: justify;\">Koshinski, Lou Harrison.<\/p>\n<ul style=\"text-align: justify;\">\n<li><strong>13 de abril de 2023, 19:00h<\/strong><\/li>\n<\/ul>\n<p style=\"text-align: justify;\">D\u00daO DE FLAUTA Y GUITARRA<\/p>\n<p style=\"text-align: justify;\">Wilfredo Fern\u00e1ndez Vega<\/p>\n<p style=\"text-align: justify;\">N\u00e9stor P\u00e9rez Gonz\u00e1lez<\/p>\n<p style=\"text-align: justify;\">TR\u00cdO DE VIOL\u00cdN, CELLO Y PIANO<\/p>\n<p style=\"text-align: justify;\">Claudia Guerra Martin<\/p>\n<p style=\"text-align: justify;\">Alba Mariana Hern\u00e1ndez Mart\u00ednez<\/p>\n<p style=\"text-align: justify;\">Daniel Le\u00f3n S\u00e1nchez<\/p>\n<p style=\"text-align: justify;\">Obras de:<\/p>\n<p style=\"text-align: justify;\">Tadashi Sasaki<\/p>\n<ol style=\"text-align: justify;\">\n<li>de Falla<\/li>\n<\/ol>\n<ul style=\"text-align: justify;\">\n<li><strong>27 de abril de 2023, 19:00h<\/strong><\/li>\n<\/ul>\n<p style=\"text-align: justify;\">D\u00daO \u201cSINESTESIA\u201d<\/p>\n<p style=\"text-align: justify;\">Judit Mart\u00edn Guti\u00e9rrez (flauta)<\/p>\n<p style=\"text-align: justify;\">Adri\u00e1n Nuez Vera (guitarra)<\/p>\n<p style=\"text-align: justify;\">TR\u00cdO DE FLAUTA, FAGOT Y PIANO<\/p>\n<p style=\"text-align: justify;\">Alicia Gonz\u00e1lez de la Fe (piano)<\/p>\n<p style=\"text-align: justify;\">Irina D\u00edaz G\u00f3mez (flauta)<\/p>\n<p style=\"text-align: justify;\">Javier P\u00e9rez Jim\u00e9nez (fagot)<\/p>\n<p style=\"text-align: justify;\">Obras de:<\/p>\n<ol style=\"text-align: justify;\">\n<li>Saint-S\u00e4ens, A. Nuez, F. Garc\u00eda Lorca, M. de<\/li>\n<\/ol>\n<p style=\"text-align: justify;\">Falla, J. Ibert, S. Myers, A. Piazzolla, C.<\/p>\n<p style=\"text-align: justify;\">Machado, E. Mart\u00edn<\/p>\n<p style=\"text-align: justify;\">Gaetano Donizetti y Ludwig van Beethoven<\/p>\n<ul style=\"text-align: justify;\">\n<li><strong>11 de mayo de 2023, 19:00h<\/strong><\/li>\n<\/ul>\n<p style=\"text-align: justify;\">CUARTETO CON PIANO SEHNSUCHT<\/p>\n<p style=\"text-align: justify;\">Francisco Jes\u00fas Espinel Guti\u00e9rrez<\/p>\n<p style=\"text-align: justify;\">Rosa Elena Padilla Mart\u00edn<\/p>\n<p style=\"text-align: justify;\">Ciro Hern\u00e1ndez Perdig\u00f3n<\/p>\n<p style=\"text-align: justify;\">Paula Hern\u00e1ndez Vicente<\/p>\n<p style=\"text-align: justify;\">Obras de:<\/p>\n<ol style=\"text-align: justify;\">\n<li>P. Telemann, L Gabrielli, G. Bacewicz, E.<\/li>\n<\/ol>\n<p style=\"text-align: justify;\">Grieg, E. Goossens<\/p>\n<ul style=\"text-align: justify;\">\n<li><strong>25 de mayo de 2023, 19:00h<\/strong><\/li>\n<\/ul>\n<p style=\"text-align: justify;\">TR\u00cdO DE FLAUTAS Y PIANO.<\/p>\n<p style=\"text-align: justify;\">\u00d3scar S\u00e1nchez S\u00e1nchez, flauta<\/p>\n<p style=\"text-align: jutify;\">Sara Marrero P\u00e9rez, flauta<\/p>\n<p style=\"text-align: justify;\">\u00c1ngel Cort\u00e9s Ramos, piano<\/p>\n<p style=\"text-align: justify;\">Obras de:<\/p>\n<ol>\n<li style=\"text-align: justify;\">Kuhlau, G. Schocker, F. Behr y A. F\u00fcrstenau<\/li>\n<\/ol>\n<p>[\/vc_column_text][\/vc_column][\/vc_row]<\/p>\n<\/section>","protected":false},"excerpt":{"rendered":"<p>[vc_row css_animation=\u00bb\u00bb row_type=\u00bbrow\u00bb use_row_as_full_screen_section=\u00bbno\u00bb type=\u00bbfull_width\u00bb angled_section=\u00bbno\u00bb text_align=\u00bbleft\u00bb background_image_as_pattern=\u00bbwithout_pattern\u00bb][vc_column][vc_row_inner row_type=\u00bbrow\u00bb type=\u00bbgrid\u00bb text_align=\u00bbleft\u00bb css_animation=\u00bb\u00bb][vc_column_inner][vc_empty_space height=\u00bb20px\u00bb][\/vc_column_inner][\/vc_row_inner][vc_column_text] Ser\u00e1 en el Espacio Cultural El Secadero, y el ciclo de conciertos se desarrollar\u00e1 desde este jueves 30 de marzo hasta el pr\u00f3ximo 25 de mayo. La entrada ser\u00e1 gratuita hasta completar&#8230;<\/p>\n","protected":false},"author":1,"featured_media":2527,"comment_status":"closed","ping_status":"open","sticky":false,"template":"","format":"standard","meta":{"footnotes":""},"categories":[6],"tags":[],"class_list":["post-1525","post","type-post","status-publish","format-standard","has-post-thumbnail","hentry","category-prensa"],"yoast_head":"<!-- This site is optimized with the Yoast SEO plugin v22.7 - https:\/\/yoast.com\/wordpress\/plugins\/seo\/ -->\n<title>El Ayuntamiento de Los Llanos de Aridane presenta la VI edici\u00f3n del Ciclo de Conciertos de C\u00e1mara - Ayuntamiento de Los Llanos de Aridane<\/title>\n<meta name=\"description\" content=\"El Ayuntamiento de Los Llanos de Aridane presenta el cartel y el programa de La Patrona 2021 con el lema \u201cRemedios, m\u00e1s que un nombre.\u201d\" \/>\n<meta name=\"robots\" content=\"index, follow, max-snippet:-1, max-image-preview:large, max-video-preview:-1\" \/>\n<link rel=\"canonical\" href=\"https:\/\/www.aridane.org\/city\/2023\/03\/27\/el-ayuntamiento-de-los-llanos-de-aridane-presenta-la-vi-edicion-del-ciclo-de-conciertos-de-camara\/\" \/>\n<meta property=\"og:locale\" content=\"es_ES\" \/>\n<meta property=\"og:type\" content=\"article\" \/>\n<meta property=\"og:title\" content=\"El Ayuntamiento de Los Llanos de Aridane presenta la VI edici\u00f3n del Ciclo de Conciertos de C\u00e1mara - Ayuntamiento de Los Llanos de Aridane\" \/>\n<meta property=\"og:description\" content=\"El Ayuntamiento de Los Llanos de Aridane presenta el cartel y el programa de La Patrona 2021 con el lema \u201cRemedios, m\u00e1s que un nombre.\u201d\" \/>\n<meta property=\"og:url\" content=\"https:\/\/www.aridane.org\/city\/2023\/03\/27\/el-ayuntamiento-de-los-llanos-de-aridane-presenta-la-vi-edicion-del-ciclo-de-conciertos-de-camara\/\" \/>\n<meta property=\"og:site_name\" content=\"Ayuntamiento de Los Llanos de Aridane\" \/>\n<meta property=\"article:published_time\" content=\"2023-03-27T12:46:45+00:00\" \/>\n<meta property=\"article:modified_time\" content=\"2023-07-26T07:30:02+00:00\" \/>\n<meta property=\"og:image\" content=\"https:\/\/www.aridane.org\/city\/wp-content\/uploads\/2023\/03\/conciertos_de_camara_1.jpg\" \/>\n\t<meta property=\"og:image:width\" content=\"1200\" \/>\n\t<meta property=\"og:image:height\" content=\"675\" \/>\n\t<meta property=\"og:image:type\" content=\"image\/jpeg\" \/>\n<meta name=\"author\" content=\"Richard Diaz\" \/>\n<meta name=\"twitter:card\" content=\"summary_large_image\" \/>\n<meta name=\"twitter:label1\" content=\"Escrito por\" \/>\n\t<meta name=\"twitter:data1\" content=\"Richard Diaz\" \/>\n\t<meta name=\"twitter:label2\" content=\"Tiempo de lectura\" \/>\n\t<meta name=\"twitter:data2\" content=\"3 minutos\" \/>\n<script type=\"application\/ld+json\" class=\"yoast-schema-graph\">{\"@context\":\"https:\/\/schema.org\",\"@graph\":[{\"@type\":\"WebPage\",\"@id\":\"https:\/\/www.aridane.org\/city\/2023\/03\/27\/el-ayuntamiento-de-los-llanos-de-aridane-presenta-la-vi-edicion-del-ciclo-de-conciertos-de-camara\/\",\"url\":\"https:\/\/www.aridane.org\/city\/2023\/03\/27\/el-ayuntamiento-de-los-llanos-de-aridane-presenta-la-vi-edicion-del-ciclo-de-conciertos-de-camara\/\",\"name\":\"El Ayuntamiento de Los Llanos de Aridane presenta la VI edici\u00f3n del Ciclo de Conciertos de C\u00e1mara - Ayuntamiento de Los Llanos de Aridane\",\"isPartOf\":{\"@id\":\"https:\/\/www.aridane.org\/city\/#website\"},\"primaryImageOfPage\":{\"@id\":\"https:\/\/www.aridane.org\/city\/2023\/03\/27\/el-ayuntamiento-de-los-llanos-de-aridane-presenta-la-vi-edicion-del-ciclo-de-conciertos-de-camara\/#primaryimage\"},\"image\":{\"@id\":\"https:\/\/www.aridane.org\/city\/2023\/03\/27\/el-ayuntamiento-de-los-llanos-de-aridane-presenta-la-vi-edicion-del-ciclo-de-conciertos-de-camara\/#primaryimage\"},\"thumbnailUrl\":\"https:\/\/www.aridane.org\/city\/wp-content\/uploads\/2023\/03\/conciertos_de_camara_1.jpg\",\"datePublished\":\"2023-03-27T12:46:45+00:00\",\"dateModified\":\"2023-07-26T07:30:02+00:00\",\"author\":{\"@id\":\"https:\/\/www.aridane.org\/city\/#\/schema\/person\/7d352ec7f29881716f298394432e7209\"},\"description\":\"El Ayuntamiento de Los Llanos de Aridane presenta el cartel y el programa de La Patrona 2021 con el lema \u201cRemedios, m\u00e1s que un nombre.\u201d\",\"breadcrumb\":{\"@id\":\"https:\/\/www.aridane.org\/city\/2023\/03\/27\/el-ayuntamiento-de-los-llanos-de-aridane-presenta-la-vi-edicion-del-ciclo-de-conciertos-de-camara\/#breadcrumb\"},\"inLanguage\":\"es\",\"potentialAction\":[{\"@type\":\"ReadAction\",\"target\":[\"https:\/\/www.aridane.org\/city\/2023\/03\/27\/el-ayuntamiento-de-los-llanos-de-aridane-presenta-la-vi-edicion-del-ciclo-de-conciertos-de-camara\/\"]}]},{\"@type\":\"ImageObject\",\"inLanguage\":\"es\",\"@id\":\"https:\/\/www.aridane.org\/city\/2023\/03\/27\/el-ayuntamiento-de-los-llanos-de-aridane-presenta-la-vi-edicion-del-ciclo-de-conciertos-de-camara\/#primaryimage\",\"url\":\"https:\/\/www.aridane.org\/city\/wp-content\/uploads\/2023\/03\/conciertos_de_camara_1.jpg\",\"contentUrl\":\"https:\/\/www.aridane.org\/city\/wp-content\/uploads\/2023\/03\/conciertos_de_camara_1.jpg\",\"width\":1200,\"height\":675},{\"@type\":\"BreadcrumbList\",\"@id\":\"https:\/\/www.aridane.org\/city\/2023\/03\/27\/el-ayuntamiento-de-los-llanos-de-aridane-presenta-la-vi-edicion-del-ciclo-de-conciertos-de-camara\/#breadcrumb\",\"itemListElement\":[{\"@type\":\"ListItem\",\"position\":1,\"name\":\"Portada\",\"item\":\"https:\/\/www.aridane.org\/city\/\"},{\"@type\":\"ListItem\",\"position\":2,\"name\":\"El Ayuntamiento de Los Llanos de Aridane presenta la VI edici\u00f3n del Ciclo de Conciertos de C\u00e1mara\"}]},{\"@type\":\"WebSite\",\"@id\":\"https:\/\/www.aridane.org\/city\/#website\",\"url\":\"https:\/\/www.aridane.org\/city\/\",\"name\":\"Ayuntamiento de Los Llanos de Aridane\",\"description\":\"\",\"potentialAction\":[{\"@type\":\"SearchAction\",\"target\":{\"@type\":\"EntryPoint\",\"urlTemplate\":\"https:\/\/www.aridane.org\/city\/?s={search_term_string}\"},\"query-input\":\"required name=search_term_string\"}],\"inLanguage\":\"es\"},{\"@type\":\"Person\",\"@id\":\"https:\/\/www.aridane.org\/city\/#\/schema\/person\/7d352ec7f29881716f298394432e7209\",\"name\":\"Richard Diaz\",\"image\":{\"@type\":\"ImageObject\",\"inLanguage\":\"es\",\"@id\":\"https:\/\/www.aridane.org\/city\/#\/schema\/person\/image\/\",\"url\":\"https:\/\/secure.gravatar.com\/avatar\/bacd6aefc26a4a204943090a4c596cd10f0857081ef3cfd12084a70ecb3161d5?s=96&d=mm&r=g\",\"contentUrl\":\"https:\/\/secure.gravatar.com\/avatar\/bacd6aefc26a4a204943090a4c596cd10f0857081ef3cfd12084a70ecb3161d5?s=96&d=mm&r=g\",\"caption\":\"Richard Diaz\"},\"sameAs\":[\"https:\/\/www.aridane.org\/city\"],\"url\":\"https:\/\/www.aridane.org\/city\/author\/richard-diaz\/\"}]}<\/script>\n<!-- \/ Yoast SEO plugin. -->","yoast_head_json":{"title":"El Ayuntamiento de Los Llanos de Aridane presenta la VI edici\u00f3n del Ciclo de Conciertos de C\u00e1mara - Ayuntamiento de Los Llanos de Aridane","description":"El Ayuntamiento de Los Llanos de Aridane presenta el cartel y el programa de La Patrona 2021 con el lema \u201cRemedios, m\u00e1s que un nombre.\u201d","robots":{"index":"index","follow":"follow","max-snippet":"max-snippet:-1","max-image-preview":"max-image-preview:large","max-video-preview":"max-video-preview:-1"},"canonical":"https:\/\/www.aridane.org\/city\/2023\/03\/27\/el-ayuntamiento-de-los-llanos-de-aridane-presenta-la-vi-edicion-del-ciclo-de-conciertos-de-camara\/","og_locale":"es_ES","og_type":"article","og_title":"El Ayuntamiento de Los Llanos de Aridane presenta la VI edici\u00f3n del Ciclo de Conciertos de C\u00e1mara - Ayuntamiento de Los Llanos de Aridane","og_description":"El Ayuntamiento de Los Llanos de Aridane presenta el cartel y el programa de La Patrona 2021 con el lema \u201cRemedios, m\u00e1s que un nombre.\u201d","og_url":"https:\/\/www.aridane.org\/city\/2023\/03\/27\/el-ayuntamiento-de-los-llanos-de-aridane-presenta-la-vi-edicion-del-ciclo-de-conciertos-de-camara\/","og_site_name":"Ayuntamiento de Los Llanos de Aridane","article_published_time":"2023-03-27T12:46:45+00:00","article_modified_time":"2023-07-26T07:30:02+00:00","og_image":[{"width":1200,"height":675,"url":"https:\/\/www.aridane.org\/city\/wp-content\/uploads\/2023\/03\/conciertos_de_camara_1.jpg","type":"image\/jpeg"}],"author":"Richard Diaz","twitter_card":"summary_large_image","twitter_misc":{"Escrito por":"Richard Diaz","Tiempo de lectura":"3 minutos"},"schema":{"@context":"https:\/\/schema.org","@graph":[{"@type":"WebPage","@id":"https:\/\/www.aridane.org\/city\/2023\/03\/27\/el-ayuntamiento-de-los-llanos-de-aridane-presenta-la-vi-edicion-del-ciclo-de-conciertos-de-camara\/","url":"https:\/\/www.aridane.org\/city\/2023\/03\/27\/el-ayuntamiento-de-los-llanos-de-aridane-presenta-la-vi-edicion-del-ciclo-de-conciertos-de-camara\/","name":"El Ayuntamiento de Los Llanos de Aridane presenta la VI edici\u00f3n del Ciclo de Conciertos de C\u00e1mara - Ayuntamiento de Los Llanos de Aridane","isPartOf":{"@id":"https:\/\/www.aridane.org\/city\/#website"},"primaryImageOfPage":{"@id":"https:\/\/www.aridane.org\/city\/2023\/03\/27\/el-ayuntamiento-de-los-llanos-de-aridane-presenta-la-vi-edicion-del-ciclo-de-conciertos-de-camara\/#primaryimage"},"image":{"@id":"https:\/\/www.aridane.org\/city\/2023\/03\/27\/el-ayuntamiento-de-los-llanos-de-aridane-presenta-la-vi-edicion-del-ciclo-de-conciertos-de-camara\/#primaryimage"},"thumbnailUrl":"https:\/\/www.aridane.org\/city\/wp-content\/uploads\/2023\/03\/conciertos_de_camara_1.jpg","datePublished":"2023-03-27T12:46:45+00:00","dateModified":"2023-07-26T07:30:02+00:00","author":{"@id":"https:\/\/www.aridane.org\/city\/#\/schema\/person\/7d352ec7f29881716f298394432e7209"},"description":"El Ayuntamiento de Los Llanos de Aridane presenta el cartel y el programa de La Patrona 2021 con el lema \u201cRemedios, m\u00e1s que un nombre.\u201d","breadcrumb":{"@id":"https:\/\/www.aridane.org\/city\/2023\/03\/27\/el-ayuntamiento-de-los-llanos-de-aridane-presenta-la-vi-edicion-del-ciclo-de-conciertos-de-camara\/#breadcrumb"},"inLanguage":"es","potentialAction":[{"@type":"ReadAction","target":["https:\/\/www.aridane.org\/city\/2023\/03\/27\/el-ayuntamiento-de-los-llanos-de-aridane-presenta-la-vi-edicion-del-ciclo-de-conciertos-de-camara\/"]}]},{"@type":"ImageObject","inLanguage":"es","@id":"https:\/\/www.aridane.org\/city\/2023\/03\/27\/el-ayuntamiento-de-los-llanos-de-aridane-presenta-la-vi-edicion-del-ciclo-de-conciertos-de-camara\/#primaryimage","url":"https:\/\/www.aridane.org\/city\/wp-content\/uploads\/2023\/03\/conciertos_de_camara_1.jpg","contentUrl":"https:\/\/www.aridane.org\/city\/wp-content\/uploads\/2023\/03\/conciertos_de_camara_1.jpg","width":1200,"height":675},{"@type":"BreadcrumbList","@id":"https:\/\/www.aridane.org\/city\/2023\/03\/27\/el-ayuntamiento-de-los-llanos-de-aridane-presenta-la-vi-edicion-del-ciclo-de-conciertos-de-camara\/#breadcrumb","itemListElement":[{"@type":"ListItem","position":1,"name":"Portada","item":"https:\/\/www.aridane.org\/city\/"},{"@type":"ListItem","position":2,"name":"El Ayuntamiento de Los Llanos de Aridane presenta la VI edici\u00f3n del Ciclo de Conciertos de C\u00e1mara"}]},{"@type":"WebSite","@id":"https:\/\/www.aridane.org\/city\/#website","url":"https:\/\/www.aridane.org\/city\/","name":"Ayuntamiento de Los Llanos de Aridane","description":"","potentialAction":[{"@type":"SearchAction","target":{"@type":"EntryPoint","urlTemplate":"https:\/\/www.aridane.org\/city\/?s={search_term_string}"},"query-input":"required name=search_term_string"}],"inLanguage":"es"},{"@type":"Person","@id":"https:\/\/www.aridane.org\/city\/#\/schema\/person\/7d352ec7f29881716f298394432e7209","name":"Richard Diaz","image":{"@type":"ImageObject","inLanguage":"es","@id":"https:\/\/www.aridane.org\/city\/#\/schema\/person\/image\/","url":"https:\/\/secure.gravatar.com\/avatar\/bacd6aefc26a4a204943090a4c596cd10f0857081ef3cfd12084a70ecb3161d5?s=96&d=mm&r=g","contentUrl":"https:\/\/secure.gravatar.com\/avatar\/bacd6aefc26a4a204943090a4c596cd10f0857081ef3cfd12084a70ecb3161d5?s=96&d=mm&r=g","caption":"Richard Diaz"},"sameAs":["https:\/\/www.aridane.org\/city"],"url":"https:\/\/www.aridane.org\/city\/author\/richard-diaz\/"}]}},"_links":{"self":[{"href":"https:\/\/www.aridane.org\/city\/wp-json\/wp\/v2\/posts\/1525","targetHints":{"allow":["GET"]}}],"collection":[{"href":"https:\/\/www.aridane.org\/city\/wp-json\/wp\/v2\/posts"}],"about":[{"href":"https:\/\/www.aridane.org\/city\/wp-json\/wp\/v2\/types\/post"}],"author":[{"embeddable":true,"href":"https:\/\/www.aridane.org\/city\/wp-json\/wp\/v2\/users\/1"}],"replies":[{"embeddable":true,"href":"https:\/\/www.aridane.org\/city\/wp-json\/wp\/v2\/comments?post=1525"}],"version-history":[{"count":3,"href":"https:\/\/www.aridane.org\/city\/wp-json\/wp\/v2\/posts\/1525\/revisions"}],"predecessor-version":[{"id":2530,"href":"https:\/\/www.aridane.org\/city\/wp-json\/wp\/v2\/posts\/1525\/revisions\/2530"}],"wp:featuredmedia":[{"embeddable":true,"href":"https:\/\/www.aridane.org\/city\/wp-json\/wp\/v2\/media\/2527"}],"wp:attachment":[{"href":"https:\/\/www.aridane.org\/city\/wp-json\/wp\/v2\/media?parent=1525"}],"wp:term":[{"taxonomy":"category","embeddable":true,"href":"https:\/\/www.aridane.org\/city\/wp-json\/wp\/v2\/categories?post=1525"},{"taxonomy":"post_tag","embeddable":true,"href":"https:\/\/www.aridane.org\/city\/wp-json\/wp\/v2\/tags?post=1525"}],"curies":[{"name":"wp","href":"https:\/\/api.w.org\/{rel}","templated":true}]}}