{"id":1528,"date":"2023-03-28T13:12:15","date_gmt":"2023-03-28T12:12:15","guid":{"rendered":"https:\/\/aridane.org\/ciudad\/?p=1528"},"modified":"2023-07-25T12:54:55","modified_gmt":"2023-07-25T12:54:55","slug":"el-ayuntamiento-de-los-llanos-de-aridane-promueve-cursos-formativos-para-las-pymes-del-municipio-centrados-en-la-comunicacion-persuasiva-como-clave-del-exito-y-desarrollo","status":"publish","type":"post","link":"https:\/\/www.aridane.org\/city\/2023\/03\/28\/el-ayuntamiento-de-los-llanos-de-aridane-promueve-cursos-formativos-para-las-pymes-del-municipio-centrados-en-la-comunicacion-persuasiva-como-clave-del-exito-y-desarrollo\/","title":{"rendered":"El Ayuntamiento de Los Llanos de Aridane promueve cursos formativos para las pymes del municipio centrados en la comunicaci\u00f3n persuasiva como clave del \u00e9xito y desarrollo"},"content":{"rendered":"<section class=\"wpb-content-wrapper\"><p>[vc_row css_animation=\u00bb\u00bb row_type=\u00bbrow\u00bb use_row_as_full_screen_section=\u00bbno\u00bb type=\u00bbfull_width\u00bb angled_section=\u00bbno\u00bb text_align=\u00bbleft\u00bb background_image_as_pattern=\u00bbwithout_pattern\u00bb][vc_column][vc_row_inner row_type=\u00bbrow\u00bb type=\u00bbgrid\u00bb text_align=\u00bbleft\u00bb css_animation=\u00bb\u00bb][vc_column_inner][vc_empty_space height=\u00bb20px\u00bb][vc_empty_space height=\u00bb20px\u00bb][\/vc_column_inner][\/vc_row_inner][vc_column_text]<\/p>\n<ul>\n<li style=\"text-align: justify;\"><em>La concejal de Promoci\u00f3<\/em><em>n Econ<\/em><em>\u00f3<\/em><em>mica, Inmaculada Fern<\/em><em>\u00e1<\/em><em>ndez, explica que las plazas son limitadas y que los interesados pueden inscribirse en el siguiente enlace <\/em><a href=\"https:\/\/www.grupoborealis.net\/conecta2\"><em>https:\/\/www.grupoborealis.net\/conecta2<\/em><\/a><\/li>\n<\/ul>\n<p>&nbsp;<\/p>\n<p style=\"text-align: justify;\"><strong>Los Llanos de Aridane, 28 de marzo de 2023.- <\/strong>El Ayuntamiento de Los Llanos de Aridane a trav\u00e9s de la concejal de Promoci\u00f3n Econ\u00f3mica, Inmaculada Fern\u00e1ndez, ha confirmado \u201cla puesta en marcha, para pymes del municipio, de un curso formativos centrado en la comunicaci\u00f3n persuasiva como clave del \u00e9xito y su desarrollo\u201d.<\/p>\n<p style=\"text-align: justify;\">Fern\u00e1ndez explica que este curso ser\u00e1 impartido a trav\u00e9s de un campus online, \u201cy cuenta con \u00a0plazas limitadas\u00bb. Adem\u00e1s, confirma que se desarrollar\u00e1 durante todo el mes de abril, \u00aby durante este tiempo los interesados se \u00a0podr\u00e1n formar en el desarrollo de \u00a0habilidades que les permitir\u00e1n \u00a0mejorar su comunicaci\u00f3n persuasiva, mostrar sus producto y\/o servicio de forma adecuada, y conectar con un mayor n\u00famero de clientes\u201d, se\u00f1ala.<\/p>\n<p style=\"text-align: justify;\">Adem\u00e1s, la concejal defiende que este curso responde al compromiso que tienen desde el Consistorio de seguir ayudando y apoyando a las pymes del municipio en su formaci\u00f3n, \u201cporque no podemos olvidarnos que los empresarios son los verdaderos creadores de empleo en el municipio, y una pieza clave de la recuperaci\u00f3n de Los Llanos de Aridane\u201d.<\/p>\n<p style=\"text-align: justify;\">Por \u00faltimo, desde el Ayuntamiento aridanense se recuerda que para inscribirse debe hacerse a trav\u00e9s de la siguiente p\u00e1gina web: <a href=\"https:\/\/www.grupoborealis.net\/conecta2\">https:\/\/www.grupoborealis.net\/conecta2<\/a><\/p>\n<p>[\/vc_column_text][\/vc_column][\/vc_row]<\/p>\n<\/section>","protected":false},"excerpt":{"rendered":"<p>[vc_row css_animation=\u00bb\u00bb row_type=\u00bbrow\u00bb use_row_as_full_screen_section=\u00bbno\u00bb type=\u00bbfull_width\u00bb angled_section=\u00bbno\u00bb text_align=\u00bbleft\u00bb background_image_as_pattern=\u00bbwithout_pattern\u00bb][vc_column][vc_row_inner row_type=\u00bbrow\u00bb type=\u00bbgrid\u00bb text_align=\u00bbleft\u00bb css_animation=\u00bb\u00bb][vc_column_inner][vc_empty_space height=\u00bb20px\u00bb][vc_empty_space height=\u00bb20px\u00bb][\/vc_column_inner][\/vc_row_inner][vc_column_text] La concejal de Promoci\u00f3n Econ\u00f3mica, Inmaculada Fern\u00e1ndez, explica que las plazas son limitadas y que los interesados pueden inscribirse en el siguiente enlace https:\/\/www.grupoborealis.net\/conecta2 &nbsp; Los Llanos de Aridane, 28 de&#8230;<\/p>\n","protected":false},"author":1,"featured_media":2525,"comment_status":"closed","ping_status":"open","sticky":false,"template":"","format":"standard","meta":{"footnotes":""},"categories":[6],"tags":[],"class_list":["post-1528","post","type-post","status-publish","format-standard","has-post-thumbnail","hentry","category-prensa"],"yoast_head":"<!-- This site is optimized with the Yoast SEO plugin v22.7 - https:\/\/yoast.com\/wordpress\/plugins\/seo\/ -->\n<title>El Ayuntamiento de Los Llanos de Aridane promueve cursos formativos para las pymes del municipio centrados en la comunicaci\u00f3n persuasiva como clave del \u00e9xito y desarrollo - Ayuntamiento de Los Llanos de Aridane<\/title>\n<meta name=\"description\" content=\"El Ayuntamiento de Los Llanos de Aridane presenta el cartel y el programa de La Patrona 2021 con el lema \u201cRemedios, m\u00e1s que un nombre.\u201d\" \/>\n<meta name=\"robots\" content=\"index, follow, max-snippet:-1, max-image-preview:large, max-video-preview:-1\" \/>\n<link rel=\"canonical\" href=\"https:\/\/www.aridane.org\/city\/2023\/03\/28\/el-ayuntamiento-de-los-llanos-de-aridane-promueve-cursos-formativos-para-las-pymes-del-municipio-centrados-en-la-comunicacion-persuasiva-como-clave-del-exito-y-desarrollo\/\" \/>\n<meta property=\"og:locale\" content=\"es_ES\" \/>\n<meta property=\"og:type\" content=\"article\" \/>\n<meta property=\"og:title\" content=\"El Ayuntamiento de Los Llanos de Aridane promueve cursos formativos para las pymes del municipio centrados en la comunicaci\u00f3n persuasiva como clave del \u00e9xito y desarrollo - Ayuntamiento de Los Llanos de Aridane\" \/>\n<meta property=\"og:description\" content=\"El Ayuntamiento de Los Llanos de Aridane presenta el cartel y el programa de La Patrona 2021 con el lema \u201cRemedios, m\u00e1s que un nombre.\u201d\" \/>\n<meta property=\"og:url\" content=\"https:\/\/www.aridane.org\/city\/2023\/03\/28\/el-ayuntamiento-de-los-llanos-de-aridane-promueve-cursos-formativos-para-las-pymes-del-municipio-centrados-en-la-comunicacion-persuasiva-como-clave-del-exito-y-desarrollo\/\" \/>\n<meta property=\"og:site_name\" content=\"Ayuntamiento de Los Llanos de Aridane\" \/>\n<meta property=\"article:published_time\" content=\"2023-03-28T12:12:15+00:00\" \/>\n<meta property=\"article:modified_time\" content=\"2023-07-25T12:54:55+00:00\" \/>\n<meta property=\"og:image\" content=\"https:\/\/www.aridane.org\/city\/wp-content\/uploads\/2023\/03\/cursos_formativos.jpg\" \/>\n\t<meta property=\"og:image:width\" content=\"1200\" \/>\n\t<meta property=\"og:image:height\" content=\"675\" \/>\n\t<meta property=\"og:image:type\" content=\"image\/jpeg\" \/>\n<meta name=\"author\" content=\"Richard Diaz\" \/>\n<meta name=\"twitter:card\" content=\"summary_large_image\" \/>\n<meta name=\"twitter:label1\" content=\"Escrito por\" \/>\n\t<meta name=\"twitter:data1\" content=\"Richard Diaz\" \/>\n\t<meta name=\"twitter:label2\" content=\"Tiempo de lectura\" \/>\n\t<meta name=\"twitter:data2\" content=\"2 minutos\" \/>\n<script type=\"application\/ld+json\" class=\"yoast-schema-graph\">{\"@context\":\"https:\/\/schema.org\",\"@graph\":[{\"@type\":\"WebPage\",\"@id\":\"https:\/\/www.aridane.org\/city\/2023\/03\/28\/el-ayuntamiento-de-los-llanos-de-aridane-promueve-cursos-formativos-para-las-pymes-del-municipio-centrados-en-la-comunicacion-persuasiva-como-clave-del-exito-y-desarrollo\/\",\"url\":\"https:\/\/www.aridane.org\/city\/2023\/03\/28\/el-ayuntamiento-de-los-llanos-de-aridane-promueve-cursos-formativos-para-las-pymes-del-municipio-centrados-en-la-comunicacion-persuasiva-como-clave-del-exito-y-desarrollo\/\",\"name\":\"El Ayuntamiento de Los Llanos de Aridane promueve cursos formativos para las pymes del municipio centrados en la comunicaci\u00f3n persuasiva como clave del \u00e9xito y desarrollo - Ayuntamiento de Los Llanos de Aridane\",\"isPartOf\":{\"@id\":\"https:\/\/www.aridane.org\/city\/#website\"},\"primaryImageOfPage\":{\"@id\":\"https:\/\/www.aridane.org\/city\/2023\/03\/28\/el-ayuntamiento-de-los-llanos-de-aridane-promueve-cursos-formativos-para-las-pymes-del-municipio-centrados-en-la-comunicacion-persuasiva-como-clave-del-exito-y-desarrollo\/#primaryimage\"},\"image\":{\"@id\":\"https:\/\/www.aridane.org\/city\/2023\/03\/28\/el-ayuntamiento-de-los-llanos-de-aridane-promueve-cursos-formativos-para-las-pymes-del-municipio-centrados-en-la-comunicacion-persuasiva-como-clave-del-exito-y-desarrollo\/#primaryimage\"},\"thumbnailUrl\":\"https:\/\/www.aridane.org\/city\/wp-content\/uploads\/2023\/03\/cursos_formativos.jpg\",\"datePublished\":\"2023-03-28T12:12:15+00:00\",\"dateModified\":\"2023-07-25T12:54:55+00:00\",\"author\":{\"@id\":\"https:\/\/www.aridane.org\/city\/#\/schema\/person\/7d352ec7f29881716f298394432e7209\"},\"description\":\"El Ayuntamiento de Los Llanos de Aridane presenta el cartel y el programa de La Patrona 2021 con el lema \u201cRemedios, m\u00e1s que un nombre.\u201d\",\"breadcrumb\":{\"@id\":\"https:\/\/www.aridane.org\/city\/2023\/03\/28\/el-ayuntamiento-de-los-llanos-de-aridane-promueve-cursos-formativos-para-las-pymes-del-municipio-centrados-en-la-comunicacion-persuasiva-como-clave-del-exito-y-desarrollo\/#breadcrumb\"},\"inLanguage\":\"es\",\"potentialAction\":[{\"@type\":\"ReadAction\",\"target\":[\"https:\/\/www.aridane.org\/city\/2023\/03\/28\/el-ayuntamiento-de-los-llanos-de-aridane-promueve-cursos-formativos-para-las-pymes-del-municipio-centrados-en-la-comunicacion-persuasiva-como-clave-del-exito-y-desarrollo\/\"]}]},{\"@type\":\"ImageObject\",\"inLanguage\":\"es\",\"@id\":\"https:\/\/www.aridane.org\/city\/2023\/03\/28\/el-ayuntamiento-de-los-llanos-de-aridane-promueve-cursos-formativos-para-las-pymes-del-municipio-centrados-en-la-comunicacion-persuasiva-como-clave-del-exito-y-desarrollo\/#primaryimage\",\"url\":\"https:\/\/www.aridane.org\/city\/wp-content\/uploads\/2023\/03\/cursos_formativos.jpg\",\"contentUrl\":\"https:\/\/www.aridane.org\/city\/wp-content\/uploads\/2023\/03\/cursos_formativos.jpg\",\"width\":1200,\"height\":675},{\"@type\":\"BreadcrumbList\",\"@id\":\"https:\/\/www.aridane.org\/city\/2023\/03\/28\/el-ayuntamiento-de-los-llanos-de-aridane-promueve-cursos-formativos-para-las-pymes-del-municipio-centrados-en-la-comunicacion-persuasiva-como-clave-del-exito-y-desarrollo\/#breadcrumb\",\"itemListElement\":[{\"@type\":\"ListItem\",\"position\":1,\"name\":\"Portada\",\"item\":\"https:\/\/www.aridane.org\/city\/\"},{\"@type\":\"ListItem\",\"position\":2,\"name\":\"El Ayuntamiento de Los Llanos de Aridane promueve cursos formativos para las pymes del municipio centrados en la comunicaci\u00f3n persuasiva como clave del \u00e9xito y desarrollo\"}]},{\"@type\":\"WebSite\",\"@id\":\"https:\/\/www.aridane.org\/city\/#website\",\"url\":\"https:\/\/www.aridane.org\/city\/\",\"name\":\"Ayuntamiento de Los Llanos de Aridane\",\"description\":\"\",\"potentialAction\":[{\"@type\":\"SearchAction\",\"target\":{\"@type\":\"EntryPoint\",\"urlTemplate\":\"https:\/\/www.aridane.org\/city\/?s={search_term_string}\"},\"query-input\":\"required name=search_term_string\"}],\"inLanguage\":\"es\"},{\"@type\":\"Person\",\"@id\":\"https:\/\/www.aridane.org\/city\/#\/schema\/person\/7d352ec7f29881716f298394432e7209\",\"name\":\"Richard Diaz\",\"image\":{\"@type\":\"ImageObject\",\"inLanguage\":\"es\",\"@id\":\"https:\/\/www.aridane.org\/city\/#\/schema\/person\/image\/\",\"url\":\"https:\/\/secure.gravatar.com\/avatar\/bacd6aefc26a4a204943090a4c596cd10f0857081ef3cfd12084a70ecb3161d5?s=96&d=mm&r=g\",\"contentUrl\":\"https:\/\/secure.gravatar.com\/avatar\/bacd6aefc26a4a204943090a4c596cd10f0857081ef3cfd12084a70ecb3161d5?s=96&d=mm&r=g\",\"caption\":\"Richard Diaz\"},\"sameAs\":[\"https:\/\/www.aridane.org\/city\"],\"url\":\"https:\/\/www.aridane.org\/city\/author\/richard-diaz\/\"}]}<\/script>\n<!-- \/ Yoast SEO plugin. -->","yoast_head_json":{"title":"El Ayuntamiento de Los Llanos de Aridane promueve cursos formativos para las pymes del municipio centrados en la comunicaci\u00f3n persuasiva como clave del \u00e9xito y desarrollo - Ayuntamiento de Los Llanos de Aridane","description":"El Ayuntamiento de Los Llanos de Aridane presenta el cartel y el programa de La Patrona 2021 con el lema \u201cRemedios, m\u00e1s que un nombre.\u201d","robots":{"index":"index","follow":"follow","max-snippet":"max-snippet:-1","max-image-preview":"max-image-preview:large","max-video-preview":"max-video-preview:-1"},"canonical":"https:\/\/www.aridane.org\/city\/2023\/03\/28\/el-ayuntamiento-de-los-llanos-de-aridane-promueve-cursos-formativos-para-las-pymes-del-municipio-centrados-en-la-comunicacion-persuasiva-como-clave-del-exito-y-desarrollo\/","og_locale":"es_ES","og_type":"article","og_title":"El Ayuntamiento de Los Llanos de Aridane promueve cursos formativos para las pymes del municipio centrados en la comunicaci\u00f3n persuasiva como clave del \u00e9xito y desarrollo - Ayuntamiento de Los Llanos de Aridane","og_description":"El Ayuntamiento de Los Llanos de Aridane presenta el cartel y el programa de La Patrona 2021 con el lema \u201cRemedios, m\u00e1s que un nombre.\u201d","og_url":"https:\/\/www.aridane.org\/city\/2023\/03\/28\/el-ayuntamiento-de-los-llanos-de-aridane-promueve-cursos-formativos-para-las-pymes-del-municipio-centrados-en-la-comunicacion-persuasiva-como-clave-del-exito-y-desarrollo\/","og_site_name":"Ayuntamiento de Los Llanos de Aridane","article_published_time":"2023-03-28T12:12:15+00:00","article_modified_time":"2023-07-25T12:54:55+00:00","og_image":[{"width":1200,"height":675,"url":"https:\/\/www.aridane.org\/city\/wp-content\/uploads\/2023\/03\/cursos_formativos.jpg","type":"image\/jpeg"}],"author":"Richard Diaz","twitter_card":"summary_large_image","twitter_misc":{"Escrito por":"Richard Diaz","Tiempo de lectura":"2 minutos"},"schema":{"@context":"https:\/\/schema.org","@graph":[{"@type":"WebPage","@id":"https:\/\/www.aridane.org\/city\/2023\/03\/28\/el-ayuntamiento-de-los-llanos-de-aridane-promueve-cursos-formativos-para-las-pymes-del-municipio-centrados-en-la-comunicacion-persuasiva-como-clave-del-exito-y-desarrollo\/","url":"https:\/\/www.aridane.org\/city\/2023\/03\/28\/el-ayuntamiento-de-los-llanos-de-aridane-promueve-cursos-formativos-para-las-pymes-del-municipio-centrados-en-la-comunicacion-persuasiva-como-clave-del-exito-y-desarrollo\/","name":"El Ayuntamiento de Los Llanos de Aridane promueve cursos formativos para las pymes del municipio centrados en la comunicaci\u00f3n persuasiva como clave del \u00e9xito y desarrollo - Ayuntamiento de Los Llanos de Aridane","isPartOf":{"@id":"https:\/\/www.aridane.org\/city\/#website"},"primaryImageOfPage":{"@id":"https:\/\/www.aridane.org\/city\/2023\/03\/28\/el-ayuntamiento-de-los-llanos-de-aridane-promueve-cursos-formativos-para-las-pymes-del-municipio-centrados-en-la-comunicacion-persuasiva-como-clave-del-exito-y-desarrollo\/#primaryimage"},"image":{"@id":"https:\/\/www.aridane.org\/city\/2023\/03\/28\/el-ayuntamiento-de-los-llanos-de-aridane-promueve-cursos-formativos-para-las-pymes-del-municipio-centrados-en-la-comunicacion-persuasiva-como-clave-del-exito-y-desarrollo\/#primaryimage"},"thumbnailUrl":"https:\/\/www.aridane.org\/city\/wp-content\/uploads\/2023\/03\/cursos_formativos.jpg","datePublished":"2023-03-28T12:12:15+00:00","dateModified":"2023-07-25T12:54:55+00:00","author":{"@id":"https:\/\/www.aridane.org\/city\/#\/schema\/person\/7d352ec7f29881716f298394432e7209"},"description":"El Ayuntamiento de Los Llanos de Aridane presenta el cartel y el programa de La Patrona 2021 con el lema \u201cRemedios, m\u00e1s que un nombre.\u201d","breadcrumb":{"@id":"https:\/\/www.aridane.org\/city\/2023\/03\/28\/el-ayuntamiento-de-los-llanos-de-aridane-promueve-cursos-formativos-para-las-pymes-del-municipio-centrados-en-la-comunicacion-persuasiva-como-clave-del-exito-y-desarrollo\/#breadcrumb"},"inLanguage":"es","potentialAction":[{"@type":"ReadAction","target":["https:\/\/www.aridane.org\/city\/2023\/03\/28\/el-ayuntamiento-de-los-llanos-de-aridane-promueve-cursos-formativos-para-las-pymes-del-municipio-centrados-en-la-comunicacion-persuasiva-como-clave-del-exito-y-desarrollo\/"]}]},{"@type":"ImageObject","inLanguage":"es","@id":"https:\/\/www.aridane.org\/city\/2023\/03\/28\/el-ayuntamiento-de-los-llanos-de-aridane-promueve-cursos-formativos-para-las-pymes-del-municipio-centrados-en-la-comunicacion-persuasiva-como-clave-del-exito-y-desarrollo\/#primaryimage","url":"https:\/\/www.aridane.org\/city\/wp-content\/uploads\/2023\/03\/cursos_formativos.jpg","contentUrl":"https:\/\/www.aridane.org\/city\/wp-content\/uploads\/2023\/03\/cursos_formativos.jpg","width":1200,"height":675},{"@type":"BreadcrumbList","@id":"https:\/\/www.aridane.org\/city\/2023\/03\/28\/el-ayuntamiento-de-los-llanos-de-aridane-promueve-cursos-formativos-para-las-pymes-del-municipio-centrados-en-la-comunicacion-persuasiva-como-clave-del-exito-y-desarrollo\/#breadcrumb","itemListElement":[{"@type":"ListItem","position":1,"name":"Portada","item":"https:\/\/www.aridane.org\/city\/"},{"@type":"ListItem","position":2,"name":"El Ayuntamiento de Los Llanos de Aridane promueve cursos formativos para las pymes del municipio centrados en la comunicaci\u00f3n persuasiva como clave del \u00e9xito y desarrollo"}]},{"@type":"WebSite","@id":"https:\/\/www.aridane.org\/city\/#website","url":"https:\/\/www.aridane.org\/city\/","name":"Ayuntamiento de Los Llanos de Aridane","description":"","potentialAction":[{"@type":"SearchAction","target":{"@type":"EntryPoint","urlTemplate":"https:\/\/www.aridane.org\/city\/?s={search_term_string}"},"query-input":"required name=search_term_string"}],"inLanguage":"es"},{"@type":"Person","@id":"https:\/\/www.aridane.org\/city\/#\/schema\/person\/7d352ec7f29881716f298394432e7209","name":"Richard Diaz","image":{"@type":"ImageObject","inLanguage":"es","@id":"https:\/\/www.aridane.org\/city\/#\/schema\/person\/image\/","url":"https:\/\/secure.gravatar.com\/avatar\/bacd6aefc26a4a204943090a4c596cd10f0857081ef3cfd12084a70ecb3161d5?s=96&d=mm&r=g","contentUrl":"https:\/\/secure.gravatar.com\/avatar\/bacd6aefc26a4a204943090a4c596cd10f0857081ef3cfd12084a70ecb3161d5?s=96&d=mm&r=g","caption":"Richard Diaz"},"sameAs":["https:\/\/www.aridane.org\/city"],"url":"https:\/\/www.aridane.org\/city\/author\/richard-diaz\/"}]}},"_links":{"self":[{"href":"https:\/\/www.aridane.org\/city\/wp-json\/wp\/v2\/posts\/1528","targetHints":{"allow":["GET"]}}],"collection":[{"href":"https:\/\/www.aridane.org\/city\/wp-json\/wp\/v2\/posts"}],"about":[{"href":"https:\/\/www.aridane.org\/city\/wp-json\/wp\/v2\/types\/post"}],"author":[{"embeddable":true,"href":"https:\/\/www.aridane.org\/city\/wp-json\/wp\/v2\/users\/1"}],"replies":[{"embeddable":true,"href":"https:\/\/www.aridane.org\/city\/wp-json\/wp\/v2\/comments?post=1528"}],"version-history":[{"count":1,"href":"https:\/\/www.aridane.org\/city\/wp-json\/wp\/v2\/posts\/1528\/revisions"}],"predecessor-version":[{"id":2526,"href":"https:\/\/www.aridane.org\/city\/wp-json\/wp\/v2\/posts\/1528\/revisions\/2526"}],"wp:featuredmedia":[{"embeddable":true,"href":"https:\/\/www.aridane.org\/city\/wp-json\/wp\/v2\/media\/2525"}],"wp:attachment":[{"href":"https:\/\/www.aridane.org\/city\/wp-json\/wp\/v2\/media?parent=1528"}],"wp:term":[{"taxonomy":"category","embeddable":true,"href":"https:\/\/www.aridane.org\/city\/wp-json\/wp\/v2\/categories?post=1528"},{"taxonomy":"post_tag","embeddable":true,"href":"https:\/\/www.aridane.org\/city\/wp-json\/wp\/v2\/tags?post=1528"}],"curies":[{"name":"wp","href":"https:\/\/api.w.org\/{rel}","templated":true}]}}