{"id":1535,"date":"2023-03-30T09:14:10","date_gmt":"2023-03-30T08:14:10","guid":{"rendered":"https:\/\/aridane.org\/ciudad\/?p=1535"},"modified":"2023-07-25T12:48:52","modified_gmt":"2023-07-25T12:48:52","slug":"el-ayuntamiento-de-los-llanos-de-aridane-junto-a-karmala-cultura-ponen-en-marcha-la-iv-edicion-del-proyecto-de-fotografia-zoom-social","status":"publish","type":"post","link":"https:\/\/www.aridane.org\/city\/2023\/03\/30\/el-ayuntamiento-de-los-llanos-de-aridane-junto-a-karmala-cultura-ponen-en-marcha-la-iv-edicion-del-proyecto-de-fotografia-zoom-social\/","title":{"rendered":"El Ayuntamiento de Los Llanos de Aridane junto a Karmala Cultura ponen en marcha la IV edici\u00f3n del proyecto de fotograf\u00eda Zoom Social"},"content":{"rendered":"<section class=\"wpb-content-wrapper\"><p>[vc_row css_animation=\u00bb\u00bb row_type=\u00bbrow\u00bb use_row_as_full_screen_section=\u00bbno\u00bb type=\u00bbfull_width\u00bb angled_section=\u00bbno\u00bb text_align=\u00bbleft\u00bb background_image_as_pattern=\u00bbwithout_pattern\u00bb][vc_column][vc_row_inner row_type=\u00bbrow\u00bb type=\u00bbgrid\u00bb text_align=\u00bbleft\u00bb css_animation=\u00bb\u00bb][vc_column_inner][vc_empty_space height=\u00bb20px\u00bb][vc_empty_space height=\u00bb20px\u00bb][\/vc_column_inner][\/vc_row_inner][vc_column_text]<\/p>\n<ul>\n<li style=\"text-align: justify;\"><em>La concejal de Acci\u00f3n Social, Elena Concepci\u00f3n, pone en valor esta actividad que a\u00f1o tras a\u00f1o se sigue consolidando.<\/em><\/li>\n<\/ul>\n<p>&nbsp;<\/p>\n<p style=\"text-align: justify;\"><strong>Los Llanos de Aridane, 30 de marzo de 2023.- <\/strong>El Ayuntamiento de Los Llanos de Aridane a trav\u00e9s de la concejal de Acci\u00f3n Social, Elena Concepci\u00f3n, junto la representante de Karmala Cultura, Tamara Avidad; y la t\u00e9cnico de Karmala Social, Stefania Mucci, han confirmado que regresa el proyecto de fotograf\u00eda Zoom Social.<\/p>\n<p style=\"text-align: justify;\">Concepci\u00f3n explica que por cuarto a\u00f1o consecutivo el municipio acoge este laboratorio creativo y expresivo de fotograf\u00eda, \u201ccuyo protagonistas son los artistas de los centros Taburiente y Triana, y cuyo objetivo va mucho m\u00e1s all\u00e1 de la fotograf\u00eda, y se centra en c\u00f3mo ven las personas su realidad. Promoviendo aspectos tan vitales como la autonom\u00eda, el crecimiento personal, la creatividad, la plena participaci\u00f3n social, el reconocimiento, y por supuesto, el derecho al ocio y a la cultura de cualquier persona independientemente de sus circunstancias y del colectivo al que pertenezca\u201d, se\u00f1ala.<\/p>\n<p style=\"text-align: justify;\">Adem\u00e1s, la concejal explica que esta actividad que acaba de comenzar finalizar\u00e1 a finales de junio, \u201cy durante estos tres meses se llevar\u00e1 a cabo talleres fotogr\u00e1ficos, que incluyen salidas fotogr\u00e1ficas por las las calles del municipio en las que, una vez m\u00e1s, nuestras calles ser\u00e1n el escenario y nuestros vecinos los modelos. Tambi\u00e9n tendr\u00e1n encuentros en aula para la revisi\u00f3n de sus trabajos, sesiones con artistas invitados y para concluir se llevar\u00e1 a la presentaci\u00f3n oficial y exposici\u00f3n de la obra\u201d.<\/p>\n<p style=\"text-align: justify;\">Por su parte, la alcaldesa, Noelia Garc\u00eda Leal, defiende que \u201cesta actividad responde al compromiso que tenemos desde el Ayuntamiento con las personas y su bienestar. Por lo que siempre intentamos trabajar en favor de la inclusi\u00f3n de todas las personas, con el objetivo de seguir haciendo de Los Llanos de Aridane un lugar cada vez m\u00e1s accesible e igualitario en coordinaci\u00f3n con las distintas entidades que representan a los colectivos sociales\u201c.<\/p>\n<p style=\"text-align: justify;\">Mientras, desde Karmala destacan que \u201cdel proyecto la fotograf\u00eda no es tan importante como producto final, sino como proceso creativo. Por esto, se impulsa a \u00a0los y las participantes a expresar sus creatividades libremente sin miedo al juicio y al error\u201d.<\/p>\n<p>[\/vc_column_text][\/vc_column][\/vc_row]<\/p>\n<\/section>","protected":false},"excerpt":{"rendered":"<p>[vc_row css_animation=\u00bb\u00bb row_type=\u00bbrow\u00bb use_row_as_full_screen_section=\u00bbno\u00bb type=\u00bbfull_width\u00bb angled_section=\u00bbno\u00bb text_align=\u00bbleft\u00bb background_image_as_pattern=\u00bbwithout_pattern\u00bb][vc_column][vc_row_inner row_type=\u00bbrow\u00bb type=\u00bbgrid\u00bb text_align=\u00bbleft\u00bb css_animation=\u00bb\u00bb][vc_column_inner][vc_empty_space height=\u00bb20px\u00bb][vc_empty_space height=\u00bb20px\u00bb][\/vc_column_inner][\/vc_row_inner][vc_column_text] La concejal de Acci\u00f3n Social, Elena Concepci\u00f3n, pone en valor esta actividad que a\u00f1o tras a\u00f1o se sigue consolidando. &nbsp; Los Llanos de Aridane, 30 de marzo de 2023.- El Ayuntamiento&#8230;<\/p>\n","protected":false},"author":1,"featured_media":2523,"comment_status":"closed","ping_status":"open","sticky":false,"template":"","format":"standard","meta":{"footnotes":""},"categories":[6],"tags":[],"class_list":["post-1535","post","type-post","status-publish","format-standard","has-post-thumbnail","hentry","category-prensa"],"yoast_head":"<!-- This site is optimized with the Yoast SEO plugin v22.7 - https:\/\/yoast.com\/wordpress\/plugins\/seo\/ -->\n<title>El Ayuntamiento de Los Llanos de Aridane junto a Karmala Cultura ponen en marcha la IV edici\u00f3n del proyecto de fotograf\u00eda Zoom Social - Ayuntamiento de Los Llanos de Aridane<\/title>\n<meta name=\"description\" content=\"El Ayuntamiento de Los Llanos de Aridane presenta el cartel y el programa de La Patrona 2021 con el lema \u201cRemedios, m\u00e1s que un nombre.\u201d\" \/>\n<meta name=\"robots\" content=\"index, follow, max-snippet:-1, max-image-preview:large, max-video-preview:-1\" \/>\n<link rel=\"canonical\" href=\"https:\/\/www.aridane.org\/city\/2023\/03\/30\/el-ayuntamiento-de-los-llanos-de-aridane-junto-a-karmala-cultura-ponen-en-marcha-la-iv-edicion-del-proyecto-de-fotografia-zoom-social\/\" \/>\n<meta property=\"og:locale\" content=\"es_ES\" \/>\n<meta property=\"og:type\" content=\"article\" \/>\n<meta property=\"og:title\" content=\"El Ayuntamiento de Los Llanos de Aridane junto a Karmala Cultura ponen en marcha la IV edici\u00f3n del proyecto de fotograf\u00eda Zoom Social - Ayuntamiento de Los Llanos de Aridane\" \/>\n<meta property=\"og:description\" content=\"El Ayuntamiento de Los Llanos de Aridane presenta el cartel y el programa de La Patrona 2021 con el lema \u201cRemedios, m\u00e1s que un nombre.\u201d\" \/>\n<meta property=\"og:url\" content=\"https:\/\/www.aridane.org\/city\/2023\/03\/30\/el-ayuntamiento-de-los-llanos-de-aridane-junto-a-karmala-cultura-ponen-en-marcha-la-iv-edicion-del-proyecto-de-fotografia-zoom-social\/\" \/>\n<meta property=\"og:site_name\" content=\"Ayuntamiento de Los Llanos de Aridane\" \/>\n<meta property=\"article:published_time\" content=\"2023-03-30T08:14:10+00:00\" \/>\n<meta property=\"article:modified_time\" content=\"2023-07-25T12:48:52+00:00\" \/>\n<meta property=\"og:image\" content=\"https:\/\/www.aridane.org\/city\/wp-content\/uploads\/2023\/03\/Karmala_cultura.jpg\" \/>\n\t<meta property=\"og:image:width\" content=\"1200\" \/>\n\t<meta property=\"og:image:height\" content=\"675\" \/>\n\t<meta property=\"og:image:type\" content=\"image\/jpeg\" \/>\n<meta name=\"author\" content=\"Richard Diaz\" \/>\n<meta name=\"twitter:card\" content=\"summary_large_image\" \/>\n<meta name=\"twitter:label1\" content=\"Escrito por\" \/>\n\t<meta name=\"twitter:data1\" content=\"Richard Diaz\" \/>\n\t<meta name=\"twitter:label2\" content=\"Tiempo de lectura\" \/>\n\t<meta name=\"twitter:data2\" content=\"2 minutos\" \/>\n<script type=\"application\/ld+json\" class=\"yoast-schema-graph\">{\"@context\":\"https:\/\/schema.org\",\"@graph\":[{\"@type\":\"WebPage\",\"@id\":\"https:\/\/www.aridane.org\/city\/2023\/03\/30\/el-ayuntamiento-de-los-llanos-de-aridane-junto-a-karmala-cultura-ponen-en-marcha-la-iv-edicion-del-proyecto-de-fotografia-zoom-social\/\",\"url\":\"https:\/\/www.aridane.org\/city\/2023\/03\/30\/el-ayuntamiento-de-los-llanos-de-aridane-junto-a-karmala-cultura-ponen-en-marcha-la-iv-edicion-del-proyecto-de-fotografia-zoom-social\/\",\"name\":\"El Ayuntamiento de Los Llanos de Aridane junto a Karmala Cultura ponen en marcha la IV edici\u00f3n del proyecto de fotograf\u00eda Zoom Social - Ayuntamiento de Los Llanos de Aridane\",\"isPartOf\":{\"@id\":\"https:\/\/www.aridane.org\/city\/#website\"},\"primaryImageOfPage\":{\"@id\":\"https:\/\/www.aridane.org\/city\/2023\/03\/30\/el-ayuntamiento-de-los-llanos-de-aridane-junto-a-karmala-cultura-ponen-en-marcha-la-iv-edicion-del-proyecto-de-fotografia-zoom-social\/#primaryimage\"},\"image\":{\"@id\":\"https:\/\/www.aridane.org\/city\/2023\/03\/30\/el-ayuntamiento-de-los-llanos-de-aridane-junto-a-karmala-cultura-ponen-en-marcha-la-iv-edicion-del-proyecto-de-fotografia-zoom-social\/#primaryimage\"},\"thumbnailUrl\":\"https:\/\/www.aridane.org\/city\/wp-content\/uploads\/2023\/03\/Karmala_cultura.jpg\",\"datePublished\":\"2023-03-30T08:14:10+00:00\",\"dateModified\":\"2023-07-25T12:48:52+00:00\",\"author\":{\"@id\":\"https:\/\/www.aridane.org\/city\/#\/schema\/person\/7d352ec7f29881716f298394432e7209\"},\"description\":\"El Ayuntamiento de Los Llanos de Aridane presenta el cartel y el programa de La Patrona 2021 con el lema \u201cRemedios, m\u00e1s que un nombre.\u201d\",\"breadcrumb\":{\"@id\":\"https:\/\/www.aridane.org\/city\/2023\/03\/30\/el-ayuntamiento-de-los-llanos-de-aridane-junto-a-karmala-cultura-ponen-en-marcha-la-iv-edicion-del-proyecto-de-fotografia-zoom-social\/#breadcrumb\"},\"inLanguage\":\"es\",\"potentialAction\":[{\"@type\":\"ReadAction\",\"target\":[\"https:\/\/www.aridane.org\/city\/2023\/03\/30\/el-ayuntamiento-de-los-llanos-de-aridane-junto-a-karmala-cultura-ponen-en-marcha-la-iv-edicion-del-proyecto-de-fotografia-zoom-social\/\"]}]},{\"@type\":\"ImageObject\",\"inLanguage\":\"es\",\"@id\":\"https:\/\/www.aridane.org\/city\/2023\/03\/30\/el-ayuntamiento-de-los-llanos-de-aridane-junto-a-karmala-cultura-ponen-en-marcha-la-iv-edicion-del-proyecto-de-fotografia-zoom-social\/#primaryimage\",\"url\":\"https:\/\/www.aridane.org\/city\/wp-content\/uploads\/2023\/03\/Karmala_cultura.jpg\",\"contentUrl\":\"https:\/\/www.aridane.org\/city\/wp-content\/uploads\/2023\/03\/Karmala_cultura.jpg\",\"width\":1200,\"height\":675},{\"@type\":\"BreadcrumbList\",\"@id\":\"https:\/\/www.aridane.org\/city\/2023\/03\/30\/el-ayuntamiento-de-los-llanos-de-aridane-junto-a-karmala-cultura-ponen-en-marcha-la-iv-edicion-del-proyecto-de-fotografia-zoom-social\/#breadcrumb\",\"itemListElement\":[{\"@type\":\"ListItem\",\"position\":1,\"name\":\"Portada\",\"item\":\"https:\/\/www.aridane.org\/city\/\"},{\"@type\":\"ListItem\",\"position\":2,\"name\":\"El Ayuntamiento de Los Llanos de Aridane junto a Karmala Cultura ponen en marcha la IV edici\u00f3n del proyecto de fotograf\u00eda Zoom Social\"}]},{\"@type\":\"WebSite\",\"@id\":\"https:\/\/www.aridane.org\/city\/#website\",\"url\":\"https:\/\/www.aridane.org\/city\/\",\"name\":\"Ayuntamiento de Los Llanos de Aridane\",\"description\":\"\",\"potentialAction\":[{\"@type\":\"SearchAction\",\"target\":{\"@type\":\"EntryPoint\",\"urlTemplate\":\"https:\/\/www.aridane.org\/city\/?s={search_term_string}\"},\"query-input\":\"required name=search_term_string\"}],\"inLanguage\":\"es\"},{\"@type\":\"Person\",\"@id\":\"https:\/\/www.aridane.org\/city\/#\/schema\/person\/7d352ec7f29881716f298394432e7209\",\"name\":\"Richard Diaz\",\"image\":{\"@type\":\"ImageObject\",\"inLanguage\":\"es\",\"@id\":\"https:\/\/www.aridane.org\/city\/#\/schema\/person\/image\/\",\"url\":\"https:\/\/secure.gravatar.com\/avatar\/bacd6aefc26a4a204943090a4c596cd10f0857081ef3cfd12084a70ecb3161d5?s=96&d=mm&r=g\",\"contentUrl\":\"https:\/\/secure.gravatar.com\/avatar\/bacd6aefc26a4a204943090a4c596cd10f0857081ef3cfd12084a70ecb3161d5?s=96&d=mm&r=g\",\"caption\":\"Richard Diaz\"},\"sameAs\":[\"https:\/\/www.aridane.org\/city\"],\"url\":\"https:\/\/www.aridane.org\/city\/author\/richard-diaz\/\"}]}<\/script>\n<!-- \/ Yoast SEO plugin. -->","yoast_head_json":{"title":"El Ayuntamiento de Los Llanos de Aridane junto a Karmala Cultura ponen en marcha la IV edici\u00f3n del proyecto de fotograf\u00eda Zoom Social - Ayuntamiento de Los Llanos de Aridane","description":"El Ayuntamiento de Los Llanos de Aridane presenta el cartel y el programa de La Patrona 2021 con el lema \u201cRemedios, m\u00e1s que un nombre.\u201d","robots":{"index":"index","follow":"follow","max-snippet":"max-snippet:-1","max-image-preview":"max-image-preview:large","max-video-preview":"max-video-preview:-1"},"canonical":"https:\/\/www.aridane.org\/city\/2023\/03\/30\/el-ayuntamiento-de-los-llanos-de-aridane-junto-a-karmala-cultura-ponen-en-marcha-la-iv-edicion-del-proyecto-de-fotografia-zoom-social\/","og_locale":"es_ES","og_type":"article","og_title":"El Ayuntamiento de Los Llanos de Aridane junto a Karmala Cultura ponen en marcha la IV edici\u00f3n del proyecto de fotograf\u00eda Zoom Social - Ayuntamiento de Los Llanos de Aridane","og_description":"El Ayuntamiento de Los Llanos de Aridane presenta el cartel y el programa de La Patrona 2021 con el lema \u201cRemedios, m\u00e1s que un nombre.\u201d","og_url":"https:\/\/www.aridane.org\/city\/2023\/03\/30\/el-ayuntamiento-de-los-llanos-de-aridane-junto-a-karmala-cultura-ponen-en-marcha-la-iv-edicion-del-proyecto-de-fotografia-zoom-social\/","og_site_name":"Ayuntamiento de Los Llanos de Aridane","article_published_time":"2023-03-30T08:14:10+00:00","article_modified_time":"2023-07-25T12:48:52+00:00","og_image":[{"width":1200,"height":675,"url":"https:\/\/www.aridane.org\/city\/wp-content\/uploads\/2023\/03\/Karmala_cultura.jpg","type":"image\/jpeg"}],"author":"Richard Diaz","twitter_card":"summary_large_image","twitter_misc":{"Escrito por":"Richard Diaz","Tiempo de lectura":"2 minutos"},"schema":{"@context":"https:\/\/schema.org","@graph":[{"@type":"WebPage","@id":"https:\/\/www.aridane.org\/city\/2023\/03\/30\/el-ayuntamiento-de-los-llanos-de-aridane-junto-a-karmala-cultura-ponen-en-marcha-la-iv-edicion-del-proyecto-de-fotografia-zoom-social\/","url":"https:\/\/www.aridane.org\/city\/2023\/03\/30\/el-ayuntamiento-de-los-llanos-de-aridane-junto-a-karmala-cultura-ponen-en-marcha-la-iv-edicion-del-proyecto-de-fotografia-zoom-social\/","name":"El Ayuntamiento de Los Llanos de Aridane junto a Karmala Cultura ponen en marcha la IV edici\u00f3n del proyecto de fotograf\u00eda Zoom Social - Ayuntamiento de Los Llanos de Aridane","isPartOf":{"@id":"https:\/\/www.aridane.org\/city\/#website"},"primaryImageOfPage":{"@id":"https:\/\/www.aridane.org\/city\/2023\/03\/30\/el-ayuntamiento-de-los-llanos-de-aridane-junto-a-karmala-cultura-ponen-en-marcha-la-iv-edicion-del-proyecto-de-fotografia-zoom-social\/#primaryimage"},"image":{"@id":"https:\/\/www.aridane.org\/city\/2023\/03\/30\/el-ayuntamiento-de-los-llanos-de-aridane-junto-a-karmala-cultura-ponen-en-marcha-la-iv-edicion-del-proyecto-de-fotografia-zoom-social\/#primaryimage"},"thumbnailUrl":"https:\/\/www.aridane.org\/city\/wp-content\/uploads\/2023\/03\/Karmala_cultura.jpg","datePublished":"2023-03-30T08:14:10+00:00","dateModified":"2023-07-25T12:48:52+00:00","author":{"@id":"https:\/\/www.aridane.org\/city\/#\/schema\/person\/7d352ec7f29881716f298394432e7209"},"description":"El Ayuntamiento de Los Llanos de Aridane presenta el cartel y el programa de La Patrona 2021 con el lema \u201cRemedios, m\u00e1s que un nombre.\u201d","breadcrumb":{"@id":"https:\/\/www.aridane.org\/city\/2023\/03\/30\/el-ayuntamiento-de-los-llanos-de-aridane-junto-a-karmala-cultura-ponen-en-marcha-la-iv-edicion-del-proyecto-de-fotografia-zoom-social\/#breadcrumb"},"inLanguage":"es","potentialAction":[{"@type":"ReadAction","target":["https:\/\/www.aridane.org\/city\/2023\/03\/30\/el-ayuntamiento-de-los-llanos-de-aridane-junto-a-karmala-cultura-ponen-en-marcha-la-iv-edicion-del-proyecto-de-fotografia-zoom-social\/"]}]},{"@type":"ImageObject","inLanguage":"es","@id":"https:\/\/www.aridane.org\/city\/2023\/03\/30\/el-ayuntamiento-de-los-llanos-de-aridane-junto-a-karmala-cultura-ponen-en-marcha-la-iv-edicion-del-proyecto-de-fotografia-zoom-social\/#primaryimage","url":"https:\/\/www.aridane.org\/city\/wp-content\/uploads\/2023\/03\/Karmala_cultura.jpg","contentUrl":"https:\/\/www.aridane.org\/city\/wp-content\/uploads\/2023\/03\/Karmala_cultura.jpg","width":1200,"height":675},{"@type":"BreadcrumbList","@id":"https:\/\/www.aridane.org\/city\/2023\/03\/30\/el-ayuntamiento-de-los-llanos-de-aridane-junto-a-karmala-cultura-ponen-en-marcha-la-iv-edicion-del-proyecto-de-fotografia-zoom-social\/#breadcrumb","itemListElement":[{"@type":"ListItem","position":1,"name":"Portada","item":"https:\/\/www.aridane.org\/city\/"},{"@type":"ListItem","position":2,"name":"El Ayuntamiento de Los Llanos de Aridane junto a Karmala Cultura ponen en marcha la IV edici\u00f3n del proyecto de fotograf\u00eda Zoom Social"}]},{"@type":"WebSite","@id":"https:\/\/www.aridane.org\/city\/#website","url":"https:\/\/www.aridane.org\/city\/","name":"Ayuntamiento de Los Llanos de Aridane","description":"","potentialAction":[{"@type":"SearchAction","target":{"@type":"EntryPoint","urlTemplate":"https:\/\/www.aridane.org\/city\/?s={search_term_string}"},"query-input":"required name=search_term_string"}],"inLanguage":"es"},{"@type":"Person","@id":"https:\/\/www.aridane.org\/city\/#\/schema\/person\/7d352ec7f29881716f298394432e7209","name":"Richard Diaz","image":{"@type":"ImageObject","inLanguage":"es","@id":"https:\/\/www.aridane.org\/city\/#\/schema\/person\/image\/","url":"https:\/\/secure.gravatar.com\/avatar\/bacd6aefc26a4a204943090a4c596cd10f0857081ef3cfd12084a70ecb3161d5?s=96&d=mm&r=g","contentUrl":"https:\/\/secure.gravatar.com\/avatar\/bacd6aefc26a4a204943090a4c596cd10f0857081ef3cfd12084a70ecb3161d5?s=96&d=mm&r=g","caption":"Richard Diaz"},"sameAs":["https:\/\/www.aridane.org\/city"],"url":"https:\/\/www.aridane.org\/city\/author\/richard-diaz\/"}]}},"_links":{"self":[{"href":"https:\/\/www.aridane.org\/city\/wp-json\/wp\/v2\/posts\/1535","targetHints":{"allow":["GET"]}}],"collection":[{"href":"https:\/\/www.aridane.org\/city\/wp-json\/wp\/v2\/posts"}],"about":[{"href":"https:\/\/www.aridane.org\/city\/wp-json\/wp\/v2\/types\/post"}],"author":[{"embeddable":true,"href":"https:\/\/www.aridane.org\/city\/wp-json\/wp\/v2\/users\/1"}],"replies":[{"embeddable":true,"href":"https:\/\/www.aridane.org\/city\/wp-json\/wp\/v2\/comments?post=1535"}],"version-history":[{"count":1,"href":"https:\/\/www.aridane.org\/city\/wp-json\/wp\/v2\/posts\/1535\/revisions"}],"predecessor-version":[{"id":2524,"href":"https:\/\/www.aridane.org\/city\/wp-json\/wp\/v2\/posts\/1535\/revisions\/2524"}],"wp:featuredmedia":[{"embeddable":true,"href":"https:\/\/www.aridane.org\/city\/wp-json\/wp\/v2\/media\/2523"}],"wp:attachment":[{"href":"https:\/\/www.aridane.org\/city\/wp-json\/wp\/v2\/media?parent=1535"}],"wp:term":[{"taxonomy":"category","embeddable":true,"href":"https:\/\/www.aridane.org\/city\/wp-json\/wp\/v2\/categories?post=1535"},{"taxonomy":"post_tag","embeddable":true,"href":"https:\/\/www.aridane.org\/city\/wp-json\/wp\/v2\/tags?post=1535"}],"curies":[{"name":"wp","href":"https:\/\/api.w.org\/{rel}","templated":true}]}}