{"id":1538,"date":"2023-03-30T13:50:58","date_gmt":"2023-03-30T12:50:58","guid":{"rendered":"https:\/\/aridane.org\/ciudad\/?p=1538"},"modified":"2023-07-25T12:21:04","modified_gmt":"2023-07-25T12:21:04","slug":"la-vii-neon-run-spain-de-los-llanos-de-aridane-vuelve-a-superar-las-expectativas-batiendo-record-de-participantes","status":"publish","type":"post","link":"https:\/\/www.aridane.org\/city\/2023\/03\/30\/la-vii-neon-run-spain-de-los-llanos-de-aridane-vuelve-a-superar-las-expectativas-batiendo-record-de-participantes\/","title":{"rendered":"La VII Neon Run Spain de Los Llanos de Aridane vuelve a superar las expectativas batiendo r\u00e9cord de participantes"},"content":{"rendered":"<section class=\"wpb-content-wrapper\"><p>[vc_row css_animation=\u00bb\u00bb row_type=\u00bbrow\u00bb use_row_as_full_screen_section=\u00bbno\u00bb type=\u00bbfull_width\u00bb angled_section=\u00bbno\u00bb text_align=\u00bbleft\u00bb background_image_as_pattern=\u00bbwithout_pattern\u00bb][vc_column][vc_row_inner row_type=\u00bbrow\u00bb type=\u00bbgrid\u00bb text_align=\u00bbleft\u00bb css_animation=\u00bb\u00bb][vc_column_inner][vc_empty_space height=\u00bb20px\u00bb][vc_empty_space height=\u00bb20px\u00bb][\/vc_column_inner][\/vc_row_inner][vc_column_text]<\/p>\n<ul>\n<li style=\"text-align: justify;\"><em>El concejal de Deportes, V\u00edctor Gonz\u00e1lez, confirma la participaci\u00f3n de m\u00e1s de un millar de corredores.\u00a0<\/em><\/li>\n<li style=\"text-align: justify;\"><em>Por su parte, Garc\u00eda Leal defiende que estos eventos ayudan a dinamizar el municipio y seguir impulsando la recuperaci\u00f3n de Los Llanos de Aridane.\u00a0<\/em><\/li>\n<\/ul>\n<p>&nbsp;<\/p>\n<p style=\"text-align: justify;\"><strong>Los Llanos de Aridane, 30 de marzo de 2023.-<\/strong> El Ayuntamiento de Los Llanos de Aridane a trav\u00e9s de la concejal de Deportes, V\u00edctor Gonz\u00e1lez, ha confirmado que \u201cuna vez m\u00e1s la VII edici\u00f3n de la Neon Run Spain vuelve a superar todas las expectativas batiendo r\u00e9cord de participantes, con m\u00e1s un millar de corredores ya inscritos\u201d.<\/p>\n<p style=\"text-align: justify;\">La alcaldesa, Noelia Garc\u00eda Leal, se\u00f1ala que \u201cnuevamente Los Llanos de Aridane se convierte en el epicentro del mundo deportivo acogiendo un a\u00f1o m\u00e1s la Neon Run Spain. Sin lugar a dudas, uno de los eventos deportivos m\u00e1s esperados en el que se dan cita corredores de distintos puntos de la isla y del archipi\u00e9lago\u201d. Adem\u00e1s, la alcaldesa resalta el importante papel que juegan estos eventos en un momento clave como el que vive el municipio, \u201cya que nos permite seguir trabajando e impulsando la dinamizaci\u00f3n de Los Llanos\u201d.<\/p>\n<p style=\"text-align: justify;\">Gonz\u00e1lez explica que ma\u00f1ana, 31 de marzo, de 10.00 a 18:00 horas se estar\u00e1n entregando en la Feria del Corredor, ubicada en la Plaza de Espa\u00f1a, \u00a0los dorsales y la bolsa del corredor, mientras que el s\u00e1bado ser\u00e1 de 10:00 a 15:00 horas.\u00a0 A partir de las 18.00 horas est\u00e1 prevista la Ne\u00f3n Kids Run que son las categor\u00edas Sub8, Sub10, Sub12 y Sub14. A las 20.45 horas ser\u00e1 el apagado de las luces, para que a partir de las 21.00 se desarrolle la Neon Run Spain La Palma 5 km, Campeonato de Canarias de 5 Km en Ruta de la mano de la Federaci\u00f3n Canaria de Atletismo; y tambi\u00e9n, a esa misma hora, se producir\u00e1 la Neon Run Spain 10 kil\u00f3metros. Posteriormente, a las 22.30 horas ser\u00e1 la entrega de medallas, y a las \u00a023:00 horas comenzar\u00e1 la Neon Party, \u201cque se prolongar\u00e1 hasta la 01:00 horas\u201d.<\/p>\n<p style=\"text-align: justify;\">Por su parte, el CEO de Bulla Estudio, agencia de branding y comunicaci\u00f3n que produce la NRS, Armando Acosta, ha se\u00f1alado que \u201cpor s\u00e9ptima vez vuelve la carrera m\u00e1s divertida y llena de color a las calles de Los Llanos de Aridane, la Neon Run Spain. Una experiencia \u00fanica en la que se entremezclan la luz, el color, diversi\u00f3n y deporte. Sin lugar a dudas, una experiencia \u00fanica para que cualquier persona pueda disfrutar\u201d. Adem\u00e1s, \u00a0Acosta confirma que \u201ca\u00f1o tras a\u00f1o la Ne\u00f3n se contin\u00faa posicionando como uno de los eventos m\u00e1s innovadores de la Isla, y del archipi\u00e9lago. Asimismo, quiero agradecer la labor de todas las personas que est\u00e1n trabajando para el buen desarrollo de este evento, as\u00ed como a nuestros sponsors cuyo esfuerzo es clave para poder realizar la producci\u00f3n de la carrera ne\u00f3n. Sin ellos ser\u00eda imposible poder llevarla a cabo\u201d.<\/p>\n<p style=\"text-align: justify;\">Por \u00faltimo, desde el Ayuntamiento de Los Llanos de Aridane se agradece el esfuerzo y el trabajo de todas las personas que est\u00e1n trabajando para que \u201cun a\u00f1o m\u00e1s la carrera m\u00e1s divertida, la Neon Run Spain, sea todo un \u00e9xito\u201d.<\/p>\n<p>[\/vc_column_text][\/vc_column][\/vc_row]<\/p>\n<\/section>","protected":false},"excerpt":{"rendered":"<p>[vc_row css_animation=\u00bb\u00bb row_type=\u00bbrow\u00bb use_row_as_full_screen_section=\u00bbno\u00bb type=\u00bbfull_width\u00bb angled_section=\u00bbno\u00bb text_align=\u00bbleft\u00bb background_image_as_pattern=\u00bbwithout_pattern\u00bb][vc_column][vc_row_inner row_type=\u00bbrow\u00bb type=\u00bbgrid\u00bb text_align=\u00bbleft\u00bb css_animation=\u00bb\u00bb][vc_column_inner][vc_empty_space height=\u00bb20px\u00bb][vc_empty_space height=\u00bb20px\u00bb][\/vc_column_inner][\/vc_row_inner][vc_column_text] El concejal de Deportes, V\u00edctor Gonz\u00e1lez, confirma la participaci\u00f3n de m\u00e1s de un millar de corredores.\u00a0 Por su parte, Garc\u00eda Leal defiende que estos eventos ayudan a dinamizar el municipio y&#8230;<\/p>\n","protected":false},"author":1,"featured_media":2521,"comment_status":"closed","ping_status":"open","sticky":false,"template":"","format":"standard","meta":{"footnotes":""},"categories":[6],"tags":[],"class_list":["post-1538","post","type-post","status-publish","format-standard","has-post-thumbnail","hentry","category-prensa"],"yoast_head":"<!-- This site is optimized with the Yoast SEO plugin v22.7 - https:\/\/yoast.com\/wordpress\/plugins\/seo\/ -->\n<title>La VII Neon Run Spain de Los Llanos de Aridane vuelve a superar las expectativas batiendo r\u00e9cord de participantes - Ayuntamiento de Los Llanos de Aridane<\/title>\n<meta name=\"description\" content=\"El Ayuntamiento de Los Llanos de Aridane presenta el cartel y el programa de La Patrona 2021 con el lema \u201cRemedios, m\u00e1s que un nombre.\u201d\" \/>\n<meta name=\"robots\" content=\"index, follow, max-snippet:-1, max-image-preview:large, max-video-preview:-1\" \/>\n<link rel=\"canonical\" href=\"https:\/\/www.aridane.org\/city\/2023\/03\/30\/la-vii-neon-run-spain-de-los-llanos-de-aridane-vuelve-a-superar-las-expectativas-batiendo-record-de-participantes\/\" \/>\n<meta property=\"og:locale\" content=\"es_ES\" \/>\n<meta property=\"og:type\" content=\"article\" \/>\n<meta property=\"og:title\" content=\"La VII Neon Run Spain de Los Llanos de Aridane vuelve a superar las expectativas batiendo r\u00e9cord de participantes - Ayuntamiento de Los Llanos de Aridane\" \/>\n<meta property=\"og:description\" content=\"El Ayuntamiento de Los Llanos de Aridane presenta el cartel y el programa de La Patrona 2021 con el lema \u201cRemedios, m\u00e1s que un nombre.\u201d\" \/>\n<meta property=\"og:url\" content=\"https:\/\/www.aridane.org\/city\/2023\/03\/30\/la-vii-neon-run-spain-de-los-llanos-de-aridane-vuelve-a-superar-las-expectativas-batiendo-record-de-participantes\/\" \/>\n<meta property=\"og:site_name\" content=\"Ayuntamiento de Los Llanos de Aridane\" \/>\n<meta property=\"article:published_time\" content=\"2023-03-30T12:50:58+00:00\" \/>\n<meta property=\"article:modified_time\" content=\"2023-07-25T12:21:04+00:00\" \/>\n<meta property=\"og:image\" content=\"https:\/\/www.aridane.org\/city\/wp-content\/uploads\/2023\/03\/carrera_run_neon_1.jpg\" \/>\n\t<meta property=\"og:image:width\" content=\"1200\" \/>\n\t<meta property=\"og:image:height\" content=\"675\" \/>\n\t<meta property=\"og:image:type\" content=\"image\/jpeg\" \/>\n<meta name=\"author\" content=\"Richard Diaz\" \/>\n<meta name=\"twitter:card\" content=\"summary_large_image\" \/>\n<meta name=\"twitter:label1\" content=\"Escrito por\" \/>\n\t<meta name=\"twitter:data1\" content=\"Richard Diaz\" \/>\n\t<meta name=\"twitter:label2\" content=\"Tiempo de lectura\" \/>\n\t<meta name=\"twitter:data2\" content=\"3 minutos\" \/>\n<script type=\"application\/ld+json\" class=\"yoast-schema-graph\">{\"@context\":\"https:\/\/schema.org\",\"@graph\":[{\"@type\":\"WebPage\",\"@id\":\"https:\/\/www.aridane.org\/city\/2023\/03\/30\/la-vii-neon-run-spain-de-los-llanos-de-aridane-vuelve-a-superar-las-expectativas-batiendo-record-de-participantes\/\",\"url\":\"https:\/\/www.aridane.org\/city\/2023\/03\/30\/la-vii-neon-run-spain-de-los-llanos-de-aridane-vuelve-a-superar-las-expectativas-batiendo-record-de-participantes\/\",\"name\":\"La VII Neon Run Spain de Los Llanos de Aridane vuelve a superar las expectativas batiendo r\u00e9cord de participantes - Ayuntamiento de Los Llanos de Aridane\",\"isPartOf\":{\"@id\":\"https:\/\/www.aridane.org\/city\/#website\"},\"primaryImageOfPage\":{\"@id\":\"https:\/\/www.aridane.org\/city\/2023\/03\/30\/la-vii-neon-run-spain-de-los-llanos-de-aridane-vuelve-a-superar-las-expectativas-batiendo-record-de-participantes\/#primaryimage\"},\"image\":{\"@id\":\"https:\/\/www.aridane.org\/city\/2023\/03\/30\/la-vii-neon-run-spain-de-los-llanos-de-aridane-vuelve-a-superar-las-expectativas-batiendo-record-de-participantes\/#primaryimage\"},\"thumbnailUrl\":\"https:\/\/www.aridane.org\/city\/wp-content\/uploads\/2023\/03\/carrera_run_neon_1.jpg\",\"datePublished\":\"2023-03-30T12:50:58+00:00\",\"dateModified\":\"2023-07-25T12:21:04+00:00\",\"author\":{\"@id\":\"https:\/\/www.aridane.org\/city\/#\/schema\/person\/7d352ec7f29881716f298394432e7209\"},\"description\":\"El Ayuntamiento de Los Llanos de Aridane presenta el cartel y el programa de La Patrona 2021 con el lema \u201cRemedios, m\u00e1s que un nombre.\u201d\",\"breadcrumb\":{\"@id\":\"https:\/\/www.aridane.org\/city\/2023\/03\/30\/la-vii-neon-run-spain-de-los-llanos-de-aridane-vuelve-a-superar-las-expectativas-batiendo-record-de-participantes\/#breadcrumb\"},\"inLanguage\":\"es\",\"potentialAction\":[{\"@type\":\"ReadAction\",\"target\":[\"https:\/\/www.aridane.org\/city\/2023\/03\/30\/la-vii-neon-run-spain-de-los-llanos-de-aridane-vuelve-a-superar-las-expectativas-batiendo-record-de-participantes\/\"]}]},{\"@type\":\"ImageObject\",\"inLanguage\":\"es\",\"@id\":\"https:\/\/www.aridane.org\/city\/2023\/03\/30\/la-vii-neon-run-spain-de-los-llanos-de-aridane-vuelve-a-superar-las-expectativas-batiendo-record-de-participantes\/#primaryimage\",\"url\":\"https:\/\/www.aridane.org\/city\/wp-content\/uploads\/2023\/03\/carrera_run_neon_1.jpg\",\"contentUrl\":\"https:\/\/www.aridane.org\/city\/wp-content\/uploads\/2023\/03\/carrera_run_neon_1.jpg\",\"width\":1200,\"height\":675},{\"@type\":\"BreadcrumbList\",\"@id\":\"https:\/\/www.aridane.org\/city\/2023\/03\/30\/la-vii-neon-run-spain-de-los-llanos-de-aridane-vuelve-a-superar-las-expectativas-batiendo-record-de-participantes\/#breadcrumb\",\"itemListElement\":[{\"@type\":\"ListItem\",\"position\":1,\"name\":\"Portada\",\"item\":\"https:\/\/www.aridane.org\/city\/\"},{\"@type\":\"ListItem\",\"position\":2,\"name\":\"La VII Neon Run Spain de Los Llanos de Aridane vuelve a superar las expectativas batiendo r\u00e9cord de participantes\"}]},{\"@type\":\"WebSite\",\"@id\":\"https:\/\/www.aridane.org\/city\/#website\",\"url\":\"https:\/\/www.aridane.org\/city\/\",\"name\":\"Ayuntamiento de Los Llanos de Aridane\",\"description\":\"\",\"potentialAction\":[{\"@type\":\"SearchAction\",\"target\":{\"@type\":\"EntryPoint\",\"urlTemplate\":\"https:\/\/www.aridane.org\/city\/?s={search_term_string}\"},\"query-input\":\"required name=search_term_string\"}],\"inLanguage\":\"es\"},{\"@type\":\"Person\",\"@id\":\"https:\/\/www.aridane.org\/city\/#\/schema\/person\/7d352ec7f29881716f298394432e7209\",\"name\":\"Richard Diaz\",\"image\":{\"@type\":\"ImageObject\",\"inLanguage\":\"es\",\"@id\":\"https:\/\/www.aridane.org\/city\/#\/schema\/person\/image\/\",\"url\":\"https:\/\/secure.gravatar.com\/avatar\/bacd6aefc26a4a204943090a4c596cd10f0857081ef3cfd12084a70ecb3161d5?s=96&d=mm&r=g\",\"contentUrl\":\"https:\/\/secure.gravatar.com\/avatar\/bacd6aefc26a4a204943090a4c596cd10f0857081ef3cfd12084a70ecb3161d5?s=96&d=mm&r=g\",\"caption\":\"Richard Diaz\"},\"sameAs\":[\"https:\/\/www.aridane.org\/city\"],\"url\":\"https:\/\/www.aridane.org\/city\/author\/richard-diaz\/\"}]}<\/script>\n<!-- \/ Yoast SEO plugin. -->","yoast_head_json":{"title":"La VII Neon Run Spain de Los Llanos de Aridane vuelve a superar las expectativas batiendo r\u00e9cord de participantes - Ayuntamiento de Los Llanos de Aridane","description":"El Ayuntamiento de Los Llanos de Aridane presenta el cartel y el programa de La Patrona 2021 con el lema \u201cRemedios, m\u00e1s que un nombre.\u201d","robots":{"index":"index","follow":"follow","max-snippet":"max-snippet:-1","max-image-preview":"max-image-preview:large","max-video-preview":"max-video-preview:-1"},"canonical":"https:\/\/www.aridane.org\/city\/2023\/03\/30\/la-vii-neon-run-spain-de-los-llanos-de-aridane-vuelve-a-superar-las-expectativas-batiendo-record-de-participantes\/","og_locale":"es_ES","og_type":"article","og_title":"La VII Neon Run Spain de Los Llanos de Aridane vuelve a superar las expectativas batiendo r\u00e9cord de participantes - Ayuntamiento de Los Llanos de Aridane","og_description":"El Ayuntamiento de Los Llanos de Aridane presenta el cartel y el programa de La Patrona 2021 con el lema \u201cRemedios, m\u00e1s que un nombre.\u201d","og_url":"https:\/\/www.aridane.org\/city\/2023\/03\/30\/la-vii-neon-run-spain-de-los-llanos-de-aridane-vuelve-a-superar-las-expectativas-batiendo-record-de-participantes\/","og_site_name":"Ayuntamiento de Los Llanos de Aridane","article_published_time":"2023-03-30T12:50:58+00:00","article_modified_time":"2023-07-25T12:21:04+00:00","og_image":[{"width":1200,"height":675,"url":"https:\/\/www.aridane.org\/city\/wp-content\/uploads\/2023\/03\/carrera_run_neon_1.jpg","type":"image\/jpeg"}],"author":"Richard Diaz","twitter_card":"summary_large_image","twitter_misc":{"Escrito por":"Richard Diaz","Tiempo de lectura":"3 minutos"},"schema":{"@context":"https:\/\/schema.org","@graph":[{"@type":"WebPage","@id":"https:\/\/www.aridane.org\/city\/2023\/03\/30\/la-vii-neon-run-spain-de-los-llanos-de-aridane-vuelve-a-superar-las-expectativas-batiendo-record-de-participantes\/","url":"https:\/\/www.aridane.org\/city\/2023\/03\/30\/la-vii-neon-run-spain-de-los-llanos-de-aridane-vuelve-a-superar-las-expectativas-batiendo-record-de-participantes\/","name":"La VII Neon Run Spain de Los Llanos de Aridane vuelve a superar las expectativas batiendo r\u00e9cord de participantes - Ayuntamiento de Los Llanos de Aridane","isPartOf":{"@id":"https:\/\/www.aridane.org\/city\/#website"},"primaryImageOfPage":{"@id":"https:\/\/www.aridane.org\/city\/2023\/03\/30\/la-vii-neon-run-spain-de-los-llanos-de-aridane-vuelve-a-superar-las-expectativas-batiendo-record-de-participantes\/#primaryimage"},"image":{"@id":"https:\/\/www.aridane.org\/city\/2023\/03\/30\/la-vii-neon-run-spain-de-los-llanos-de-aridane-vuelve-a-superar-las-expectativas-batiendo-record-de-participantes\/#primaryimage"},"thumbnailUrl":"https:\/\/www.aridane.org\/city\/wp-content\/uploads\/2023\/03\/carrera_run_neon_1.jpg","datePublished":"2023-03-30T12:50:58+00:00","dateModified":"2023-07-25T12:21:04+00:00","author":{"@id":"https:\/\/www.aridane.org\/city\/#\/schema\/person\/7d352ec7f29881716f298394432e7209"},"description":"El Ayuntamiento de Los Llanos de Aridane presenta el cartel y el programa de La Patrona 2021 con el lema \u201cRemedios, m\u00e1s que un nombre.\u201d","breadcrumb":{"@id":"https:\/\/www.aridane.org\/city\/2023\/03\/30\/la-vii-neon-run-spain-de-los-llanos-de-aridane-vuelve-a-superar-las-expectativas-batiendo-record-de-participantes\/#breadcrumb"},"inLanguage":"es","potentialAction":[{"@type":"ReadAction","target":["https:\/\/www.aridane.org\/city\/2023\/03\/30\/la-vii-neon-run-spain-de-los-llanos-de-aridane-vuelve-a-superar-las-expectativas-batiendo-record-de-participantes\/"]}]},{"@type":"ImageObject","inLanguage":"es","@id":"https:\/\/www.aridane.org\/city\/2023\/03\/30\/la-vii-neon-run-spain-de-los-llanos-de-aridane-vuelve-a-superar-las-expectativas-batiendo-record-de-participantes\/#primaryimage","url":"https:\/\/www.aridane.org\/city\/wp-content\/uploads\/2023\/03\/carrera_run_neon_1.jpg","contentUrl":"https:\/\/www.aridane.org\/city\/wp-content\/uploads\/2023\/03\/carrera_run_neon_1.jpg","width":1200,"height":675},{"@type":"BreadcrumbList","@id":"https:\/\/www.aridane.org\/city\/2023\/03\/30\/la-vii-neon-run-spain-de-los-llanos-de-aridane-vuelve-a-superar-las-expectativas-batiendo-record-de-participantes\/#breadcrumb","itemListElement":[{"@type":"ListItem","position":1,"name":"Portada","item":"https:\/\/www.aridane.org\/city\/"},{"@type":"ListItem","position":2,"name":"La VII Neon Run Spain de Los Llanos de Aridane vuelve a superar las expectativas batiendo r\u00e9cord de participantes"}]},{"@type":"WebSite","@id":"https:\/\/www.aridane.org\/city\/#website","url":"https:\/\/www.aridane.org\/city\/","name":"Ayuntamiento de Los Llanos de Aridane","description":"","potentialAction":[{"@type":"SearchAction","target":{"@type":"EntryPoint","urlTemplate":"https:\/\/www.aridane.org\/city\/?s={search_term_string}"},"query-input":"required name=search_term_string"}],"inLanguage":"es"},{"@type":"Person","@id":"https:\/\/www.aridane.org\/city\/#\/schema\/person\/7d352ec7f29881716f298394432e7209","name":"Richard Diaz","image":{"@type":"ImageObject","inLanguage":"es","@id":"https:\/\/www.aridane.org\/city\/#\/schema\/person\/image\/","url":"https:\/\/secure.gravatar.com\/avatar\/bacd6aefc26a4a204943090a4c596cd10f0857081ef3cfd12084a70ecb3161d5?s=96&d=mm&r=g","contentUrl":"https:\/\/secure.gravatar.com\/avatar\/bacd6aefc26a4a204943090a4c596cd10f0857081ef3cfd12084a70ecb3161d5?s=96&d=mm&r=g","caption":"Richard Diaz"},"sameAs":["https:\/\/www.aridane.org\/city"],"url":"https:\/\/www.aridane.org\/city\/author\/richard-diaz\/"}]}},"_links":{"self":[{"href":"https:\/\/www.aridane.org\/city\/wp-json\/wp\/v2\/posts\/1538","targetHints":{"allow":["GET"]}}],"collection":[{"href":"https:\/\/www.aridane.org\/city\/wp-json\/wp\/v2\/posts"}],"about":[{"href":"https:\/\/www.aridane.org\/city\/wp-json\/wp\/v2\/types\/post"}],"author":[{"embeddable":true,"href":"https:\/\/www.aridane.org\/city\/wp-json\/wp\/v2\/users\/1"}],"replies":[{"embeddable":true,"href":"https:\/\/www.aridane.org\/city\/wp-json\/wp\/v2\/comments?post=1538"}],"version-history":[{"count":1,"href":"https:\/\/www.aridane.org\/city\/wp-json\/wp\/v2\/posts\/1538\/revisions"}],"predecessor-version":[{"id":2522,"href":"https:\/\/www.aridane.org\/city\/wp-json\/wp\/v2\/posts\/1538\/revisions\/2522"}],"wp:featuredmedia":[{"embeddable":true,"href":"https:\/\/www.aridane.org\/city\/wp-json\/wp\/v2\/media\/2521"}],"wp:attachment":[{"href":"https:\/\/www.aridane.org\/city\/wp-json\/wp\/v2\/media?parent=1538"}],"wp:term":[{"taxonomy":"category","embeddable":true,"href":"https:\/\/www.aridane.org\/city\/wp-json\/wp\/v2\/categories?post=1538"},{"taxonomy":"post_tag","embeddable":true,"href":"https:\/\/www.aridane.org\/city\/wp-json\/wp\/v2\/tags?post=1538"}],"curies":[{"name":"wp","href":"https:\/\/api.w.org\/{rel}","templated":true}]}}