{"id":1541,"date":"2023-03-31T09:55:03","date_gmt":"2023-03-31T08:55:03","guid":{"rendered":"https:\/\/aridane.org\/ciudad\/?p=1541"},"modified":"2023-07-25T12:16:58","modified_gmt":"2023-07-25T12:16:58","slug":"gran-acogida-de-la-ii-edicion-de-las-neurolimpiadas-celebradas-en-los-llanos-de-aridane-el-pasado-fin-de-semana","status":"publish","type":"post","link":"https:\/\/www.aridane.org\/city\/2023\/03\/31\/gran-acogida-de-la-ii-edicion-de-las-neurolimpiadas-celebradas-en-los-llanos-de-aridane-el-pasado-fin-de-semana\/","title":{"rendered":"Gran acogida de la II edici\u00f3n de las Neurolimpiadas celebradas en Los Llanos de Aridane el pasado fin de semana"},"content":{"rendered":"<section class=\"wpb-content-wrapper\"><p>[vc_row css_animation=\u00bb\u00bb row_type=\u00bbrow\u00bb use_row_as_full_screen_section=\u00bbno\u00bb type=\u00bbfull_width\u00bb angled_section=\u00bbno\u00bb text_align=\u00bbleft\u00bb background_image_as_pattern=\u00bbwithout_pattern\u00bb][vc_column][vc_row_inner row_type=\u00bbrow\u00bb type=\u00bbgrid\u00bb text_align=\u00bbleft\u00bb css_animation=\u00bb\u00bb][vc_column_inner][vc_empty_space height=\u00bb20px\u00bb][vc_empty_space height=\u00bb20px\u00bb][\/vc_column_inner][\/vc_row_inner][vc_column_text]<\/p>\n<ul>\n<li style=\"text-align: justify;\"><em>Desde el Consistorio aridanense se confirma la participaci\u00f3n de m\u00e1s de 260 mayores de municipios de La Palma y Tenerife.<\/em><\/li>\n<\/ul>\n<p>&nbsp;<\/p>\n<p style=\"text-align: justify;\"><strong>Los Llanos de Aridane, 31 de marzo de 2023.-<\/strong> El Ayuntamiento de Los Llanos de Aridane a trav\u00e9s del concejal de Deportes, V\u00edctor Gonz\u00e1lez; la concejal de Acci\u00f3n Social, Elena Concepci\u00f3n; y la consejera de de Acci\u00f3n Social, Nieves Hern\u00e1ndez, han resaltado \u201cel rotundo \u00e9xito que ha tenido por segundo a\u00f1o consecutivo las Neurolimpiadas, que se celebraron el pasado fin de semana en la Pabell\u00f3n Severo Rodr\u00edguez\u201d.<\/p>\n<p style=\"text-align: justify;\">Gonz\u00e1lez explica \u201cque este a\u00f1o se ha contado con la participaci\u00f3n de m\u00e1s 260 mayores, y \u00a0al igual que el pasado, las Neurolimpiadas \u00a0han tenido un car\u00e1cter provincial al contar con tres equipos pertenecientes a la isla de Tenerife, concretamente la Villa de Arafo, Santa \u00darsula y El Rosario; y a los que se sumaron tres equipos m\u00e1s de nuestra isla: Santa Cruz de La Palma, Villa de Mazo y nuestro municipio, Los Llanos de Aridane, que fue el anfitri\u00f3n\u201d, se\u00f1ala.<\/p>\n<p style=\"text-align: justify;\">Adem\u00e1s, recuerda que este proyecto est\u00e1 organizado por \u2018El Club del Mayor\u2019 y el Consistorio aridanense, y cuenta con la colaboraci\u00f3n del \u00e1rea de Acci\u00f3n Social del Cabildo Insular de La Palma.<\/p>\n<p style=\"text-align: justify;\">Por su parte, Concepci\u00f3n ha se\u00f1alado que \u201cun a\u00f1o m\u00e1s hemos cumplido con el objetivo de este proyecto que no es otro que el de combinar la actividad f\u00edsica y cognitiva para ayudar a un envejecimiento activo. Adem\u00e1s de fomentar las relaciones entre \u00a0los mayores de distintos municipios, ya que les ayuda a \u00a0interactuar y vivir una experiencia \u00fanica durante unos d\u00edas\u201d.<\/p>\n<p style=\"text-align: justify;\">Mientras, la consejera de Acci\u00f3n Social, Nieves Hern\u00e1ndez, \u00a0ha recordado que \u201cpara el equipo de Gobierno del Cabildo Insular de La Palma las personas y su bienestar es una de nuestras m\u00e1ximas prioridades. Por ello, siempre van a encontrar nuestra mano tendida para llevar a cabo actividades como las Neurolimpiadas en la que se impulsa y fomenta el desarrollo de las habilidades psicomotoras y neurol\u00f3gicas\u201d.<\/p>\n<p style=\"text-align: justify;\">Por su parte, Besay Rodr\u00edguez, afirma que \u201cEl Club del Mayor quiere transmitir su m\u00e1s sincero agradecimiento al Cabildo Insular de La Palma, as\u00ed como a los representantes de los ayuntamientos de los municipios participantes, en especial al de Los Llanos de Aridane sede Neurol\u00edmpica, por apostar por la continuidad de un proyecto que ya es una realidad\u201d.<\/p>\n<p style=\"text-align: justify;\">Por \u00faltimo, desde el Ayuntamiento de Los Llanos de Aridane se agradece el trabajo y esfuerzo de todas las personas que han trabajado y participado para que estas II edici\u00f3n de las Neurolimpiadas haya vuelto a ser un \u00e9xito.<\/p>\n<p>[\/vc_column_text][\/vc_column][\/vc_row]<\/p>\n<\/section>","protected":false},"excerpt":{"rendered":"<p>[vc_row css_animation=\u00bb\u00bb row_type=\u00bbrow\u00bb use_row_as_full_screen_section=\u00bbno\u00bb type=\u00bbfull_width\u00bb angled_section=\u00bbno\u00bb text_align=\u00bbleft\u00bb background_image_as_pattern=\u00bbwithout_pattern\u00bb][vc_column][vc_row_inner row_type=\u00bbrow\u00bb type=\u00bbgrid\u00bb text_align=\u00bbleft\u00bb css_animation=\u00bb\u00bb][vc_column_inner][vc_empty_space height=\u00bb20px\u00bb][vc_empty_space height=\u00bb20px\u00bb][\/vc_column_inner][\/vc_row_inner][vc_column_text] Desde el Consistorio aridanense se confirma la participaci\u00f3n de m\u00e1s de 260 mayores de municipios de La Palma y Tenerife. &nbsp; Los Llanos de Aridane, 31 de marzo de 2023.- El&#8230;<\/p>\n","protected":false},"author":1,"featured_media":2519,"comment_status":"closed","ping_status":"open","sticky":false,"template":"","format":"standard","meta":{"footnotes":""},"categories":[6],"tags":[],"class_list":["post-1541","post","type-post","status-publish","format-standard","has-post-thumbnail","hentry","category-prensa"],"yoast_head":"<!-- This site is optimized with the Yoast SEO plugin v22.7 - https:\/\/yoast.com\/wordpress\/plugins\/seo\/ -->\n<title>Gran acogida de la II edici\u00f3n de las Neurolimpiadas celebradas en Los Llanos de Aridane el pasado fin de semana - Ayuntamiento de Los Llanos de Aridane<\/title>\n<meta name=\"description\" content=\"El Ayuntamiento de Los Llanos de Aridane presenta el cartel y el programa de La Patrona 2021 con el lema \u201cRemedios, m\u00e1s que un nombre.\u201d\" \/>\n<meta name=\"robots\" content=\"index, follow, max-snippet:-1, max-image-preview:large, max-video-preview:-1\" \/>\n<link rel=\"canonical\" href=\"https:\/\/www.aridane.org\/city\/2023\/03\/31\/gran-acogida-de-la-ii-edicion-de-las-neurolimpiadas-celebradas-en-los-llanos-de-aridane-el-pasado-fin-de-semana\/\" \/>\n<meta property=\"og:locale\" content=\"es_ES\" \/>\n<meta property=\"og:type\" content=\"article\" \/>\n<meta property=\"og:title\" content=\"Gran acogida de la II edici\u00f3n de las Neurolimpiadas celebradas en Los Llanos de Aridane el pasado fin de semana - Ayuntamiento de Los Llanos de Aridane\" \/>\n<meta property=\"og:description\" content=\"El Ayuntamiento de Los Llanos de Aridane presenta el cartel y el programa de La Patrona 2021 con el lema \u201cRemedios, m\u00e1s que un nombre.\u201d\" \/>\n<meta property=\"og:url\" content=\"https:\/\/www.aridane.org\/city\/2023\/03\/31\/gran-acogida-de-la-ii-edicion-de-las-neurolimpiadas-celebradas-en-los-llanos-de-aridane-el-pasado-fin-de-semana\/\" \/>\n<meta property=\"og:site_name\" content=\"Ayuntamiento de Los Llanos de Aridane\" \/>\n<meta property=\"article:published_time\" content=\"2023-03-31T08:55:03+00:00\" \/>\n<meta property=\"article:modified_time\" content=\"2023-07-25T12:16:58+00:00\" \/>\n<meta property=\"og:image\" content=\"https:\/\/www.aridane.org\/city\/wp-content\/uploads\/2023\/03\/Neurolimpiadas_1.jpg\" \/>\n\t<meta property=\"og:image:width\" content=\"1200\" \/>\n\t<meta property=\"og:image:height\" content=\"675\" \/>\n\t<meta property=\"og:image:type\" content=\"image\/jpeg\" \/>\n<meta name=\"author\" content=\"Richard Diaz\" \/>\n<meta name=\"twitter:card\" content=\"summary_large_image\" \/>\n<meta name=\"twitter:label1\" content=\"Escrito por\" \/>\n\t<meta name=\"twitter:data1\" content=\"Richard Diaz\" \/>\n\t<meta name=\"twitter:label2\" content=\"Tiempo de lectura\" \/>\n\t<meta name=\"twitter:data2\" content=\"3 minutos\" \/>\n<script type=\"application\/ld+json\" class=\"yoast-schema-graph\">{\"@context\":\"https:\/\/schema.org\",\"@graph\":[{\"@type\":\"WebPage\",\"@id\":\"https:\/\/www.aridane.org\/city\/2023\/03\/31\/gran-acogida-de-la-ii-edicion-de-las-neurolimpiadas-celebradas-en-los-llanos-de-aridane-el-pasado-fin-de-semana\/\",\"url\":\"https:\/\/www.aridane.org\/city\/2023\/03\/31\/gran-acogida-de-la-ii-edicion-de-las-neurolimpiadas-celebradas-en-los-llanos-de-aridane-el-pasado-fin-de-semana\/\",\"name\":\"Gran acogida de la II edici\u00f3n de las Neurolimpiadas celebradas en Los Llanos de Aridane el pasado fin de semana - Ayuntamiento de Los Llanos de Aridane\",\"isPartOf\":{\"@id\":\"https:\/\/www.aridane.org\/city\/#website\"},\"primaryImageOfPage\":{\"@id\":\"https:\/\/www.aridane.org\/city\/2023\/03\/31\/gran-acogida-de-la-ii-edicion-de-las-neurolimpiadas-celebradas-en-los-llanos-de-aridane-el-pasado-fin-de-semana\/#primaryimage\"},\"image\":{\"@id\":\"https:\/\/www.aridane.org\/city\/2023\/03\/31\/gran-acogida-de-la-ii-edicion-de-las-neurolimpiadas-celebradas-en-los-llanos-de-aridane-el-pasado-fin-de-semana\/#primaryimage\"},\"thumbnailUrl\":\"https:\/\/www.aridane.org\/city\/wp-content\/uploads\/2023\/03\/Neurolimpiadas_1.jpg\",\"datePublished\":\"2023-03-31T08:55:03+00:00\",\"dateModified\":\"2023-07-25T12:16:58+00:00\",\"author\":{\"@id\":\"https:\/\/www.aridane.org\/city\/#\/schema\/person\/7d352ec7f29881716f298394432e7209\"},\"description\":\"El Ayuntamiento de Los Llanos de Aridane presenta el cartel y el programa de La Patrona 2021 con el lema \u201cRemedios, m\u00e1s que un nombre.\u201d\",\"breadcrumb\":{\"@id\":\"https:\/\/www.aridane.org\/city\/2023\/03\/31\/gran-acogida-de-la-ii-edicion-de-las-neurolimpiadas-celebradas-en-los-llanos-de-aridane-el-pasado-fin-de-semana\/#breadcrumb\"},\"inLanguage\":\"es\",\"potentialAction\":[{\"@type\":\"ReadAction\",\"target\":[\"https:\/\/www.aridane.org\/city\/2023\/03\/31\/gran-acogida-de-la-ii-edicion-de-las-neurolimpiadas-celebradas-en-los-llanos-de-aridane-el-pasado-fin-de-semana\/\"]}]},{\"@type\":\"ImageObject\",\"inLanguage\":\"es\",\"@id\":\"https:\/\/www.aridane.org\/city\/2023\/03\/31\/gran-acogida-de-la-ii-edicion-de-las-neurolimpiadas-celebradas-en-los-llanos-de-aridane-el-pasado-fin-de-semana\/#primaryimage\",\"url\":\"https:\/\/www.aridane.org\/city\/wp-content\/uploads\/2023\/03\/Neurolimpiadas_1.jpg\",\"contentUrl\":\"https:\/\/www.aridane.org\/city\/wp-content\/uploads\/2023\/03\/Neurolimpiadas_1.jpg\",\"width\":1200,\"height\":675},{\"@type\":\"BreadcrumbList\",\"@id\":\"https:\/\/www.aridane.org\/city\/2023\/03\/31\/gran-acogida-de-la-ii-edicion-de-las-neurolimpiadas-celebradas-en-los-llanos-de-aridane-el-pasado-fin-de-semana\/#breadcrumb\",\"itemListElement\":[{\"@type\":\"ListItem\",\"position\":1,\"name\":\"Portada\",\"item\":\"https:\/\/www.aridane.org\/city\/\"},{\"@type\":\"ListItem\",\"position\":2,\"name\":\"Gran acogida de la II edici\u00f3n de las Neurolimpiadas celebradas en Los Llanos de Aridane el pasado fin de semana\"}]},{\"@type\":\"WebSite\",\"@id\":\"https:\/\/www.aridane.org\/city\/#website\",\"url\":\"https:\/\/www.aridane.org\/city\/\",\"name\":\"Ayuntamiento de Los Llanos de Aridane\",\"description\":\"\",\"potentialAction\":[{\"@type\":\"SearchAction\",\"target\":{\"@type\":\"EntryPoint\",\"urlTemplate\":\"https:\/\/www.aridane.org\/city\/?s={search_term_string}\"},\"query-input\":\"required name=search_term_string\"}],\"inLanguage\":\"es\"},{\"@type\":\"Person\",\"@id\":\"https:\/\/www.aridane.org\/city\/#\/schema\/person\/7d352ec7f29881716f298394432e7209\",\"name\":\"Richard Diaz\",\"image\":{\"@type\":\"ImageObject\",\"inLanguage\":\"es\",\"@id\":\"https:\/\/www.aridane.org\/city\/#\/schema\/person\/image\/\",\"url\":\"https:\/\/secure.gravatar.com\/avatar\/bacd6aefc26a4a204943090a4c596cd10f0857081ef3cfd12084a70ecb3161d5?s=96&d=mm&r=g\",\"contentUrl\":\"https:\/\/secure.gravatar.com\/avatar\/bacd6aefc26a4a204943090a4c596cd10f0857081ef3cfd12084a70ecb3161d5?s=96&d=mm&r=g\",\"caption\":\"Richard Diaz\"},\"sameAs\":[\"https:\/\/www.aridane.org\/city\"],\"url\":\"https:\/\/www.aridane.org\/city\/author\/richard-diaz\/\"}]}<\/script>\n<!-- \/ Yoast SEO plugin. -->","yoast_head_json":{"title":"Gran acogida de la II edici\u00f3n de las Neurolimpiadas celebradas en Los Llanos de Aridane el pasado fin de semana - Ayuntamiento de Los Llanos de Aridane","description":"El Ayuntamiento de Los Llanos de Aridane presenta el cartel y el programa de La Patrona 2021 con el lema \u201cRemedios, m\u00e1s que un nombre.\u201d","robots":{"index":"index","follow":"follow","max-snippet":"max-snippet:-1","max-image-preview":"max-image-preview:large","max-video-preview":"max-video-preview:-1"},"canonical":"https:\/\/www.aridane.org\/city\/2023\/03\/31\/gran-acogida-de-la-ii-edicion-de-las-neurolimpiadas-celebradas-en-los-llanos-de-aridane-el-pasado-fin-de-semana\/","og_locale":"es_ES","og_type":"article","og_title":"Gran acogida de la II edici\u00f3n de las Neurolimpiadas celebradas en Los Llanos de Aridane el pasado fin de semana - Ayuntamiento de Los Llanos de Aridane","og_description":"El Ayuntamiento de Los Llanos de Aridane presenta el cartel y el programa de La Patrona 2021 con el lema \u201cRemedios, m\u00e1s que un nombre.\u201d","og_url":"https:\/\/www.aridane.org\/city\/2023\/03\/31\/gran-acogida-de-la-ii-edicion-de-las-neurolimpiadas-celebradas-en-los-llanos-de-aridane-el-pasado-fin-de-semana\/","og_site_name":"Ayuntamiento de Los Llanos de Aridane","article_published_time":"2023-03-31T08:55:03+00:00","article_modified_time":"2023-07-25T12:16:58+00:00","og_image":[{"width":1200,"height":675,"url":"https:\/\/www.aridane.org\/city\/wp-content\/uploads\/2023\/03\/Neurolimpiadas_1.jpg","type":"image\/jpeg"}],"author":"Richard Diaz","twitter_card":"summary_large_image","twitter_misc":{"Escrito por":"Richard Diaz","Tiempo de lectura":"3 minutos"},"schema":{"@context":"https:\/\/schema.org","@graph":[{"@type":"WebPage","@id":"https:\/\/www.aridane.org\/city\/2023\/03\/31\/gran-acogida-de-la-ii-edicion-de-las-neurolimpiadas-celebradas-en-los-llanos-de-aridane-el-pasado-fin-de-semana\/","url":"https:\/\/www.aridane.org\/city\/2023\/03\/31\/gran-acogida-de-la-ii-edicion-de-las-neurolimpiadas-celebradas-en-los-llanos-de-aridane-el-pasado-fin-de-semana\/","name":"Gran acogida de la II edici\u00f3n de las Neurolimpiadas celebradas en Los Llanos de Aridane el pasado fin de semana - Ayuntamiento de Los Llanos de Aridane","isPartOf":{"@id":"https:\/\/www.aridane.org\/city\/#website"},"primaryImageOfPage":{"@id":"https:\/\/www.aridane.org\/city\/2023\/03\/31\/gran-acogida-de-la-ii-edicion-de-las-neurolimpiadas-celebradas-en-los-llanos-de-aridane-el-pasado-fin-de-semana\/#primaryimage"},"image":{"@id":"https:\/\/www.aridane.org\/city\/2023\/03\/31\/gran-acogida-de-la-ii-edicion-de-las-neurolimpiadas-celebradas-en-los-llanos-de-aridane-el-pasado-fin-de-semana\/#primaryimage"},"thumbnailUrl":"https:\/\/www.aridane.org\/city\/wp-content\/uploads\/2023\/03\/Neurolimpiadas_1.jpg","datePublished":"2023-03-31T08:55:03+00:00","dateModified":"2023-07-25T12:16:58+00:00","author":{"@id":"https:\/\/www.aridane.org\/city\/#\/schema\/person\/7d352ec7f29881716f298394432e7209"},"description":"El Ayuntamiento de Los Llanos de Aridane presenta el cartel y el programa de La Patrona 2021 con el lema \u201cRemedios, m\u00e1s que un nombre.\u201d","breadcrumb":{"@id":"https:\/\/www.aridane.org\/city\/2023\/03\/31\/gran-acogida-de-la-ii-edicion-de-las-neurolimpiadas-celebradas-en-los-llanos-de-aridane-el-pasado-fin-de-semana\/#breadcrumb"},"inLanguage":"es","potentialAction":[{"@type":"ReadAction","target":["https:\/\/www.aridane.org\/city\/2023\/03\/31\/gran-acogida-de-la-ii-edicion-de-las-neurolimpiadas-celebradas-en-los-llanos-de-aridane-el-pasado-fin-de-semana\/"]}]},{"@type":"ImageObject","inLanguage":"es","@id":"https:\/\/www.aridane.org\/city\/2023\/03\/31\/gran-acogida-de-la-ii-edicion-de-las-neurolimpiadas-celebradas-en-los-llanos-de-aridane-el-pasado-fin-de-semana\/#primaryimage","url":"https:\/\/www.aridane.org\/city\/wp-content\/uploads\/2023\/03\/Neurolimpiadas_1.jpg","contentUrl":"https:\/\/www.aridane.org\/city\/wp-content\/uploads\/2023\/03\/Neurolimpiadas_1.jpg","width":1200,"height":675},{"@type":"BreadcrumbList","@id":"https:\/\/www.aridane.org\/city\/2023\/03\/31\/gran-acogida-de-la-ii-edicion-de-las-neurolimpiadas-celebradas-en-los-llanos-de-aridane-el-pasado-fin-de-semana\/#breadcrumb","itemListElement":[{"@type":"ListItem","position":1,"name":"Portada","item":"https:\/\/www.aridane.org\/city\/"},{"@type":"ListItem","position":2,"name":"Gran acogida de la II edici\u00f3n de las Neurolimpiadas celebradas en Los Llanos de Aridane el pasado fin de semana"}]},{"@type":"WebSite","@id":"https:\/\/www.aridane.org\/city\/#website","url":"https:\/\/www.aridane.org\/city\/","name":"Ayuntamiento de Los Llanos de Aridane","description":"","potentialAction":[{"@type":"SearchAction","target":{"@type":"EntryPoint","urlTemplate":"https:\/\/www.aridane.org\/city\/?s={search_term_string}"},"query-input":"required name=search_term_string"}],"inLanguage":"es"},{"@type":"Person","@id":"https:\/\/www.aridane.org\/city\/#\/schema\/person\/7d352ec7f29881716f298394432e7209","name":"Richard Diaz","image":{"@type":"ImageObject","inLanguage":"es","@id":"https:\/\/www.aridane.org\/city\/#\/schema\/person\/image\/","url":"https:\/\/secure.gravatar.com\/avatar\/bacd6aefc26a4a204943090a4c596cd10f0857081ef3cfd12084a70ecb3161d5?s=96&d=mm&r=g","contentUrl":"https:\/\/secure.gravatar.com\/avatar\/bacd6aefc26a4a204943090a4c596cd10f0857081ef3cfd12084a70ecb3161d5?s=96&d=mm&r=g","caption":"Richard Diaz"},"sameAs":["https:\/\/www.aridane.org\/city"],"url":"https:\/\/www.aridane.org\/city\/author\/richard-diaz\/"}]}},"_links":{"self":[{"href":"https:\/\/www.aridane.org\/city\/wp-json\/wp\/v2\/posts\/1541","targetHints":{"allow":["GET"]}}],"collection":[{"href":"https:\/\/www.aridane.org\/city\/wp-json\/wp\/v2\/posts"}],"about":[{"href":"https:\/\/www.aridane.org\/city\/wp-json\/wp\/v2\/types\/post"}],"author":[{"embeddable":true,"href":"https:\/\/www.aridane.org\/city\/wp-json\/wp\/v2\/users\/1"}],"replies":[{"embeddable":true,"href":"https:\/\/www.aridane.org\/city\/wp-json\/wp\/v2\/comments?post=1541"}],"version-history":[{"count":1,"href":"https:\/\/www.aridane.org\/city\/wp-json\/wp\/v2\/posts\/1541\/revisions"}],"predecessor-version":[{"id":2520,"href":"https:\/\/www.aridane.org\/city\/wp-json\/wp\/v2\/posts\/1541\/revisions\/2520"}],"wp:featuredmedia":[{"embeddable":true,"href":"https:\/\/www.aridane.org\/city\/wp-json\/wp\/v2\/media\/2519"}],"wp:attachment":[{"href":"https:\/\/www.aridane.org\/city\/wp-json\/wp\/v2\/media?parent=1541"}],"wp:term":[{"taxonomy":"category","embeddable":true,"href":"https:\/\/www.aridane.org\/city\/wp-json\/wp\/v2\/categories?post=1541"},{"taxonomy":"post_tag","embeddable":true,"href":"https:\/\/www.aridane.org\/city\/wp-json\/wp\/v2\/tags?post=1541"}],"curies":[{"name":"wp","href":"https:\/\/api.w.org\/{rel}","templated":true}]}}