{"id":1546,"date":"2023-04-03T13:12:09","date_gmt":"2023-04-03T12:12:09","guid":{"rendered":"https:\/\/aridane.org\/ciudad\/?p=1546"},"modified":"2023-07-25T11:40:29","modified_gmt":"2023-07-25T11:40:29","slug":"garcia-leal-anuncia-casi-4-millones-de-euros-de-financiacion-para-invertir-en-los-llanos-de-aridane","status":"publish","type":"post","link":"https:\/\/www.aridane.org\/city\/2023\/04\/03\/garcia-leal-anuncia-casi-4-millones-de-euros-de-financiacion-para-invertir-en-los-llanos-de-aridane\/","title":{"rendered":"Garc\u00eda Leal anuncia casi 4 millones de euros de financiaci\u00f3n para invertir en Los Llanos de Aridane"},"content":{"rendered":"<section class=\"wpb-content-wrapper\"><p>[vc_row css_animation=\u00bb\u00bb row_type=\u00bbrow\u00bb use_row_as_full_screen_section=\u00bbno\u00bb type=\u00bbfull_width\u00bb angled_section=\u00bbno\u00bb text_align=\u00bbleft\u00bb background_image_as_pattern=\u00bbwithout_pattern\u00bb][vc_column][vc_row_inner row_type=\u00bbrow\u00bb type=\u00bbgrid\u00bb text_align=\u00bbleft\u00bb css_animation=\u00bb\u00bb][vc_column_inner][vc_empty_space height=\u00bb20px\u00bb][vc_empty_space height=\u00bb20px\u00bb][\/vc_column_inner][\/vc_row_inner][vc_column_text]<\/p>\n<ul>\n<li style=\"text-align: justify;\"><em>La alcaldesa explica que este Plan de Sostenibilidad Tur\u00edstica contempla acciones como: la rehabilitaci\u00f3n de la antigua c\u00e1rcel, un monumento y rutas de la memoria, recuperar el cultivo de vi\u00f1a en Las Manchas y dar m\u00e1s accesibilidad a Puerto Naos. Todas ellas tendr\u00e1n un plazo de tres a\u00f1os para ser ejecutadas\u201d.<\/em><\/li>\n<li style=\"text-align: justify;\"><em>Adem\u00e1s, destaca que este Plan cuenta con una inversi\u00f3n que asciende hasta los 3.995.000 euros, procedentes del Gobierno de Espa\u00f1a; Gobierno de Canarias y del Consistorio aridanense, y confirma que se centrar\u00e1 en cuatro grandes ejes: \u00a0Transici\u00f3n Verde y Sostenible, Eficiencia Energ\u00e9tica, Transici\u00f3n Digital y Competitividad.<\/em><\/li>\n<\/ul>\n<p>&nbsp;<\/p>\n<p style=\"text-align: justify;\"><strong>Los Llanos de Aridane, 3 de abril de 2023.- <\/strong>El Ayuntamiento de Los Llanos de Aridane a trav\u00e9s de su alcaldesa, Noelia Garc\u00eda Leal,\u00a0 y junto al delegado del Gobierno en Canarias, Anselmo Pestana, han dado a conocer hoy, en rueda de prensa, las actuaciones que se llevar\u00e1n a cabo dentro del Plan de Sostenibilidad Tur\u00edstica del municipio, \u201ccuyo objetivo es el de seguir fomentando la recuperaci\u00f3n socioecon\u00f3mica del municipio a trav\u00e9s de una potente hoja de ruta con la que buscamos dar respuestas, crear oportunidades y fijar poblaci\u00f3n a trav\u00e9s de la combinaci\u00f3n de acciones en el patrimonio art\u00edstico y cultural; el paisaje rural; y el n\u00facleo tur\u00edstico de sol y playa\u201d.<\/p>\n<p style=\"text-align: justify;\">Garc\u00eda Leal afirma que este Plan de Sostenibilidad Tur\u00edstica de Los Llanos de Aridane cuenta con una inversi\u00f3n total que asciende hasta los\u00a0 3.995.000 euros, \u201cde los cuales, el Gobierno de Espa\u00f1a aporta la mitad 1.997.500 euros; la de la Consejer\u00eda de Turismo, Industria y Comercio del Gobierno de Canarias el otro 40%, 1.598.000 euros; mientras que el Consistorio aridanense el 10%, 399.500 euros\u201d.<\/p>\n<p style=\"text-align: justify;\">La alcaldesa explica que este Plan contar\u00e1 con 4 ejes: Transici\u00f3n Verde y Sostenible, Eficiencia Energ\u00e9tica, Transici\u00f3n Digital y Competitividad.<\/p>\n<p style=\"text-align: justify;\">En relaci\u00f3n a la Transmisi\u00f3n Verde y Sostenible, la edil, afirma que este eje contar\u00e1 con una inversi\u00f3n de 1.179.000 millones de euros,\u00a0 \u201cy llevaremos a cabo actuaciones para la recuperaci\u00f3n de la zona vitivin\u00edcola de Las Manchas; crearemos una ruta eco-tur denominada de cielo a mar; restauraremos de manera ambiental y paisaj\u00edstica la Monta\u00f1a de Tenista y el mirador. Adem\u00e1s, continuaremos apoyando e impulsando la agricultura sostenible y productos de kil\u00f3metro 0; y crearemos una zona deportiva al aire libre en el barranco de Tenista\u201d.<\/p>\n<p style=\"text-align: justify;\">Mientras, el segundo gran eje, la eficiencia energ\u00e9tica, contar\u00e1 con una financiaci\u00f3n de 375.000 euros, \u201cque ser\u00e1 clave para poder transformar nuestra principal zona tur\u00edstica, y una de las m\u00e1s importantes de la isla, Puerto Naos, en un espacio m\u00e1s eficiente. Asimismo, este presupuesto tambi\u00e9n nos permitir\u00e1 poder seguir trabajando en una movilidad urbana m\u00e1s sostenible, con el objetivo de continuar contribuyendo a que Los Llanos de Aridane sea un municipio m\u00e1s sostenible, y comprometido con el medio ambiente\u201d.<\/p>\n<p style=\"text-align: justify;\">En cuanto al tercer eje, la Transici\u00f3n Digital, Garc\u00eda Leal explica que cuenta con una inversi\u00f3n que asciende hasta los 315.000 euros, \u201cy que nos va a permitir ofrecer un gran impulso a la informaci\u00f3n y promoci\u00f3n tur\u00edstica digital; trabajar en la alfabetizaci\u00f3n digital de las empresas; y la se\u00f1al\u00e9tica tur\u00edstica inteligente del municipio\u201d.<\/p>\n<p style=\"text-align: justify;\">En cuanto al \u00faltimo punto, la Competitividad, la alcaldesa confirma que se destinar\u00e1n 2.135.000 euros, lo que supone m\u00e1s de la mitad de la inversi\u00f3n global del Plan, \u201cy va a favorecer la creaci\u00f3n de monumentos y rutas de la memora; trabajar en un Puerto Naos m\u00e1s accesible; la creaci\u00f3n de Archivo Hist\u00f3rico Municipal; poner en marcha el programa emprendimientos sostenibles; trabajar en una educaci\u00f3n ambiental transversal; y crear una oficina de gesti\u00f3n, comunicaci\u00f3n y participaci\u00f3n\u201d.<\/p>\n<p style=\"text-align: justify;\">Por su parte, Pestana ha se\u00f1alado que \u201cdijimos que cuando se fueran los focos, tras la erupci\u00f3n del volc\u00e1n, el Gobierno de Espa\u00f1a seguir\u00eda con La Palma, ayudando a la reconstrucci\u00f3n, y esta es una prueba m\u00e1s. El Gobierno de Espa\u00f1a se compromete con los Llanos de Aridane con cuatro millones de euros para el desarrollo de la sostenibilidad tur\u00edstica del municipio\u201d.<\/p>\n<p style=\"text-align: justify;\">Por \u00faltimo,\u00a0 la alcaldesa ha recordado \u201cla importancia de sumar esfuerzo entre todas las instituciones en un momento clave como el que vive Los Llanos de Aridane, el municipio m\u00e1s afectado por el volc\u00e1n, para poder ejecutar con \u00e9xito esta hoja de ruta, con el objetivo de poder seguir fomentando e impulsando la econom\u00eda local, y permitirnos poder seguir ofreciendo oportunidades a nuestros vecinos\u201d.<\/p>\n<p>[\/vc_column_text][\/vc_column][\/vc_row]<\/p>\n<\/section>","protected":false},"excerpt":{"rendered":"<p>[vc_row css_animation=\u00bb\u00bb row_type=\u00bbrow\u00bb use_row_as_full_screen_section=\u00bbno\u00bb type=\u00bbfull_width\u00bb angled_section=\u00bbno\u00bb text_align=\u00bbleft\u00bb background_image_as_pattern=\u00bbwithout_pattern\u00bb][vc_column][vc_row_inner row_type=\u00bbrow\u00bb type=\u00bbgrid\u00bb text_align=\u00bbleft\u00bb css_animation=\u00bb\u00bb][vc_column_inner][vc_empty_space height=\u00bb20px\u00bb][vc_empty_space height=\u00bb20px\u00bb][\/vc_column_inner][\/vc_row_inner][vc_column_text] La alcaldesa explica que este Plan de Sostenibilidad Tur\u00edstica contempla acciones como: la rehabilitaci\u00f3n de la antigua c\u00e1rcel, un monumento y rutas de la memoria, recuperar el cultivo de vi\u00f1a en&#8230;<\/p>\n","protected":false},"author":1,"featured_media":2515,"comment_status":"closed","ping_status":"open","sticky":false,"template":"","format":"standard","meta":{"footnotes":""},"categories":[6],"tags":[],"class_list":["post-1546","post","type-post","status-publish","format-standard","has-post-thumbnail","hentry","category-prensa"],"yoast_head":"<!-- This site is optimized with the Yoast SEO plugin v22.7 - https:\/\/yoast.com\/wordpress\/plugins\/seo\/ -->\n<title>Garc\u00eda Leal anuncia casi 4 millones de euros de financiaci\u00f3n para invertir en Los Llanos de Aridane - Ayuntamiento de Los Llanos de Aridane<\/title>\n<meta name=\"description\" content=\"El Ayuntamiento de Los Llanos de Aridane presenta el cartel y el programa de La Patrona 2021 con el lema \u201cRemedios, m\u00e1s que un nombre.\u201d\" \/>\n<meta name=\"robots\" content=\"index, follow, max-snippet:-1, max-image-preview:large, max-video-preview:-1\" \/>\n<link rel=\"canonical\" href=\"https:\/\/www.aridane.org\/city\/2023\/04\/03\/garcia-leal-anuncia-casi-4-millones-de-euros-de-financiacion-para-invertir-en-los-llanos-de-aridane\/\" \/>\n<meta property=\"og:locale\" content=\"es_ES\" \/>\n<meta property=\"og:type\" content=\"article\" \/>\n<meta property=\"og:title\" content=\"Garc\u00eda Leal anuncia casi 4 millones de euros de financiaci\u00f3n para invertir en Los Llanos de Aridane - Ayuntamiento de Los Llanos de Aridane\" \/>\n<meta property=\"og:description\" content=\"El Ayuntamiento de Los Llanos de Aridane presenta el cartel y el programa de La Patrona 2021 con el lema \u201cRemedios, m\u00e1s que un nombre.\u201d\" \/>\n<meta property=\"og:url\" content=\"https:\/\/www.aridane.org\/city\/2023\/04\/03\/garcia-leal-anuncia-casi-4-millones-de-euros-de-financiacion-para-invertir-en-los-llanos-de-aridane\/\" \/>\n<meta property=\"og:site_name\" content=\"Ayuntamiento de Los Llanos de Aridane\" \/>\n<meta property=\"article:published_time\" content=\"2023-04-03T12:12:09+00:00\" \/>\n<meta property=\"article:modified_time\" content=\"2023-07-25T11:40:29+00:00\" \/>\n<meta property=\"og:image\" content=\"https:\/\/www.aridane.org\/city\/wp-content\/uploads\/2023\/04\/financiacion_invertir.jpg\" \/>\n\t<meta property=\"og:image:width\" content=\"1200\" \/>\n\t<meta property=\"og:image:height\" content=\"675\" \/>\n\t<meta property=\"og:image:type\" content=\"image\/jpeg\" \/>\n<meta name=\"author\" content=\"Richard Diaz\" \/>\n<meta name=\"twitter:card\" content=\"summary_large_image\" \/>\n<meta name=\"twitter:label1\" content=\"Escrito por\" \/>\n\t<meta name=\"twitter:data1\" content=\"Richard Diaz\" \/>\n\t<meta name=\"twitter:label2\" content=\"Tiempo de lectura\" \/>\n\t<meta name=\"twitter:data2\" content=\"4 minutos\" \/>\n<script type=\"application\/ld+json\" class=\"yoast-schema-graph\">{\"@context\":\"https:\/\/schema.org\",\"@graph\":[{\"@type\":\"WebPage\",\"@id\":\"https:\/\/www.aridane.org\/city\/2023\/04\/03\/garcia-leal-anuncia-casi-4-millones-de-euros-de-financiacion-para-invertir-en-los-llanos-de-aridane\/\",\"url\":\"https:\/\/www.aridane.org\/city\/2023\/04\/03\/garcia-leal-anuncia-casi-4-millones-de-euros-de-financiacion-para-invertir-en-los-llanos-de-aridane\/\",\"name\":\"Garc\u00eda Leal anuncia casi 4 millones de euros de financiaci\u00f3n para invertir en Los Llanos de Aridane - Ayuntamiento de Los Llanos de Aridane\",\"isPartOf\":{\"@id\":\"https:\/\/www.aridane.org\/city\/#website\"},\"primaryImageOfPage\":{\"@id\":\"https:\/\/www.aridane.org\/city\/2023\/04\/03\/garcia-leal-anuncia-casi-4-millones-de-euros-de-financiacion-para-invertir-en-los-llanos-de-aridane\/#primaryimage\"},\"image\":{\"@id\":\"https:\/\/www.aridane.org\/city\/2023\/04\/03\/garcia-leal-anuncia-casi-4-millones-de-euros-de-financiacion-para-invertir-en-los-llanos-de-aridane\/#primaryimage\"},\"thumbnailUrl\":\"https:\/\/www.aridane.org\/city\/wp-content\/uploads\/2023\/04\/financiacion_invertir.jpg\",\"datePublished\":\"2023-04-03T12:12:09+00:00\",\"dateModified\":\"2023-07-25T11:40:29+00:00\",\"author\":{\"@id\":\"https:\/\/www.aridane.org\/city\/#\/schema\/person\/7d352ec7f29881716f298394432e7209\"},\"description\":\"El Ayuntamiento de Los Llanos de Aridane presenta el cartel y el programa de La Patrona 2021 con el lema \u201cRemedios, m\u00e1s que un nombre.\u201d\",\"breadcrumb\":{\"@id\":\"https:\/\/www.aridane.org\/city\/2023\/04\/03\/garcia-leal-anuncia-casi-4-millones-de-euros-de-financiacion-para-invertir-en-los-llanos-de-aridane\/#breadcrumb\"},\"inLanguage\":\"es\",\"potentialAction\":[{\"@type\":\"ReadAction\",\"target\":[\"https:\/\/www.aridane.org\/city\/2023\/04\/03\/garcia-leal-anuncia-casi-4-millones-de-euros-de-financiacion-para-invertir-en-los-llanos-de-aridane\/\"]}]},{\"@type\":\"ImageObject\",\"inLanguage\":\"es\",\"@id\":\"https:\/\/www.aridane.org\/city\/2023\/04\/03\/garcia-leal-anuncia-casi-4-millones-de-euros-de-financiacion-para-invertir-en-los-llanos-de-aridane\/#primaryimage\",\"url\":\"https:\/\/www.aridane.org\/city\/wp-content\/uploads\/2023\/04\/financiacion_invertir.jpg\",\"contentUrl\":\"https:\/\/www.aridane.org\/city\/wp-content\/uploads\/2023\/04\/financiacion_invertir.jpg\",\"width\":1200,\"height\":675},{\"@type\":\"BreadcrumbList\",\"@id\":\"https:\/\/www.aridane.org\/city\/2023\/04\/03\/garcia-leal-anuncia-casi-4-millones-de-euros-de-financiacion-para-invertir-en-los-llanos-de-aridane\/#breadcrumb\",\"itemListElement\":[{\"@type\":\"ListItem\",\"position\":1,\"name\":\"Portada\",\"item\":\"https:\/\/www.aridane.org\/city\/\"},{\"@type\":\"ListItem\",\"position\":2,\"name\":\"Garc\u00eda Leal anuncia casi 4 millones de euros de financiaci\u00f3n para invertir en Los Llanos de Aridane\"}]},{\"@type\":\"WebSite\",\"@id\":\"https:\/\/www.aridane.org\/city\/#website\",\"url\":\"https:\/\/www.aridane.org\/city\/\",\"name\":\"Ayuntamiento de Los Llanos de Aridane\",\"description\":\"\",\"potentialAction\":[{\"@type\":\"SearchAction\",\"target\":{\"@type\":\"EntryPoint\",\"urlTemplate\":\"https:\/\/www.aridane.org\/city\/?s={search_term_string}\"},\"query-input\":\"required name=search_term_string\"}],\"inLanguage\":\"es\"},{\"@type\":\"Person\",\"@id\":\"https:\/\/www.aridane.org\/city\/#\/schema\/person\/7d352ec7f29881716f298394432e7209\",\"name\":\"Richard Diaz\",\"image\":{\"@type\":\"ImageObject\",\"inLanguage\":\"es\",\"@id\":\"https:\/\/www.aridane.org\/city\/#\/schema\/person\/image\/\",\"url\":\"https:\/\/secure.gravatar.com\/avatar\/bacd6aefc26a4a204943090a4c596cd10f0857081ef3cfd12084a70ecb3161d5?s=96&d=mm&r=g\",\"contentUrl\":\"https:\/\/secure.gravatar.com\/avatar\/bacd6aefc26a4a204943090a4c596cd10f0857081ef3cfd12084a70ecb3161d5?s=96&d=mm&r=g\",\"caption\":\"Richard Diaz\"},\"sameAs\":[\"https:\/\/www.aridane.org\/city\"],\"url\":\"https:\/\/www.aridane.org\/city\/author\/richard-diaz\/\"}]}<\/script>\n<!-- \/ Yoast SEO plugin. -->","yoast_head_json":{"title":"Garc\u00eda Leal anuncia casi 4 millones de euros de financiaci\u00f3n para invertir en Los Llanos de Aridane - Ayuntamiento de Los Llanos de Aridane","description":"El Ayuntamiento de Los Llanos de Aridane presenta el cartel y el programa de La Patrona 2021 con el lema \u201cRemedios, m\u00e1s que un nombre.\u201d","robots":{"index":"index","follow":"follow","max-snippet":"max-snippet:-1","max-image-preview":"max-image-preview:large","max-video-preview":"max-video-preview:-1"},"canonical":"https:\/\/www.aridane.org\/city\/2023\/04\/03\/garcia-leal-anuncia-casi-4-millones-de-euros-de-financiacion-para-invertir-en-los-llanos-de-aridane\/","og_locale":"es_ES","og_type":"article","og_title":"Garc\u00eda Leal anuncia casi 4 millones de euros de financiaci\u00f3n para invertir en Los Llanos de Aridane - Ayuntamiento de Los Llanos de Aridane","og_description":"El Ayuntamiento de Los Llanos de Aridane presenta el cartel y el programa de La Patrona 2021 con el lema \u201cRemedios, m\u00e1s que un nombre.\u201d","og_url":"https:\/\/www.aridane.org\/city\/2023\/04\/03\/garcia-leal-anuncia-casi-4-millones-de-euros-de-financiacion-para-invertir-en-los-llanos-de-aridane\/","og_site_name":"Ayuntamiento de Los Llanos de Aridane","article_published_time":"2023-04-03T12:12:09+00:00","article_modified_time":"2023-07-25T11:40:29+00:00","og_image":[{"width":1200,"height":675,"url":"https:\/\/www.aridane.org\/city\/wp-content\/uploads\/2023\/04\/financiacion_invertir.jpg","type":"image\/jpeg"}],"author":"Richard Diaz","twitter_card":"summary_large_image","twitter_misc":{"Escrito por":"Richard Diaz","Tiempo de lectura":"4 minutos"},"schema":{"@context":"https:\/\/schema.org","@graph":[{"@type":"WebPage","@id":"https:\/\/www.aridane.org\/city\/2023\/04\/03\/garcia-leal-anuncia-casi-4-millones-de-euros-de-financiacion-para-invertir-en-los-llanos-de-aridane\/","url":"https:\/\/www.aridane.org\/city\/2023\/04\/03\/garcia-leal-anuncia-casi-4-millones-de-euros-de-financiacion-para-invertir-en-los-llanos-de-aridane\/","name":"Garc\u00eda Leal anuncia casi 4 millones de euros de financiaci\u00f3n para invertir en Los Llanos de Aridane - Ayuntamiento de Los Llanos de Aridane","isPartOf":{"@id":"https:\/\/www.aridane.org\/city\/#website"},"primaryImageOfPage":{"@id":"https:\/\/www.aridane.org\/city\/2023\/04\/03\/garcia-leal-anuncia-casi-4-millones-de-euros-de-financiacion-para-invertir-en-los-llanos-de-aridane\/#primaryimage"},"image":{"@id":"https:\/\/www.aridane.org\/city\/2023\/04\/03\/garcia-leal-anuncia-casi-4-millones-de-euros-de-financiacion-para-invertir-en-los-llanos-de-aridane\/#primaryimage"},"thumbnailUrl":"https:\/\/www.aridane.org\/city\/wp-content\/uploads\/2023\/04\/financiacion_invertir.jpg","datePublished":"2023-04-03T12:12:09+00:00","dateModified":"2023-07-25T11:40:29+00:00","author":{"@id":"https:\/\/www.aridane.org\/city\/#\/schema\/person\/7d352ec7f29881716f298394432e7209"},"description":"El Ayuntamiento de Los Llanos de Aridane presenta el cartel y el programa de La Patrona 2021 con el lema \u201cRemedios, m\u00e1s que un nombre.\u201d","breadcrumb":{"@id":"https:\/\/www.aridane.org\/city\/2023\/04\/03\/garcia-leal-anuncia-casi-4-millones-de-euros-de-financiacion-para-invertir-en-los-llanos-de-aridane\/#breadcrumb"},"inLanguage":"es","potentialAction":[{"@type":"ReadAction","target":["https:\/\/www.aridane.org\/city\/2023\/04\/03\/garcia-leal-anuncia-casi-4-millones-de-euros-de-financiacion-para-invertir-en-los-llanos-de-aridane\/"]}]},{"@type":"ImageObject","inLanguage":"es","@id":"https:\/\/www.aridane.org\/city\/2023\/04\/03\/garcia-leal-anuncia-casi-4-millones-de-euros-de-financiacion-para-invertir-en-los-llanos-de-aridane\/#primaryimage","url":"https:\/\/www.aridane.org\/city\/wp-content\/uploads\/2023\/04\/financiacion_invertir.jpg","contentUrl":"https:\/\/www.aridane.org\/city\/wp-content\/uploads\/2023\/04\/financiacion_invertir.jpg","width":1200,"height":675},{"@type":"BreadcrumbList","@id":"https:\/\/www.aridane.org\/city\/2023\/04\/03\/garcia-leal-anuncia-casi-4-millones-de-euros-de-financiacion-para-invertir-en-los-llanos-de-aridane\/#breadcrumb","itemListElement":[{"@type":"ListItem","position":1,"name":"Portada","item":"https:\/\/www.aridane.org\/city\/"},{"@type":"ListItem","position":2,"name":"Garc\u00eda Leal anuncia casi 4 millones de euros de financiaci\u00f3n para invertir en Los Llanos de Aridane"}]},{"@type":"WebSite","@id":"https:\/\/www.aridane.org\/city\/#website","url":"https:\/\/www.aridane.org\/city\/","name":"Ayuntamiento de Los Llanos de Aridane","description":"","potentialAction":[{"@type":"SearchAction","target":{"@type":"EntryPoint","urlTemplate":"https:\/\/www.aridane.org\/city\/?s={search_term_string}"},"query-input":"required name=search_term_string"}],"inLanguage":"es"},{"@type":"Person","@id":"https:\/\/www.aridane.org\/city\/#\/schema\/person\/7d352ec7f29881716f298394432e7209","name":"Richard Diaz","image":{"@type":"ImageObject","inLanguage":"es","@id":"https:\/\/www.aridane.org\/city\/#\/schema\/person\/image\/","url":"https:\/\/secure.gravatar.com\/avatar\/bacd6aefc26a4a204943090a4c596cd10f0857081ef3cfd12084a70ecb3161d5?s=96&d=mm&r=g","contentUrl":"https:\/\/secure.gravatar.com\/avatar\/bacd6aefc26a4a204943090a4c596cd10f0857081ef3cfd12084a70ecb3161d5?s=96&d=mm&r=g","caption":"Richard Diaz"},"sameAs":["https:\/\/www.aridane.org\/city"],"url":"https:\/\/www.aridane.org\/city\/author\/richard-diaz\/"}]}},"_links":{"self":[{"href":"https:\/\/www.aridane.org\/city\/wp-json\/wp\/v2\/posts\/1546","targetHints":{"allow":["GET"]}}],"collection":[{"href":"https:\/\/www.aridane.org\/city\/wp-json\/wp\/v2\/posts"}],"about":[{"href":"https:\/\/www.aridane.org\/city\/wp-json\/wp\/v2\/types\/post"}],"author":[{"embeddable":true,"href":"https:\/\/www.aridane.org\/city\/wp-json\/wp\/v2\/users\/1"}],"replies":[{"embeddable":true,"href":"https:\/\/www.aridane.org\/city\/wp-json\/wp\/v2\/comments?post=1546"}],"version-history":[{"count":1,"href":"https:\/\/www.aridane.org\/city\/wp-json\/wp\/v2\/posts\/1546\/revisions"}],"predecessor-version":[{"id":2516,"href":"https:\/\/www.aridane.org\/city\/wp-json\/wp\/v2\/posts\/1546\/revisions\/2516"}],"wp:featuredmedia":[{"embeddable":true,"href":"https:\/\/www.aridane.org\/city\/wp-json\/wp\/v2\/media\/2515"}],"wp:attachment":[{"href":"https:\/\/www.aridane.org\/city\/wp-json\/wp\/v2\/media?parent=1546"}],"wp:term":[{"taxonomy":"category","embeddable":true,"href":"https:\/\/www.aridane.org\/city\/wp-json\/wp\/v2\/categories?post=1546"},{"taxonomy":"post_tag","embeddable":true,"href":"https:\/\/www.aridane.org\/city\/wp-json\/wp\/v2\/tags?post=1546"}],"curies":[{"name":"wp","href":"https:\/\/api.w.org\/{rel}","templated":true}]}}