{"id":1548,"date":"2023-04-03T09:12:44","date_gmt":"2023-04-03T08:12:44","guid":{"rendered":"https:\/\/aridane.org\/ciudad\/?p=1548"},"modified":"2023-07-25T12:12:16","modified_gmt":"2023-07-25T12:12:16","slug":"el-ayuntamiento-de-los-llanos-de-aridane-concluye-la-obra-de-urbanizacion-de-la-plaza-de-san-pedro-en-argual-en-la-que-el-peaton-cobra-especial-protagonismo","status":"publish","type":"post","link":"https:\/\/www.aridane.org\/city\/2023\/04\/03\/el-ayuntamiento-de-los-llanos-de-aridane-concluye-la-obra-de-urbanizacion-de-la-plaza-de-san-pedro-en-argual-en-la-que-el-peaton-cobra-especial-protagonismo\/","title":{"rendered":"El Ayuntamiento de Los Llanos de Aridane concluye la obra de urbanizaci\u00f3n de la Plaza de San Pedro en Argual en la que el peat\u00f3n cobra especial protagonismo"},"content":{"rendered":"<section class=\"wpb-content-wrapper\"><p>[vc_row css_animation=\u00bb\u00bb row_type=\u00bbrow\u00bb use_row_as_full_screen_section=\u00bbno\u00bb type=\u00bbfull_width\u00bb angled_section=\u00bbno\u00bb text_align=\u00bbleft\u00bb background_image_as_pattern=\u00bbwithout_pattern\u00bb][vc_column][vc_row_inner row_type=\u00bbrow\u00bb type=\u00bbgrid\u00bb text_align=\u00bbleft\u00bb css_animation=\u00bb\u00bb][vc_column_inner][vc_empty_space height=\u00bb20px\u00bb][vc_empty_space height=\u00bb20px\u00bb][\/vc_column_inner][\/vc_row_inner][vc_column_text]<\/p>\n<ul>\n<li style=\"text-align: justify;\"><em>Garc\u00eda Leal destaca que con la creaci\u00f3n de este nuevo espacio abierto y di\u00e1fano se da respuesta a la demanda hist\u00f3rica de los vecinos de la zona. <\/em><\/li>\n<li style=\"text-align: justify;\"><em>Adem\u00e1s, la alcaldesa informa que pr\u00f3ximamente se rematar\u00e1n algunas zonas del entorno.<\/em><\/li>\n<\/ul>\n<p>&nbsp;<\/p>\n<p style=\"text-align: justify;\"><strong>Los Llanos de Aridane, 2 de abril de 2023.- <\/strong>El Ayuntamiento de Los Llanos de Aridane a trav\u00e9s de su alcaldesa, Noelia Garc\u00eda Leal, y el concejal de Urbanismo, Manuel Perera, han confirmado que ya han concluido las obras de la Plaza de San Pedro, \u201cun nuevo espacio con el que damos respuesta a la demanda hist\u00f3rica de los vecinos e esta zona\u201d, se\u00f1alan.<\/p>\n<p style=\"text-align: justify;\">Garc\u00eda Leal destaca que desde la creaci\u00f3n de esta Plaza apenas se hab\u00edan acometidos obras, \u201cy ahora hemos creado un espacio abierto, libre y di\u00e1fano, en el que el protagonista es el propio ciudadano\u00bb. Adem\u00e1s, explica que\u00a0 \u201chemos incorporado nuevo mobiliario urbano como: bancos, papeleras, jardineras, farolas, y puntos de iluminaci\u00f3n directa. A esto se suma, defiende, que tambi\u00e9n hemos hecho nuevas plazas de aparcamiento,\u00a0 una para personas con movilidad reducida, y otro de carga y descarga que nos va a permitir seguir colaborando en el ordenamiento de la circulaci\u00f3n\u201d, se\u00f1ala.<\/p>\n<p style=\"text-align: justify;\">Por su parte, Perera recuerda que\u00a0 est\u00e1 obra se ha llevado a cabo en una superficie de 2.190 m2, y ha contado con un presupuesto de 496.204,38 euros, de los cuales 97.665,80 euros ha sido inversi\u00f3n del Cabildo de La Palma, \u201cmientras que el resto procede de fondos propios del Consistorio\u201d.<\/p>\n<p style=\"text-align: justify;\">Adem\u00e1s, el concejal explica que en este nuevo entorno se han conservado los \u00e1rboles existentes, y tambi\u00e9n se ha a\u00f1adido nueva vegetaci\u00f3n, \u201casimismo, hemos instalado\u00a0 una nueva red de saneamiento, y realizado labores de fontaner\u00eda en la zona, con el fin de poder contar con un sistema de drenaje de aguas pluviales en la plaza y las v\u00edas\u201d. A esto se suma, afirma, que tambi\u00e9n hemos renovado todas las luminarias, y la hemos cambiado por led de \u00faltima generaci\u00f3n, \u201ccumpliendo as\u00ed con la normativa del Instituto de Astrof\u00edsica de Canarias, IAC, y con el fin de seguir trabajando en el ahorro energ\u00e9tico y contribuir con el medio ambiente\u201d.<\/p>\n<p style=\"text-align: justify;\">El concejal tambi\u00e9n destaca que \u201cse han adecuado las aceras, cumpliendo as\u00ed con la normativa, y hemos mejorado los aleda\u00f1os de la iglesia, incluso hemos creado un acceso a nivel en el lateral de la misma\u201d.<\/p>\n<p style=\"text-align: justify;\">Por \u00faltimo, desde el Ayuntamiento de Los Llanos de Aridane se pide disculpas a los vecinos por los posibles inconvenientes que se haya podido ocasionar con esta obra, y se informa que\u00a0 pr\u00f3ximamente se rematar\u00e1n algunas zonas del entorno, adem\u00e1s,\u00a0 \u201cse invita a todos los aridanenses a disfrutar de este nuevo espacio\u201d.<\/p>\n<p>[\/vc_column_text][\/vc_column][\/vc_row]<\/p>\n<\/section>","protected":false},"excerpt":{"rendered":"<p>[vc_row css_animation=\u00bb\u00bb row_type=\u00bbrow\u00bb use_row_as_full_screen_section=\u00bbno\u00bb type=\u00bbfull_width\u00bb angled_section=\u00bbno\u00bb text_align=\u00bbleft\u00bb background_image_as_pattern=\u00bbwithout_pattern\u00bb][vc_column][vc_row_inner row_type=\u00bbrow\u00bb type=\u00bbgrid\u00bb text_align=\u00bbleft\u00bb css_animation=\u00bb\u00bb][vc_column_inner][vc_empty_space height=\u00bb20px\u00bb][vc_empty_space height=\u00bb20px\u00bb][\/vc_column_inner][\/vc_row_inner][vc_column_text] Garc\u00eda Leal destaca que con la creaci\u00f3n de este nuevo espacio abierto y di\u00e1fano se da respuesta a la demanda hist\u00f3rica de los vecinos de la zona. Adem\u00e1s, la alcaldesa informa&#8230;<\/p>\n","protected":false},"author":1,"featured_media":2517,"comment_status":"closed","ping_status":"open","sticky":false,"template":"","format":"standard","meta":{"footnotes":""},"categories":[6],"tags":[],"class_list":["post-1548","post","type-post","status-publish","format-standard","has-post-thumbnail","hentry","category-prensa"],"yoast_head":"<!-- This site is optimized with the Yoast SEO plugin v22.7 - https:\/\/yoast.com\/wordpress\/plugins\/seo\/ -->\n<title>El Ayuntamiento de Los Llanos de Aridane concluye la obra de urbanizaci\u00f3n de la Plaza de San Pedro en Argual en la que el peat\u00f3n cobra especial protagonismo - Ayuntamiento de Los Llanos de Aridane<\/title>\n<meta name=\"description\" content=\"El Ayuntamiento de Los Llanos de Aridane presenta el cartel y el programa de La Patrona 2021 con el lema \u201cRemedios, m\u00e1s que un nombre.\u201d\" \/>\n<meta name=\"robots\" content=\"index, follow, max-snippet:-1, max-image-preview:large, max-video-preview:-1\" \/>\n<link rel=\"canonical\" href=\"https:\/\/www.aridane.org\/city\/2023\/04\/03\/el-ayuntamiento-de-los-llanos-de-aridane-concluye-la-obra-de-urbanizacion-de-la-plaza-de-san-pedro-en-argual-en-la-que-el-peaton-cobra-especial-protagonismo\/\" \/>\n<meta property=\"og:locale\" content=\"es_ES\" \/>\n<meta property=\"og:type\" content=\"article\" \/>\n<meta property=\"og:title\" content=\"El Ayuntamiento de Los Llanos de Aridane concluye la obra de urbanizaci\u00f3n de la Plaza de San Pedro en Argual en la que el peat\u00f3n cobra especial protagonismo - Ayuntamiento de Los Llanos de Aridane\" \/>\n<meta property=\"og:description\" content=\"El Ayuntamiento de Los Llanos de Aridane presenta el cartel y el programa de La Patrona 2021 con el lema \u201cRemedios, m\u00e1s que un nombre.\u201d\" \/>\n<meta property=\"og:url\" content=\"https:\/\/www.aridane.org\/city\/2023\/04\/03\/el-ayuntamiento-de-los-llanos-de-aridane-concluye-la-obra-de-urbanizacion-de-la-plaza-de-san-pedro-en-argual-en-la-que-el-peaton-cobra-especial-protagonismo\/\" \/>\n<meta property=\"og:site_name\" content=\"Ayuntamiento de Los Llanos de Aridane\" \/>\n<meta property=\"article:published_time\" content=\"2023-04-03T08:12:44+00:00\" \/>\n<meta property=\"article:modified_time\" content=\"2023-07-25T12:12:16+00:00\" \/>\n<meta property=\"og:image\" content=\"https:\/\/www.aridane.org\/city\/wp-content\/uploads\/2023\/04\/obra_san_pedro_en_argual.jpg\" \/>\n\t<meta property=\"og:image:width\" content=\"1200\" \/>\n\t<meta property=\"og:image:height\" content=\"675\" \/>\n\t<meta property=\"og:image:type\" content=\"image\/jpeg\" \/>\n<meta name=\"author\" content=\"Richard Diaz\" \/>\n<meta name=\"twitter:card\" content=\"summary_large_image\" \/>\n<meta name=\"twitter:label1\" content=\"Escrito por\" \/>\n\t<meta name=\"twitter:data1\" content=\"Richard Diaz\" \/>\n\t<meta name=\"twitter:label2\" content=\"Tiempo de lectura\" \/>\n\t<meta name=\"twitter:data2\" content=\"3 minutos\" \/>\n<script type=\"application\/ld+json\" class=\"yoast-schema-graph\">{\"@context\":\"https:\/\/schema.org\",\"@graph\":[{\"@type\":\"WebPage\",\"@id\":\"https:\/\/www.aridane.org\/city\/2023\/04\/03\/el-ayuntamiento-de-los-llanos-de-aridane-concluye-la-obra-de-urbanizacion-de-la-plaza-de-san-pedro-en-argual-en-la-que-el-peaton-cobra-especial-protagonismo\/\",\"url\":\"https:\/\/www.aridane.org\/city\/2023\/04\/03\/el-ayuntamiento-de-los-llanos-de-aridane-concluye-la-obra-de-urbanizacion-de-la-plaza-de-san-pedro-en-argual-en-la-que-el-peaton-cobra-especial-protagonismo\/\",\"name\":\"El Ayuntamiento de Los Llanos de Aridane concluye la obra de urbanizaci\u00f3n de la Plaza de San Pedro en Argual en la que el peat\u00f3n cobra especial protagonismo - Ayuntamiento de Los Llanos de Aridane\",\"isPartOf\":{\"@id\":\"https:\/\/www.aridane.org\/city\/#website\"},\"primaryImageOfPage\":{\"@id\":\"https:\/\/www.aridane.org\/city\/2023\/04\/03\/el-ayuntamiento-de-los-llanos-de-aridane-concluye-la-obra-de-urbanizacion-de-la-plaza-de-san-pedro-en-argual-en-la-que-el-peaton-cobra-especial-protagonismo\/#primaryimage\"},\"image\":{\"@id\":\"https:\/\/www.aridane.org\/city\/2023\/04\/03\/el-ayuntamiento-de-los-llanos-de-aridane-concluye-la-obra-de-urbanizacion-de-la-plaza-de-san-pedro-en-argual-en-la-que-el-peaton-cobra-especial-protagonismo\/#primaryimage\"},\"thumbnailUrl\":\"https:\/\/www.aridane.org\/city\/wp-content\/uploads\/2023\/04\/obra_san_pedro_en_argual.jpg\",\"datePublished\":\"2023-04-03T08:12:44+00:00\",\"dateModified\":\"2023-07-25T12:12:16+00:00\",\"author\":{\"@id\":\"https:\/\/www.aridane.org\/city\/#\/schema\/person\/7d352ec7f29881716f298394432e7209\"},\"description\":\"El Ayuntamiento de Los Llanos de Aridane presenta el cartel y el programa de La Patrona 2021 con el lema \u201cRemedios, m\u00e1s que un nombre.\u201d\",\"breadcrumb\":{\"@id\":\"https:\/\/www.aridane.org\/city\/2023\/04\/03\/el-ayuntamiento-de-los-llanos-de-aridane-concluye-la-obra-de-urbanizacion-de-la-plaza-de-san-pedro-en-argual-en-la-que-el-peaton-cobra-especial-protagonismo\/#breadcrumb\"},\"inLanguage\":\"es\",\"potentialAction\":[{\"@type\":\"ReadAction\",\"target\":[\"https:\/\/www.aridane.org\/city\/2023\/04\/03\/el-ayuntamiento-de-los-llanos-de-aridane-concluye-la-obra-de-urbanizacion-de-la-plaza-de-san-pedro-en-argual-en-la-que-el-peaton-cobra-especial-protagonismo\/\"]}]},{\"@type\":\"ImageObject\",\"inLanguage\":\"es\",\"@id\":\"https:\/\/www.aridane.org\/city\/2023\/04\/03\/el-ayuntamiento-de-los-llanos-de-aridane-concluye-la-obra-de-urbanizacion-de-la-plaza-de-san-pedro-en-argual-en-la-que-el-peaton-cobra-especial-protagonismo\/#primaryimage\",\"url\":\"https:\/\/www.aridane.org\/city\/wp-content\/uploads\/2023\/04\/obra_san_pedro_en_argual.jpg\",\"contentUrl\":\"https:\/\/www.aridane.org\/city\/wp-content\/uploads\/2023\/04\/obra_san_pedro_en_argual.jpg\",\"width\":1200,\"height\":675},{\"@type\":\"BreadcrumbList\",\"@id\":\"https:\/\/www.aridane.org\/city\/2023\/04\/03\/el-ayuntamiento-de-los-llanos-de-aridane-concluye-la-obra-de-urbanizacion-de-la-plaza-de-san-pedro-en-argual-en-la-que-el-peaton-cobra-especial-protagonismo\/#breadcrumb\",\"itemListElement\":[{\"@type\":\"ListItem\",\"position\":1,\"name\":\"Portada\",\"item\":\"https:\/\/www.aridane.org\/city\/\"},{\"@type\":\"ListItem\",\"position\":2,\"name\":\"El Ayuntamiento de Los Llanos de Aridane concluye la obra de urbanizaci\u00f3n de la Plaza de San Pedro en Argual en la que el peat\u00f3n cobra especial protagonismo\"}]},{\"@type\":\"WebSite\",\"@id\":\"https:\/\/www.aridane.org\/city\/#website\",\"url\":\"https:\/\/www.aridane.org\/city\/\",\"name\":\"Ayuntamiento de Los Llanos de Aridane\",\"description\":\"\",\"potentialAction\":[{\"@type\":\"SearchAction\",\"target\":{\"@type\":\"EntryPoint\",\"urlTemplate\":\"https:\/\/www.aridane.org\/city\/?s={search_term_string}\"},\"query-input\":\"required name=search_term_string\"}],\"inLanguage\":\"es\"},{\"@type\":\"Person\",\"@id\":\"https:\/\/www.aridane.org\/city\/#\/schema\/person\/7d352ec7f29881716f298394432e7209\",\"name\":\"Richard Diaz\",\"image\":{\"@type\":\"ImageObject\",\"inLanguage\":\"es\",\"@id\":\"https:\/\/www.aridane.org\/city\/#\/schema\/person\/image\/\",\"url\":\"https:\/\/secure.gravatar.com\/avatar\/bacd6aefc26a4a204943090a4c596cd10f0857081ef3cfd12084a70ecb3161d5?s=96&d=mm&r=g\",\"contentUrl\":\"https:\/\/secure.gravatar.com\/avatar\/bacd6aefc26a4a204943090a4c596cd10f0857081ef3cfd12084a70ecb3161d5?s=96&d=mm&r=g\",\"caption\":\"Richard Diaz\"},\"sameAs\":[\"https:\/\/www.aridane.org\/city\"],\"url\":\"https:\/\/www.aridane.org\/city\/author\/richard-diaz\/\"}]}<\/script>\n<!-- \/ Yoast SEO plugin. -->","yoast_head_json":{"title":"El Ayuntamiento de Los Llanos de Aridane concluye la obra de urbanizaci\u00f3n de la Plaza de San Pedro en Argual en la que el peat\u00f3n cobra especial protagonismo - Ayuntamiento de Los Llanos de Aridane","description":"El Ayuntamiento de Los Llanos de Aridane presenta el cartel y el programa de La Patrona 2021 con el lema \u201cRemedios, m\u00e1s que un nombre.\u201d","robots":{"index":"index","follow":"follow","max-snippet":"max-snippet:-1","max-image-preview":"max-image-preview:large","max-video-preview":"max-video-preview:-1"},"canonical":"https:\/\/www.aridane.org\/city\/2023\/04\/03\/el-ayuntamiento-de-los-llanos-de-aridane-concluye-la-obra-de-urbanizacion-de-la-plaza-de-san-pedro-en-argual-en-la-que-el-peaton-cobra-especial-protagonismo\/","og_locale":"es_ES","og_type":"article","og_title":"El Ayuntamiento de Los Llanos de Aridane concluye la obra de urbanizaci\u00f3n de la Plaza de San Pedro en Argual en la que el peat\u00f3n cobra especial protagonismo - Ayuntamiento de Los Llanos de Aridane","og_description":"El Ayuntamiento de Los Llanos de Aridane presenta el cartel y el programa de La Patrona 2021 con el lema \u201cRemedios, m\u00e1s que un nombre.\u201d","og_url":"https:\/\/www.aridane.org\/city\/2023\/04\/03\/el-ayuntamiento-de-los-llanos-de-aridane-concluye-la-obra-de-urbanizacion-de-la-plaza-de-san-pedro-en-argual-en-la-que-el-peaton-cobra-especial-protagonismo\/","og_site_name":"Ayuntamiento de Los Llanos de Aridane","article_published_time":"2023-04-03T08:12:44+00:00","article_modified_time":"2023-07-25T12:12:16+00:00","og_image":[{"width":1200,"height":675,"url":"https:\/\/www.aridane.org\/city\/wp-content\/uploads\/2023\/04\/obra_san_pedro_en_argual.jpg","type":"image\/jpeg"}],"author":"Richard Diaz","twitter_card":"summary_large_image","twitter_misc":{"Escrito por":"Richard Diaz","Tiempo de lectura":"3 minutos"},"schema":{"@context":"https:\/\/schema.org","@graph":[{"@type":"WebPage","@id":"https:\/\/www.aridane.org\/city\/2023\/04\/03\/el-ayuntamiento-de-los-llanos-de-aridane-concluye-la-obra-de-urbanizacion-de-la-plaza-de-san-pedro-en-argual-en-la-que-el-peaton-cobra-especial-protagonismo\/","url":"https:\/\/www.aridane.org\/city\/2023\/04\/03\/el-ayuntamiento-de-los-llanos-de-aridane-concluye-la-obra-de-urbanizacion-de-la-plaza-de-san-pedro-en-argual-en-la-que-el-peaton-cobra-especial-protagonismo\/","name":"El Ayuntamiento de Los Llanos de Aridane concluye la obra de urbanizaci\u00f3n de la Plaza de San Pedro en Argual en la que el peat\u00f3n cobra especial protagonismo - Ayuntamiento de Los Llanos de Aridane","isPartOf":{"@id":"https:\/\/www.aridane.org\/city\/#website"},"primaryImageOfPage":{"@id":"https:\/\/www.aridane.org\/city\/2023\/04\/03\/el-ayuntamiento-de-los-llanos-de-aridane-concluye-la-obra-de-urbanizacion-de-la-plaza-de-san-pedro-en-argual-en-la-que-el-peaton-cobra-especial-protagonismo\/#primaryimage"},"image":{"@id":"https:\/\/www.aridane.org\/city\/2023\/04\/03\/el-ayuntamiento-de-los-llanos-de-aridane-concluye-la-obra-de-urbanizacion-de-la-plaza-de-san-pedro-en-argual-en-la-que-el-peaton-cobra-especial-protagonismo\/#primaryimage"},"thumbnailUrl":"https:\/\/www.aridane.org\/city\/wp-content\/uploads\/2023\/04\/obra_san_pedro_en_argual.jpg","datePublished":"2023-04-03T08:12:44+00:00","dateModified":"2023-07-25T12:12:16+00:00","author":{"@id":"https:\/\/www.aridane.org\/city\/#\/schema\/person\/7d352ec7f29881716f298394432e7209"},"description":"El Ayuntamiento de Los Llanos de Aridane presenta el cartel y el programa de La Patrona 2021 con el lema \u201cRemedios, m\u00e1s que un nombre.\u201d","breadcrumb":{"@id":"https:\/\/www.aridane.org\/city\/2023\/04\/03\/el-ayuntamiento-de-los-llanos-de-aridane-concluye-la-obra-de-urbanizacion-de-la-plaza-de-san-pedro-en-argual-en-la-que-el-peaton-cobra-especial-protagonismo\/#breadcrumb"},"inLanguage":"es","potentialAction":[{"@type":"ReadAction","target":["https:\/\/www.aridane.org\/city\/2023\/04\/03\/el-ayuntamiento-de-los-llanos-de-aridane-concluye-la-obra-de-urbanizacion-de-la-plaza-de-san-pedro-en-argual-en-la-que-el-peaton-cobra-especial-protagonismo\/"]}]},{"@type":"ImageObject","inLanguage":"es","@id":"https:\/\/www.aridane.org\/city\/2023\/04\/03\/el-ayuntamiento-de-los-llanos-de-aridane-concluye-la-obra-de-urbanizacion-de-la-plaza-de-san-pedro-en-argual-en-la-que-el-peaton-cobra-especial-protagonismo\/#primaryimage","url":"https:\/\/www.aridane.org\/city\/wp-content\/uploads\/2023\/04\/obra_san_pedro_en_argual.jpg","contentUrl":"https:\/\/www.aridane.org\/city\/wp-content\/uploads\/2023\/04\/obra_san_pedro_en_argual.jpg","width":1200,"height":675},{"@type":"BreadcrumbList","@id":"https:\/\/www.aridane.org\/city\/2023\/04\/03\/el-ayuntamiento-de-los-llanos-de-aridane-concluye-la-obra-de-urbanizacion-de-la-plaza-de-san-pedro-en-argual-en-la-que-el-peaton-cobra-especial-protagonismo\/#breadcrumb","itemListElement":[{"@type":"ListItem","position":1,"name":"Portada","item":"https:\/\/www.aridane.org\/city\/"},{"@type":"ListItem","position":2,"name":"El Ayuntamiento de Los Llanos de Aridane concluye la obra de urbanizaci\u00f3n de la Plaza de San Pedro en Argual en la que el peat\u00f3n cobra especial protagonismo"}]},{"@type":"WebSite","@id":"https:\/\/www.aridane.org\/city\/#website","url":"https:\/\/www.aridane.org\/city\/","name":"Ayuntamiento de Los Llanos de Aridane","description":"","potentialAction":[{"@type":"SearchAction","target":{"@type":"EntryPoint","urlTemplate":"https:\/\/www.aridane.org\/city\/?s={search_term_string}"},"query-input":"required name=search_term_string"}],"inLanguage":"es"},{"@type":"Person","@id":"https:\/\/www.aridane.org\/city\/#\/schema\/person\/7d352ec7f29881716f298394432e7209","name":"Richard Diaz","image":{"@type":"ImageObject","inLanguage":"es","@id":"https:\/\/www.aridane.org\/city\/#\/schema\/person\/image\/","url":"https:\/\/secure.gravatar.com\/avatar\/bacd6aefc26a4a204943090a4c596cd10f0857081ef3cfd12084a70ecb3161d5?s=96&d=mm&r=g","contentUrl":"https:\/\/secure.gravatar.com\/avatar\/bacd6aefc26a4a204943090a4c596cd10f0857081ef3cfd12084a70ecb3161d5?s=96&d=mm&r=g","caption":"Richard Diaz"},"sameAs":["https:\/\/www.aridane.org\/city"],"url":"https:\/\/www.aridane.org\/city\/author\/richard-diaz\/"}]}},"_links":{"self":[{"href":"https:\/\/www.aridane.org\/city\/wp-json\/wp\/v2\/posts\/1548","targetHints":{"allow":["GET"]}}],"collection":[{"href":"https:\/\/www.aridane.org\/city\/wp-json\/wp\/v2\/posts"}],"about":[{"href":"https:\/\/www.aridane.org\/city\/wp-json\/wp\/v2\/types\/post"}],"author":[{"embeddable":true,"href":"https:\/\/www.aridane.org\/city\/wp-json\/wp\/v2\/users\/1"}],"replies":[{"embeddable":true,"href":"https:\/\/www.aridane.org\/city\/wp-json\/wp\/v2\/comments?post=1548"}],"version-history":[{"count":1,"href":"https:\/\/www.aridane.org\/city\/wp-json\/wp\/v2\/posts\/1548\/revisions"}],"predecessor-version":[{"id":2518,"href":"https:\/\/www.aridane.org\/city\/wp-json\/wp\/v2\/posts\/1548\/revisions\/2518"}],"wp:featuredmedia":[{"embeddable":true,"href":"https:\/\/www.aridane.org\/city\/wp-json\/wp\/v2\/media\/2517"}],"wp:attachment":[{"href":"https:\/\/www.aridane.org\/city\/wp-json\/wp\/v2\/media?parent=1548"}],"wp:term":[{"taxonomy":"category","embeddable":true,"href":"https:\/\/www.aridane.org\/city\/wp-json\/wp\/v2\/categories?post=1548"},{"taxonomy":"post_tag","embeddable":true,"href":"https:\/\/www.aridane.org\/city\/wp-json\/wp\/v2\/tags?post=1548"}],"curies":[{"name":"wp","href":"https:\/\/api.w.org\/{rel}","templated":true}]}}