{"id":1556,"date":"2023-04-04T12:25:58","date_gmt":"2023-04-04T11:25:58","guid":{"rendered":"https:\/\/aridane.org\/ciudad\/?p=1556"},"modified":"2023-07-25T11:27:41","modified_gmt":"2023-07-25T11:27:41","slug":"regresa-a-los-llanos-de-aridane-la-feria-del-libro-del-12-al-15-de-abril","status":"publish","type":"post","link":"https:\/\/www.aridane.org\/city\/2023\/04\/04\/regresa-a-los-llanos-de-aridane-la-feria-del-libro-del-12-al-15-de-abril\/","title":{"rendered":"Regresa a Los Llanos de Aridane la Feria del libro del 12 al 15 de abril"},"content":{"rendered":"<section class=\"wpb-content-wrapper\"><p>[vc_row css_animation=\u00bb\u00bb row_type=\u00bbrow\u00bb use_row_as_full_screen_section=\u00bbno\u00bb type=\u00bbfull_width\u00bb angled_section=\u00bbno\u00bb text_align=\u00bbleft\u00bb background_image_as_pattern=\u00bbwithout_pattern\u00bb][vc_column][vc_row_inner row_type=\u00bbrow\u00bb type=\u00bbgrid\u00bb text_align=\u00bbleft\u00bb css_animation=\u00bb\u00bb][vc_column_inner][vc_empty_space height=\u00bb20px\u00bb][vc_empty_space height=\u00bb20px\u00bb][\/vc_column_inner][\/vc_row_inner][vc_column_text]<\/p>\n<ul>\n<li style=\"text-align: justify;\"><em>La concejal de Cultura, Charo Gonz\u00e1lez, informa que un a\u00f1o m\u00e1s se ha preparado un extenso programa que se desarrollar\u00e1 principalmente en la Plaza de Espa\u00f1a, e invita a todas las personas que lo deseen a participar en las actividades programadas. <\/em><\/li>\n<li style=\"text-align: justify;\"><em>Adem\u00e1s, durante estos d\u00edas tambi\u00e9n se llevar\u00e1n a cabo las actividades peri\u00f3dicas de la biblioteca como: la Pequeteca, el Club de Lectura F\u00e1cil o Tesoros del Coraz\u00f3n que continuar\u00e1n realiz\u00e1ndose a su hora y en su mismo espacio.<\/em><\/li>\n<\/ul>\n<p>&nbsp;<\/p>\n<p style=\"text-align: justify;\"><strong>Los Llanos de Aridane, 4 de abril de 2023.- <\/strong>El Ayuntamiento de Los Llanos de Aridane a trav\u00e9s de la concejal de Cultura, Charo Gonz\u00e1lez, ha informado que la Feria del Libro regresa al municipio del pr\u00f3ximo \u00a012 al 15 de abril, \u201cy la mayor\u00eda de sus actividades se desarrollar\u00e1n en la Plaza de Espa\u00f1a\u201d.<\/p>\n<p style=\"text-align: justify;\">Gonz\u00e1lez explica que el mi\u00e9rcoles 12, a partir de las 10:00 horas, ser\u00e1 la apertura de las casetas de librer\u00edas y editoriales. Adem\u00e1s, a partir de las 10:30 se desarrollar\u00e1 &#8216;Cuentos para superar\u2019, a cargo de Javi Gonz\u00e1lez, y destinado a la comunidad escolar, \u00a0que se desarrollar\u00e1 tambi\u00e9n durante el resto de d\u00edas, y confirma que \u201cest\u00e1 organizada por Sociedad Activa Palmawara, con la colaboraci\u00f3n del Ayuntamiento de Los Llanos de Aridane y la financiaci\u00f3n de Fundaci\u00f3n Santander\u201d.<\/p>\n<p style=\"text-align: justify;\">A partir de las 18:00 horas ser\u00e1 la presentaci\u00f3n de \u00a0\u201cMi padre, un esp\u00eda ruso\u201d a cargo de su autora Alejandra Su\u00e1rez, y junto a \u00a0Melisa Rodr\u00edguez.<\/p>\n<p style=\"text-align: justify;\">Resulta que, sin yo saberlo, mi existencia ha sido uno de los secretos mejor guardados de la Guerra Fr\u00eda y que tanto mi madre como la CIA me ocultaron al mundo. Esta es la historia de c\u00f3mo descubr\u00ed que mi padre era un esp\u00eda\u201d, se\u00f1ala la autora. Durante casi toda su vida, Alejandra Su\u00e1rez, vivi\u00f3 con su madre una relaci\u00f3n tormentosa y salpicada de secretos, pues esta se negaba a revelar ning\u00fan detalle sobre qui\u00e9n era su padre. Dispuesta a conocer sus or\u00edgenes, Alejandra emprendi\u00f3 una investigaci\u00f3n tit\u00e1nica que la llev\u00f3 a descubrir que era hija de Aleksandr Ogor\u00f3dnik, uno de los esp\u00edas m\u00e1s importantes durante la Guerra Fr\u00eda, contactado por la CIA en Bogot\u00e1 y capturado por el KGB en Mosc\u00fa.<\/p>\n<p style=\"text-align: justify;\">\u2018Mi padre, un esp\u00eda ruso\u2019 es un relato fascinante que recoge la historia de la lucha de una hija desesperada por hallar la verdad y las memorias in\u00e9ditas de su padre, que suponen una cr\u00edtica feroz al comunismo de la Uni\u00f3n Sovi\u00e9tica, recuperadas de entre las pertenencias de su madre.<\/p>\n<p style=\"text-align: justify;\">Mientras, a las 19:15 horas ser\u00e1 la presentaci\u00f3n de \u201cLa Tuerta\u201d a cargo de la propia escritora, Mar\u00eda del Mar Rodr\u00edguez.<\/p>\n<p style=\"text-align: justify;\">Durante los a\u00f1os 1946 y 1947, periodo en el que se desarrolla la historia de La Tuerta, en la isla de Tenerife, la poblaci\u00f3n soporta una profunda crisis econ\u00f3mica y la subsistencia, en un contexto de escasez cr\u00f3nica de alimentos, es la prioridad para sus habitantes. En estas circunstancias, en las que se grita por hambre y se calla por miedo, las perdedoras entre los perdedores son las mujeres con sus hijos e hijas y una frase, repetida en la \u00e9poca por aquellas que se ven abocadas a ejercer la prostituci\u00f3n, se convierte en toda una declaraci\u00f3n de intenciones y de motivos: \u2018Por los hijos&#8230; Esto se hace por los hijos\u2026\u2019. Burdeles y prost\u00edbulos conforman un entramado, despreciado socialmente, pero aceptado como necesario, en el que muchas de ellas rinden tributo al principio de la supervivencia. En Santa Cruz de Tenerife la prostituci\u00f3n se ejerce, principalmente, en la calle de Miraflores, que es conocida como la calle de las Ni\u00f1as.<\/p>\n<p style=\"text-align: justify;\">El jueves 13 de abril, a partir de las 17:00 horas tendr\u00e1 lugar Manos Lectoras, el Club de Lectura Infantil en Lengua de Signos, con Aleida Exp\u00f3sito y Olaya Rodr\u00edguez, para ni\u00f1os y ni\u00f1as de 6 a 12 a\u00f1os.<\/p>\n<p style=\"text-align: justify;\">Adem\u00e1s, a las 18:00 horas se har\u00e1 entrega del Premio del concurso de Microrrelatos organizado por la Plataforma oce\u00e1nica Canarias.<\/p>\n<p style=\"text-align: justify;\">Mientras que a las 19:00 horas tendr\u00e1 lugar \u2018Un Bosque Propio\u2019, el Club de lectura feminista dinamizado por Patricia Figuero. En esta ocasi\u00f3n tendr\u00e1 lugar el encuentro con la escritora Aixa De La Cruz, autora de \u2018Las Herederas\u2019<\/p>\n<p style=\"text-align: justify;\">Aixa de la Cruz, Bilbao, 1988, es licenciada en Filolog\u00eda Inglesa y Doctora en Teor\u00eda de la Literatura y Literatura Comparada.<\/p>\n<p style=\"text-align: justify;\">En este espacio, afirma la concejal, \u201chablaremos con ella de su \u00faltima novela, Las herederas. Se ha dicho del libro que es una mezcla de drama familiar y tintes de novela g\u00f3tica y de la autora que es una gran pensadora, punzante en sus argumentos y muy l\u00facida a la hora de analizar las estructuras sociales\u201d.<\/p>\n<p style=\"text-align: justify;\">A partir de las 19.30 h ser\u00e1 la charla\/taller Bolboreta, a cargo de \u00a0Mar\u00eda Jos\u00e9 Ferrada, en la Biblioteca Municipal Mar\u00eda nieves P\u00e9rez Acosta, el aforo ser\u00e1 limitado y las inscripciones pueden realizarse en <a href=\"http:\/\/www.tuticketlapalma.com\/\">www.tuticketlapalma.com<\/a><\/p>\n<p style=\"text-align: justify;\">Gonz\u00e1lez explica que junto a los participantes de esta charla\/taller celebraremos la poes\u00eda como una forma de mirar y experimentar el mundo que habitamos. Sus libros han sido traducidos a quince idiomas. Adem\u00e1s, ha sido galardonada con numerosos reconocimientos literarios, entre ellos: el Premio Iberoamericano Cervantes Chico, Premio Iberoamericano Cervantes Chico, Premio Iberoamericano SM de Literatura Infantil y Juvenil, Premio Hispanoamericano de Poes\u00eda para Ni\u00f1os y New Horizons Bologna Ragazzi\u201d.<\/p>\n<p style=\"text-align: justify;\">La programaci\u00f3n tambi\u00e9n contin\u00faa el viernes 14 de abril, a partir de las 18:00 horas tendr\u00e1 lugar la presentaci\u00f3n de \u2018Inocente hasta que se demuestre lo contrario\u2019, de Beatriz G\u00f3mez Magdalena, \u201cuna obra que ser\u00e1 presentada por su propia autora junto a la prologuista del libro Luc\u00eda Rosa Gonz\u00e1lez y el editor Alejandro Salvador Salas\u201d.<\/p>\n<p style=\"text-align: justify;\">Mientras que a las 19:00 horas tendr\u00e1 lugar \u00a0La Plaza de la Poes\u00eda con el Club de lectura dinamizado por Aquiles Garc\u00eda Brito.<\/p>\n<p style=\"text-align: justify;\">A las 20:15 horas ser\u00e1 la presentaci\u00f3n de \u201cEl escabel de terciopelo rojo\u201d de Baltasar Medina, y ser\u00e1 el propio escritor el que presente su obra. \u00a0\u201cUna novela hist\u00f3rica donde se entrecruzan el amor y la vileza, cuyos personajes fueron verdaderos protagonistas del ataque corsario que pudo cambiar el devenir de La Palma\u201d.<\/p>\n<p style=\"text-align: justify;\">Baltasar Medina Pe\u00f1ate, Telde 1976, es licenciado en Educaci\u00f3n F\u00edsica y diplomado en Trabajo Social por la ULPGC, y profesor de Ense\u00f1anza Secundaria. Fue el ganador del Premio de Poes\u00eda Saulo Tor\u00f3n 2010, convocado por el Consejo Social de la Universidad de Las Palmas de Gran Canaria, con el poemario \u201cCur\u00e1ndome en salud\u201d. En 2014 fue finalista del III Premio IES La Guancha de Relato Corto para Docentes con el cuento \u201cTodos los que sab\u00edan silbar\u201d.<\/p>\n<p style=\"text-align: justify;\">Para el \u00faltimo, d\u00eda el s\u00e1bado 15 de abril se ha preparado a partir de las 11:00 horas la presentaci\u00f3n de \u00a0\u2018A la deriva todo en mano\/insulae\u2019 de Carlos Pulido de Bonoso. Una obra que ser\u00e1 presentada por el propio autor, y los editores de La Gallofa Cartonera , Ricardo Hern\u00e1ndez Bravo y Coriolano Gonz\u00e1lez Monta\u00f1\u00e9s.<\/p>\n<p style=\"text-align: justify;\">\u201cHe aqu\u00ed dos poemarios de distinta tem\u00e1tica: A la deriva todo en vano; e Insulae, Carezco, es cierto, de un concepto de valor que aplicar a ambas obras. Las realic\u00e9 sin m\u00e1s, como un ni\u00f1o que juega para distraerse mientras crec\u00eda la soledad como una certeza, y todo parec\u00eda confabularse en contra y solo me quedaba la embriaguez de la derrota. Reconozco ahora que estos poemas -si acaso merecen tal nombre- tienen m\u00e1s que ver con hallazgos de tipo existencial, emocionales, que con el genio verdadero. Vanos intentos de habitar mi soledad para as\u00ed mantenerme en compa\u00f1\u00eda de m\u00ed mismo. Un lugar donde agitar el caleidoscopio de la experiencia para llegar al punto donde mediar entre el dolor de la intimidad, la energ\u00eda de lo p\u00fablico y la exquisita intervenci\u00f3n de lo desconocido. Si lo escrito aqu\u00ed, le\u00eddo quiz\u00e1s por otros, les sirviera, bueno ser\u00e1; pero si no lo leyeran, s\u00ed no les sirviera, tambi\u00e9n ser\u00e1 bueno.\u201d<\/p>\n<p style=\"text-align: justify;\">Mientras que a las 12:30 horas ser\u00e1 la presentaci\u00f3n de \u201cMujerario\u201d de Iv\u00e1n Prado, texto, e Iris Serrano, ilustraci\u00f3n. La presentaci\u00f3n correr\u00e1 a cargo del propio autor, junto a Patricia Figuero, Tata Zirga y Nuria Hern\u00e1ndez.<\/p>\n<p style=\"text-align: justify;\">Se trata del tercer trabajo, pero el primero publicado, parido desde el Proyecto Colibr\u00ed, que estas dos creadoras impulsan desde el a\u00f1o 2018, como carta de navegaci\u00f3n para caminantes del \u2018artivismo\u2019. En este trabajo se suman los universos pict\u00f3ricos de una ilustradora de femeninos por abordar y las trincheras creativas de un payaso vestido de escritura consciente. \u201cTodos los recursos econ\u00f3micos rescatados de esta aventura ser\u00e1n destinados al colectivo internacional Pallasos en Rebeld\u00eda, para financiar sus proyectos en campos de refugiados de Asia, Europa y \u00c1frica y en comunidades ind\u00edgenas de Am\u00e9rica Latina\u201d.<\/p>\n<p style=\"text-align: justify;\">\u201cMujeres de pan, mujeres de paso, mujeres de amar y de desamar. Mujeres sin paz y sin tormenta, mujeres volc\u00e1n y mujeres rayos. Mujeres laguna, cueva y vela. Mujeres que tejen sombras y deseos, duelos y partos. Somos las mujeres que nos habitan\u201d.<\/p>\n<p style=\"text-align: justify;\">Por \u00faltimo, desde el Ayuntamiento de Los Llanos de Aridane se invita a todas las personas que as\u00ed lo deseen\u00a0 a participar en las actividades programadas.<\/p>\n<p>[\/vc_column_text][\/vc_column][\/vc_row]<\/p>\n<\/section>","protected":false},"excerpt":{"rendered":"<p>[vc_row css_animation=\u00bb\u00bb row_type=\u00bbrow\u00bb use_row_as_full_screen_section=\u00bbno\u00bb type=\u00bbfull_width\u00bb angled_section=\u00bbno\u00bb text_align=\u00bbleft\u00bb background_image_as_pattern=\u00bbwithout_pattern\u00bb][vc_column][vc_row_inner row_type=\u00bbrow\u00bb type=\u00bbgrid\u00bb text_align=\u00bbleft\u00bb css_animation=\u00bb\u00bb][vc_column_inner][vc_empty_space height=\u00bb20px\u00bb][vc_empty_space height=\u00bb20px\u00bb][\/vc_column_inner][\/vc_row_inner][vc_column_text] La concejal de Cultura, Charo Gonz\u00e1lez, informa que un a\u00f1o m\u00e1s se ha preparado un extenso programa que se desarrollar\u00e1 principalmente en la Plaza de Espa\u00f1a, e invita a todas las&#8230;<\/p>\n","protected":false},"author":1,"featured_media":2510,"comment_status":"closed","ping_status":"open","sticky":false,"template":"","format":"standard","meta":{"footnotes":""},"categories":[6],"tags":[],"class_list":["post-1556","post","type-post","status-publish","format-standard","has-post-thumbnail","hentry","category-prensa"],"yoast_head":"<!-- This site is optimized with the Yoast SEO plugin v22.7 - https:\/\/yoast.com\/wordpress\/plugins\/seo\/ -->\n<title>Regresa a Los Llanos de Aridane la Feria del libro del 12 al 15 de abril - Ayuntamiento de Los Llanos de Aridane<\/title>\n<meta name=\"description\" content=\"El Ayuntamiento de Los Llanos de Aridane presenta el cartel y el programa de La Patrona 2021 con el lema \u201cRemedios, m\u00e1s que un nombre.\u201d\" \/>\n<meta name=\"robots\" content=\"index, follow, max-snippet:-1, max-image-preview:large, max-video-preview:-1\" \/>\n<link rel=\"canonical\" href=\"https:\/\/www.aridane.org\/city\/2023\/04\/04\/regresa-a-los-llanos-de-aridane-la-feria-del-libro-del-12-al-15-de-abril\/\" \/>\n<meta property=\"og:locale\" content=\"es_ES\" \/>\n<meta property=\"og:type\" content=\"article\" \/>\n<meta property=\"og:title\" content=\"Regresa a Los Llanos de Aridane la Feria del libro del 12 al 15 de abril - Ayuntamiento de Los Llanos de Aridane\" \/>\n<meta property=\"og:description\" content=\"El Ayuntamiento de Los Llanos de Aridane presenta el cartel y el programa de La Patrona 2021 con el lema \u201cRemedios, m\u00e1s que un nombre.\u201d\" \/>\n<meta property=\"og:url\" content=\"https:\/\/www.aridane.org\/city\/2023\/04\/04\/regresa-a-los-llanos-de-aridane-la-feria-del-libro-del-12-al-15-de-abril\/\" \/>\n<meta property=\"og:site_name\" content=\"Ayuntamiento de Los Llanos de Aridane\" \/>\n<meta property=\"article:published_time\" content=\"2023-04-04T11:25:58+00:00\" \/>\n<meta property=\"article:modified_time\" content=\"2023-07-25T11:27:41+00:00\" \/>\n<meta property=\"og:image\" content=\"https:\/\/www.aridane.org\/city\/wp-content\/uploads\/2023\/04\/feria_de_libro.jpg\" \/>\n\t<meta property=\"og:image:width\" content=\"1200\" \/>\n\t<meta property=\"og:image:height\" content=\"675\" \/>\n\t<meta property=\"og:image:type\" content=\"image\/jpeg\" \/>\n<meta name=\"author\" content=\"Richard Diaz\" \/>\n<meta name=\"twitter:card\" content=\"summary_large_image\" \/>\n<meta name=\"twitter:label1\" content=\"Escrito por\" \/>\n\t<meta name=\"twitter:data1\" content=\"Richard Diaz\" \/>\n\t<meta name=\"twitter:label2\" content=\"Tiempo de lectura\" \/>\n\t<meta name=\"twitter:data2\" content=\"7 minutos\" \/>\n<script type=\"application\/ld+json\" class=\"yoast-schema-graph\">{\"@context\":\"https:\/\/schema.org\",\"@graph\":[{\"@type\":\"WebPage\",\"@id\":\"https:\/\/www.aridane.org\/city\/2023\/04\/04\/regresa-a-los-llanos-de-aridane-la-feria-del-libro-del-12-al-15-de-abril\/\",\"url\":\"https:\/\/www.aridane.org\/city\/2023\/04\/04\/regresa-a-los-llanos-de-aridane-la-feria-del-libro-del-12-al-15-de-abril\/\",\"name\":\"Regresa a Los Llanos de Aridane la Feria del libro del 12 al 15 de abril - Ayuntamiento de Los Llanos de Aridane\",\"isPartOf\":{\"@id\":\"https:\/\/www.aridane.org\/city\/#website\"},\"primaryImageOfPage\":{\"@id\":\"https:\/\/www.aridane.org\/city\/2023\/04\/04\/regresa-a-los-llanos-de-aridane-la-feria-del-libro-del-12-al-15-de-abril\/#primaryimage\"},\"image\":{\"@id\":\"https:\/\/www.aridane.org\/city\/2023\/04\/04\/regresa-a-los-llanos-de-aridane-la-feria-del-libro-del-12-al-15-de-abril\/#primaryimage\"},\"thumbnailUrl\":\"https:\/\/www.aridane.org\/city\/wp-content\/uploads\/2023\/04\/feria_de_libro.jpg\",\"datePublished\":\"2023-04-04T11:25:58+00:00\",\"dateModified\":\"2023-07-25T11:27:41+00:00\",\"author\":{\"@id\":\"https:\/\/www.aridane.org\/city\/#\/schema\/person\/7d352ec7f29881716f298394432e7209\"},\"description\":\"El Ayuntamiento de Los Llanos de Aridane presenta el cartel y el programa de La Patrona 2021 con el lema \u201cRemedios, m\u00e1s que un nombre.\u201d\",\"breadcrumb\":{\"@id\":\"https:\/\/www.aridane.org\/city\/2023\/04\/04\/regresa-a-los-llanos-de-aridane-la-feria-del-libro-del-12-al-15-de-abril\/#breadcrumb\"},\"inLanguage\":\"es\",\"potentialAction\":[{\"@type\":\"ReadAction\",\"target\":[\"https:\/\/www.aridane.org\/city\/2023\/04\/04\/regresa-a-los-llanos-de-aridane-la-feria-del-libro-del-12-al-15-de-abril\/\"]}]},{\"@type\":\"ImageObject\",\"inLanguage\":\"es\",\"@id\":\"https:\/\/www.aridane.org\/city\/2023\/04\/04\/regresa-a-los-llanos-de-aridane-la-feria-del-libro-del-12-al-15-de-abril\/#primaryimage\",\"url\":\"https:\/\/www.aridane.org\/city\/wp-content\/uploads\/2023\/04\/feria_de_libro.jpg\",\"contentUrl\":\"https:\/\/www.aridane.org\/city\/wp-content\/uploads\/2023\/04\/feria_de_libro.jpg\",\"width\":1200,\"height\":675},{\"@type\":\"BreadcrumbList\",\"@id\":\"https:\/\/www.aridane.org\/city\/2023\/04\/04\/regresa-a-los-llanos-de-aridane-la-feria-del-libro-del-12-al-15-de-abril\/#breadcrumb\",\"itemListElement\":[{\"@type\":\"ListItem\",\"position\":1,\"name\":\"Portada\",\"item\":\"https:\/\/www.aridane.org\/city\/\"},{\"@type\":\"ListItem\",\"position\":2,\"name\":\"Regresa a Los Llanos de Aridane la Feria del libro del 12 al 15 de abril\"}]},{\"@type\":\"WebSite\",\"@id\":\"https:\/\/www.aridane.org\/city\/#website\",\"url\":\"https:\/\/www.aridane.org\/city\/\",\"name\":\"Ayuntamiento de Los Llanos de Aridane\",\"description\":\"\",\"potentialAction\":[{\"@type\":\"SearchAction\",\"target\":{\"@type\":\"EntryPoint\",\"urlTemplate\":\"https:\/\/www.aridane.org\/city\/?s={search_term_string}\"},\"query-input\":\"required name=search_term_string\"}],\"inLanguage\":\"es\"},{\"@type\":\"Person\",\"@id\":\"https:\/\/www.aridane.org\/city\/#\/schema\/person\/7d352ec7f29881716f298394432e7209\",\"name\":\"Richard Diaz\",\"image\":{\"@type\":\"ImageObject\",\"inLanguage\":\"es\",\"@id\":\"https:\/\/www.aridane.org\/city\/#\/schema\/person\/image\/\",\"url\":\"https:\/\/secure.gravatar.com\/avatar\/bacd6aefc26a4a204943090a4c596cd10f0857081ef3cfd12084a70ecb3161d5?s=96&d=mm&r=g\",\"contentUrl\":\"https:\/\/secure.gravatar.com\/avatar\/bacd6aefc26a4a204943090a4c596cd10f0857081ef3cfd12084a70ecb3161d5?s=96&d=mm&r=g\",\"caption\":\"Richard Diaz\"},\"sameAs\":[\"https:\/\/www.aridane.org\/city\"],\"url\":\"https:\/\/www.aridane.org\/city\/author\/richard-diaz\/\"}]}<\/script>\n<!-- \/ Yoast SEO plugin. -->","yoast_head_json":{"title":"Regresa a Los Llanos de Aridane la Feria del libro del 12 al 15 de abril - Ayuntamiento de Los Llanos de Aridane","description":"El Ayuntamiento de Los Llanos de Aridane presenta el cartel y el programa de La Patrona 2021 con el lema \u201cRemedios, m\u00e1s que un nombre.\u201d","robots":{"index":"index","follow":"follow","max-snippet":"max-snippet:-1","max-image-preview":"max-image-preview:large","max-video-preview":"max-video-preview:-1"},"canonical":"https:\/\/www.aridane.org\/city\/2023\/04\/04\/regresa-a-los-llanos-de-aridane-la-feria-del-libro-del-12-al-15-de-abril\/","og_locale":"es_ES","og_type":"article","og_title":"Regresa a Los Llanos de Aridane la Feria del libro del 12 al 15 de abril - Ayuntamiento de Los Llanos de Aridane","og_description":"El Ayuntamiento de Los Llanos de Aridane presenta el cartel y el programa de La Patrona 2021 con el lema \u201cRemedios, m\u00e1s que un nombre.\u201d","og_url":"https:\/\/www.aridane.org\/city\/2023\/04\/04\/regresa-a-los-llanos-de-aridane-la-feria-del-libro-del-12-al-15-de-abril\/","og_site_name":"Ayuntamiento de Los Llanos de Aridane","article_published_time":"2023-04-04T11:25:58+00:00","article_modified_time":"2023-07-25T11:27:41+00:00","og_image":[{"width":1200,"height":675,"url":"https:\/\/www.aridane.org\/city\/wp-content\/uploads\/2023\/04\/feria_de_libro.jpg","type":"image\/jpeg"}],"author":"Richard Diaz","twitter_card":"summary_large_image","twitter_misc":{"Escrito por":"Richard Diaz","Tiempo de lectura":"7 minutos"},"schema":{"@context":"https:\/\/schema.org","@graph":[{"@type":"WebPage","@id":"https:\/\/www.aridane.org\/city\/2023\/04\/04\/regresa-a-los-llanos-de-aridane-la-feria-del-libro-del-12-al-15-de-abril\/","url":"https:\/\/www.aridane.org\/city\/2023\/04\/04\/regresa-a-los-llanos-de-aridane-la-feria-del-libro-del-12-al-15-de-abril\/","name":"Regresa a Los Llanos de Aridane la Feria del libro del 12 al 15 de abril - Ayuntamiento de Los Llanos de Aridane","isPartOf":{"@id":"https:\/\/www.aridane.org\/city\/#website"},"primaryImageOfPage":{"@id":"https:\/\/www.aridane.org\/city\/2023\/04\/04\/regresa-a-los-llanos-de-aridane-la-feria-del-libro-del-12-al-15-de-abril\/#primaryimage"},"image":{"@id":"https:\/\/www.aridane.org\/city\/2023\/04\/04\/regresa-a-los-llanos-de-aridane-la-feria-del-libro-del-12-al-15-de-abril\/#primaryimage"},"thumbnailUrl":"https:\/\/www.aridane.org\/city\/wp-content\/uploads\/2023\/04\/feria_de_libro.jpg","datePublished":"2023-04-04T11:25:58+00:00","dateModified":"2023-07-25T11:27:41+00:00","author":{"@id":"https:\/\/www.aridane.org\/city\/#\/schema\/person\/7d352ec7f29881716f298394432e7209"},"description":"El Ayuntamiento de Los Llanos de Aridane presenta el cartel y el programa de La Patrona 2021 con el lema \u201cRemedios, m\u00e1s que un nombre.\u201d","breadcrumb":{"@id":"https:\/\/www.aridane.org\/city\/2023\/04\/04\/regresa-a-los-llanos-de-aridane-la-feria-del-libro-del-12-al-15-de-abril\/#breadcrumb"},"inLanguage":"es","potentialAction":[{"@type":"ReadAction","target":["https:\/\/www.aridane.org\/city\/2023\/04\/04\/regresa-a-los-llanos-de-aridane-la-feria-del-libro-del-12-al-15-de-abril\/"]}]},{"@type":"ImageObject","inLanguage":"es","@id":"https:\/\/www.aridane.org\/city\/2023\/04\/04\/regresa-a-los-llanos-de-aridane-la-feria-del-libro-del-12-al-15-de-abril\/#primaryimage","url":"https:\/\/www.aridane.org\/city\/wp-content\/uploads\/2023\/04\/feria_de_libro.jpg","contentUrl":"https:\/\/www.aridane.org\/city\/wp-content\/uploads\/2023\/04\/feria_de_libro.jpg","width":1200,"height":675},{"@type":"BreadcrumbList","@id":"https:\/\/www.aridane.org\/city\/2023\/04\/04\/regresa-a-los-llanos-de-aridane-la-feria-del-libro-del-12-al-15-de-abril\/#breadcrumb","itemListElement":[{"@type":"ListItem","position":1,"name":"Portada","item":"https:\/\/www.aridane.org\/city\/"},{"@type":"ListItem","position":2,"name":"Regresa a Los Llanos de Aridane la Feria del libro del 12 al 15 de abril"}]},{"@type":"WebSite","@id":"https:\/\/www.aridane.org\/city\/#website","url":"https:\/\/www.aridane.org\/city\/","name":"Ayuntamiento de Los Llanos de Aridane","description":"","potentialAction":[{"@type":"SearchAction","target":{"@type":"EntryPoint","urlTemplate":"https:\/\/www.aridane.org\/city\/?s={search_term_string}"},"query-input":"required name=search_term_string"}],"inLanguage":"es"},{"@type":"Person","@id":"https:\/\/www.aridane.org\/city\/#\/schema\/person\/7d352ec7f29881716f298394432e7209","name":"Richard Diaz","image":{"@type":"ImageObject","inLanguage":"es","@id":"https:\/\/www.aridane.org\/city\/#\/schema\/person\/image\/","url":"https:\/\/secure.gravatar.com\/avatar\/bacd6aefc26a4a204943090a4c596cd10f0857081ef3cfd12084a70ecb3161d5?s=96&d=mm&r=g","contentUrl":"https:\/\/secure.gravatar.com\/avatar\/bacd6aefc26a4a204943090a4c596cd10f0857081ef3cfd12084a70ecb3161d5?s=96&d=mm&r=g","caption":"Richard Diaz"},"sameAs":["https:\/\/www.aridane.org\/city"],"url":"https:\/\/www.aridane.org\/city\/author\/richard-diaz\/"}]}},"_links":{"self":[{"href":"https:\/\/www.aridane.org\/city\/wp-json\/wp\/v2\/posts\/1556","targetHints":{"allow":["GET"]}}],"collection":[{"href":"https:\/\/www.aridane.org\/city\/wp-json\/wp\/v2\/posts"}],"about":[{"href":"https:\/\/www.aridane.org\/city\/wp-json\/wp\/v2\/types\/post"}],"author":[{"embeddable":true,"href":"https:\/\/www.aridane.org\/city\/wp-json\/wp\/v2\/users\/1"}],"replies":[{"embeddable":true,"href":"https:\/\/www.aridane.org\/city\/wp-json\/wp\/v2\/comments?post=1556"}],"version-history":[{"count":1,"href":"https:\/\/www.aridane.org\/city\/wp-json\/wp\/v2\/posts\/1556\/revisions"}],"predecessor-version":[{"id":2511,"href":"https:\/\/www.aridane.org\/city\/wp-json\/wp\/v2\/posts\/1556\/revisions\/2511"}],"wp:featuredmedia":[{"embeddable":true,"href":"https:\/\/www.aridane.org\/city\/wp-json\/wp\/v2\/media\/2510"}],"wp:attachment":[{"href":"https:\/\/www.aridane.org\/city\/wp-json\/wp\/v2\/media?parent=1556"}],"wp:term":[{"taxonomy":"category","embeddable":true,"href":"https:\/\/www.aridane.org\/city\/wp-json\/wp\/v2\/categories?post=1556"},{"taxonomy":"post_tag","embeddable":true,"href":"https:\/\/www.aridane.org\/city\/wp-json\/wp\/v2\/tags?post=1556"}],"curies":[{"name":"wp","href":"https:\/\/api.w.org\/{rel}","templated":true}]}}