{"id":1562,"date":"2023-04-05T13:13:38","date_gmt":"2023-04-05T12:13:38","guid":{"rendered":"https:\/\/aridane.org\/ciudad\/?p=1562"},"modified":"2023-07-25T11:02:24","modified_gmt":"2023-07-25T11:02:24","slug":"el-ayuntamiento-de-los-llanos-de-aridane-abre-el-plazo-de-matriculacion-de-la-escuela-infantil-nina-lola-albelo-hernandez","status":"publish","type":"post","link":"https:\/\/www.aridane.org\/city\/2023\/04\/05\/el-ayuntamiento-de-los-llanos-de-aridane-abre-el-plazo-de-matriculacion-de-la-escuela-infantil-nina-lola-albelo-hernandez\/","title":{"rendered":"El Ayuntamiento de Los Llanos de Aridane abre el plazo de matriculaci\u00f3n de la Escuela Infantil Nina Lola Albelo Hern\u00e1ndez"},"content":{"rendered":"<section class=\"wpb-content-wrapper\"><p>[vc_row css_animation=\u00bb\u00bb row_type=\u00bbrow\u00bb use_row_as_full_screen_section=\u00bbno\u00bb type=\u00bbfull_width\u00bb angled_section=\u00bbno\u00bb text_align=\u00bbleft\u00bb background_image_as_pattern=\u00bbwithout_pattern\u00bb][vc_column][vc_row_inner row_type=\u00bbrow\u00bb type=\u00bbgrid\u00bb text_align=\u00bbleft\u00bb css_animation=\u00bb\u00bb][vc_column_inner][vc_empty_space height=\u00bb20px\u00bb][vc_empty_space height=\u00bb20px\u00bb][\/vc_column_inner][\/vc_row_inner][vc_column_text]<\/p>\n<ul>\n<li><em>Los interesados podr\u00e1n realizar los tr\u00e1mites pertinentes en la Oficina de Informaci\u00f3n Ciudadana del Ayuntamiento y el Servicio de Atenci\u00f3n al Menor y la Familia, del \u00c1rea de Servicios Sociales, hasta el pr\u00f3ximo 28 de abril.<\/em><\/li>\n<\/ul>\n<p>&nbsp;<\/p>\n<p><strong>Los Llanos de Aridane, 4 de abril de 2023.- <\/strong>El Ayuntamiento de Los Llanos de Aridane informa que hasta el pr\u00f3ximo 28 de abril est\u00e1 abierto el plazo el plazo de matriculaci\u00f3n para el curso escolar 2023-2024 de la Escuela Infantil Municipal Nina Lola Albelo Hern\u00e1ndez.<\/p>\n<p>Las madres, padres o tutores legales que est\u00e9n interesados en matricular a sus hijos e hijas, podr\u00e1n realizar este tr\u00e1mite en la Oficina de Informaci\u00f3n Ciudadana del Ayuntamiento, as\u00ed como en el Servicio de Atenci\u00f3n al Menor y la Familia, del \u00c1rea de Servicios Sociales, donde tambi\u00e9n encontrar\u00e1n la informaci\u00f3n detallada sobre la documentaci\u00f3n a aportar, los criterios de admisi\u00f3n del alumnado y las bases generales que rigen la convocatoria de plazas para este curso acad\u00e9mico.<\/p>\n<p>Entre los criterios de prioridad de admisi\u00f3n se valorar\u00e1 la residencia o trabajo en el municipio, aunque a la convocatoria de plazas tambi\u00e9n podr\u00e1n concurrir menores procedentes de otros municipios, no solo de la comarca del Valle de Aridane sino del conjunto del territorio insular. Adem\u00e1s, se tendr\u00e1 en cuenta la situaci\u00f3n econ\u00f3mica de la unidad familiar, el n\u00famero de personas que la constituyen, la situaci\u00f3n laboral de los padres y madres o tutores legales de los menores, junto a otros criterios complementarios.<\/p>\n<p>Desde el Consistorio aridanense se recuerda que esta Escuela Infantil acoge a ni\u00f1os y ni\u00f1as con edades comprendidas entre los 4 meses y hasta los 3 a\u00f1os, siempre y cuando no los cumplan a 31 de diciembre. Adem\u00e1s, informan que esta instalaci\u00f3n tiene cuatro aulas distribuidas por edades cumpliendo con las ratios establecidos por la Consejer\u00eda de Educaci\u00f3n, Cultura y Deportes, y cuenta con un aula de psicomotricidad equipada, una bebeteca, un aula polivalente, tres zonas exteriores de patio, huerto escolar y la zona de comedor. Tambi\u00e9n se pone disposici\u00f3n de las familias el servicio de acogida temprana desde las 7:30 horas, y el comedor hasta las 15:15 horas.[\/vc_column_text][\/vc_column][\/vc_row]<\/p>\n<\/section>","protected":false},"excerpt":{"rendered":"<p>[vc_row css_animation=\u00bb\u00bb row_type=\u00bbrow\u00bb use_row_as_full_screen_section=\u00bbno\u00bb type=\u00bbfull_width\u00bb angled_section=\u00bbno\u00bb text_align=\u00bbleft\u00bb background_image_as_pattern=\u00bbwithout_pattern\u00bb][vc_column][vc_row_inner row_type=\u00bbrow\u00bb type=\u00bbgrid\u00bb text_align=\u00bbleft\u00bb css_animation=\u00bb\u00bb][vc_column_inner][vc_empty_space height=\u00bb20px\u00bb][vc_empty_space height=\u00bb20px\u00bb][\/vc_column_inner][\/vc_row_inner][vc_column_text] Los interesados podr\u00e1n realizar los tr\u00e1mites pertinentes en la Oficina de Informaci\u00f3n Ciudadana del Ayuntamiento y el Servicio de Atenci\u00f3n al Menor y la Familia, del \u00c1rea de Servicios Sociales, hasta&#8230;<\/p>\n","protected":false},"author":1,"featured_media":2505,"comment_status":"closed","ping_status":"open","sticky":false,"template":"","format":"standard","meta":{"footnotes":""},"categories":[6],"tags":[],"class_list":["post-1562","post","type-post","status-publish","format-standard","has-post-thumbnail","hentry","category-prensa"],"yoast_head":"<!-- This site is optimized with the Yoast SEO plugin v22.7 - https:\/\/yoast.com\/wordpress\/plugins\/seo\/ -->\n<title>El Ayuntamiento de Los Llanos de Aridane abre el plazo de matriculaci\u00f3n de la Escuela Infantil Nina Lola Albelo Hern\u00e1ndez - Ayuntamiento de Los Llanos de Aridane<\/title>\n<meta name=\"description\" content=\"El Ayuntamiento de Los Llanos de Aridane presenta el cartel y el programa de La Patrona 2021 con el lema \u201cRemedios, m\u00e1s que un nombre.\u201d\" \/>\n<meta name=\"robots\" content=\"index, follow, max-snippet:-1, max-image-preview:large, max-video-preview:-1\" \/>\n<link rel=\"canonical\" href=\"https:\/\/www.aridane.org\/city\/2023\/04\/05\/el-ayuntamiento-de-los-llanos-de-aridane-abre-el-plazo-de-matriculacion-de-la-escuela-infantil-nina-lola-albelo-hernandez\/\" \/>\n<meta property=\"og:locale\" content=\"es_ES\" \/>\n<meta property=\"og:type\" content=\"article\" \/>\n<meta property=\"og:title\" content=\"El Ayuntamiento de Los Llanos de Aridane abre el plazo de matriculaci\u00f3n de la Escuela Infantil Nina Lola Albelo Hern\u00e1ndez - Ayuntamiento de Los Llanos de Aridane\" \/>\n<meta property=\"og:description\" content=\"El Ayuntamiento de Los Llanos de Aridane presenta el cartel y el programa de La Patrona 2021 con el lema \u201cRemedios, m\u00e1s que un nombre.\u201d\" \/>\n<meta property=\"og:url\" content=\"https:\/\/www.aridane.org\/city\/2023\/04\/05\/el-ayuntamiento-de-los-llanos-de-aridane-abre-el-plazo-de-matriculacion-de-la-escuela-infantil-nina-lola-albelo-hernandez\/\" \/>\n<meta property=\"og:site_name\" content=\"Ayuntamiento de Los Llanos de Aridane\" \/>\n<meta property=\"article:published_time\" content=\"2023-04-05T12:13:38+00:00\" \/>\n<meta property=\"article:modified_time\" content=\"2023-07-25T11:02:24+00:00\" \/>\n<meta property=\"og:image\" content=\"https:\/\/www.aridane.org\/city\/wp-content\/uploads\/2023\/04\/escuela_infantil_nina_lola.webp\" \/>\n\t<meta property=\"og:image:width\" content=\"1200\" \/>\n\t<meta property=\"og:image:height\" content=\"675\" \/>\n\t<meta property=\"og:image:type\" content=\"image\/webp\" \/>\n<meta name=\"author\" content=\"Richard Diaz\" \/>\n<meta name=\"twitter:card\" content=\"summary_large_image\" \/>\n<meta name=\"twitter:label1\" content=\"Escrito por\" \/>\n\t<meta name=\"twitter:data1\" content=\"Richard Diaz\" \/>\n\t<meta name=\"twitter:label2\" content=\"Tiempo de lectura\" \/>\n\t<meta name=\"twitter:data2\" content=\"2 minutos\" \/>\n<script type=\"application\/ld+json\" class=\"yoast-schema-graph\">{\"@context\":\"https:\/\/schema.org\",\"@graph\":[{\"@type\":\"WebPage\",\"@id\":\"https:\/\/www.aridane.org\/city\/2023\/04\/05\/el-ayuntamiento-de-los-llanos-de-aridane-abre-el-plazo-de-matriculacion-de-la-escuela-infantil-nina-lola-albelo-hernandez\/\",\"url\":\"https:\/\/www.aridane.org\/city\/2023\/04\/05\/el-ayuntamiento-de-los-llanos-de-aridane-abre-el-plazo-de-matriculacion-de-la-escuela-infantil-nina-lola-albelo-hernandez\/\",\"name\":\"El Ayuntamiento de Los Llanos de Aridane abre el plazo de matriculaci\u00f3n de la Escuela Infantil Nina Lola Albelo Hern\u00e1ndez - Ayuntamiento de Los Llanos de Aridane\",\"isPartOf\":{\"@id\":\"https:\/\/www.aridane.org\/city\/#website\"},\"primaryImageOfPage\":{\"@id\":\"https:\/\/www.aridane.org\/city\/2023\/04\/05\/el-ayuntamiento-de-los-llanos-de-aridane-abre-el-plazo-de-matriculacion-de-la-escuela-infantil-nina-lola-albelo-hernandez\/#primaryimage\"},\"image\":{\"@id\":\"https:\/\/www.aridane.org\/city\/2023\/04\/05\/el-ayuntamiento-de-los-llanos-de-aridane-abre-el-plazo-de-matriculacion-de-la-escuela-infantil-nina-lola-albelo-hernandez\/#primaryimage\"},\"thumbnailUrl\":\"https:\/\/www.aridane.org\/city\/wp-content\/uploads\/2023\/04\/escuela_infantil_nina_lola.webp\",\"datePublished\":\"2023-04-05T12:13:38+00:00\",\"dateModified\":\"2023-07-25T11:02:24+00:00\",\"author\":{\"@id\":\"https:\/\/www.aridane.org\/city\/#\/schema\/person\/7d352ec7f29881716f298394432e7209\"},\"description\":\"El Ayuntamiento de Los Llanos de Aridane presenta el cartel y el programa de La Patrona 2021 con el lema \u201cRemedios, m\u00e1s que un nombre.\u201d\",\"breadcrumb\":{\"@id\":\"https:\/\/www.aridane.org\/city\/2023\/04\/05\/el-ayuntamiento-de-los-llanos-de-aridane-abre-el-plazo-de-matriculacion-de-la-escuela-infantil-nina-lola-albelo-hernandez\/#breadcrumb\"},\"inLanguage\":\"es\",\"potentialAction\":[{\"@type\":\"ReadAction\",\"target\":[\"https:\/\/www.aridane.org\/city\/2023\/04\/05\/el-ayuntamiento-de-los-llanos-de-aridane-abre-el-plazo-de-matriculacion-de-la-escuela-infantil-nina-lola-albelo-hernandez\/\"]}]},{\"@type\":\"ImageObject\",\"inLanguage\":\"es\",\"@id\":\"https:\/\/www.aridane.org\/city\/2023\/04\/05\/el-ayuntamiento-de-los-llanos-de-aridane-abre-el-plazo-de-matriculacion-de-la-escuela-infantil-nina-lola-albelo-hernandez\/#primaryimage\",\"url\":\"https:\/\/www.aridane.org\/city\/wp-content\/uploads\/2023\/04\/escuela_infantil_nina_lola.webp\",\"contentUrl\":\"https:\/\/www.aridane.org\/city\/wp-content\/uploads\/2023\/04\/escuela_infantil_nina_lola.webp\",\"width\":1200,\"height\":675},{\"@type\":\"BreadcrumbList\",\"@id\":\"https:\/\/www.aridane.org\/city\/2023\/04\/05\/el-ayuntamiento-de-los-llanos-de-aridane-abre-el-plazo-de-matriculacion-de-la-escuela-infantil-nina-lola-albelo-hernandez\/#breadcrumb\",\"itemListElement\":[{\"@type\":\"ListItem\",\"position\":1,\"name\":\"Portada\",\"item\":\"https:\/\/www.aridane.org\/city\/\"},{\"@type\":\"ListItem\",\"position\":2,\"name\":\"El Ayuntamiento de Los Llanos de Aridane abre el plazo de matriculaci\u00f3n de la Escuela Infantil Nina Lola Albelo Hern\u00e1ndez\"}]},{\"@type\":\"WebSite\",\"@id\":\"https:\/\/www.aridane.org\/city\/#website\",\"url\":\"https:\/\/www.aridane.org\/city\/\",\"name\":\"Ayuntamiento de Los Llanos de Aridane\",\"description\":\"\",\"potentialAction\":[{\"@type\":\"SearchAction\",\"target\":{\"@type\":\"EntryPoint\",\"urlTemplate\":\"https:\/\/www.aridane.org\/city\/?s={search_term_string}\"},\"query-input\":\"required name=search_term_string\"}],\"inLanguage\":\"es\"},{\"@type\":\"Person\",\"@id\":\"https:\/\/www.aridane.org\/city\/#\/schema\/person\/7d352ec7f29881716f298394432e7209\",\"name\":\"Richard Diaz\",\"image\":{\"@type\":\"ImageObject\",\"inLanguage\":\"es\",\"@id\":\"https:\/\/www.aridane.org\/city\/#\/schema\/person\/image\/\",\"url\":\"https:\/\/secure.gravatar.com\/avatar\/bacd6aefc26a4a204943090a4c596cd10f0857081ef3cfd12084a70ecb3161d5?s=96&d=mm&r=g\",\"contentUrl\":\"https:\/\/secure.gravatar.com\/avatar\/bacd6aefc26a4a204943090a4c596cd10f0857081ef3cfd12084a70ecb3161d5?s=96&d=mm&r=g\",\"caption\":\"Richard Diaz\"},\"sameAs\":[\"https:\/\/www.aridane.org\/city\"],\"url\":\"https:\/\/www.aridane.org\/city\/author\/richard-diaz\/\"}]}<\/script>\n<!-- \/ Yoast SEO plugin. -->","yoast_head_json":{"title":"El Ayuntamiento de Los Llanos de Aridane abre el plazo de matriculaci\u00f3n de la Escuela Infantil Nina Lola Albelo Hern\u00e1ndez - Ayuntamiento de Los Llanos de Aridane","description":"El Ayuntamiento de Los Llanos de Aridane presenta el cartel y el programa de La Patrona 2021 con el lema \u201cRemedios, m\u00e1s que un nombre.\u201d","robots":{"index":"index","follow":"follow","max-snippet":"max-snippet:-1","max-image-preview":"max-image-preview:large","max-video-preview":"max-video-preview:-1"},"canonical":"https:\/\/www.aridane.org\/city\/2023\/04\/05\/el-ayuntamiento-de-los-llanos-de-aridane-abre-el-plazo-de-matriculacion-de-la-escuela-infantil-nina-lola-albelo-hernandez\/","og_locale":"es_ES","og_type":"article","og_title":"El Ayuntamiento de Los Llanos de Aridane abre el plazo de matriculaci\u00f3n de la Escuela Infantil Nina Lola Albelo Hern\u00e1ndez - Ayuntamiento de Los Llanos de Aridane","og_description":"El Ayuntamiento de Los Llanos de Aridane presenta el cartel y el programa de La Patrona 2021 con el lema \u201cRemedios, m\u00e1s que un nombre.\u201d","og_url":"https:\/\/www.aridane.org\/city\/2023\/04\/05\/el-ayuntamiento-de-los-llanos-de-aridane-abre-el-plazo-de-matriculacion-de-la-escuela-infantil-nina-lola-albelo-hernandez\/","og_site_name":"Ayuntamiento de Los Llanos de Aridane","article_published_time":"2023-04-05T12:13:38+00:00","article_modified_time":"2023-07-25T11:02:24+00:00","og_image":[{"width":1200,"height":675,"url":"https:\/\/www.aridane.org\/city\/wp-content\/uploads\/2023\/04\/escuela_infantil_nina_lola.webp","type":"image\/webp"}],"author":"Richard Diaz","twitter_card":"summary_large_image","twitter_misc":{"Escrito por":"Richard Diaz","Tiempo de lectura":"2 minutos"},"schema":{"@context":"https:\/\/schema.org","@graph":[{"@type":"WebPage","@id":"https:\/\/www.aridane.org\/city\/2023\/04\/05\/el-ayuntamiento-de-los-llanos-de-aridane-abre-el-plazo-de-matriculacion-de-la-escuela-infantil-nina-lola-albelo-hernandez\/","url":"https:\/\/www.aridane.org\/city\/2023\/04\/05\/el-ayuntamiento-de-los-llanos-de-aridane-abre-el-plazo-de-matriculacion-de-la-escuela-infantil-nina-lola-albelo-hernandez\/","name":"El Ayuntamiento de Los Llanos de Aridane abre el plazo de matriculaci\u00f3n de la Escuela Infantil Nina Lola Albelo Hern\u00e1ndez - Ayuntamiento de Los Llanos de Aridane","isPartOf":{"@id":"https:\/\/www.aridane.org\/city\/#website"},"primaryImageOfPage":{"@id":"https:\/\/www.aridane.org\/city\/2023\/04\/05\/el-ayuntamiento-de-los-llanos-de-aridane-abre-el-plazo-de-matriculacion-de-la-escuela-infantil-nina-lola-albelo-hernandez\/#primaryimage"},"image":{"@id":"https:\/\/www.aridane.org\/city\/2023\/04\/05\/el-ayuntamiento-de-los-llanos-de-aridane-abre-el-plazo-de-matriculacion-de-la-escuela-infantil-nina-lola-albelo-hernandez\/#primaryimage"},"thumbnailUrl":"https:\/\/www.aridane.org\/city\/wp-content\/uploads\/2023\/04\/escuela_infantil_nina_lola.webp","datePublished":"2023-04-05T12:13:38+00:00","dateModified":"2023-07-25T11:02:24+00:00","author":{"@id":"https:\/\/www.aridane.org\/city\/#\/schema\/person\/7d352ec7f29881716f298394432e7209"},"description":"El Ayuntamiento de Los Llanos de Aridane presenta el cartel y el programa de La Patrona 2021 con el lema \u201cRemedios, m\u00e1s que un nombre.\u201d","breadcrumb":{"@id":"https:\/\/www.aridane.org\/city\/2023\/04\/05\/el-ayuntamiento-de-los-llanos-de-aridane-abre-el-plazo-de-matriculacion-de-la-escuela-infantil-nina-lola-albelo-hernandez\/#breadcrumb"},"inLanguage":"es","potentialAction":[{"@type":"ReadAction","target":["https:\/\/www.aridane.org\/city\/2023\/04\/05\/el-ayuntamiento-de-los-llanos-de-aridane-abre-el-plazo-de-matriculacion-de-la-escuela-infantil-nina-lola-albelo-hernandez\/"]}]},{"@type":"ImageObject","inLanguage":"es","@id":"https:\/\/www.aridane.org\/city\/2023\/04\/05\/el-ayuntamiento-de-los-llanos-de-aridane-abre-el-plazo-de-matriculacion-de-la-escuela-infantil-nina-lola-albelo-hernandez\/#primaryimage","url":"https:\/\/www.aridane.org\/city\/wp-content\/uploads\/2023\/04\/escuela_infantil_nina_lola.webp","contentUrl":"https:\/\/www.aridane.org\/city\/wp-content\/uploads\/2023\/04\/escuela_infantil_nina_lola.webp","width":1200,"height":675},{"@type":"BreadcrumbList","@id":"https:\/\/www.aridane.org\/city\/2023\/04\/05\/el-ayuntamiento-de-los-llanos-de-aridane-abre-el-plazo-de-matriculacion-de-la-escuela-infantil-nina-lola-albelo-hernandez\/#breadcrumb","itemListElement":[{"@type":"ListItem","position":1,"name":"Portada","item":"https:\/\/www.aridane.org\/city\/"},{"@type":"ListItem","position":2,"name":"El Ayuntamiento de Los Llanos de Aridane abre el plazo de matriculaci\u00f3n de la Escuela Infantil Nina Lola Albelo Hern\u00e1ndez"}]},{"@type":"WebSite","@id":"https:\/\/www.aridane.org\/city\/#website","url":"https:\/\/www.aridane.org\/city\/","name":"Ayuntamiento de Los Llanos de Aridane","description":"","potentialAction":[{"@type":"SearchAction","target":{"@type":"EntryPoint","urlTemplate":"https:\/\/www.aridane.org\/city\/?s={search_term_string}"},"query-input":"required name=search_term_string"}],"inLanguage":"es"},{"@type":"Person","@id":"https:\/\/www.aridane.org\/city\/#\/schema\/person\/7d352ec7f29881716f298394432e7209","name":"Richard Diaz","image":{"@type":"ImageObject","inLanguage":"es","@id":"https:\/\/www.aridane.org\/city\/#\/schema\/person\/image\/","url":"https:\/\/secure.gravatar.com\/avatar\/bacd6aefc26a4a204943090a4c596cd10f0857081ef3cfd12084a70ecb3161d5?s=96&d=mm&r=g","contentUrl":"https:\/\/secure.gravatar.com\/avatar\/bacd6aefc26a4a204943090a4c596cd10f0857081ef3cfd12084a70ecb3161d5?s=96&d=mm&r=g","caption":"Richard Diaz"},"sameAs":["https:\/\/www.aridane.org\/city"],"url":"https:\/\/www.aridane.org\/city\/author\/richard-diaz\/"}]}},"_links":{"self":[{"href":"https:\/\/www.aridane.org\/city\/wp-json\/wp\/v2\/posts\/1562","targetHints":{"allow":["GET"]}}],"collection":[{"href":"https:\/\/www.aridane.org\/city\/wp-json\/wp\/v2\/posts"}],"about":[{"href":"https:\/\/www.aridane.org\/city\/wp-json\/wp\/v2\/types\/post"}],"author":[{"embeddable":true,"href":"https:\/\/www.aridane.org\/city\/wp-json\/wp\/v2\/users\/1"}],"replies":[{"embeddable":true,"href":"https:\/\/www.aridane.org\/city\/wp-json\/wp\/v2\/comments?post=1562"}],"version-history":[{"count":1,"href":"https:\/\/www.aridane.org\/city\/wp-json\/wp\/v2\/posts\/1562\/revisions"}],"predecessor-version":[{"id":2506,"href":"https:\/\/www.aridane.org\/city\/wp-json\/wp\/v2\/posts\/1562\/revisions\/2506"}],"wp:featuredmedia":[{"embeddable":true,"href":"https:\/\/www.aridane.org\/city\/wp-json\/wp\/v2\/media\/2505"}],"wp:attachment":[{"href":"https:\/\/www.aridane.org\/city\/wp-json\/wp\/v2\/media?parent=1562"}],"wp:term":[{"taxonomy":"category","embeddable":true,"href":"https:\/\/www.aridane.org\/city\/wp-json\/wp\/v2\/categories?post=1562"},{"taxonomy":"post_tag","embeddable":true,"href":"https:\/\/www.aridane.org\/city\/wp-json\/wp\/v2\/tags?post=1562"}],"curies":[{"name":"wp","href":"https:\/\/api.w.org\/{rel}","templated":true}]}}