{"id":1567,"date":"2023-04-10T11:23:08","date_gmt":"2023-04-10T10:23:08","guid":{"rendered":"https:\/\/aridane.org\/ciudad\/?p=1567"},"modified":"2023-07-25T10:58:02","modified_gmt":"2023-07-25T10:58:02","slug":"regresa-a-los-llanos-de-aridane-la-iv-edicion-de-la-vertical-puerto-naos-plaza-bonita","status":"publish","type":"post","link":"https:\/\/www.aridane.org\/city\/2023\/04\/10\/regresa-a-los-llanos-de-aridane-la-iv-edicion-de-la-vertical-puerto-naos-plaza-bonita\/","title":{"rendered":"Regresa a Los Llanos de Aridane la IV edici\u00f3n de la Vertical Puerto Naos &#8211; Plaza Bonita"},"content":{"rendered":"<section class=\"wpb-content-wrapper\"><p>[vc_row css_animation=\u00bb\u00bb row_type=\u00bbrow\u00bb use_row_as_full_screen_section=\u00bbno\u00bb type=\u00bbfull_width\u00bb angled_section=\u00bbno\u00bb text_align=\u00bbleft\u00bb background_image_as_pattern=\u00bbwithout_pattern\u00bb][vc_column][vc_row_inner row_type=\u00bbrow\u00bb type=\u00bbgrid\u00bb text_align=\u00bbleft\u00bb css_animation=\u00bb\u00bb][vc_column_inner][vc_empty_space height=\u00bb20px\u00bb][vc_empty_space height=\u00bb20px\u00bb][\/vc_column_inner][\/vc_row_inner][vc_column_text]<\/p>\n<ul>\n<li style=\"text-align: justify;\"><em>Ser\u00e1 el pr\u00f3ximo s\u00e1bado, 15 de abril, y los interesados podr\u00e1n inscribirse a trav\u00e9s del siguiente enlace <a href=\"https:\/\/inscripciones.islabonitatiming.com\/inscripcion\/iv-vertical-blik-puerto-naos-plaza-bonita\/?lang=es\">https:\/\/inscripciones.islabonitatiming.com\/inscripcion\/iv-vertical-blik-puerto-naos-plaza-bonita\/?lang=es<\/a><\/em><\/li>\n<\/ul>\n<p>&nbsp;<\/p>\n<p style=\"text-align: justify;\"><strong>Los Llanos de Aridane, 10 de abril de 2023.- <\/strong>El Ayuntamiento de Los Llanos de Aridane\u00a0 a trav\u00e9s del concejal de Deportes, V\u00edctor Gonz\u00e1lez, y Bayana Trail- MTB-Triatlon informan que el pr\u00f3ximo s\u00e1bado, 15 de abril, coincidiendo con la celebraci\u00f3n del D\u00eda de La Cruz,\u00a0 regresa la IV edici\u00f3n de La Vertical Puerto Naos &#8211; Plaza Bonita.<\/p>\n<p style=\"text-align: justify;\">La prueba se desarrollar\u00e1 a partir de las 17:00, y la distancia a cubrir ser\u00e1 de 2.300 metros, saliendo desde Puerto Naos y la llegada estar\u00e1 en la Plaza Bonita, con un desnivel de 420 metro. Adem\u00e1s,\u00a0 el recorrido estar\u00e1 se\u00f1alizado con cintas naranjas a la altura de la vista y marcas de cal en el suelo indic\u00e1ndonos en todo momento la direcci\u00f3n. Tambi\u00e9n se contar\u00e1 durante todo el recorrido con un grupo de voluntarios, y equipos de rescate que junto a la Polic\u00eda Local velar\u00e1n por la seguridad de los participantes y p\u00fablico en general.<\/p>\n<p style=\"text-align: justify;\">Asimismo, los interesados podr\u00e1n inscribirse a trav\u00e9s del siguiente enlace <a href=\"https:\/\/inscripciones.islabonitatiming.com\/inscripcion\/iv-vertical-blik-puerto-naos-plaza-bonita\/?lang=es\">https:\/\/inscripciones.islabonitatiming.com\/inscripcion\/iv-vertical-blik-puerto-naos-plaza-bonita\/?lang=es<\/a> , el precio fijado para esta prueba ser\u00e1 de 15 euros, y la entrega de dorsales se desarrollar\u00e1 el mismo d\u00eda e la prueba desde las 13:00 hasta las 16:30 horas en las carpas habilitadas para tal fin que estar\u00e1n situadas junto a la zona de llegada en la Plaza Bonita, zona de meta.<\/p>\n<p>[\/vc_column_text][\/vc_column][\/vc_row]<\/p>\n<\/section>","protected":false},"excerpt":{"rendered":"<p>[vc_row css_animation=\u00bb\u00bb row_type=\u00bbrow\u00bb use_row_as_full_screen_section=\u00bbno\u00bb type=\u00bbfull_width\u00bb angled_section=\u00bbno\u00bb text_align=\u00bbleft\u00bb background_image_as_pattern=\u00bbwithout_pattern\u00bb][vc_column][vc_row_inner row_type=\u00bbrow\u00bb type=\u00bbgrid\u00bb text_align=\u00bbleft\u00bb css_animation=\u00bb\u00bb][vc_column_inner][vc_empty_space height=\u00bb20px\u00bb][vc_empty_space height=\u00bb20px\u00bb][\/vc_column_inner][\/vc_row_inner][vc_column_text] Ser\u00e1 el pr\u00f3ximo s\u00e1bado, 15 de abril, y los interesados podr\u00e1n inscribirse a trav\u00e9s del siguiente enlace https:\/\/inscripciones.islabonitatiming.com\/inscripcion\/iv-vertical-blik-puerto-naos-plaza-bonita\/?lang=es &nbsp; Los Llanos de Aridane, 10 de abril de 2023.- El Ayuntamiento de&#8230;<\/p>\n","protected":false},"author":1,"featured_media":2503,"comment_status":"closed","ping_status":"open","sticky":false,"template":"","format":"standard","meta":{"footnotes":""},"categories":[6],"tags":[],"class_list":["post-1567","post","type-post","status-publish","format-standard","has-post-thumbnail","hentry","category-prensa"],"yoast_head":"<!-- This site is optimized with the Yoast SEO plugin v22.7 - https:\/\/yoast.com\/wordpress\/plugins\/seo\/ -->\n<title>Regresa a Los Llanos de Aridane la IV edici\u00f3n de la Vertical Puerto Naos - Plaza Bonita - Ayuntamiento de Los Llanos de Aridane<\/title>\n<meta name=\"description\" content=\"El Ayuntamiento de Los Llanos de Aridane presenta el cartel y el programa de La Patrona 2021 con el lema \u201cRemedios, m\u00e1s que un nombre.\u201d\" \/>\n<meta name=\"robots\" content=\"index, follow, max-snippet:-1, max-image-preview:large, max-video-preview:-1\" \/>\n<link rel=\"canonical\" href=\"https:\/\/www.aridane.org\/city\/2023\/04\/10\/regresa-a-los-llanos-de-aridane-la-iv-edicion-de-la-vertical-puerto-naos-plaza-bonita\/\" \/>\n<meta property=\"og:locale\" content=\"es_ES\" \/>\n<meta property=\"og:type\" content=\"article\" \/>\n<meta property=\"og:title\" content=\"Regresa a Los Llanos de Aridane la IV edici\u00f3n de la Vertical Puerto Naos - Plaza Bonita - Ayuntamiento de Los Llanos de Aridane\" \/>\n<meta property=\"og:description\" content=\"El Ayuntamiento de Los Llanos de Aridane presenta el cartel y el programa de La Patrona 2021 con el lema \u201cRemedios, m\u00e1s que un nombre.\u201d\" \/>\n<meta property=\"og:url\" content=\"https:\/\/www.aridane.org\/city\/2023\/04\/10\/regresa-a-los-llanos-de-aridane-la-iv-edicion-de-la-vertical-puerto-naos-plaza-bonita\/\" \/>\n<meta property=\"og:site_name\" content=\"Ayuntamiento de Los Llanos de Aridane\" \/>\n<meta property=\"article:published_time\" content=\"2023-04-10T10:23:08+00:00\" \/>\n<meta property=\"article:modified_time\" content=\"2023-07-25T10:58:02+00:00\" \/>\n<meta property=\"og:image\" content=\"https:\/\/www.aridane.org\/city\/wp-content\/uploads\/2023\/04\/vertical_puerto_naos_1.jpg\" \/>\n\t<meta property=\"og:image:width\" content=\"1200\" \/>\n\t<meta property=\"og:image:height\" content=\"675\" \/>\n\t<meta property=\"og:image:type\" content=\"image\/jpeg\" \/>\n<meta name=\"author\" content=\"Richard Diaz\" \/>\n<meta name=\"twitter:card\" content=\"summary_large_image\" \/>\n<meta name=\"twitter:label1\" content=\"Escrito por\" \/>\n\t<meta name=\"twitter:data1\" content=\"Richard Diaz\" \/>\n\t<meta name=\"twitter:label2\" content=\"Tiempo de lectura\" \/>\n\t<meta name=\"twitter:data2\" content=\"2 minutos\" \/>\n<script type=\"application\/ld+json\" class=\"yoast-schema-graph\">{\"@context\":\"https:\/\/schema.org\",\"@graph\":[{\"@type\":\"WebPage\",\"@id\":\"https:\/\/www.aridane.org\/city\/2023\/04\/10\/regresa-a-los-llanos-de-aridane-la-iv-edicion-de-la-vertical-puerto-naos-plaza-bonita\/\",\"url\":\"https:\/\/www.aridane.org\/city\/2023\/04\/10\/regresa-a-los-llanos-de-aridane-la-iv-edicion-de-la-vertical-puerto-naos-plaza-bonita\/\",\"name\":\"Regresa a Los Llanos de Aridane la IV edici\u00f3n de la Vertical Puerto Naos - Plaza Bonita - Ayuntamiento de Los Llanos de Aridane\",\"isPartOf\":{\"@id\":\"https:\/\/www.aridane.org\/city\/#website\"},\"primaryImageOfPage\":{\"@id\":\"https:\/\/www.aridane.org\/city\/2023\/04\/10\/regresa-a-los-llanos-de-aridane-la-iv-edicion-de-la-vertical-puerto-naos-plaza-bonita\/#primaryimage\"},\"image\":{\"@id\":\"https:\/\/www.aridane.org\/city\/2023\/04\/10\/regresa-a-los-llanos-de-aridane-la-iv-edicion-de-la-vertical-puerto-naos-plaza-bonita\/#primaryimage\"},\"thumbnailUrl\":\"https:\/\/www.aridane.org\/city\/wp-content\/uploads\/2023\/04\/vertical_puerto_naos_1.jpg\",\"datePublished\":\"2023-04-10T10:23:08+00:00\",\"dateModified\":\"2023-07-25T10:58:02+00:00\",\"author\":{\"@id\":\"https:\/\/www.aridane.org\/city\/#\/schema\/person\/7d352ec7f29881716f298394432e7209\"},\"description\":\"El Ayuntamiento de Los Llanos de Aridane presenta el cartel y el programa de La Patrona 2021 con el lema \u201cRemedios, m\u00e1s que un nombre.\u201d\",\"breadcrumb\":{\"@id\":\"https:\/\/www.aridane.org\/city\/2023\/04\/10\/regresa-a-los-llanos-de-aridane-la-iv-edicion-de-la-vertical-puerto-naos-plaza-bonita\/#breadcrumb\"},\"inLanguage\":\"es\",\"potentialAction\":[{\"@type\":\"ReadAction\",\"target\":[\"https:\/\/www.aridane.org\/city\/2023\/04\/10\/regresa-a-los-llanos-de-aridane-la-iv-edicion-de-la-vertical-puerto-naos-plaza-bonita\/\"]}]},{\"@type\":\"ImageObject\",\"inLanguage\":\"es\",\"@id\":\"https:\/\/www.aridane.org\/city\/2023\/04\/10\/regresa-a-los-llanos-de-aridane-la-iv-edicion-de-la-vertical-puerto-naos-plaza-bonita\/#primaryimage\",\"url\":\"https:\/\/www.aridane.org\/city\/wp-content\/uploads\/2023\/04\/vertical_puerto_naos_1.jpg\",\"contentUrl\":\"https:\/\/www.aridane.org\/city\/wp-content\/uploads\/2023\/04\/vertical_puerto_naos_1.jpg\",\"width\":1200,\"height\":675},{\"@type\":\"BreadcrumbList\",\"@id\":\"https:\/\/www.aridane.org\/city\/2023\/04\/10\/regresa-a-los-llanos-de-aridane-la-iv-edicion-de-la-vertical-puerto-naos-plaza-bonita\/#breadcrumb\",\"itemListElement\":[{\"@type\":\"ListItem\",\"position\":1,\"name\":\"Portada\",\"item\":\"https:\/\/www.aridane.org\/city\/\"},{\"@type\":\"ListItem\",\"position\":2,\"name\":\"Regresa a Los Llanos de Aridane la IV edici\u00f3n de la Vertical Puerto Naos &#8211; Plaza Bonita\"}]},{\"@type\":\"WebSite\",\"@id\":\"https:\/\/www.aridane.org\/city\/#website\",\"url\":\"https:\/\/www.aridane.org\/city\/\",\"name\":\"Ayuntamiento de Los Llanos de Aridane\",\"description\":\"\",\"potentialAction\":[{\"@type\":\"SearchAction\",\"target\":{\"@type\":\"EntryPoint\",\"urlTemplate\":\"https:\/\/www.aridane.org\/city\/?s={search_term_string}\"},\"query-input\":\"required name=search_term_string\"}],\"inLanguage\":\"es\"},{\"@type\":\"Person\",\"@id\":\"https:\/\/www.aridane.org\/city\/#\/schema\/person\/7d352ec7f29881716f298394432e7209\",\"name\":\"Richard Diaz\",\"image\":{\"@type\":\"ImageObject\",\"inLanguage\":\"es\",\"@id\":\"https:\/\/www.aridane.org\/city\/#\/schema\/person\/image\/\",\"url\":\"https:\/\/secure.gravatar.com\/avatar\/bacd6aefc26a4a204943090a4c596cd10f0857081ef3cfd12084a70ecb3161d5?s=96&d=mm&r=g\",\"contentUrl\":\"https:\/\/secure.gravatar.com\/avatar\/bacd6aefc26a4a204943090a4c596cd10f0857081ef3cfd12084a70ecb3161d5?s=96&d=mm&r=g\",\"caption\":\"Richard Diaz\"},\"sameAs\":[\"https:\/\/www.aridane.org\/city\"],\"url\":\"https:\/\/www.aridane.org\/city\/author\/richard-diaz\/\"}]}<\/script>\n<!-- \/ Yoast SEO plugin. -->","yoast_head_json":{"title":"Regresa a Los Llanos de Aridane la IV edici\u00f3n de la Vertical Puerto Naos - Plaza Bonita - Ayuntamiento de Los Llanos de Aridane","description":"El Ayuntamiento de Los Llanos de Aridane presenta el cartel y el programa de La Patrona 2021 con el lema \u201cRemedios, m\u00e1s que un nombre.\u201d","robots":{"index":"index","follow":"follow","max-snippet":"max-snippet:-1","max-image-preview":"max-image-preview:large","max-video-preview":"max-video-preview:-1"},"canonical":"https:\/\/www.aridane.org\/city\/2023\/04\/10\/regresa-a-los-llanos-de-aridane-la-iv-edicion-de-la-vertical-puerto-naos-plaza-bonita\/","og_locale":"es_ES","og_type":"article","og_title":"Regresa a Los Llanos de Aridane la IV edici\u00f3n de la Vertical Puerto Naos - Plaza Bonita - Ayuntamiento de Los Llanos de Aridane","og_description":"El Ayuntamiento de Los Llanos de Aridane presenta el cartel y el programa de La Patrona 2021 con el lema \u201cRemedios, m\u00e1s que un nombre.\u201d","og_url":"https:\/\/www.aridane.org\/city\/2023\/04\/10\/regresa-a-los-llanos-de-aridane-la-iv-edicion-de-la-vertical-puerto-naos-plaza-bonita\/","og_site_name":"Ayuntamiento de Los Llanos de Aridane","article_published_time":"2023-04-10T10:23:08+00:00","article_modified_time":"2023-07-25T10:58:02+00:00","og_image":[{"width":1200,"height":675,"url":"https:\/\/www.aridane.org\/city\/wp-content\/uploads\/2023\/04\/vertical_puerto_naos_1.jpg","type":"image\/jpeg"}],"author":"Richard Diaz","twitter_card":"summary_large_image","twitter_misc":{"Escrito por":"Richard Diaz","Tiempo de lectura":"2 minutos"},"schema":{"@context":"https:\/\/schema.org","@graph":[{"@type":"WebPage","@id":"https:\/\/www.aridane.org\/city\/2023\/04\/10\/regresa-a-los-llanos-de-aridane-la-iv-edicion-de-la-vertical-puerto-naos-plaza-bonita\/","url":"https:\/\/www.aridane.org\/city\/2023\/04\/10\/regresa-a-los-llanos-de-aridane-la-iv-edicion-de-la-vertical-puerto-naos-plaza-bonita\/","name":"Regresa a Los Llanos de Aridane la IV edici\u00f3n de la Vertical Puerto Naos - Plaza Bonita - Ayuntamiento de Los Llanos de Aridane","isPartOf":{"@id":"https:\/\/www.aridane.org\/city\/#website"},"primaryImageOfPage":{"@id":"https:\/\/www.aridane.org\/city\/2023\/04\/10\/regresa-a-los-llanos-de-aridane-la-iv-edicion-de-la-vertical-puerto-naos-plaza-bonita\/#primaryimage"},"image":{"@id":"https:\/\/www.aridane.org\/city\/2023\/04\/10\/regresa-a-los-llanos-de-aridane-la-iv-edicion-de-la-vertical-puerto-naos-plaza-bonita\/#primaryimage"},"thumbnailUrl":"https:\/\/www.aridane.org\/city\/wp-content\/uploads\/2023\/04\/vertical_puerto_naos_1.jpg","datePublished":"2023-04-10T10:23:08+00:00","dateModified":"2023-07-25T10:58:02+00:00","author":{"@id":"https:\/\/www.aridane.org\/city\/#\/schema\/person\/7d352ec7f29881716f298394432e7209"},"description":"El Ayuntamiento de Los Llanos de Aridane presenta el cartel y el programa de La Patrona 2021 con el lema \u201cRemedios, m\u00e1s que un nombre.\u201d","breadcrumb":{"@id":"https:\/\/www.aridane.org\/city\/2023\/04\/10\/regresa-a-los-llanos-de-aridane-la-iv-edicion-de-la-vertical-puerto-naos-plaza-bonita\/#breadcrumb"},"inLanguage":"es","potentialAction":[{"@type":"ReadAction","target":["https:\/\/www.aridane.org\/city\/2023\/04\/10\/regresa-a-los-llanos-de-aridane-la-iv-edicion-de-la-vertical-puerto-naos-plaza-bonita\/"]}]},{"@type":"ImageObject","inLanguage":"es","@id":"https:\/\/www.aridane.org\/city\/2023\/04\/10\/regresa-a-los-llanos-de-aridane-la-iv-edicion-de-la-vertical-puerto-naos-plaza-bonita\/#primaryimage","url":"https:\/\/www.aridane.org\/city\/wp-content\/uploads\/2023\/04\/vertical_puerto_naos_1.jpg","contentUrl":"https:\/\/www.aridane.org\/city\/wp-content\/uploads\/2023\/04\/vertical_puerto_naos_1.jpg","width":1200,"height":675},{"@type":"BreadcrumbList","@id":"https:\/\/www.aridane.org\/city\/2023\/04\/10\/regresa-a-los-llanos-de-aridane-la-iv-edicion-de-la-vertical-puerto-naos-plaza-bonita\/#breadcrumb","itemListElement":[{"@type":"ListItem","position":1,"name":"Portada","item":"https:\/\/www.aridane.org\/city\/"},{"@type":"ListItem","position":2,"name":"Regresa a Los Llanos de Aridane la IV edici\u00f3n de la Vertical Puerto Naos &#8211; Plaza Bonita"}]},{"@type":"WebSite","@id":"https:\/\/www.aridane.org\/city\/#website","url":"https:\/\/www.aridane.org\/city\/","name":"Ayuntamiento de Los Llanos de Aridane","description":"","potentialAction":[{"@type":"SearchAction","target":{"@type":"EntryPoint","urlTemplate":"https:\/\/www.aridane.org\/city\/?s={search_term_string}"},"query-input":"required name=search_term_string"}],"inLanguage":"es"},{"@type":"Person","@id":"https:\/\/www.aridane.org\/city\/#\/schema\/person\/7d352ec7f29881716f298394432e7209","name":"Richard Diaz","image":{"@type":"ImageObject","inLanguage":"es","@id":"https:\/\/www.aridane.org\/city\/#\/schema\/person\/image\/","url":"https:\/\/secure.gravatar.com\/avatar\/bacd6aefc26a4a204943090a4c596cd10f0857081ef3cfd12084a70ecb3161d5?s=96&d=mm&r=g","contentUrl":"https:\/\/secure.gravatar.com\/avatar\/bacd6aefc26a4a204943090a4c596cd10f0857081ef3cfd12084a70ecb3161d5?s=96&d=mm&r=g","caption":"Richard Diaz"},"sameAs":["https:\/\/www.aridane.org\/city"],"url":"https:\/\/www.aridane.org\/city\/author\/richard-diaz\/"}]}},"_links":{"self":[{"href":"https:\/\/www.aridane.org\/city\/wp-json\/wp\/v2\/posts\/1567","targetHints":{"allow":["GET"]}}],"collection":[{"href":"https:\/\/www.aridane.org\/city\/wp-json\/wp\/v2\/posts"}],"about":[{"href":"https:\/\/www.aridane.org\/city\/wp-json\/wp\/v2\/types\/post"}],"author":[{"embeddable":true,"href":"https:\/\/www.aridane.org\/city\/wp-json\/wp\/v2\/users\/1"}],"replies":[{"embeddable":true,"href":"https:\/\/www.aridane.org\/city\/wp-json\/wp\/v2\/comments?post=1567"}],"version-history":[{"count":2,"href":"https:\/\/www.aridane.org\/city\/wp-json\/wp\/v2\/posts\/1567\/revisions"}],"predecessor-version":[{"id":2502,"href":"https:\/\/www.aridane.org\/city\/wp-json\/wp\/v2\/posts\/1567\/revisions\/2502"}],"wp:featuredmedia":[{"embeddable":true,"href":"https:\/\/www.aridane.org\/city\/wp-json\/wp\/v2\/media\/2503"}],"wp:attachment":[{"href":"https:\/\/www.aridane.org\/city\/wp-json\/wp\/v2\/media?parent=1567"}],"wp:term":[{"taxonomy":"category","embeddable":true,"href":"https:\/\/www.aridane.org\/city\/wp-json\/wp\/v2\/categories?post=1567"},{"taxonomy":"post_tag","embeddable":true,"href":"https:\/\/www.aridane.org\/city\/wp-json\/wp\/v2\/tags?post=1567"}],"curies":[{"name":"wp","href":"https:\/\/api.w.org\/{rel}","templated":true}]}}