{"id":1572,"date":"2023-04-10T11:29:08","date_gmt":"2023-04-10T10:29:08","guid":{"rendered":"https:\/\/aridane.org\/ciudad\/?p=1572"},"modified":"2023-07-25T09:50:02","modified_gmt":"2023-07-25T09:50:02","slug":"el-ayuntamiento-de-los-llanos-de-aridane-informa-de-la-apertura-de-la-convocatoria-para-apoyar-a-aquellas-empresas-que-quieran-recuperar-su-actividad-en-el-municipio-despues-de-haber-sido-arrasadas-po","status":"publish","type":"post","link":"https:\/\/www.aridane.org\/city\/2023\/04\/10\/el-ayuntamiento-de-los-llanos-de-aridane-informa-de-la-apertura-de-la-convocatoria-para-apoyar-a-aquellas-empresas-que-quieran-recuperar-su-actividad-en-el-municipio-despues-de-haber-sido-arrasadas-po\/","title":{"rendered":"El Ayuntamiento de Los Llanos de Aridane informa de la apertura de la convocatoria para apoyar a aquellas empresas que quieran recuperar su actividad en el municipio despu\u00e9s de haber sido arrasadas por el volc\u00e1n"},"content":{"rendered":"<section class=\"wpb-content-wrapper\"><p>[vc_row css_animation=\u00bb\u00bb row_type=\u00bbrow\u00bb use_row_as_full_screen_section=\u00bbno\u00bb type=\u00bbfull_width\u00bb angled_section=\u00bbno\u00bb text_align=\u00bbleft\u00bb background_image_as_pattern=\u00bbwithout_pattern\u00bb][vc_column][vc_row_inner row_type=\u00bbrow\u00bb type=\u00bbgrid\u00bb text_align=\u00bbleft\u00bb css_animation=\u00bb\u00bb][vc_column_inner][vc_empty_space height=\u00bb20px\u00bb][vc_empty_space height=\u00bb20px\u00bb][\/vc_column_inner][\/vc_row_inner][vc_column_text]<\/p>\n<ul>\n<li style=\"text-align: justify;\">Esta subvenci\u00f3n contar\u00e1 con una partida de 300.0000 euros, y los interesados podr\u00e1n presentar la documentaci\u00f3n desde ma\u00f1ana, 11 de abril, y hasta el pr\u00f3ximo 2 de mayo,\u00a0 y deber\u00e1n hacerlo de manera telem\u00e1tica a trav\u00e9s <em>de <\/em>la sede electr\u00f3nica municipal <a href=\"https:\/\/eadmin.aridane.org\/\"><em>https:\/\/eadmin.aridane.org<\/em><\/a><\/li>\n<\/ul>\n<p>&nbsp;<\/p>\n<p style=\"text-align: justify;\"><strong>Los Llanos de Aridane, 10 de abril de 2023.- <\/strong>El Ayuntamiento de Los Llanos de Aridane a trav\u00e9s de la concejal de Promoci\u00f3n Econ\u00f3mica, Inmaculada Fern\u00e1ndez, ha informado que desde ma\u00f1ana, 11 de abril y hasta el pr\u00f3ximo 2 de mayo, \u201ctodas aquellas empresas que se vieron arrasadas por el volc\u00e1n, y que vuelvan a recuperar su actividad en el municipio podr\u00e1n concurrir a la ayuda, que cuenta con una inversi\u00f3n de 300.000 euros\u201d, se\u00f1ala.<\/p>\n<p style=\"text-align: justify;\">Desde el Consistorio explican que esta subvenci\u00f3n tiene por finalidad hacer frente a los gastos corrientes sobrevenidos por la cat\u00e1strofe del volc\u00e1n, y con ella se busca\u00a0 garantizar la creaci\u00f3n de las empresas o actividades empresariales destruidas totalmente por la lava en Los Llanos de Aridane.<\/p>\n<p style=\"text-align: justify;\">Adem\u00e1s, se informa que podr\u00e1n ser beneficiarios, de las mismas las personas f\u00edsicas o jur\u00eddicas, tales como las personas aut\u00f3nomas, las sociedades mercantiles, entidades de econom\u00eda social, sociedades civiles, comunidades de bienes u otras actividades econ\u00f3micas sin personalidad jur\u00eddica, que desarrollasen alg\u00fan tipo de actividad econ\u00f3mica, mediante un centro de trabajo ubicado en el municipio, y que hayan perdido totalmente dicho establecimiento como consecuencia de los efectos del volc\u00e1n, arrasado completamente por la lava. Una cuesti\u00f3n, que se acreditar\u00e1 a trav\u00e9s de las resoluciones que en ese sentido se emitan por el Registro de personas afectadas por las erupciones volc\u00e1nicas en la isla de La Palma. Adem\u00e1s, de \u00a0cumplir con los dem\u00e1s requisitos establecidos en la convocatoria.<\/p>\n<p style=\"text-align: justify;\">En relaci\u00f3n a los criterios y cuant\u00edas fijas que se tendr\u00e1n en cuenta para la asignaci\u00f3n de la subvenci\u00f3n ser\u00e1n los siguientes:<\/p>\n<p style=\"text-align: justify;\">&#8211; 8.000,00 \u20ac para trabajadores aut\u00f3nomos, sociedades mercantiles, entidades de econom\u00eda social, sociedades civiles, comunidades de bienes u otras actividades econ\u00f3micas sin personalidad jur\u00eddica, con un establecimiento abierto al p\u00fablico en el municipio despu\u00e9s del 19 de septiembre de 2021, con hasta 1 empleado.<\/p>\n<p style=\"text-align: justify;\">&#8211; 12.000,00 \u20ac para trabajadores aut\u00f3nomos, sociedades mercantiles, entidades de econom\u00eda social, sociedades civiles, comunidades de bienes u otras actividades econ\u00f3micas sin personalidad jur\u00eddica, con un establecimiento abierto al p\u00fablico en el municipio despu\u00e9s del 19 de septiembre de 2021, con 2 empleados.<\/p>\n<ul style=\"text-align: justify;\">\n<li>000,00 \u20ac para trabajadores aut\u00f3nomos, sociedades mercantiles, entidades de econom\u00eda social, sociedades civiles, comunidades de bienes u otras actividades econ\u00f3micas sin personalidad jur\u00eddica, con un establecimiento abierto al p\u00fablico despu\u00e9s del 19 de septiembre de 2021, con 3 o m\u00e1s empleados.<\/li>\n<\/ul>\n<p style=\"text-align: justify;\">Por \u00faltimo, desde el Ayuntamiento de Los Llanos de Aridane se informa que los interesados estar\u00e1n obligados a presentar su solicitud de subvenci\u00f3n,\u00a0de manera telem\u00e1tica a trav\u00e9s de la sede electr\u00f3nica municipal <a href=\"https:\/\/eadmin.aridane.org\/\">https:\/\/eadmin.aridane.org<\/a><\/p>\n<p>[\/vc_column_text][\/vc_column][\/vc_row]<\/p>\n<\/section>","protected":false},"excerpt":{"rendered":"<p>[vc_row css_animation=\u00bb\u00bb row_type=\u00bbrow\u00bb use_row_as_full_screen_section=\u00bbno\u00bb type=\u00bbfull_width\u00bb angled_section=\u00bbno\u00bb text_align=\u00bbleft\u00bb background_image_as_pattern=\u00bbwithout_pattern\u00bb][vc_column][vc_row_inner row_type=\u00bbrow\u00bb type=\u00bbgrid\u00bb text_align=\u00bbleft\u00bb css_animation=\u00bb\u00bb][vc_column_inner][vc_empty_space height=\u00bb20px\u00bb][vc_empty_space height=\u00bb20px\u00bb][\/vc_column_inner][\/vc_row_inner][vc_column_text] Esta subvenci\u00f3n contar\u00e1 con una partida de 300.0000 euros, y los interesados podr\u00e1n presentar la documentaci\u00f3n desde ma\u00f1ana, 11 de abril, y hasta el pr\u00f3ximo 2 de mayo,\u00a0 y deber\u00e1n hacerlo&#8230;<\/p>\n","protected":false},"author":1,"featured_media":2491,"comment_status":"closed","ping_status":"open","sticky":false,"template":"","format":"standard","meta":{"footnotes":""},"categories":[6],"tags":[],"class_list":["post-1572","post","type-post","status-publish","format-standard","has-post-thumbnail","hentry","category-prensa"],"yoast_head":"<!-- This site is optimized with the Yoast SEO plugin v22.7 - https:\/\/yoast.com\/wordpress\/plugins\/seo\/ -->\n<title>El Ayuntamiento de Los Llanos de Aridane informa de la apertura de la convocatoria para apoyar a aquellas empresas que quieran recuperar su actividad en el municipio despu\u00e9s de haber sido arrasadas por el volc\u00e1n - Ayuntamiento de Los Llanos de Aridane<\/title>\n<meta name=\"description\" content=\"El Ayuntamiento de Los Llanos de Aridane presenta el cartel y el programa de La Patrona 2021 con el lema \u201cRemedios, m\u00e1s que un nombre.\u201d\" \/>\n<meta name=\"robots\" content=\"index, follow, max-snippet:-1, max-image-preview:large, max-video-preview:-1\" \/>\n<link rel=\"canonical\" href=\"https:\/\/www.aridane.org\/city\/2023\/04\/10\/el-ayuntamiento-de-los-llanos-de-aridane-informa-de-la-apertura-de-la-convocatoria-para-apoyar-a-aquellas-empresas-que-quieran-recuperar-su-actividad-en-el-municipio-despues-de-haber-sido-arrasadas-po\/\" \/>\n<meta property=\"og:locale\" content=\"es_ES\" \/>\n<meta property=\"og:type\" content=\"article\" \/>\n<meta property=\"og:title\" content=\"El Ayuntamiento de Los Llanos de Aridane informa de la apertura de la convocatoria para apoyar a aquellas empresas que quieran recuperar su actividad en el municipio despu\u00e9s de haber sido arrasadas por el volc\u00e1n - Ayuntamiento de Los Llanos de Aridane\" \/>\n<meta property=\"og:description\" content=\"El Ayuntamiento de Los Llanos de Aridane presenta el cartel y el programa de La Patrona 2021 con el lema \u201cRemedios, m\u00e1s que un nombre.\u201d\" \/>\n<meta property=\"og:url\" content=\"https:\/\/www.aridane.org\/city\/2023\/04\/10\/el-ayuntamiento-de-los-llanos-de-aridane-informa-de-la-apertura-de-la-convocatoria-para-apoyar-a-aquellas-empresas-que-quieran-recuperar-su-actividad-en-el-municipio-despues-de-haber-sido-arrasadas-po\/\" \/>\n<meta property=\"og:site_name\" content=\"Ayuntamiento de Los Llanos de Aridane\" \/>\n<meta property=\"article:published_time\" content=\"2023-04-10T10:29:08+00:00\" \/>\n<meta property=\"article:modified_time\" content=\"2023-07-25T09:50:02+00:00\" \/>\n<meta property=\"og:image\" content=\"https:\/\/www.aridane.org\/city\/wp-content\/uploads\/2023\/04\/ayto_aridane_1.jpg\" \/>\n\t<meta property=\"og:image:width\" content=\"1200\" \/>\n\t<meta property=\"og:image:height\" content=\"675\" \/>\n\t<meta property=\"og:image:type\" content=\"image\/jpeg\" \/>\n<meta name=\"author\" content=\"Richard Diaz\" \/>\n<meta name=\"twitter:card\" content=\"summary_large_image\" \/>\n<meta name=\"twitter:label1\" content=\"Escrito por\" \/>\n\t<meta name=\"twitter:data1\" content=\"Richard Diaz\" \/>\n\t<meta name=\"twitter:label2\" content=\"Tiempo de lectura\" \/>\n\t<meta name=\"twitter:data2\" content=\"3 minutos\" \/>\n<script type=\"application\/ld+json\" class=\"yoast-schema-graph\">{\"@context\":\"https:\/\/schema.org\",\"@graph\":[{\"@type\":\"WebPage\",\"@id\":\"https:\/\/www.aridane.org\/city\/2023\/04\/10\/el-ayuntamiento-de-los-llanos-de-aridane-informa-de-la-apertura-de-la-convocatoria-para-apoyar-a-aquellas-empresas-que-quieran-recuperar-su-actividad-en-el-municipio-despues-de-haber-sido-arrasadas-po\/\",\"url\":\"https:\/\/www.aridane.org\/city\/2023\/04\/10\/el-ayuntamiento-de-los-llanos-de-aridane-informa-de-la-apertura-de-la-convocatoria-para-apoyar-a-aquellas-empresas-que-quieran-recuperar-su-actividad-en-el-municipio-despues-de-haber-sido-arrasadas-po\/\",\"name\":\"El Ayuntamiento de Los Llanos de Aridane informa de la apertura de la convocatoria para apoyar a aquellas empresas que quieran recuperar su actividad en el municipio despu\u00e9s de haber sido arrasadas por el volc\u00e1n - Ayuntamiento de Los Llanos de Aridane\",\"isPartOf\":{\"@id\":\"https:\/\/www.aridane.org\/city\/#website\"},\"primaryImageOfPage\":{\"@id\":\"https:\/\/www.aridane.org\/city\/2023\/04\/10\/el-ayuntamiento-de-los-llanos-de-aridane-informa-de-la-apertura-de-la-convocatoria-para-apoyar-a-aquellas-empresas-que-quieran-recuperar-su-actividad-en-el-municipio-despues-de-haber-sido-arrasadas-po\/#primaryimage\"},\"image\":{\"@id\":\"https:\/\/www.aridane.org\/city\/2023\/04\/10\/el-ayuntamiento-de-los-llanos-de-aridane-informa-de-la-apertura-de-la-convocatoria-para-apoyar-a-aquellas-empresas-que-quieran-recuperar-su-actividad-en-el-municipio-despues-de-haber-sido-arrasadas-po\/#primaryimage\"},\"thumbnailUrl\":\"https:\/\/www.aridane.org\/city\/wp-content\/uploads\/2023\/04\/ayto_aridane_1.jpg\",\"datePublished\":\"2023-04-10T10:29:08+00:00\",\"dateModified\":\"2023-07-25T09:50:02+00:00\",\"author\":{\"@id\":\"https:\/\/www.aridane.org\/city\/#\/schema\/person\/7d352ec7f29881716f298394432e7209\"},\"description\":\"El Ayuntamiento de Los Llanos de Aridane presenta el cartel y el programa de La Patrona 2021 con el lema \u201cRemedios, m\u00e1s que un nombre.\u201d\",\"breadcrumb\":{\"@id\":\"https:\/\/www.aridane.org\/city\/2023\/04\/10\/el-ayuntamiento-de-los-llanos-de-aridane-informa-de-la-apertura-de-la-convocatoria-para-apoyar-a-aquellas-empresas-que-quieran-recuperar-su-actividad-en-el-municipio-despues-de-haber-sido-arrasadas-po\/#breadcrumb\"},\"inLanguage\":\"es\",\"potentialAction\":[{\"@type\":\"ReadAction\",\"target\":[\"https:\/\/www.aridane.org\/city\/2023\/04\/10\/el-ayuntamiento-de-los-llanos-de-aridane-informa-de-la-apertura-de-la-convocatoria-para-apoyar-a-aquellas-empresas-que-quieran-recuperar-su-actividad-en-el-municipio-despues-de-haber-sido-arrasadas-po\/\"]}]},{\"@type\":\"ImageObject\",\"inLanguage\":\"es\",\"@id\":\"https:\/\/www.aridane.org\/city\/2023\/04\/10\/el-ayuntamiento-de-los-llanos-de-aridane-informa-de-la-apertura-de-la-convocatoria-para-apoyar-a-aquellas-empresas-que-quieran-recuperar-su-actividad-en-el-municipio-despues-de-haber-sido-arrasadas-po\/#primaryimage\",\"url\":\"https:\/\/www.aridane.org\/city\/wp-content\/uploads\/2023\/04\/ayto_aridane_1.jpg\",\"contentUrl\":\"https:\/\/www.aridane.org\/city\/wp-content\/uploads\/2023\/04\/ayto_aridane_1.jpg\",\"width\":1200,\"height\":675},{\"@type\":\"BreadcrumbList\",\"@id\":\"https:\/\/www.aridane.org\/city\/2023\/04\/10\/el-ayuntamiento-de-los-llanos-de-aridane-informa-de-la-apertura-de-la-convocatoria-para-apoyar-a-aquellas-empresas-que-quieran-recuperar-su-actividad-en-el-municipio-despues-de-haber-sido-arrasadas-po\/#breadcrumb\",\"itemListElement\":[{\"@type\":\"ListItem\",\"position\":1,\"name\":\"Portada\",\"item\":\"https:\/\/www.aridane.org\/city\/\"},{\"@type\":\"ListItem\",\"position\":2,\"name\":\"El Ayuntamiento de Los Llanos de Aridane informa de la apertura de la convocatoria para apoyar a aquellas empresas que quieran recuperar su actividad en el municipio despu\u00e9s de haber sido arrasadas por el volc\u00e1n\"}]},{\"@type\":\"WebSite\",\"@id\":\"https:\/\/www.aridane.org\/city\/#website\",\"url\":\"https:\/\/www.aridane.org\/city\/\",\"name\":\"Ayuntamiento de Los Llanos de Aridane\",\"description\":\"\",\"potentialAction\":[{\"@type\":\"SearchAction\",\"target\":{\"@type\":\"EntryPoint\",\"urlTemplate\":\"https:\/\/www.aridane.org\/city\/?s={search_term_string}\"},\"query-input\":\"required name=search_term_string\"}],\"inLanguage\":\"es\"},{\"@type\":\"Person\",\"@id\":\"https:\/\/www.aridane.org\/city\/#\/schema\/person\/7d352ec7f29881716f298394432e7209\",\"name\":\"Richard Diaz\",\"image\":{\"@type\":\"ImageObject\",\"inLanguage\":\"es\",\"@id\":\"https:\/\/www.aridane.org\/city\/#\/schema\/person\/image\/\",\"url\":\"https:\/\/secure.gravatar.com\/avatar\/bacd6aefc26a4a204943090a4c596cd10f0857081ef3cfd12084a70ecb3161d5?s=96&d=mm&r=g\",\"contentUrl\":\"https:\/\/secure.gravatar.com\/avatar\/bacd6aefc26a4a204943090a4c596cd10f0857081ef3cfd12084a70ecb3161d5?s=96&d=mm&r=g\",\"caption\":\"Richard Diaz\"},\"sameAs\":[\"https:\/\/www.aridane.org\/city\"],\"url\":\"https:\/\/www.aridane.org\/city\/author\/richard-diaz\/\"}]}<\/script>\n<!-- \/ Yoast SEO plugin. -->","yoast_head_json":{"title":"El Ayuntamiento de Los Llanos de Aridane informa de la apertura de la convocatoria para apoyar a aquellas empresas que quieran recuperar su actividad en el municipio despu\u00e9s de haber sido arrasadas por el volc\u00e1n - Ayuntamiento de Los Llanos de Aridane","description":"El Ayuntamiento de Los Llanos de Aridane presenta el cartel y el programa de La Patrona 2021 con el lema \u201cRemedios, m\u00e1s que un nombre.\u201d","robots":{"index":"index","follow":"follow","max-snippet":"max-snippet:-1","max-image-preview":"max-image-preview:large","max-video-preview":"max-video-preview:-1"},"canonical":"https:\/\/www.aridane.org\/city\/2023\/04\/10\/el-ayuntamiento-de-los-llanos-de-aridane-informa-de-la-apertura-de-la-convocatoria-para-apoyar-a-aquellas-empresas-que-quieran-recuperar-su-actividad-en-el-municipio-despues-de-haber-sido-arrasadas-po\/","og_locale":"es_ES","og_type":"article","og_title":"El Ayuntamiento de Los Llanos de Aridane informa de la apertura de la convocatoria para apoyar a aquellas empresas que quieran recuperar su actividad en el municipio despu\u00e9s de haber sido arrasadas por el volc\u00e1n - Ayuntamiento de Los Llanos de Aridane","og_description":"El Ayuntamiento de Los Llanos de Aridane presenta el cartel y el programa de La Patrona 2021 con el lema \u201cRemedios, m\u00e1s que un nombre.\u201d","og_url":"https:\/\/www.aridane.org\/city\/2023\/04\/10\/el-ayuntamiento-de-los-llanos-de-aridane-informa-de-la-apertura-de-la-convocatoria-para-apoyar-a-aquellas-empresas-que-quieran-recuperar-su-actividad-en-el-municipio-despues-de-haber-sido-arrasadas-po\/","og_site_name":"Ayuntamiento de Los Llanos de Aridane","article_published_time":"2023-04-10T10:29:08+00:00","article_modified_time":"2023-07-25T09:50:02+00:00","og_image":[{"width":1200,"height":675,"url":"https:\/\/www.aridane.org\/city\/wp-content\/uploads\/2023\/04\/ayto_aridane_1.jpg","type":"image\/jpeg"}],"author":"Richard Diaz","twitter_card":"summary_large_image","twitter_misc":{"Escrito por":"Richard Diaz","Tiempo de lectura":"3 minutos"},"schema":{"@context":"https:\/\/schema.org","@graph":[{"@type":"WebPage","@id":"https:\/\/www.aridane.org\/city\/2023\/04\/10\/el-ayuntamiento-de-los-llanos-de-aridane-informa-de-la-apertura-de-la-convocatoria-para-apoyar-a-aquellas-empresas-que-quieran-recuperar-su-actividad-en-el-municipio-despues-de-haber-sido-arrasadas-po\/","url":"https:\/\/www.aridane.org\/city\/2023\/04\/10\/el-ayuntamiento-de-los-llanos-de-aridane-informa-de-la-apertura-de-la-convocatoria-para-apoyar-a-aquellas-empresas-que-quieran-recuperar-su-actividad-en-el-municipio-despues-de-haber-sido-arrasadas-po\/","name":"El Ayuntamiento de Los Llanos de Aridane informa de la apertura de la convocatoria para apoyar a aquellas empresas que quieran recuperar su actividad en el municipio despu\u00e9s de haber sido arrasadas por el volc\u00e1n - Ayuntamiento de Los Llanos de Aridane","isPartOf":{"@id":"https:\/\/www.aridane.org\/city\/#website"},"primaryImageOfPage":{"@id":"https:\/\/www.aridane.org\/city\/2023\/04\/10\/el-ayuntamiento-de-los-llanos-de-aridane-informa-de-la-apertura-de-la-convocatoria-para-apoyar-a-aquellas-empresas-que-quieran-recuperar-su-actividad-en-el-municipio-despues-de-haber-sido-arrasadas-po\/#primaryimage"},"image":{"@id":"https:\/\/www.aridane.org\/city\/2023\/04\/10\/el-ayuntamiento-de-los-llanos-de-aridane-informa-de-la-apertura-de-la-convocatoria-para-apoyar-a-aquellas-empresas-que-quieran-recuperar-su-actividad-en-el-municipio-despues-de-haber-sido-arrasadas-po\/#primaryimage"},"thumbnailUrl":"https:\/\/www.aridane.org\/city\/wp-content\/uploads\/2023\/04\/ayto_aridane_1.jpg","datePublished":"2023-04-10T10:29:08+00:00","dateModified":"2023-07-25T09:50:02+00:00","author":{"@id":"https:\/\/www.aridane.org\/city\/#\/schema\/person\/7d352ec7f29881716f298394432e7209"},"description":"El Ayuntamiento de Los Llanos de Aridane presenta el cartel y el programa de La Patrona 2021 con el lema \u201cRemedios, m\u00e1s que un nombre.\u201d","breadcrumb":{"@id":"https:\/\/www.aridane.org\/city\/2023\/04\/10\/el-ayuntamiento-de-los-llanos-de-aridane-informa-de-la-apertura-de-la-convocatoria-para-apoyar-a-aquellas-empresas-que-quieran-recuperar-su-actividad-en-el-municipio-despues-de-haber-sido-arrasadas-po\/#breadcrumb"},"inLanguage":"es","potentialAction":[{"@type":"ReadAction","target":["https:\/\/www.aridane.org\/city\/2023\/04\/10\/el-ayuntamiento-de-los-llanos-de-aridane-informa-de-la-apertura-de-la-convocatoria-para-apoyar-a-aquellas-empresas-que-quieran-recuperar-su-actividad-en-el-municipio-despues-de-haber-sido-arrasadas-po\/"]}]},{"@type":"ImageObject","inLanguage":"es","@id":"https:\/\/www.aridane.org\/city\/2023\/04\/10\/el-ayuntamiento-de-los-llanos-de-aridane-informa-de-la-apertura-de-la-convocatoria-para-apoyar-a-aquellas-empresas-que-quieran-recuperar-su-actividad-en-el-municipio-despues-de-haber-sido-arrasadas-po\/#primaryimage","url":"https:\/\/www.aridane.org\/city\/wp-content\/uploads\/2023\/04\/ayto_aridane_1.jpg","contentUrl":"https:\/\/www.aridane.org\/city\/wp-content\/uploads\/2023\/04\/ayto_aridane_1.jpg","width":1200,"height":675},{"@type":"BreadcrumbList","@id":"https:\/\/www.aridane.org\/city\/2023\/04\/10\/el-ayuntamiento-de-los-llanos-de-aridane-informa-de-la-apertura-de-la-convocatoria-para-apoyar-a-aquellas-empresas-que-quieran-recuperar-su-actividad-en-el-municipio-despues-de-haber-sido-arrasadas-po\/#breadcrumb","itemListElement":[{"@type":"ListItem","position":1,"name":"Portada","item":"https:\/\/www.aridane.org\/city\/"},{"@type":"ListItem","position":2,"name":"El Ayuntamiento de Los Llanos de Aridane informa de la apertura de la convocatoria para apoyar a aquellas empresas que quieran recuperar su actividad en el municipio despu\u00e9s de haber sido arrasadas por el volc\u00e1n"}]},{"@type":"WebSite","@id":"https:\/\/www.aridane.org\/city\/#website","url":"https:\/\/www.aridane.org\/city\/","name":"Ayuntamiento de Los Llanos de Aridane","description":"","potentialAction":[{"@type":"SearchAction","target":{"@type":"EntryPoint","urlTemplate":"https:\/\/www.aridane.org\/city\/?s={search_term_string}"},"query-input":"required name=search_term_string"}],"inLanguage":"es"},{"@type":"Person","@id":"https:\/\/www.aridane.org\/city\/#\/schema\/person\/7d352ec7f29881716f298394432e7209","name":"Richard Diaz","image":{"@type":"ImageObject","inLanguage":"es","@id":"https:\/\/www.aridane.org\/city\/#\/schema\/person\/image\/","url":"https:\/\/secure.gravatar.com\/avatar\/bacd6aefc26a4a204943090a4c596cd10f0857081ef3cfd12084a70ecb3161d5?s=96&d=mm&r=g","contentUrl":"https:\/\/secure.gravatar.com\/avatar\/bacd6aefc26a4a204943090a4c596cd10f0857081ef3cfd12084a70ecb3161d5?s=96&d=mm&r=g","caption":"Richard Diaz"},"sameAs":["https:\/\/www.aridane.org\/city"],"url":"https:\/\/www.aridane.org\/city\/author\/richard-diaz\/"}]}},"_links":{"self":[{"href":"https:\/\/www.aridane.org\/city\/wp-json\/wp\/v2\/posts\/1572","targetHints":{"allow":["GET"]}}],"collection":[{"href":"https:\/\/www.aridane.org\/city\/wp-json\/wp\/v2\/posts"}],"about":[{"href":"https:\/\/www.aridane.org\/city\/wp-json\/wp\/v2\/types\/post"}],"author":[{"embeddable":true,"href":"https:\/\/www.aridane.org\/city\/wp-json\/wp\/v2\/users\/1"}],"replies":[{"embeddable":true,"href":"https:\/\/www.aridane.org\/city\/wp-json\/wp\/v2\/comments?post=1572"}],"version-history":[{"count":2,"href":"https:\/\/www.aridane.org\/city\/wp-json\/wp\/v2\/posts\/1572\/revisions"}],"predecessor-version":[{"id":2501,"href":"https:\/\/www.aridane.org\/city\/wp-json\/wp\/v2\/posts\/1572\/revisions\/2501"}],"wp:featuredmedia":[{"embeddable":true,"href":"https:\/\/www.aridane.org\/city\/wp-json\/wp\/v2\/media\/2491"}],"wp:attachment":[{"href":"https:\/\/www.aridane.org\/city\/wp-json\/wp\/v2\/media?parent=1572"}],"wp:term":[{"taxonomy":"category","embeddable":true,"href":"https:\/\/www.aridane.org\/city\/wp-json\/wp\/v2\/categories?post=1572"},{"taxonomy":"post_tag","embeddable":true,"href":"https:\/\/www.aridane.org\/city\/wp-json\/wp\/v2\/tags?post=1572"}],"curies":[{"name":"wp","href":"https:\/\/api.w.org\/{rel}","templated":true}]}}