{"id":1579,"date":"2023-04-05T12:17:19","date_gmt":"2023-04-05T11:17:19","guid":{"rendered":"https:\/\/aridane.org\/ciudad\/?p=1579"},"modified":"2023-07-25T11:23:49","modified_gmt":"2023-07-25T11:23:49","slug":"la-3o-edicion-de-la-exposicion-arte-y-fe-se-podra-visitar-durante-esta-semana-santa-en-los-llanos-de-aridane","status":"publish","type":"post","link":"https:\/\/www.aridane.org\/city\/2023\/04\/05\/la-3o-edicion-de-la-exposicion-arte-y-fe-se-podra-visitar-durante-esta-semana-santa-en-los-llanos-de-aridane\/","title":{"rendered":"La 3\u00ba edici\u00f3n de la exposici\u00f3n  \u2018Arte y Fe\u2019 se podr\u00e1 visitar durante esta Semana Santa en Los Llanos de Aridane"},"content":{"rendered":"<section class=\"wpb-content-wrapper\"><p>[vc_row css_animation=\u00bb\u00bb row_type=\u00bbrow\u00bb use_row_as_full_screen_section=\u00bbno\u00bb type=\u00bbfull_width\u00bb angled_section=\u00bbno\u00bb text_align=\u00bbleft\u00bb background_image_as_pattern=\u00bbwithout_pattern\u00bb][vc_column][vc_row_inner row_type=\u00bbrow\u00bb type=\u00bbgrid\u00bb text_align=\u00bbleft\u00bb css_animation=\u00bb\u00bb][vc_column_inner][vc_empty_space height=\u00bb20px\u00bb][vc_empty_space height=\u00bb20px\u00bb][\/vc_column_inner][\/vc_row_inner][vc_column_text]<\/p>\n<ul>\n<li style=\"text-align: justify;\"><em>Desde el Ayuntamiento se\u00f1alan que hoy se expondr\u00e1 en la Plaza de Espa\u00f1a del municipio, mientras que a partir de ma\u00f1ana, y hasta el domingo, se dividir\u00e1n las piezas en las distintas Parroquias del municipio.<\/em><\/li>\n<\/ul>\n<p>&nbsp;<\/p>\n<p style=\"text-align: justify;\"><strong>Los Llanos de Aridane, 5 de abril de 2023.- <\/strong>El Ayuntamiento de Los Llanos de Aridane informa que la 3\u00ba edici\u00f3n de la exposici\u00f3n \u2018Arte y Fe\u2019 se podr\u00eda visitar desde hoy mi\u00e9rcoles 5 de abril en la Plaza de Espa\u00f1a, mientras que a partir de ma\u00f1ana, jueves 6 de abril, y hasta el pr\u00f3ximo domingo se dividir\u00e1n las piezas entre las distintas distintas Parroquias de del municipio para que acompa\u00f1en a sus monumentos.<\/p>\n<p style=\"text-align: justify;\">Esta exposici\u00f3n cuenta con los textos de cinco escritores y escritoras del municipio que unen sus creaciones a las fotos realizadas por el fot\u00f3grafo Emilio Barrionuevo a la talla de la Virgen de Los Dolores, que forma parte del conjunto de imaginer\u00eda de la Parroquia Matriz de Los Remedios.<\/p>\n<p style=\"text-align: justify;\">Desde el Ayuntamiento se\u00f1alan que los textos, que han sido escritos expresamente para esta exposici\u00f3n, se inspiran en el tema de la Semana Santa aridanense \u00abStabat Mater\u201d, y ponen en valor la figura de la madre. Sus autores son H\u00e9ctor Jos\u00e9 Rodr\u00edguez Riverol, Ricardo Hern\u00e1ndez Bravo, Luc\u00eda Rosa Gonz\u00e1lez, Aquiles Garc\u00eda Brito y Gloria Esther Rodr\u00edguez Rodr\u00edguez.<\/p>\n<p style=\"text-align: justify;\">Desde el Consistorio se agradece la sensibilidad de las y los escritores y del fot\u00f3grafo Emilio Barrionuevo, y se invita a todas las personas que as\u00ed lo deseen a visitarla.<\/p>\n<p>[\/vc_column_text][\/vc_column][\/vc_row]<\/p>\n<\/section>","protected":false},"excerpt":{"rendered":"<p>[vc_row css_animation=\u00bb\u00bb row_type=\u00bbrow\u00bb use_row_as_full_screen_section=\u00bbno\u00bb type=\u00bbfull_width\u00bb angled_section=\u00bbno\u00bb text_align=\u00bbleft\u00bb background_image_as_pattern=\u00bbwithout_pattern\u00bb][vc_column][vc_row_inner row_type=\u00bbrow\u00bb type=\u00bbgrid\u00bb text_align=\u00bbleft\u00bb css_animation=\u00bb\u00bb][vc_column_inner][vc_empty_space height=\u00bb20px\u00bb][vc_empty_space height=\u00bb20px\u00bb][\/vc_column_inner][\/vc_row_inner][vc_column_text] Desde el Ayuntamiento se\u00f1alan que hoy se expondr\u00e1 en la Plaza de Espa\u00f1a del municipio, mientras que a partir de ma\u00f1ana, y hasta el domingo, se dividir\u00e1n las piezas en las&#8230;<\/p>\n","protected":false},"author":1,"featured_media":2508,"comment_status":"closed","ping_status":"open","sticky":false,"template":"","format":"standard","meta":{"footnotes":""},"categories":[6],"tags":[],"class_list":["post-1579","post","type-post","status-publish","format-standard","has-post-thumbnail","hentry","category-prensa"],"yoast_head":"<!-- This site is optimized with the Yoast SEO plugin v22.7 - https:\/\/yoast.com\/wordpress\/plugins\/seo\/ -->\n<title>La 3\u00ba edici\u00f3n de la exposici\u00f3n \u2018Arte y Fe\u2019 se podr\u00e1 visitar durante esta Semana Santa en Los Llanos de Aridane - Ayuntamiento de Los Llanos de Aridane<\/title>\n<meta name=\"description\" content=\"El Ayuntamiento de Los Llanos de Aridane presenta el cartel y el programa de La Patrona 2021 con el lema \u201cRemedios, m\u00e1s que un nombre.\u201d\" \/>\n<meta name=\"robots\" content=\"index, follow, max-snippet:-1, max-image-preview:large, max-video-preview:-1\" \/>\n<link rel=\"canonical\" href=\"https:\/\/www.aridane.org\/city\/2023\/04\/05\/la-3o-edicion-de-la-exposicion-arte-y-fe-se-podra-visitar-durante-esta-semana-santa-en-los-llanos-de-aridane\/\" \/>\n<meta property=\"og:locale\" content=\"es_ES\" \/>\n<meta property=\"og:type\" content=\"article\" \/>\n<meta property=\"og:title\" content=\"La 3\u00ba edici\u00f3n de la exposici\u00f3n \u2018Arte y Fe\u2019 se podr\u00e1 visitar durante esta Semana Santa en Los Llanos de Aridane - Ayuntamiento de Los Llanos de Aridane\" \/>\n<meta property=\"og:description\" content=\"El Ayuntamiento de Los Llanos de Aridane presenta el cartel y el programa de La Patrona 2021 con el lema \u201cRemedios, m\u00e1s que un nombre.\u201d\" \/>\n<meta property=\"og:url\" content=\"https:\/\/www.aridane.org\/city\/2023\/04\/05\/la-3o-edicion-de-la-exposicion-arte-y-fe-se-podra-visitar-durante-esta-semana-santa-en-los-llanos-de-aridane\/\" \/>\n<meta property=\"og:site_name\" content=\"Ayuntamiento de Los Llanos de Aridane\" \/>\n<meta property=\"article:published_time\" content=\"2023-04-05T11:17:19+00:00\" \/>\n<meta property=\"article:modified_time\" content=\"2023-07-25T11:23:49+00:00\" \/>\n<meta property=\"og:image\" content=\"https:\/\/www.aridane.org\/city\/wp-content\/uploads\/2023\/04\/arte_y_fe.webp\" \/>\n\t<meta property=\"og:image:width\" content=\"1200\" \/>\n\t<meta property=\"og:image:height\" content=\"675\" \/>\n\t<meta property=\"og:image:type\" content=\"image\/webp\" \/>\n<meta name=\"author\" content=\"Richard Diaz\" \/>\n<meta name=\"twitter:card\" content=\"summary_large_image\" \/>\n<meta name=\"twitter:label1\" content=\"Escrito por\" \/>\n\t<meta name=\"twitter:data1\" content=\"Richard Diaz\" \/>\n\t<meta name=\"twitter:label2\" content=\"Tiempo de lectura\" \/>\n\t<meta name=\"twitter:data2\" content=\"2 minutos\" \/>\n<script type=\"application\/ld+json\" class=\"yoast-schema-graph\">{\"@context\":\"https:\/\/schema.org\",\"@graph\":[{\"@type\":\"WebPage\",\"@id\":\"https:\/\/www.aridane.org\/city\/2023\/04\/05\/la-3o-edicion-de-la-exposicion-arte-y-fe-se-podra-visitar-durante-esta-semana-santa-en-los-llanos-de-aridane\/\",\"url\":\"https:\/\/www.aridane.org\/city\/2023\/04\/05\/la-3o-edicion-de-la-exposicion-arte-y-fe-se-podra-visitar-durante-esta-semana-santa-en-los-llanos-de-aridane\/\",\"name\":\"La 3\u00ba edici\u00f3n de la exposici\u00f3n \u2018Arte y Fe\u2019 se podr\u00e1 visitar durante esta Semana Santa en Los Llanos de Aridane - Ayuntamiento de Los Llanos de Aridane\",\"isPartOf\":{\"@id\":\"https:\/\/www.aridane.org\/city\/#website\"},\"primaryImageOfPage\":{\"@id\":\"https:\/\/www.aridane.org\/city\/2023\/04\/05\/la-3o-edicion-de-la-exposicion-arte-y-fe-se-podra-visitar-durante-esta-semana-santa-en-los-llanos-de-aridane\/#primaryimage\"},\"image\":{\"@id\":\"https:\/\/www.aridane.org\/city\/2023\/04\/05\/la-3o-edicion-de-la-exposicion-arte-y-fe-se-podra-visitar-durante-esta-semana-santa-en-los-llanos-de-aridane\/#primaryimage\"},\"thumbnailUrl\":\"https:\/\/www.aridane.org\/city\/wp-content\/uploads\/2023\/04\/arte_y_fe.webp\",\"datePublished\":\"2023-04-05T11:17:19+00:00\",\"dateModified\":\"2023-07-25T11:23:49+00:00\",\"author\":{\"@id\":\"https:\/\/www.aridane.org\/city\/#\/schema\/person\/7d352ec7f29881716f298394432e7209\"},\"description\":\"El Ayuntamiento de Los Llanos de Aridane presenta el cartel y el programa de La Patrona 2021 con el lema \u201cRemedios, m\u00e1s que un nombre.\u201d\",\"breadcrumb\":{\"@id\":\"https:\/\/www.aridane.org\/city\/2023\/04\/05\/la-3o-edicion-de-la-exposicion-arte-y-fe-se-podra-visitar-durante-esta-semana-santa-en-los-llanos-de-aridane\/#breadcrumb\"},\"inLanguage\":\"es\",\"potentialAction\":[{\"@type\":\"ReadAction\",\"target\":[\"https:\/\/www.aridane.org\/city\/2023\/04\/05\/la-3o-edicion-de-la-exposicion-arte-y-fe-se-podra-visitar-durante-esta-semana-santa-en-los-llanos-de-aridane\/\"]}]},{\"@type\":\"ImageObject\",\"inLanguage\":\"es\",\"@id\":\"https:\/\/www.aridane.org\/city\/2023\/04\/05\/la-3o-edicion-de-la-exposicion-arte-y-fe-se-podra-visitar-durante-esta-semana-santa-en-los-llanos-de-aridane\/#primaryimage\",\"url\":\"https:\/\/www.aridane.org\/city\/wp-content\/uploads\/2023\/04\/arte_y_fe.webp\",\"contentUrl\":\"https:\/\/www.aridane.org\/city\/wp-content\/uploads\/2023\/04\/arte_y_fe.webp\",\"width\":1200,\"height\":675},{\"@type\":\"BreadcrumbList\",\"@id\":\"https:\/\/www.aridane.org\/city\/2023\/04\/05\/la-3o-edicion-de-la-exposicion-arte-y-fe-se-podra-visitar-durante-esta-semana-santa-en-los-llanos-de-aridane\/#breadcrumb\",\"itemListElement\":[{\"@type\":\"ListItem\",\"position\":1,\"name\":\"Portada\",\"item\":\"https:\/\/www.aridane.org\/city\/\"},{\"@type\":\"ListItem\",\"position\":2,\"name\":\"La 3\u00ba edici\u00f3n de la exposici\u00f3n \u2018Arte y Fe\u2019 se podr\u00e1 visitar durante esta Semana Santa en Los Llanos de Aridane\"}]},{\"@type\":\"WebSite\",\"@id\":\"https:\/\/www.aridane.org\/city\/#website\",\"url\":\"https:\/\/www.aridane.org\/city\/\",\"name\":\"Ayuntamiento de Los Llanos de Aridane\",\"description\":\"\",\"potentialAction\":[{\"@type\":\"SearchAction\",\"target\":{\"@type\":\"EntryPoint\",\"urlTemplate\":\"https:\/\/www.aridane.org\/city\/?s={search_term_string}\"},\"query-input\":\"required name=search_term_string\"}],\"inLanguage\":\"es\"},{\"@type\":\"Person\",\"@id\":\"https:\/\/www.aridane.org\/city\/#\/schema\/person\/7d352ec7f29881716f298394432e7209\",\"name\":\"Richard Diaz\",\"image\":{\"@type\":\"ImageObject\",\"inLanguage\":\"es\",\"@id\":\"https:\/\/www.aridane.org\/city\/#\/schema\/person\/image\/\",\"url\":\"https:\/\/secure.gravatar.com\/avatar\/bacd6aefc26a4a204943090a4c596cd10f0857081ef3cfd12084a70ecb3161d5?s=96&d=mm&r=g\",\"contentUrl\":\"https:\/\/secure.gravatar.com\/avatar\/bacd6aefc26a4a204943090a4c596cd10f0857081ef3cfd12084a70ecb3161d5?s=96&d=mm&r=g\",\"caption\":\"Richard Diaz\"},\"sameAs\":[\"https:\/\/www.aridane.org\/city\"],\"url\":\"https:\/\/www.aridane.org\/city\/author\/richard-diaz\/\"}]}<\/script>\n<!-- \/ Yoast SEO plugin. -->","yoast_head_json":{"title":"La 3\u00ba edici\u00f3n de la exposici\u00f3n \u2018Arte y Fe\u2019 se podr\u00e1 visitar durante esta Semana Santa en Los Llanos de Aridane - Ayuntamiento de Los Llanos de Aridane","description":"El Ayuntamiento de Los Llanos de Aridane presenta el cartel y el programa de La Patrona 2021 con el lema \u201cRemedios, m\u00e1s que un nombre.\u201d","robots":{"index":"index","follow":"follow","max-snippet":"max-snippet:-1","max-image-preview":"max-image-preview:large","max-video-preview":"max-video-preview:-1"},"canonical":"https:\/\/www.aridane.org\/city\/2023\/04\/05\/la-3o-edicion-de-la-exposicion-arte-y-fe-se-podra-visitar-durante-esta-semana-santa-en-los-llanos-de-aridane\/","og_locale":"es_ES","og_type":"article","og_title":"La 3\u00ba edici\u00f3n de la exposici\u00f3n \u2018Arte y Fe\u2019 se podr\u00e1 visitar durante esta Semana Santa en Los Llanos de Aridane - Ayuntamiento de Los Llanos de Aridane","og_description":"El Ayuntamiento de Los Llanos de Aridane presenta el cartel y el programa de La Patrona 2021 con el lema \u201cRemedios, m\u00e1s que un nombre.\u201d","og_url":"https:\/\/www.aridane.org\/city\/2023\/04\/05\/la-3o-edicion-de-la-exposicion-arte-y-fe-se-podra-visitar-durante-esta-semana-santa-en-los-llanos-de-aridane\/","og_site_name":"Ayuntamiento de Los Llanos de Aridane","article_published_time":"2023-04-05T11:17:19+00:00","article_modified_time":"2023-07-25T11:23:49+00:00","og_image":[{"width":1200,"height":675,"url":"https:\/\/www.aridane.org\/city\/wp-content\/uploads\/2023\/04\/arte_y_fe.webp","type":"image\/webp"}],"author":"Richard Diaz","twitter_card":"summary_large_image","twitter_misc":{"Escrito por":"Richard Diaz","Tiempo de lectura":"2 minutos"},"schema":{"@context":"https:\/\/schema.org","@graph":[{"@type":"WebPage","@id":"https:\/\/www.aridane.org\/city\/2023\/04\/05\/la-3o-edicion-de-la-exposicion-arte-y-fe-se-podra-visitar-durante-esta-semana-santa-en-los-llanos-de-aridane\/","url":"https:\/\/www.aridane.org\/city\/2023\/04\/05\/la-3o-edicion-de-la-exposicion-arte-y-fe-se-podra-visitar-durante-esta-semana-santa-en-los-llanos-de-aridane\/","name":"La 3\u00ba edici\u00f3n de la exposici\u00f3n \u2018Arte y Fe\u2019 se podr\u00e1 visitar durante esta Semana Santa en Los Llanos de Aridane - Ayuntamiento de Los Llanos de Aridane","isPartOf":{"@id":"https:\/\/www.aridane.org\/city\/#website"},"primaryImageOfPage":{"@id":"https:\/\/www.aridane.org\/city\/2023\/04\/05\/la-3o-edicion-de-la-exposicion-arte-y-fe-se-podra-visitar-durante-esta-semana-santa-en-los-llanos-de-aridane\/#primaryimage"},"image":{"@id":"https:\/\/www.aridane.org\/city\/2023\/04\/05\/la-3o-edicion-de-la-exposicion-arte-y-fe-se-podra-visitar-durante-esta-semana-santa-en-los-llanos-de-aridane\/#primaryimage"},"thumbnailUrl":"https:\/\/www.aridane.org\/city\/wp-content\/uploads\/2023\/04\/arte_y_fe.webp","datePublished":"2023-04-05T11:17:19+00:00","dateModified":"2023-07-25T11:23:49+00:00","author":{"@id":"https:\/\/www.aridane.org\/city\/#\/schema\/person\/7d352ec7f29881716f298394432e7209"},"description":"El Ayuntamiento de Los Llanos de Aridane presenta el cartel y el programa de La Patrona 2021 con el lema \u201cRemedios, m\u00e1s que un nombre.\u201d","breadcrumb":{"@id":"https:\/\/www.aridane.org\/city\/2023\/04\/05\/la-3o-edicion-de-la-exposicion-arte-y-fe-se-podra-visitar-durante-esta-semana-santa-en-los-llanos-de-aridane\/#breadcrumb"},"inLanguage":"es","potentialAction":[{"@type":"ReadAction","target":["https:\/\/www.aridane.org\/city\/2023\/04\/05\/la-3o-edicion-de-la-exposicion-arte-y-fe-se-podra-visitar-durante-esta-semana-santa-en-los-llanos-de-aridane\/"]}]},{"@type":"ImageObject","inLanguage":"es","@id":"https:\/\/www.aridane.org\/city\/2023\/04\/05\/la-3o-edicion-de-la-exposicion-arte-y-fe-se-podra-visitar-durante-esta-semana-santa-en-los-llanos-de-aridane\/#primaryimage","url":"https:\/\/www.aridane.org\/city\/wp-content\/uploads\/2023\/04\/arte_y_fe.webp","contentUrl":"https:\/\/www.aridane.org\/city\/wp-content\/uploads\/2023\/04\/arte_y_fe.webp","width":1200,"height":675},{"@type":"BreadcrumbList","@id":"https:\/\/www.aridane.org\/city\/2023\/04\/05\/la-3o-edicion-de-la-exposicion-arte-y-fe-se-podra-visitar-durante-esta-semana-santa-en-los-llanos-de-aridane\/#breadcrumb","itemListElement":[{"@type":"ListItem","position":1,"name":"Portada","item":"https:\/\/www.aridane.org\/city\/"},{"@type":"ListItem","position":2,"name":"La 3\u00ba edici\u00f3n de la exposici\u00f3n \u2018Arte y Fe\u2019 se podr\u00e1 visitar durante esta Semana Santa en Los Llanos de Aridane"}]},{"@type":"WebSite","@id":"https:\/\/www.aridane.org\/city\/#website","url":"https:\/\/www.aridane.org\/city\/","name":"Ayuntamiento de Los Llanos de Aridane","description":"","potentialAction":[{"@type":"SearchAction","target":{"@type":"EntryPoint","urlTemplate":"https:\/\/www.aridane.org\/city\/?s={search_term_string}"},"query-input":"required name=search_term_string"}],"inLanguage":"es"},{"@type":"Person","@id":"https:\/\/www.aridane.org\/city\/#\/schema\/person\/7d352ec7f29881716f298394432e7209","name":"Richard Diaz","image":{"@type":"ImageObject","inLanguage":"es","@id":"https:\/\/www.aridane.org\/city\/#\/schema\/person\/image\/","url":"https:\/\/secure.gravatar.com\/avatar\/bacd6aefc26a4a204943090a4c596cd10f0857081ef3cfd12084a70ecb3161d5?s=96&d=mm&r=g","contentUrl":"https:\/\/secure.gravatar.com\/avatar\/bacd6aefc26a4a204943090a4c596cd10f0857081ef3cfd12084a70ecb3161d5?s=96&d=mm&r=g","caption":"Richard Diaz"},"sameAs":["https:\/\/www.aridane.org\/city"],"url":"https:\/\/www.aridane.org\/city\/author\/richard-diaz\/"}]}},"_links":{"self":[{"href":"https:\/\/www.aridane.org\/city\/wp-json\/wp\/v2\/posts\/1579","targetHints":{"allow":["GET"]}}],"collection":[{"href":"https:\/\/www.aridane.org\/city\/wp-json\/wp\/v2\/posts"}],"about":[{"href":"https:\/\/www.aridane.org\/city\/wp-json\/wp\/v2\/types\/post"}],"author":[{"embeddable":true,"href":"https:\/\/www.aridane.org\/city\/wp-json\/wp\/v2\/users\/1"}],"replies":[{"embeddable":true,"href":"https:\/\/www.aridane.org\/city\/wp-json\/wp\/v2\/comments?post=1579"}],"version-history":[{"count":1,"href":"https:\/\/www.aridane.org\/city\/wp-json\/wp\/v2\/posts\/1579\/revisions"}],"predecessor-version":[{"id":2509,"href":"https:\/\/www.aridane.org\/city\/wp-json\/wp\/v2\/posts\/1579\/revisions\/2509"}],"wp:featuredmedia":[{"embeddable":true,"href":"https:\/\/www.aridane.org\/city\/wp-json\/wp\/v2\/media\/2508"}],"wp:attachment":[{"href":"https:\/\/www.aridane.org\/city\/wp-json\/wp\/v2\/media?parent=1579"}],"wp:term":[{"taxonomy":"category","embeddable":true,"href":"https:\/\/www.aridane.org\/city\/wp-json\/wp\/v2\/categories?post=1579"},{"taxonomy":"post_tag","embeddable":true,"href":"https:\/\/www.aridane.org\/city\/wp-json\/wp\/v2\/tags?post=1579"}],"curies":[{"name":"wp","href":"https:\/\/api.w.org\/{rel}","templated":true}]}}