{"id":1582,"date":"2023-04-13T09:33:19","date_gmt":"2023-04-13T08:33:19","guid":{"rendered":"https:\/\/aridane.org\/ciudad\/?p=1582"},"modified":"2023-07-25T09:40:12","modified_gmt":"2023-07-25T09:40:12","slug":"el-ayuntamiento-de-los-llanos-de-aridane-confirma-que-no-habra-recargos-en-las-facturas-del-agua-de-los-vecinos-de-las-zonas-afectadas","status":"publish","type":"post","link":"https:\/\/www.aridane.org\/city\/2023\/04\/13\/el-ayuntamiento-de-los-llanos-de-aridane-confirma-que-no-habra-recargos-en-las-facturas-del-agua-de-los-vecinos-de-las-zonas-afectadas\/","title":{"rendered":"El Ayuntamiento de Los Llanos de Aridane confirma que no habr\u00e1 recargos en las facturas del agua de los vecinos de las zonas afectadas"},"content":{"rendered":"<section class=\"wpb-content-wrapper\"><p>[vc_row css_animation=\u00bb\u00bb row_type=\u00bbrow\u00bb use_row_as_full_screen_section=\u00bbno\u00bb type=\u00bbfull_width\u00bb angled_section=\u00bbno\u00bb text_align=\u00bbleft\u00bb background_image_as_pattern=\u00bbwithout_pattern\u00bb][vc_column][vc_row_inner row_type=\u00bbrow\u00bb type=\u00bbgrid\u00bb text_align=\u00bbleft\u00bb css_animation=\u00bb\u00bb][vc_column_inner][vc_empty_space height=\u00bb20px\u00bb][vc_empty_space height=\u00bb20px\u00bb][\/vc_column_inner][\/vc_row_inner][vc_column_text]<\/p>\n<ul>\n<li style=\"text-align: justify;\"><em>Desde el Consistorio se recuerda que la prioridad ha sido ofrecer agua a estos vecinos seg\u00fan iban regresando a sus casas, sin que tuviesen que presentar documentaci\u00f3n y para lo que se ha hecho un esfuerzo tit\u00e1nico, y no la de leer los contadores. <\/em><\/li>\n<li style=\"text-align: justify;\"><em>Se confirma que los servicios jur\u00eddicos municipales est\u00e1n buscando el procedimiento jur\u00eddico &#8211; administrativo m\u00e1s adecuado para poder regularizar esta situaci\u00f3n.<\/em><\/li>\n<li style=\"text-align: justify;\"><em>Por otro lado, sorprenden las declaraciones del presidente de la Asociaci\u00f3n de Vecinos de La Laguna, ya que hace apenas unos d\u00edas se le explic\u00f3 que se estaba tramitando la soluci\u00f3n.<\/em><\/li>\n<\/ul>\n<p>&nbsp;<\/p>\n<p style=\"text-align: justify;\"><strong>Los Llanos de Aridane, 13 de abril de 2023.-<\/strong> El Ayuntamiento de Los Llanos de Aridane ha confirmado que est\u00e1 trabajando en ofrecer una soluci\u00f3n a los vecinos de los barrios afectados por el volc\u00e1n para eliminar, a la mayor brevedad, los recargos de la factura del agua.<\/p>\n<p style=\"text-align: justify;\">La prioridad del Consistorio ha sido la de ofrecer agua a los vecinos de estas zonas seg\u00fan iban regresando a sus casas, sin que tuviesen que presentar documentaci\u00f3n y para lo que se ha hecho un esfuerzo tit\u00e1nico, y no la de leer los contadores. Cabe recordar que durante la emergencia volc\u00e1nica se vivi\u00f3 una situaci\u00f3n absolutamente excepcional, y no se pudo proceder a la lectura de los contadores de agua que lleva aparejado una lectura \u00fanica para m\u00e1s de un trimestre.<\/p>\n<p style=\"text-align: justify;\">Asimismo, y ante las demandas planteadas por los vecinos, directamente al Ayuntamiento, se est\u00e1 estudiando la forma jur\u00eddica &#8211; administrativa m\u00e1s adecuada para eliminar esos recargos, porque se entiende que es profundamente injusto. Adem\u00e1s, se informa que es un programa inform\u00e1tico el que hace los acumulados cuando no se realizan las lecturas, y al pasarse de los m3, de forma autom\u00e1tica, genera ese aumento de precio.<\/p>\n<p style=\"text-align: justify;\">Por otro lado, se confirma que hace apenas unos d\u00edas se le explic\u00f3 al \u00a0Presidente de la Asociaci\u00f3n de vecinos de La Laguna la l\u00ednea de actuaci\u00f3n que se est\u00e1 siguiendo, por lo que sus declaraciones de ayer han supuesto una sorpresa.<\/p>\n<p style=\"text-align: justify;\">Por \u00faltimo, desde el Consistorio aridanense informan que esperan que esta situaci\u00f3n se solucione a lo largo de las pr\u00f3ximas semanas.<\/p>\n<p>[\/vc_column_text][\/vc_column][\/vc_row]<\/p>\n<\/section>","protected":false},"excerpt":{"rendered":"<p>[vc_row css_animation=\u00bb\u00bb row_type=\u00bbrow\u00bb use_row_as_full_screen_section=\u00bbno\u00bb type=\u00bbfull_width\u00bb angled_section=\u00bbno\u00bb text_align=\u00bbleft\u00bb background_image_as_pattern=\u00bbwithout_pattern\u00bb][vc_column][vc_row_inner row_type=\u00bbrow\u00bb type=\u00bbgrid\u00bb text_align=\u00bbleft\u00bb css_animation=\u00bb\u00bb][vc_column_inner][vc_empty_space height=\u00bb20px\u00bb][vc_empty_space height=\u00bb20px\u00bb][\/vc_column_inner][\/vc_row_inner][vc_column_text] Desde el Consistorio se recuerda que la prioridad ha sido ofrecer agua a estos vecinos seg\u00fan iban regresando a sus casas, sin que tuviesen que presentar documentaci\u00f3n y para lo que&#8230;<\/p>\n","protected":false},"author":1,"featured_media":2080,"comment_status":"closed","ping_status":"open","sticky":false,"template":"","format":"standard","meta":{"footnotes":""},"categories":[6],"tags":[],"class_list":["post-1582","post","type-post","status-publish","format-standard","has-post-thumbnail","hentry","category-prensa"],"yoast_head":"<!-- This site is optimized with the Yoast SEO plugin v22.7 - https:\/\/yoast.com\/wordpress\/plugins\/seo\/ -->\n<title>El Ayuntamiento de Los Llanos de Aridane confirma que no habr\u00e1 recargos en las facturas del agua de los vecinos de las zonas afectadas - Ayuntamiento de Los Llanos de Aridane<\/title>\n<meta name=\"description\" content=\"El Ayuntamiento de Los Llanos de Aridane presenta el cartel y el programa de La Patrona 2021 con el lema \u201cRemedios, m\u00e1s que un nombre.\u201d\" \/>\n<meta name=\"robots\" content=\"index, follow, max-snippet:-1, max-image-preview:large, max-video-preview:-1\" \/>\n<link rel=\"canonical\" href=\"https:\/\/www.aridane.org\/city\/2023\/04\/13\/el-ayuntamiento-de-los-llanos-de-aridane-confirma-que-no-habra-recargos-en-las-facturas-del-agua-de-los-vecinos-de-las-zonas-afectadas\/\" \/>\n<meta property=\"og:locale\" content=\"es_ES\" \/>\n<meta property=\"og:type\" content=\"article\" \/>\n<meta property=\"og:title\" content=\"El Ayuntamiento de Los Llanos de Aridane confirma que no habr\u00e1 recargos en las facturas del agua de los vecinos de las zonas afectadas - Ayuntamiento de Los Llanos de Aridane\" \/>\n<meta property=\"og:description\" content=\"El Ayuntamiento de Los Llanos de Aridane presenta el cartel y el programa de La Patrona 2021 con el lema \u201cRemedios, m\u00e1s que un nombre.\u201d\" \/>\n<meta property=\"og:url\" content=\"https:\/\/www.aridane.org\/city\/2023\/04\/13\/el-ayuntamiento-de-los-llanos-de-aridane-confirma-que-no-habra-recargos-en-las-facturas-del-agua-de-los-vecinos-de-las-zonas-afectadas\/\" \/>\n<meta property=\"og:site_name\" content=\"Ayuntamiento de Los Llanos de Aridane\" \/>\n<meta property=\"article:published_time\" content=\"2023-04-13T08:33:19+00:00\" \/>\n<meta property=\"article:modified_time\" content=\"2023-07-25T09:40:12+00:00\" \/>\n<meta property=\"og:image\" content=\"https:\/\/www.aridane.org\/city\/wp-content\/uploads\/2023\/06\/Fachada-Ayuntamiento.jpg\" \/>\n\t<meta property=\"og:image:width\" content=\"2048\" \/>\n\t<meta property=\"og:image:height\" content=\"1152\" \/>\n\t<meta property=\"og:image:type\" content=\"image\/jpeg\" \/>\n<meta name=\"author\" content=\"Richard Diaz\" \/>\n<meta name=\"twitter:card\" content=\"summary_large_image\" \/>\n<meta name=\"twitter:label1\" content=\"Escrito por\" \/>\n\t<meta name=\"twitter:data1\" content=\"Richard Diaz\" \/>\n\t<meta name=\"twitter:label2\" content=\"Tiempo de lectura\" \/>\n\t<meta name=\"twitter:data2\" content=\"2 minutos\" \/>\n<script type=\"application\/ld+json\" class=\"yoast-schema-graph\">{\"@context\":\"https:\/\/schema.org\",\"@graph\":[{\"@type\":\"WebPage\",\"@id\":\"https:\/\/www.aridane.org\/city\/2023\/04\/13\/el-ayuntamiento-de-los-llanos-de-aridane-confirma-que-no-habra-recargos-en-las-facturas-del-agua-de-los-vecinos-de-las-zonas-afectadas\/\",\"url\":\"https:\/\/www.aridane.org\/city\/2023\/04\/13\/el-ayuntamiento-de-los-llanos-de-aridane-confirma-que-no-habra-recargos-en-las-facturas-del-agua-de-los-vecinos-de-las-zonas-afectadas\/\",\"name\":\"El Ayuntamiento de Los Llanos de Aridane confirma que no habr\u00e1 recargos en las facturas del agua de los vecinos de las zonas afectadas - Ayuntamiento de Los Llanos de Aridane\",\"isPartOf\":{\"@id\":\"https:\/\/www.aridane.org\/city\/#website\"},\"primaryImageOfPage\":{\"@id\":\"https:\/\/www.aridane.org\/city\/2023\/04\/13\/el-ayuntamiento-de-los-llanos-de-aridane-confirma-que-no-habra-recargos-en-las-facturas-del-agua-de-los-vecinos-de-las-zonas-afectadas\/#primaryimage\"},\"image\":{\"@id\":\"https:\/\/www.aridane.org\/city\/2023\/04\/13\/el-ayuntamiento-de-los-llanos-de-aridane-confirma-que-no-habra-recargos-en-las-facturas-del-agua-de-los-vecinos-de-las-zonas-afectadas\/#primaryimage\"},\"thumbnailUrl\":\"https:\/\/www.aridane.org\/city\/wp-content\/uploads\/2023\/06\/Fachada-Ayuntamiento.jpg\",\"datePublished\":\"2023-04-13T08:33:19+00:00\",\"dateModified\":\"2023-07-25T09:40:12+00:00\",\"author\":{\"@id\":\"https:\/\/www.aridane.org\/city\/#\/schema\/person\/7d352ec7f29881716f298394432e7209\"},\"description\":\"El Ayuntamiento de Los Llanos de Aridane presenta el cartel y el programa de La Patrona 2021 con el lema \u201cRemedios, m\u00e1s que un nombre.\u201d\",\"breadcrumb\":{\"@id\":\"https:\/\/www.aridane.org\/city\/2023\/04\/13\/el-ayuntamiento-de-los-llanos-de-aridane-confirma-que-no-habra-recargos-en-las-facturas-del-agua-de-los-vecinos-de-las-zonas-afectadas\/#breadcrumb\"},\"inLanguage\":\"es\",\"potentialAction\":[{\"@type\":\"ReadAction\",\"target\":[\"https:\/\/www.aridane.org\/city\/2023\/04\/13\/el-ayuntamiento-de-los-llanos-de-aridane-confirma-que-no-habra-recargos-en-las-facturas-del-agua-de-los-vecinos-de-las-zonas-afectadas\/\"]}]},{\"@type\":\"ImageObject\",\"inLanguage\":\"es\",\"@id\":\"https:\/\/www.aridane.org\/city\/2023\/04\/13\/el-ayuntamiento-de-los-llanos-de-aridane-confirma-que-no-habra-recargos-en-las-facturas-del-agua-de-los-vecinos-de-las-zonas-afectadas\/#primaryimage\",\"url\":\"https:\/\/www.aridane.org\/city\/wp-content\/uploads\/2023\/06\/Fachada-Ayuntamiento.jpg\",\"contentUrl\":\"https:\/\/www.aridane.org\/city\/wp-content\/uploads\/2023\/06\/Fachada-Ayuntamiento.jpg\",\"width\":2048,\"height\":1152},{\"@type\":\"BreadcrumbList\",\"@id\":\"https:\/\/www.aridane.org\/city\/2023\/04\/13\/el-ayuntamiento-de-los-llanos-de-aridane-confirma-que-no-habra-recargos-en-las-facturas-del-agua-de-los-vecinos-de-las-zonas-afectadas\/#breadcrumb\",\"itemListElement\":[{\"@type\":\"ListItem\",\"position\":1,\"name\":\"Portada\",\"item\":\"https:\/\/www.aridane.org\/city\/\"},{\"@type\":\"ListItem\",\"position\":2,\"name\":\"El Ayuntamiento de Los Llanos de Aridane confirma que no habr\u00e1 recargos en las facturas del agua de los vecinos de las zonas afectadas\"}]},{\"@type\":\"WebSite\",\"@id\":\"https:\/\/www.aridane.org\/city\/#website\",\"url\":\"https:\/\/www.aridane.org\/city\/\",\"name\":\"Ayuntamiento de Los Llanos de Aridane\",\"description\":\"\",\"potentialAction\":[{\"@type\":\"SearchAction\",\"target\":{\"@type\":\"EntryPoint\",\"urlTemplate\":\"https:\/\/www.aridane.org\/city\/?s={search_term_string}\"},\"query-input\":\"required name=search_term_string\"}],\"inLanguage\":\"es\"},{\"@type\":\"Person\",\"@id\":\"https:\/\/www.aridane.org\/city\/#\/schema\/person\/7d352ec7f29881716f298394432e7209\",\"name\":\"Richard Diaz\",\"image\":{\"@type\":\"ImageObject\",\"inLanguage\":\"es\",\"@id\":\"https:\/\/www.aridane.org\/city\/#\/schema\/person\/image\/\",\"url\":\"https:\/\/secure.gravatar.com\/avatar\/bacd6aefc26a4a204943090a4c596cd10f0857081ef3cfd12084a70ecb3161d5?s=96&d=mm&r=g\",\"contentUrl\":\"https:\/\/secure.gravatar.com\/avatar\/bacd6aefc26a4a204943090a4c596cd10f0857081ef3cfd12084a70ecb3161d5?s=96&d=mm&r=g\",\"caption\":\"Richard Diaz\"},\"sameAs\":[\"https:\/\/www.aridane.org\/city\"],\"url\":\"https:\/\/www.aridane.org\/city\/author\/richard-diaz\/\"}]}<\/script>\n<!-- \/ Yoast SEO plugin. -->","yoast_head_json":{"title":"El Ayuntamiento de Los Llanos de Aridane confirma que no habr\u00e1 recargos en las facturas del agua de los vecinos de las zonas afectadas - Ayuntamiento de Los Llanos de Aridane","description":"El Ayuntamiento de Los Llanos de Aridane presenta el cartel y el programa de La Patrona 2021 con el lema \u201cRemedios, m\u00e1s que un nombre.\u201d","robots":{"index":"index","follow":"follow","max-snippet":"max-snippet:-1","max-image-preview":"max-image-preview:large","max-video-preview":"max-video-preview:-1"},"canonical":"https:\/\/www.aridane.org\/city\/2023\/04\/13\/el-ayuntamiento-de-los-llanos-de-aridane-confirma-que-no-habra-recargos-en-las-facturas-del-agua-de-los-vecinos-de-las-zonas-afectadas\/","og_locale":"es_ES","og_type":"article","og_title":"El Ayuntamiento de Los Llanos de Aridane confirma que no habr\u00e1 recargos en las facturas del agua de los vecinos de las zonas afectadas - Ayuntamiento de Los Llanos de Aridane","og_description":"El Ayuntamiento de Los Llanos de Aridane presenta el cartel y el programa de La Patrona 2021 con el lema \u201cRemedios, m\u00e1s que un nombre.\u201d","og_url":"https:\/\/www.aridane.org\/city\/2023\/04\/13\/el-ayuntamiento-de-los-llanos-de-aridane-confirma-que-no-habra-recargos-en-las-facturas-del-agua-de-los-vecinos-de-las-zonas-afectadas\/","og_site_name":"Ayuntamiento de Los Llanos de Aridane","article_published_time":"2023-04-13T08:33:19+00:00","article_modified_time":"2023-07-25T09:40:12+00:00","og_image":[{"width":2048,"height":1152,"url":"https:\/\/www.aridane.org\/city\/wp-content\/uploads\/2023\/06\/Fachada-Ayuntamiento.jpg","type":"image\/jpeg"}],"author":"Richard Diaz","twitter_card":"summary_large_image","twitter_misc":{"Escrito por":"Richard Diaz","Tiempo de lectura":"2 minutos"},"schema":{"@context":"https:\/\/schema.org","@graph":[{"@type":"WebPage","@id":"https:\/\/www.aridane.org\/city\/2023\/04\/13\/el-ayuntamiento-de-los-llanos-de-aridane-confirma-que-no-habra-recargos-en-las-facturas-del-agua-de-los-vecinos-de-las-zonas-afectadas\/","url":"https:\/\/www.aridane.org\/city\/2023\/04\/13\/el-ayuntamiento-de-los-llanos-de-aridane-confirma-que-no-habra-recargos-en-las-facturas-del-agua-de-los-vecinos-de-las-zonas-afectadas\/","name":"El Ayuntamiento de Los Llanos de Aridane confirma que no habr\u00e1 recargos en las facturas del agua de los vecinos de las zonas afectadas - Ayuntamiento de Los Llanos de Aridane","isPartOf":{"@id":"https:\/\/www.aridane.org\/city\/#website"},"primaryImageOfPage":{"@id":"https:\/\/www.aridane.org\/city\/2023\/04\/13\/el-ayuntamiento-de-los-llanos-de-aridane-confirma-que-no-habra-recargos-en-las-facturas-del-agua-de-los-vecinos-de-las-zonas-afectadas\/#primaryimage"},"image":{"@id":"https:\/\/www.aridane.org\/city\/2023\/04\/13\/el-ayuntamiento-de-los-llanos-de-aridane-confirma-que-no-habra-recargos-en-las-facturas-del-agua-de-los-vecinos-de-las-zonas-afectadas\/#primaryimage"},"thumbnailUrl":"https:\/\/www.aridane.org\/city\/wp-content\/uploads\/2023\/06\/Fachada-Ayuntamiento.jpg","datePublished":"2023-04-13T08:33:19+00:00","dateModified":"2023-07-25T09:40:12+00:00","author":{"@id":"https:\/\/www.aridane.org\/city\/#\/schema\/person\/7d352ec7f29881716f298394432e7209"},"description":"El Ayuntamiento de Los Llanos de Aridane presenta el cartel y el programa de La Patrona 2021 con el lema \u201cRemedios, m\u00e1s que un nombre.\u201d","breadcrumb":{"@id":"https:\/\/www.aridane.org\/city\/2023\/04\/13\/el-ayuntamiento-de-los-llanos-de-aridane-confirma-que-no-habra-recargos-en-las-facturas-del-agua-de-los-vecinos-de-las-zonas-afectadas\/#breadcrumb"},"inLanguage":"es","potentialAction":[{"@type":"ReadAction","target":["https:\/\/www.aridane.org\/city\/2023\/04\/13\/el-ayuntamiento-de-los-llanos-de-aridane-confirma-que-no-habra-recargos-en-las-facturas-del-agua-de-los-vecinos-de-las-zonas-afectadas\/"]}]},{"@type":"ImageObject","inLanguage":"es","@id":"https:\/\/www.aridane.org\/city\/2023\/04\/13\/el-ayuntamiento-de-los-llanos-de-aridane-confirma-que-no-habra-recargos-en-las-facturas-del-agua-de-los-vecinos-de-las-zonas-afectadas\/#primaryimage","url":"https:\/\/www.aridane.org\/city\/wp-content\/uploads\/2023\/06\/Fachada-Ayuntamiento.jpg","contentUrl":"https:\/\/www.aridane.org\/city\/wp-content\/uploads\/2023\/06\/Fachada-Ayuntamiento.jpg","width":2048,"height":1152},{"@type":"BreadcrumbList","@id":"https:\/\/www.aridane.org\/city\/2023\/04\/13\/el-ayuntamiento-de-los-llanos-de-aridane-confirma-que-no-habra-recargos-en-las-facturas-del-agua-de-los-vecinos-de-las-zonas-afectadas\/#breadcrumb","itemListElement":[{"@type":"ListItem","position":1,"name":"Portada","item":"https:\/\/www.aridane.org\/city\/"},{"@type":"ListItem","position":2,"name":"El Ayuntamiento de Los Llanos de Aridane confirma que no habr\u00e1 recargos en las facturas del agua de los vecinos de las zonas afectadas"}]},{"@type":"WebSite","@id":"https:\/\/www.aridane.org\/city\/#website","url":"https:\/\/www.aridane.org\/city\/","name":"Ayuntamiento de Los Llanos de Aridane","description":"","potentialAction":[{"@type":"SearchAction","target":{"@type":"EntryPoint","urlTemplate":"https:\/\/www.aridane.org\/city\/?s={search_term_string}"},"query-input":"required name=search_term_string"}],"inLanguage":"es"},{"@type":"Person","@id":"https:\/\/www.aridane.org\/city\/#\/schema\/person\/7d352ec7f29881716f298394432e7209","name":"Richard Diaz","image":{"@type":"ImageObject","inLanguage":"es","@id":"https:\/\/www.aridane.org\/city\/#\/schema\/person\/image\/","url":"https:\/\/secure.gravatar.com\/avatar\/bacd6aefc26a4a204943090a4c596cd10f0857081ef3cfd12084a70ecb3161d5?s=96&d=mm&r=g","contentUrl":"https:\/\/secure.gravatar.com\/avatar\/bacd6aefc26a4a204943090a4c596cd10f0857081ef3cfd12084a70ecb3161d5?s=96&d=mm&r=g","caption":"Richard Diaz"},"sameAs":["https:\/\/www.aridane.org\/city"],"url":"https:\/\/www.aridane.org\/city\/author\/richard-diaz\/"}]}},"_links":{"self":[{"href":"https:\/\/www.aridane.org\/city\/wp-json\/wp\/v2\/posts\/1582","targetHints":{"allow":["GET"]}}],"collection":[{"href":"https:\/\/www.aridane.org\/city\/wp-json\/wp\/v2\/posts"}],"about":[{"href":"https:\/\/www.aridane.org\/city\/wp-json\/wp\/v2\/types\/post"}],"author":[{"embeddable":true,"href":"https:\/\/www.aridane.org\/city\/wp-json\/wp\/v2\/users\/1"}],"replies":[{"embeddable":true,"href":"https:\/\/www.aridane.org\/city\/wp-json\/wp\/v2\/comments?post=1582"}],"version-history":[{"count":2,"href":"https:\/\/www.aridane.org\/city\/wp-json\/wp\/v2\/posts\/1582\/revisions"}],"predecessor-version":[{"id":2496,"href":"https:\/\/www.aridane.org\/city\/wp-json\/wp\/v2\/posts\/1582\/revisions\/2496"}],"wp:featuredmedia":[{"embeddable":true,"href":"https:\/\/www.aridane.org\/city\/wp-json\/wp\/v2\/media\/2080"}],"wp:attachment":[{"href":"https:\/\/www.aridane.org\/city\/wp-json\/wp\/v2\/media?parent=1582"}],"wp:term":[{"taxonomy":"category","embeddable":true,"href":"https:\/\/www.aridane.org\/city\/wp-json\/wp\/v2\/categories?post=1582"},{"taxonomy":"post_tag","embeddable":true,"href":"https:\/\/www.aridane.org\/city\/wp-json\/wp\/v2\/tags?post=1582"}],"curies":[{"name":"wp","href":"https:\/\/api.w.org\/{rel}","templated":true}]}}