{"id":1587,"date":"2023-04-17T10:54:12","date_gmt":"2023-04-17T09:54:12","guid":{"rendered":"https:\/\/aridane.org\/ciudad\/?p=1587"},"modified":"2023-07-25T09:36:05","modified_gmt":"2023-07-25T09:36:05","slug":"el-ayuntamiento-de-los-llanos-de-aridane-saca-a-licitacion-el-quiosco-bar-la-cajita-ubicado-en-el-parque-llanos-de-alferez","status":"publish","type":"post","link":"https:\/\/www.aridane.org\/city\/2023\/04\/17\/el-ayuntamiento-de-los-llanos-de-aridane-saca-a-licitacion-el-quiosco-bar-la-cajita-ubicado-en-el-parque-llanos-de-alferez\/","title":{"rendered":"El Ayuntamiento de Los Llanos de Aridane saca a licitaci\u00f3n el quiosco bar La Cajita ubicado en el Parque Llanos de Alf\u00e9rez"},"content":{"rendered":"<section class=\"wpb-content-wrapper\"><p>[vc_row css_animation=\u00bb\u00bb row_type=\u00bbrow\u00bb use_row_as_full_screen_section=\u00bbno\u00bb type=\u00bbfull_width\u00bb angled_section=\u00bbno\u00bb text_align=\u00bbleft\u00bb background_image_as_pattern=\u00bbwithout_pattern\u00bb][vc_column][vc_row_inner row_type=\u00bbrow\u00bb type=\u00bbgrid\u00bb text_align=\u00bbleft\u00bb css_animation=\u00bb\u00bb][vc_column_inner][vc_empty_space height=\u00bb20px\u00bb][vc_empty_space height=\u00bb20px\u00bb][\/vc_column_inner][\/vc_row_inner][vc_column_text]<\/p>\n<ul>\n<li style=\"text-align: justify;\"><em>Los interesados podr\u00e1n presentar la documentaci\u00f3n hasta el viernes 28 de abril, a trav\u00e9s de la plataforma de contrataci\u00f3n del sector p\u00fablico.<\/em><\/li>\n<\/ul>\n<p>&nbsp;<\/p>\n<p style=\"text-align: justify;\"><strong>Los Llanos de Aridane, 16 de abril de 2023.- <\/strong>El Ayuntamiento de Los Llanos de Aridane ha confirmado que ha sacado a licitaci\u00f3n p\u00fablica la adjudicaci\u00f3n mediante procedimiento abierto la explotaci\u00f3n del quiosco cafeter\u00eda La Cajita, situado en el Parque Llano del Alf\u00e9rez.<\/p>\n<p style=\"text-align: justify;\">Desde el Consistorio explican que el valor del contrato es de 350 euros mensuales m\u00e1s igic, y los interesados podr\u00e1n presentar la documentaci\u00f3n hasta el pr\u00f3ximo viernes 28 de abril, \u00a0a trav\u00e9s de la plataforma de contrataci\u00f3n del sector p\u00fablico.<\/p>\n<p style=\"text-align: justify;\">Esta concesi\u00f3n ser\u00e1 para los pr\u00f3ximos 5 a\u00f1os, pudi\u00e9ndose conceder una pr\u00f3rroga por otros 5 a\u00f1os, siempre que lo solicite expresamente el concesionario y sea acordada tambi\u00e9n de forma expresa por el \u00f3rgano de contrataci\u00f3n. Una vez m\u00e1s, se han vuelto a simplificar las condiciones y se ha vuelto a abaratar los costes de alquiler para facilitar la presentaci\u00f3n de ofertas y la puesta en funcionamiento del quiosco.<\/p>\n<p style=\"text-align: justify;\">El horario de apertura del establecimiento ser\u00e1 dentro del horario de referencia del parque, y se podr\u00e1 abrir fuera de ese horario en \u00a0los momentos en los que se desarrolle la apertura del parque con motivo de alg\u00fan evento o actividad especial autorizado por el propio Consistorio.<\/p>\n<p style=\"text-align: justify;\">Cabe recordar que esta infraestructura municipal, que se entregar\u00e1 en perfecto estado de conservaci\u00f3n, cuenta con un espacio de 24 metros cuadrados, con aseos, y permite la instalaci\u00f3n de una terraza de 54 metros cuadrados con hasta 4 mesas y 16 sillas.<\/p>\n<p style=\"text-align: justify;\">Entre los criterios de adjudicaci\u00f3n recogidos destacan la posibilidad de obtener hasta 15 puntos entre aquellas personas interesadas que presenten una propuesta gastron\u00f3mica para grupos o colectivos, y una carta apta tambi\u00e9n para dietas especiales; y\/o hasta 15 puntos por un perfil del equipo cualificado y con experiencia.<\/p>\n<p style=\"text-align: justify;\">Por \u00faltimo, \u00a0para la valoraci\u00f3n de las proposiciones y la adjudicaci\u00f3n del contrato se realizar\u00e1 utilizando una pluralidad de criterios de adjudicaci\u00f3n tal y como se recoge en los pliegos.<\/p>\n<p>[\/vc_column_text][\/vc_column][\/vc_row]<\/p>\n<\/section>","protected":false},"excerpt":{"rendered":"<p>[vc_row css_animation=\u00bb\u00bb row_type=\u00bbrow\u00bb use_row_as_full_screen_section=\u00bbno\u00bb type=\u00bbfull_width\u00bb angled_section=\u00bbno\u00bb text_align=\u00bbleft\u00bb background_image_as_pattern=\u00bbwithout_pattern\u00bb][vc_column][vc_row_inner row_type=\u00bbrow\u00bb type=\u00bbgrid\u00bb text_align=\u00bbleft\u00bb css_animation=\u00bb\u00bb][vc_column_inner][vc_empty_space height=\u00bb20px\u00bb][vc_empty_space height=\u00bb20px\u00bb][\/vc_column_inner][\/vc_row_inner][vc_column_text] Los interesados podr\u00e1n presentar la documentaci\u00f3n hasta el viernes 28 de abril, a trav\u00e9s de la plataforma de contrataci\u00f3n del sector p\u00fablico. &nbsp; Los Llanos de Aridane, 16 de abril de&#8230;<\/p>\n","protected":false},"author":1,"featured_media":2493,"comment_status":"closed","ping_status":"open","sticky":false,"template":"","format":"standard","meta":{"footnotes":""},"categories":[6],"tags":[],"class_list":["post-1587","post","type-post","status-publish","format-standard","has-post-thumbnail","hentry","category-prensa"],"yoast_head":"<!-- This site is optimized with the Yoast SEO plugin v22.7 - https:\/\/yoast.com\/wordpress\/plugins\/seo\/ -->\n<title>El Ayuntamiento de Los Llanos de Aridane saca a licitaci\u00f3n el quiosco bar La Cajita ubicado en el Parque Llanos de Alf\u00e9rez - Ayuntamiento de Los Llanos de Aridane<\/title>\n<meta name=\"description\" content=\"El Ayuntamiento de Los Llanos de Aridane presenta el cartel y el programa de La Patrona 2021 con el lema \u201cRemedios, m\u00e1s que un nombre.\u201d\" \/>\n<meta name=\"robots\" content=\"index, follow, max-snippet:-1, max-image-preview:large, max-video-preview:-1\" \/>\n<link rel=\"canonical\" href=\"https:\/\/www.aridane.org\/city\/2023\/04\/17\/el-ayuntamiento-de-los-llanos-de-aridane-saca-a-licitacion-el-quiosco-bar-la-cajita-ubicado-en-el-parque-llanos-de-alferez\/\" \/>\n<meta property=\"og:locale\" content=\"es_ES\" \/>\n<meta property=\"og:type\" content=\"article\" \/>\n<meta property=\"og:title\" content=\"El Ayuntamiento de Los Llanos de Aridane saca a licitaci\u00f3n el quiosco bar La Cajita ubicado en el Parque Llanos de Alf\u00e9rez - Ayuntamiento de Los Llanos de Aridane\" \/>\n<meta property=\"og:description\" content=\"El Ayuntamiento de Los Llanos de Aridane presenta el cartel y el programa de La Patrona 2021 con el lema \u201cRemedios, m\u00e1s que un nombre.\u201d\" \/>\n<meta property=\"og:url\" content=\"https:\/\/www.aridane.org\/city\/2023\/04\/17\/el-ayuntamiento-de-los-llanos-de-aridane-saca-a-licitacion-el-quiosco-bar-la-cajita-ubicado-en-el-parque-llanos-de-alferez\/\" \/>\n<meta property=\"og:site_name\" content=\"Ayuntamiento de Los Llanos de Aridane\" \/>\n<meta property=\"article:published_time\" content=\"2023-04-17T09:54:12+00:00\" \/>\n<meta property=\"article:modified_time\" content=\"2023-07-25T09:36:05+00:00\" \/>\n<meta property=\"og:image\" content=\"https:\/\/www.aridane.org\/city\/wp-content\/uploads\/2023\/04\/kiosko_la_cajita.jpg\" \/>\n\t<meta property=\"og:image:width\" content=\"1200\" \/>\n\t<meta property=\"og:image:height\" content=\"675\" \/>\n\t<meta property=\"og:image:type\" content=\"image\/jpeg\" \/>\n<meta name=\"author\" content=\"Richard Diaz\" \/>\n<meta name=\"twitter:card\" content=\"summary_large_image\" \/>\n<meta name=\"twitter:label1\" content=\"Escrito por\" \/>\n\t<meta name=\"twitter:data1\" content=\"Richard Diaz\" \/>\n\t<meta name=\"twitter:label2\" content=\"Tiempo de lectura\" \/>\n\t<meta name=\"twitter:data2\" content=\"2 minutos\" \/>\n<script type=\"application\/ld+json\" class=\"yoast-schema-graph\">{\"@context\":\"https:\/\/schema.org\",\"@graph\":[{\"@type\":\"WebPage\",\"@id\":\"https:\/\/www.aridane.org\/city\/2023\/04\/17\/el-ayuntamiento-de-los-llanos-de-aridane-saca-a-licitacion-el-quiosco-bar-la-cajita-ubicado-en-el-parque-llanos-de-alferez\/\",\"url\":\"https:\/\/www.aridane.org\/city\/2023\/04\/17\/el-ayuntamiento-de-los-llanos-de-aridane-saca-a-licitacion-el-quiosco-bar-la-cajita-ubicado-en-el-parque-llanos-de-alferez\/\",\"name\":\"El Ayuntamiento de Los Llanos de Aridane saca a licitaci\u00f3n el quiosco bar La Cajita ubicado en el Parque Llanos de Alf\u00e9rez - Ayuntamiento de Los Llanos de Aridane\",\"isPartOf\":{\"@id\":\"https:\/\/www.aridane.org\/city\/#website\"},\"primaryImageOfPage\":{\"@id\":\"https:\/\/www.aridane.org\/city\/2023\/04\/17\/el-ayuntamiento-de-los-llanos-de-aridane-saca-a-licitacion-el-quiosco-bar-la-cajita-ubicado-en-el-parque-llanos-de-alferez\/#primaryimage\"},\"image\":{\"@id\":\"https:\/\/www.aridane.org\/city\/2023\/04\/17\/el-ayuntamiento-de-los-llanos-de-aridane-saca-a-licitacion-el-quiosco-bar-la-cajita-ubicado-en-el-parque-llanos-de-alferez\/#primaryimage\"},\"thumbnailUrl\":\"https:\/\/www.aridane.org\/city\/wp-content\/uploads\/2023\/04\/kiosko_la_cajita.jpg\",\"datePublished\":\"2023-04-17T09:54:12+00:00\",\"dateModified\":\"2023-07-25T09:36:05+00:00\",\"author\":{\"@id\":\"https:\/\/www.aridane.org\/city\/#\/schema\/person\/7d352ec7f29881716f298394432e7209\"},\"description\":\"El Ayuntamiento de Los Llanos de Aridane presenta el cartel y el programa de La Patrona 2021 con el lema \u201cRemedios, m\u00e1s que un nombre.\u201d\",\"breadcrumb\":{\"@id\":\"https:\/\/www.aridane.org\/city\/2023\/04\/17\/el-ayuntamiento-de-los-llanos-de-aridane-saca-a-licitacion-el-quiosco-bar-la-cajita-ubicado-en-el-parque-llanos-de-alferez\/#breadcrumb\"},\"inLanguage\":\"es\",\"potentialAction\":[{\"@type\":\"ReadAction\",\"target\":[\"https:\/\/www.aridane.org\/city\/2023\/04\/17\/el-ayuntamiento-de-los-llanos-de-aridane-saca-a-licitacion-el-quiosco-bar-la-cajita-ubicado-en-el-parque-llanos-de-alferez\/\"]}]},{\"@type\":\"ImageObject\",\"inLanguage\":\"es\",\"@id\":\"https:\/\/www.aridane.org\/city\/2023\/04\/17\/el-ayuntamiento-de-los-llanos-de-aridane-saca-a-licitacion-el-quiosco-bar-la-cajita-ubicado-en-el-parque-llanos-de-alferez\/#primaryimage\",\"url\":\"https:\/\/www.aridane.org\/city\/wp-content\/uploads\/2023\/04\/kiosko_la_cajita.jpg\",\"contentUrl\":\"https:\/\/www.aridane.org\/city\/wp-content\/uploads\/2023\/04\/kiosko_la_cajita.jpg\",\"width\":1200,\"height\":675},{\"@type\":\"BreadcrumbList\",\"@id\":\"https:\/\/www.aridane.org\/city\/2023\/04\/17\/el-ayuntamiento-de-los-llanos-de-aridane-saca-a-licitacion-el-quiosco-bar-la-cajita-ubicado-en-el-parque-llanos-de-alferez\/#breadcrumb\",\"itemListElement\":[{\"@type\":\"ListItem\",\"position\":1,\"name\":\"Portada\",\"item\":\"https:\/\/www.aridane.org\/city\/\"},{\"@type\":\"ListItem\",\"position\":2,\"name\":\"El Ayuntamiento de Los Llanos de Aridane saca a licitaci\u00f3n el quiosco bar La Cajita ubicado en el Parque Llanos de Alf\u00e9rez\"}]},{\"@type\":\"WebSite\",\"@id\":\"https:\/\/www.aridane.org\/city\/#website\",\"url\":\"https:\/\/www.aridane.org\/city\/\",\"name\":\"Ayuntamiento de Los Llanos de Aridane\",\"description\":\"\",\"potentialAction\":[{\"@type\":\"SearchAction\",\"target\":{\"@type\":\"EntryPoint\",\"urlTemplate\":\"https:\/\/www.aridane.org\/city\/?s={search_term_string}\"},\"query-input\":\"required name=search_term_string\"}],\"inLanguage\":\"es\"},{\"@type\":\"Person\",\"@id\":\"https:\/\/www.aridane.org\/city\/#\/schema\/person\/7d352ec7f29881716f298394432e7209\",\"name\":\"Richard Diaz\",\"image\":{\"@type\":\"ImageObject\",\"inLanguage\":\"es\",\"@id\":\"https:\/\/www.aridane.org\/city\/#\/schema\/person\/image\/\",\"url\":\"https:\/\/secure.gravatar.com\/avatar\/bacd6aefc26a4a204943090a4c596cd10f0857081ef3cfd12084a70ecb3161d5?s=96&d=mm&r=g\",\"contentUrl\":\"https:\/\/secure.gravatar.com\/avatar\/bacd6aefc26a4a204943090a4c596cd10f0857081ef3cfd12084a70ecb3161d5?s=96&d=mm&r=g\",\"caption\":\"Richard Diaz\"},\"sameAs\":[\"https:\/\/www.aridane.org\/city\"],\"url\":\"https:\/\/www.aridane.org\/city\/author\/richard-diaz\/\"}]}<\/script>\n<!-- \/ Yoast SEO plugin. -->","yoast_head_json":{"title":"El Ayuntamiento de Los Llanos de Aridane saca a licitaci\u00f3n el quiosco bar La Cajita ubicado en el Parque Llanos de Alf\u00e9rez - Ayuntamiento de Los Llanos de Aridane","description":"El Ayuntamiento de Los Llanos de Aridane presenta el cartel y el programa de La Patrona 2021 con el lema \u201cRemedios, m\u00e1s que un nombre.\u201d","robots":{"index":"index","follow":"follow","max-snippet":"max-snippet:-1","max-image-preview":"max-image-preview:large","max-video-preview":"max-video-preview:-1"},"canonical":"https:\/\/www.aridane.org\/city\/2023\/04\/17\/el-ayuntamiento-de-los-llanos-de-aridane-saca-a-licitacion-el-quiosco-bar-la-cajita-ubicado-en-el-parque-llanos-de-alferez\/","og_locale":"es_ES","og_type":"article","og_title":"El Ayuntamiento de Los Llanos de Aridane saca a licitaci\u00f3n el quiosco bar La Cajita ubicado en el Parque Llanos de Alf\u00e9rez - Ayuntamiento de Los Llanos de Aridane","og_description":"El Ayuntamiento de Los Llanos de Aridane presenta el cartel y el programa de La Patrona 2021 con el lema \u201cRemedios, m\u00e1s que un nombre.\u201d","og_url":"https:\/\/www.aridane.org\/city\/2023\/04\/17\/el-ayuntamiento-de-los-llanos-de-aridane-saca-a-licitacion-el-quiosco-bar-la-cajita-ubicado-en-el-parque-llanos-de-alferez\/","og_site_name":"Ayuntamiento de Los Llanos de Aridane","article_published_time":"2023-04-17T09:54:12+00:00","article_modified_time":"2023-07-25T09:36:05+00:00","og_image":[{"width":1200,"height":675,"url":"https:\/\/www.aridane.org\/city\/wp-content\/uploads\/2023\/04\/kiosko_la_cajita.jpg","type":"image\/jpeg"}],"author":"Richard Diaz","twitter_card":"summary_large_image","twitter_misc":{"Escrito por":"Richard Diaz","Tiempo de lectura":"2 minutos"},"schema":{"@context":"https:\/\/schema.org","@graph":[{"@type":"WebPage","@id":"https:\/\/www.aridane.org\/city\/2023\/04\/17\/el-ayuntamiento-de-los-llanos-de-aridane-saca-a-licitacion-el-quiosco-bar-la-cajita-ubicado-en-el-parque-llanos-de-alferez\/","url":"https:\/\/www.aridane.org\/city\/2023\/04\/17\/el-ayuntamiento-de-los-llanos-de-aridane-saca-a-licitacion-el-quiosco-bar-la-cajita-ubicado-en-el-parque-llanos-de-alferez\/","name":"El Ayuntamiento de Los Llanos de Aridane saca a licitaci\u00f3n el quiosco bar La Cajita ubicado en el Parque Llanos de Alf\u00e9rez - Ayuntamiento de Los Llanos de Aridane","isPartOf":{"@id":"https:\/\/www.aridane.org\/city\/#website"},"primaryImageOfPage":{"@id":"https:\/\/www.aridane.org\/city\/2023\/04\/17\/el-ayuntamiento-de-los-llanos-de-aridane-saca-a-licitacion-el-quiosco-bar-la-cajita-ubicado-en-el-parque-llanos-de-alferez\/#primaryimage"},"image":{"@id":"https:\/\/www.aridane.org\/city\/2023\/04\/17\/el-ayuntamiento-de-los-llanos-de-aridane-saca-a-licitacion-el-quiosco-bar-la-cajita-ubicado-en-el-parque-llanos-de-alferez\/#primaryimage"},"thumbnailUrl":"https:\/\/www.aridane.org\/city\/wp-content\/uploads\/2023\/04\/kiosko_la_cajita.jpg","datePublished":"2023-04-17T09:54:12+00:00","dateModified":"2023-07-25T09:36:05+00:00","author":{"@id":"https:\/\/www.aridane.org\/city\/#\/schema\/person\/7d352ec7f29881716f298394432e7209"},"description":"El Ayuntamiento de Los Llanos de Aridane presenta el cartel y el programa de La Patrona 2021 con el lema \u201cRemedios, m\u00e1s que un nombre.\u201d","breadcrumb":{"@id":"https:\/\/www.aridane.org\/city\/2023\/04\/17\/el-ayuntamiento-de-los-llanos-de-aridane-saca-a-licitacion-el-quiosco-bar-la-cajita-ubicado-en-el-parque-llanos-de-alferez\/#breadcrumb"},"inLanguage":"es","potentialAction":[{"@type":"ReadAction","target":["https:\/\/www.aridane.org\/city\/2023\/04\/17\/el-ayuntamiento-de-los-llanos-de-aridane-saca-a-licitacion-el-quiosco-bar-la-cajita-ubicado-en-el-parque-llanos-de-alferez\/"]}]},{"@type":"ImageObject","inLanguage":"es","@id":"https:\/\/www.aridane.org\/city\/2023\/04\/17\/el-ayuntamiento-de-los-llanos-de-aridane-saca-a-licitacion-el-quiosco-bar-la-cajita-ubicado-en-el-parque-llanos-de-alferez\/#primaryimage","url":"https:\/\/www.aridane.org\/city\/wp-content\/uploads\/2023\/04\/kiosko_la_cajita.jpg","contentUrl":"https:\/\/www.aridane.org\/city\/wp-content\/uploads\/2023\/04\/kiosko_la_cajita.jpg","width":1200,"height":675},{"@type":"BreadcrumbList","@id":"https:\/\/www.aridane.org\/city\/2023\/04\/17\/el-ayuntamiento-de-los-llanos-de-aridane-saca-a-licitacion-el-quiosco-bar-la-cajita-ubicado-en-el-parque-llanos-de-alferez\/#breadcrumb","itemListElement":[{"@type":"ListItem","position":1,"name":"Portada","item":"https:\/\/www.aridane.org\/city\/"},{"@type":"ListItem","position":2,"name":"El Ayuntamiento de Los Llanos de Aridane saca a licitaci\u00f3n el quiosco bar La Cajita ubicado en el Parque Llanos de Alf\u00e9rez"}]},{"@type":"WebSite","@id":"https:\/\/www.aridane.org\/city\/#website","url":"https:\/\/www.aridane.org\/city\/","name":"Ayuntamiento de Los Llanos de Aridane","description":"","potentialAction":[{"@type":"SearchAction","target":{"@type":"EntryPoint","urlTemplate":"https:\/\/www.aridane.org\/city\/?s={search_term_string}"},"query-input":"required name=search_term_string"}],"inLanguage":"es"},{"@type":"Person","@id":"https:\/\/www.aridane.org\/city\/#\/schema\/person\/7d352ec7f29881716f298394432e7209","name":"Richard Diaz","image":{"@type":"ImageObject","inLanguage":"es","@id":"https:\/\/www.aridane.org\/city\/#\/schema\/person\/image\/","url":"https:\/\/secure.gravatar.com\/avatar\/bacd6aefc26a4a204943090a4c596cd10f0857081ef3cfd12084a70ecb3161d5?s=96&d=mm&r=g","contentUrl":"https:\/\/secure.gravatar.com\/avatar\/bacd6aefc26a4a204943090a4c596cd10f0857081ef3cfd12084a70ecb3161d5?s=96&d=mm&r=g","caption":"Richard Diaz"},"sameAs":["https:\/\/www.aridane.org\/city"],"url":"https:\/\/www.aridane.org\/city\/author\/richard-diaz\/"}]}},"_links":{"self":[{"href":"https:\/\/www.aridane.org\/city\/wp-json\/wp\/v2\/posts\/1587","targetHints":{"allow":["GET"]}}],"collection":[{"href":"https:\/\/www.aridane.org\/city\/wp-json\/wp\/v2\/posts"}],"about":[{"href":"https:\/\/www.aridane.org\/city\/wp-json\/wp\/v2\/types\/post"}],"author":[{"embeddable":true,"href":"https:\/\/www.aridane.org\/city\/wp-json\/wp\/v2\/users\/1"}],"replies":[{"embeddable":true,"href":"https:\/\/www.aridane.org\/city\/wp-json\/wp\/v2\/comments?post=1587"}],"version-history":[{"count":1,"href":"https:\/\/www.aridane.org\/city\/wp-json\/wp\/v2\/posts\/1587\/revisions"}],"predecessor-version":[{"id":2494,"href":"https:\/\/www.aridane.org\/city\/wp-json\/wp\/v2\/posts\/1587\/revisions\/2494"}],"wp:featuredmedia":[{"embeddable":true,"href":"https:\/\/www.aridane.org\/city\/wp-json\/wp\/v2\/media\/2493"}],"wp:attachment":[{"href":"https:\/\/www.aridane.org\/city\/wp-json\/wp\/v2\/media?parent=1587"}],"wp:term":[{"taxonomy":"category","embeddable":true,"href":"https:\/\/www.aridane.org\/city\/wp-json\/wp\/v2\/categories?post=1587"},{"taxonomy":"post_tag","embeddable":true,"href":"https:\/\/www.aridane.org\/city\/wp-json\/wp\/v2\/tags?post=1587"}],"curies":[{"name":"wp","href":"https:\/\/api.w.org\/{rel}","templated":true}]}}