{"id":1590,"date":"2023-04-17T13:09:16","date_gmt":"2023-04-17T12:09:16","guid":{"rendered":"https:\/\/aridane.org\/ciudad\/?p=1590"},"modified":"2023-07-25T09:28:16","modified_gmt":"2023-07-25T09:28:16","slug":"el-ayuntamiento-de-los-llanos-de-aridane-valora-positivamente-las-modificaciones-realizadas-en-los-planes-de-empleo-para-que-los-contratos-ahora-duren-12-meses-permitiendo-la-ejecucion-total-de-la-in","status":"publish","type":"post","link":"https:\/\/www.aridane.org\/city\/2023\/04\/17\/el-ayuntamiento-de-los-llanos-de-aridane-valora-positivamente-las-modificaciones-realizadas-en-los-planes-de-empleo-para-que-los-contratos-ahora-duren-12-meses-permitiendo-la-ejecucion-total-de-la-in\/","title":{"rendered":"El Ayuntamiento de Los Llanos de Aridane valora positivamente las modificaciones realizadas en los Planes de Empleo para que los contratos ahora duren 12 meses permitiendo la ejecuci\u00f3n total de la inversi\u00f3n"},"content":{"rendered":"<section class=\"wpb-content-wrapper\"><p>[vc_row css_animation=\u00bb\u00bb row_type=\u00bbrow\u00bb use_row_as_full_screen_section=\u00bbno\u00bb type=\u00bbfull_width\u00bb angled_section=\u00bbno\u00bb text_align=\u00bbleft\u00bb background_image_as_pattern=\u00bbwithout_pattern\u00bb][vc_column][vc_row_inner row_type=\u00bbrow\u00bb type=\u00bbgrid\u00bb text_align=\u00bbleft\u00bb css_animation=\u00bb\u00bb][vc_column_inner][vc_empty_space height=\u00bb20px\u00bb][vc_empty_space height=\u00bb20px\u00bb][\/vc_column_inner][\/vc_row_inner][vc_column_text]<\/p>\n<ul>\n<li style=\"text-align: justify;\"><em>Desde el Consistorio aridanense agradecen al Gobierno de Espa\u00f1a y de Canarias que hayan tenido en cuenta esta petici\u00f3n del Consistorio aridanse.\u00a0<\/em><\/li>\n<\/ul>\n<p>&nbsp;<\/p>\n<p style=\"text-align: justify;\"><strong>Los Llanos de Aridane, 17 de abril de 2023.- <\/strong>El Ayuntamiento de Los Llanos de Aridane ha valorado positivamente la modificaciones que se han hecho en el Plan Extraordinario de Empleo, financiado por el Gobierno de Espa\u00f1a y el Gobierno de Canarias, tras la petici\u00f3n del Consistorio aridanense, y que permitir\u00e1 ahora que los contratos duren 12 meses, desde que comience el desempleado a trabajar, y de esta manera se pueda ejecutar toda la partida presupuestaria para ello.<\/p>\n<p style=\"text-align: justify;\">Desde el Ayuntamiento explican que en los dos \u00faltimos a\u00f1os se han puesto en marcha dos planes de empleo que han permitido la contrataci\u00f3n de m\u00e1s de 300 personas. Concretamente, 218 en el Plan de Empleo aprobado en diciembre de 2021, y para el que se hizo convocatoria p\u00fablica y se valoraron alrededor de 1.000 solicitudes por lo que no pudo empezar hasta el mes de abril, y que cont\u00f3 con un presupuesto de 5.755.433,92 euros, de los que se ejecutaron 4.569.938, 88 millones de euros.\u00a0Mientras, para el Plan de Empleo de diciembre de 2022 se contrataron a 87 personas, y se cont\u00f3 con una dotaci\u00f3n de 1.052.302,33 euros, de los que se ejecutaron 922.281,85 euros.<\/p>\n<p style=\"text-align: justify;\">Adem\u00e1s, las dificultades para encontrar estos perfiles, el tiempo destinado para valorar las solicitudes, unido a la falta de personal t\u00e9cnico para la gesti\u00f3n del proceso, \u00a0y ajustes en las n\u00f3minas y bajas de los trabajadores, ha provocado que no comenzasen en el tiempo previsto.<\/p>\n<p style=\"text-align: justify;\">Por otro lado, \u00a0cabe recordar que los Planes de Empleo son un instrumento que no solo permite incorporar al mundo laboral a un importante n\u00famero de personas que est\u00e1n en situaci\u00f3n de desempleo, y contribuir en su econom\u00eda familiar, sino que tambi\u00e9n ayudan a que el Ayuntamiento sea una administraci\u00f3n m\u00e1s r\u00e1pida y eficaz a la hora de dar respuesta a las distintas demandas de los aridanenses como la gesti\u00f3n de licencias, ayuda psicol\u00f3gica, labores administrativas, o las tareas de limpieza. Sin lugar a dudas, el trabajo que han desarrollado y est\u00e1n desarrollan estas personas ha sido y est\u00e1 siendo clave en la tareas de recuperaci\u00f3n del municipio.<\/p>\n<p style=\"text-align: justify;\">Por \u00faltimo, desde el Ayuntamiento de Los Llanos de Aridane se agradece al Gobierno de Canarias, Gobierno de Espa\u00f1a, a la Directora del Servicio Canario de Empleo, Dunnia Rodr\u00edguez y a todos el personal t\u00e9cnico su disponibilidad y colaboraci\u00f3n para la ejecuci\u00f3n de los planes de empleo.<\/p>\n<p>[\/vc_column_text][\/vc_column][\/vc_row]<\/p>\n<\/section>","protected":false},"excerpt":{"rendered":"<p>[vc_row css_animation=\u00bb\u00bb row_type=\u00bbrow\u00bb use_row_as_full_screen_section=\u00bbno\u00bb type=\u00bbfull_width\u00bb angled_section=\u00bbno\u00bb text_align=\u00bbleft\u00bb background_image_as_pattern=\u00bbwithout_pattern\u00bb][vc_column][vc_row_inner row_type=\u00bbrow\u00bb type=\u00bbgrid\u00bb text_align=\u00bbleft\u00bb css_animation=\u00bb\u00bb][vc_column_inner][vc_empty_space height=\u00bb20px\u00bb][vc_empty_space height=\u00bb20px\u00bb][\/vc_column_inner][\/vc_row_inner][vc_column_text] Desde el Consistorio aridanense agradecen al Gobierno de Espa\u00f1a y de Canarias que hayan tenido en cuenta esta petici\u00f3n del Consistorio aridanse.\u00a0 &nbsp; Los Llanos de Aridane, 17 de abril de&#8230;<\/p>\n","protected":false},"author":1,"featured_media":2491,"comment_status":"closed","ping_status":"open","sticky":false,"template":"","format":"standard","meta":{"footnotes":""},"categories":[6],"tags":[],"class_list":["post-1590","post","type-post","status-publish","format-standard","has-post-thumbnail","hentry","category-prensa"],"yoast_head":"<!-- This site is optimized with the Yoast SEO plugin v22.7 - https:\/\/yoast.com\/wordpress\/plugins\/seo\/ -->\n<title>El Ayuntamiento de Los Llanos de Aridane valora positivamente las modificaciones realizadas en los Planes de Empleo para que los contratos ahora duren 12 meses permitiendo la ejecuci\u00f3n total de la inversi\u00f3n - Ayuntamiento de Los Llanos de Aridane<\/title>\n<meta name=\"description\" content=\"El Ayuntamiento de Los Llanos de Aridane presenta el cartel y el programa de La Patrona 2021 con el lema \u201cRemedios, m\u00e1s que un nombre.\u201d\" \/>\n<meta name=\"robots\" content=\"index, follow, max-snippet:-1, max-image-preview:large, max-video-preview:-1\" \/>\n<link rel=\"canonical\" href=\"https:\/\/www.aridane.org\/city\/2023\/04\/17\/el-ayuntamiento-de-los-llanos-de-aridane-valora-positivamente-las-modificaciones-realizadas-en-los-planes-de-empleo-para-que-los-contratos-ahora-duren-12-meses-permitiendo-la-ejecucion-total-de-la-in\/\" \/>\n<meta property=\"og:locale\" content=\"es_ES\" \/>\n<meta property=\"og:type\" content=\"article\" \/>\n<meta property=\"og:title\" content=\"El Ayuntamiento de Los Llanos de Aridane valora positivamente las modificaciones realizadas en los Planes de Empleo para que los contratos ahora duren 12 meses permitiendo la ejecuci\u00f3n total de la inversi\u00f3n - Ayuntamiento de Los Llanos de Aridane\" \/>\n<meta property=\"og:description\" content=\"El Ayuntamiento de Los Llanos de Aridane presenta el cartel y el programa de La Patrona 2021 con el lema \u201cRemedios, m\u00e1s que un nombre.\u201d\" \/>\n<meta property=\"og:url\" content=\"https:\/\/www.aridane.org\/city\/2023\/04\/17\/el-ayuntamiento-de-los-llanos-de-aridane-valora-positivamente-las-modificaciones-realizadas-en-los-planes-de-empleo-para-que-los-contratos-ahora-duren-12-meses-permitiendo-la-ejecucion-total-de-la-in\/\" \/>\n<meta property=\"og:site_name\" content=\"Ayuntamiento de Los Llanos de Aridane\" \/>\n<meta property=\"article:published_time\" content=\"2023-04-17T12:09:16+00:00\" \/>\n<meta property=\"article:modified_time\" content=\"2023-07-25T09:28:16+00:00\" \/>\n<meta property=\"og:image\" content=\"https:\/\/www.aridane.org\/city\/wp-content\/uploads\/2023\/04\/ayto_aridane_1.jpg\" \/>\n\t<meta property=\"og:image:width\" content=\"1200\" \/>\n\t<meta property=\"og:image:height\" content=\"675\" \/>\n\t<meta property=\"og:image:type\" content=\"image\/jpeg\" \/>\n<meta name=\"author\" content=\"Richard Diaz\" \/>\n<meta name=\"twitter:card\" content=\"summary_large_image\" \/>\n<meta name=\"twitter:label1\" content=\"Escrito por\" \/>\n\t<meta name=\"twitter:data1\" content=\"Richard Diaz\" \/>\n\t<meta name=\"twitter:label2\" content=\"Tiempo de lectura\" \/>\n\t<meta name=\"twitter:data2\" content=\"2 minutos\" \/>\n<script type=\"application\/ld+json\" class=\"yoast-schema-graph\">{\"@context\":\"https:\/\/schema.org\",\"@graph\":[{\"@type\":\"WebPage\",\"@id\":\"https:\/\/www.aridane.org\/city\/2023\/04\/17\/el-ayuntamiento-de-los-llanos-de-aridane-valora-positivamente-las-modificaciones-realizadas-en-los-planes-de-empleo-para-que-los-contratos-ahora-duren-12-meses-permitiendo-la-ejecucion-total-de-la-in\/\",\"url\":\"https:\/\/www.aridane.org\/city\/2023\/04\/17\/el-ayuntamiento-de-los-llanos-de-aridane-valora-positivamente-las-modificaciones-realizadas-en-los-planes-de-empleo-para-que-los-contratos-ahora-duren-12-meses-permitiendo-la-ejecucion-total-de-la-in\/\",\"name\":\"El Ayuntamiento de Los Llanos de Aridane valora positivamente las modificaciones realizadas en los Planes de Empleo para que los contratos ahora duren 12 meses permitiendo la ejecuci\u00f3n total de la inversi\u00f3n - Ayuntamiento de Los Llanos de Aridane\",\"isPartOf\":{\"@id\":\"https:\/\/www.aridane.org\/city\/#website\"},\"primaryImageOfPage\":{\"@id\":\"https:\/\/www.aridane.org\/city\/2023\/04\/17\/el-ayuntamiento-de-los-llanos-de-aridane-valora-positivamente-las-modificaciones-realizadas-en-los-planes-de-empleo-para-que-los-contratos-ahora-duren-12-meses-permitiendo-la-ejecucion-total-de-la-in\/#primaryimage\"},\"image\":{\"@id\":\"https:\/\/www.aridane.org\/city\/2023\/04\/17\/el-ayuntamiento-de-los-llanos-de-aridane-valora-positivamente-las-modificaciones-realizadas-en-los-planes-de-empleo-para-que-los-contratos-ahora-duren-12-meses-permitiendo-la-ejecucion-total-de-la-in\/#primaryimage\"},\"thumbnailUrl\":\"https:\/\/www.aridane.org\/city\/wp-content\/uploads\/2023\/04\/ayto_aridane_1.jpg\",\"datePublished\":\"2023-04-17T12:09:16+00:00\",\"dateModified\":\"2023-07-25T09:28:16+00:00\",\"author\":{\"@id\":\"https:\/\/www.aridane.org\/city\/#\/schema\/person\/7d352ec7f29881716f298394432e7209\"},\"description\":\"El Ayuntamiento de Los Llanos de Aridane presenta el cartel y el programa de La Patrona 2021 con el lema \u201cRemedios, m\u00e1s que un nombre.\u201d\",\"breadcrumb\":{\"@id\":\"https:\/\/www.aridane.org\/city\/2023\/04\/17\/el-ayuntamiento-de-los-llanos-de-aridane-valora-positivamente-las-modificaciones-realizadas-en-los-planes-de-empleo-para-que-los-contratos-ahora-duren-12-meses-permitiendo-la-ejecucion-total-de-la-in\/#breadcrumb\"},\"inLanguage\":\"es\",\"potentialAction\":[{\"@type\":\"ReadAction\",\"target\":[\"https:\/\/www.aridane.org\/city\/2023\/04\/17\/el-ayuntamiento-de-los-llanos-de-aridane-valora-positivamente-las-modificaciones-realizadas-en-los-planes-de-empleo-para-que-los-contratos-ahora-duren-12-meses-permitiendo-la-ejecucion-total-de-la-in\/\"]}]},{\"@type\":\"ImageObject\",\"inLanguage\":\"es\",\"@id\":\"https:\/\/www.aridane.org\/city\/2023\/04\/17\/el-ayuntamiento-de-los-llanos-de-aridane-valora-positivamente-las-modificaciones-realizadas-en-los-planes-de-empleo-para-que-los-contratos-ahora-duren-12-meses-permitiendo-la-ejecucion-total-de-la-in\/#primaryimage\",\"url\":\"https:\/\/www.aridane.org\/city\/wp-content\/uploads\/2023\/04\/ayto_aridane_1.jpg\",\"contentUrl\":\"https:\/\/www.aridane.org\/city\/wp-content\/uploads\/2023\/04\/ayto_aridane_1.jpg\",\"width\":1200,\"height\":675},{\"@type\":\"BreadcrumbList\",\"@id\":\"https:\/\/www.aridane.org\/city\/2023\/04\/17\/el-ayuntamiento-de-los-llanos-de-aridane-valora-positivamente-las-modificaciones-realizadas-en-los-planes-de-empleo-para-que-los-contratos-ahora-duren-12-meses-permitiendo-la-ejecucion-total-de-la-in\/#breadcrumb\",\"itemListElement\":[{\"@type\":\"ListItem\",\"position\":1,\"name\":\"Portada\",\"item\":\"https:\/\/www.aridane.org\/city\/\"},{\"@type\":\"ListItem\",\"position\":2,\"name\":\"El Ayuntamiento de Los Llanos de Aridane valora positivamente las modificaciones realizadas en los Planes de Empleo para que los contratos ahora duren 12 meses permitiendo la ejecuci\u00f3n total de la inversi\u00f3n\"}]},{\"@type\":\"WebSite\",\"@id\":\"https:\/\/www.aridane.org\/city\/#website\",\"url\":\"https:\/\/www.aridane.org\/city\/\",\"name\":\"Ayuntamiento de Los Llanos de Aridane\",\"description\":\"\",\"potentialAction\":[{\"@type\":\"SearchAction\",\"target\":{\"@type\":\"EntryPoint\",\"urlTemplate\":\"https:\/\/www.aridane.org\/city\/?s={search_term_string}\"},\"query-input\":\"required name=search_term_string\"}],\"inLanguage\":\"es\"},{\"@type\":\"Person\",\"@id\":\"https:\/\/www.aridane.org\/city\/#\/schema\/person\/7d352ec7f29881716f298394432e7209\",\"name\":\"Richard Diaz\",\"image\":{\"@type\":\"ImageObject\",\"inLanguage\":\"es\",\"@id\":\"https:\/\/www.aridane.org\/city\/#\/schema\/person\/image\/\",\"url\":\"https:\/\/secure.gravatar.com\/avatar\/bacd6aefc26a4a204943090a4c596cd10f0857081ef3cfd12084a70ecb3161d5?s=96&d=mm&r=g\",\"contentUrl\":\"https:\/\/secure.gravatar.com\/avatar\/bacd6aefc26a4a204943090a4c596cd10f0857081ef3cfd12084a70ecb3161d5?s=96&d=mm&r=g\",\"caption\":\"Richard Diaz\"},\"sameAs\":[\"https:\/\/www.aridane.org\/city\"],\"url\":\"https:\/\/www.aridane.org\/city\/author\/richard-diaz\/\"}]}<\/script>\n<!-- \/ Yoast SEO plugin. -->","yoast_head_json":{"title":"El Ayuntamiento de Los Llanos de Aridane valora positivamente las modificaciones realizadas en los Planes de Empleo para que los contratos ahora duren 12 meses permitiendo la ejecuci\u00f3n total de la inversi\u00f3n - Ayuntamiento de Los Llanos de Aridane","description":"El Ayuntamiento de Los Llanos de Aridane presenta el cartel y el programa de La Patrona 2021 con el lema \u201cRemedios, m\u00e1s que un nombre.\u201d","robots":{"index":"index","follow":"follow","max-snippet":"max-snippet:-1","max-image-preview":"max-image-preview:large","max-video-preview":"max-video-preview:-1"},"canonical":"https:\/\/www.aridane.org\/city\/2023\/04\/17\/el-ayuntamiento-de-los-llanos-de-aridane-valora-positivamente-las-modificaciones-realizadas-en-los-planes-de-empleo-para-que-los-contratos-ahora-duren-12-meses-permitiendo-la-ejecucion-total-de-la-in\/","og_locale":"es_ES","og_type":"article","og_title":"El Ayuntamiento de Los Llanos de Aridane valora positivamente las modificaciones realizadas en los Planes de Empleo para que los contratos ahora duren 12 meses permitiendo la ejecuci\u00f3n total de la inversi\u00f3n - Ayuntamiento de Los Llanos de Aridane","og_description":"El Ayuntamiento de Los Llanos de Aridane presenta el cartel y el programa de La Patrona 2021 con el lema \u201cRemedios, m\u00e1s que un nombre.\u201d","og_url":"https:\/\/www.aridane.org\/city\/2023\/04\/17\/el-ayuntamiento-de-los-llanos-de-aridane-valora-positivamente-las-modificaciones-realizadas-en-los-planes-de-empleo-para-que-los-contratos-ahora-duren-12-meses-permitiendo-la-ejecucion-total-de-la-in\/","og_site_name":"Ayuntamiento de Los Llanos de Aridane","article_published_time":"2023-04-17T12:09:16+00:00","article_modified_time":"2023-07-25T09:28:16+00:00","og_image":[{"width":1200,"height":675,"url":"https:\/\/www.aridane.org\/city\/wp-content\/uploads\/2023\/04\/ayto_aridane_1.jpg","type":"image\/jpeg"}],"author":"Richard Diaz","twitter_card":"summary_large_image","twitter_misc":{"Escrito por":"Richard Diaz","Tiempo de lectura":"2 minutos"},"schema":{"@context":"https:\/\/schema.org","@graph":[{"@type":"WebPage","@id":"https:\/\/www.aridane.org\/city\/2023\/04\/17\/el-ayuntamiento-de-los-llanos-de-aridane-valora-positivamente-las-modificaciones-realizadas-en-los-planes-de-empleo-para-que-los-contratos-ahora-duren-12-meses-permitiendo-la-ejecucion-total-de-la-in\/","url":"https:\/\/www.aridane.org\/city\/2023\/04\/17\/el-ayuntamiento-de-los-llanos-de-aridane-valora-positivamente-las-modificaciones-realizadas-en-los-planes-de-empleo-para-que-los-contratos-ahora-duren-12-meses-permitiendo-la-ejecucion-total-de-la-in\/","name":"El Ayuntamiento de Los Llanos de Aridane valora positivamente las modificaciones realizadas en los Planes de Empleo para que los contratos ahora duren 12 meses permitiendo la ejecuci\u00f3n total de la inversi\u00f3n - Ayuntamiento de Los Llanos de Aridane","isPartOf":{"@id":"https:\/\/www.aridane.org\/city\/#website"},"primaryImageOfPage":{"@id":"https:\/\/www.aridane.org\/city\/2023\/04\/17\/el-ayuntamiento-de-los-llanos-de-aridane-valora-positivamente-las-modificaciones-realizadas-en-los-planes-de-empleo-para-que-los-contratos-ahora-duren-12-meses-permitiendo-la-ejecucion-total-de-la-in\/#primaryimage"},"image":{"@id":"https:\/\/www.aridane.org\/city\/2023\/04\/17\/el-ayuntamiento-de-los-llanos-de-aridane-valora-positivamente-las-modificaciones-realizadas-en-los-planes-de-empleo-para-que-los-contratos-ahora-duren-12-meses-permitiendo-la-ejecucion-total-de-la-in\/#primaryimage"},"thumbnailUrl":"https:\/\/www.aridane.org\/city\/wp-content\/uploads\/2023\/04\/ayto_aridane_1.jpg","datePublished":"2023-04-17T12:09:16+00:00","dateModified":"2023-07-25T09:28:16+00:00","author":{"@id":"https:\/\/www.aridane.org\/city\/#\/schema\/person\/7d352ec7f29881716f298394432e7209"},"description":"El Ayuntamiento de Los Llanos de Aridane presenta el cartel y el programa de La Patrona 2021 con el lema \u201cRemedios, m\u00e1s que un nombre.\u201d","breadcrumb":{"@id":"https:\/\/www.aridane.org\/city\/2023\/04\/17\/el-ayuntamiento-de-los-llanos-de-aridane-valora-positivamente-las-modificaciones-realizadas-en-los-planes-de-empleo-para-que-los-contratos-ahora-duren-12-meses-permitiendo-la-ejecucion-total-de-la-in\/#breadcrumb"},"inLanguage":"es","potentialAction":[{"@type":"ReadAction","target":["https:\/\/www.aridane.org\/city\/2023\/04\/17\/el-ayuntamiento-de-los-llanos-de-aridane-valora-positivamente-las-modificaciones-realizadas-en-los-planes-de-empleo-para-que-los-contratos-ahora-duren-12-meses-permitiendo-la-ejecucion-total-de-la-in\/"]}]},{"@type":"ImageObject","inLanguage":"es","@id":"https:\/\/www.aridane.org\/city\/2023\/04\/17\/el-ayuntamiento-de-los-llanos-de-aridane-valora-positivamente-las-modificaciones-realizadas-en-los-planes-de-empleo-para-que-los-contratos-ahora-duren-12-meses-permitiendo-la-ejecucion-total-de-la-in\/#primaryimage","url":"https:\/\/www.aridane.org\/city\/wp-content\/uploads\/2023\/04\/ayto_aridane_1.jpg","contentUrl":"https:\/\/www.aridane.org\/city\/wp-content\/uploads\/2023\/04\/ayto_aridane_1.jpg","width":1200,"height":675},{"@type":"BreadcrumbList","@id":"https:\/\/www.aridane.org\/city\/2023\/04\/17\/el-ayuntamiento-de-los-llanos-de-aridane-valora-positivamente-las-modificaciones-realizadas-en-los-planes-de-empleo-para-que-los-contratos-ahora-duren-12-meses-permitiendo-la-ejecucion-total-de-la-in\/#breadcrumb","itemListElement":[{"@type":"ListItem","position":1,"name":"Portada","item":"https:\/\/www.aridane.org\/city\/"},{"@type":"ListItem","position":2,"name":"El Ayuntamiento de Los Llanos de Aridane valora positivamente las modificaciones realizadas en los Planes de Empleo para que los contratos ahora duren 12 meses permitiendo la ejecuci\u00f3n total de la inversi\u00f3n"}]},{"@type":"WebSite","@id":"https:\/\/www.aridane.org\/city\/#website","url":"https:\/\/www.aridane.org\/city\/","name":"Ayuntamiento de Los Llanos de Aridane","description":"","potentialAction":[{"@type":"SearchAction","target":{"@type":"EntryPoint","urlTemplate":"https:\/\/www.aridane.org\/city\/?s={search_term_string}"},"query-input":"required name=search_term_string"}],"inLanguage":"es"},{"@type":"Person","@id":"https:\/\/www.aridane.org\/city\/#\/schema\/person\/7d352ec7f29881716f298394432e7209","name":"Richard Diaz","image":{"@type":"ImageObject","inLanguage":"es","@id":"https:\/\/www.aridane.org\/city\/#\/schema\/person\/image\/","url":"https:\/\/secure.gravatar.com\/avatar\/bacd6aefc26a4a204943090a4c596cd10f0857081ef3cfd12084a70ecb3161d5?s=96&d=mm&r=g","contentUrl":"https:\/\/secure.gravatar.com\/avatar\/bacd6aefc26a4a204943090a4c596cd10f0857081ef3cfd12084a70ecb3161d5?s=96&d=mm&r=g","caption":"Richard Diaz"},"sameAs":["https:\/\/www.aridane.org\/city"],"url":"https:\/\/www.aridane.org\/city\/author\/richard-diaz\/"}]}},"_links":{"self":[{"href":"https:\/\/www.aridane.org\/city\/wp-json\/wp\/v2\/posts\/1590","targetHints":{"allow":["GET"]}}],"collection":[{"href":"https:\/\/www.aridane.org\/city\/wp-json\/wp\/v2\/posts"}],"about":[{"href":"https:\/\/www.aridane.org\/city\/wp-json\/wp\/v2\/types\/post"}],"author":[{"embeddable":true,"href":"https:\/\/www.aridane.org\/city\/wp-json\/wp\/v2\/users\/1"}],"replies":[{"embeddable":true,"href":"https:\/\/www.aridane.org\/city\/wp-json\/wp\/v2\/comments?post=1590"}],"version-history":[{"count":2,"href":"https:\/\/www.aridane.org\/city\/wp-json\/wp\/v2\/posts\/1590\/revisions"}],"predecessor-version":[{"id":2492,"href":"https:\/\/www.aridane.org\/city\/wp-json\/wp\/v2\/posts\/1590\/revisions\/2492"}],"wp:featuredmedia":[{"embeddable":true,"href":"https:\/\/www.aridane.org\/city\/wp-json\/wp\/v2\/media\/2491"}],"wp:attachment":[{"href":"https:\/\/www.aridane.org\/city\/wp-json\/wp\/v2\/media?parent=1590"}],"wp:term":[{"taxonomy":"category","embeddable":true,"href":"https:\/\/www.aridane.org\/city\/wp-json\/wp\/v2\/categories?post=1590"},{"taxonomy":"post_tag","embeddable":true,"href":"https:\/\/www.aridane.org\/city\/wp-json\/wp\/v2\/tags?post=1590"}],"curies":[{"name":"wp","href":"https:\/\/api.w.org\/{rel}","templated":true}]}}