{"id":1595,"date":"2023-04-18T12:31:18","date_gmt":"2023-04-18T11:31:18","guid":{"rendered":"https:\/\/aridane.org\/ciudad\/?p=1595"},"modified":"2023-07-25T09:24:28","modified_gmt":"2023-07-25T09:24:28","slug":"las-flores-vuelven-a-decorar-el-caso-urbano-de-los-llanos-de-aridane-en-la-iii-edicion-del-valle-de-las-flores","status":"publish","type":"post","link":"https:\/\/www.aridane.org\/city\/2023\/04\/18\/las-flores-vuelven-a-decorar-el-caso-urbano-de-los-llanos-de-aridane-en-la-iii-edicion-del-valle-de-las-flores\/","title":{"rendered":"Las flores vuelven a decorar el caso urbano de Los Llanos de Aridane en la III edici\u00f3n del Valle de las Flores"},"content":{"rendered":"<section class=\"wpb-content-wrapper\"><p>[vc_row css_animation=\u00bb\u00bb row_type=\u00bbrow\u00bb use_row_as_full_screen_section=\u00bbno\u00bb type=\u00bbfull_width\u00bb angled_section=\u00bbno\u00bb text_align=\u00bbleft\u00bb background_image_as_pattern=\u00bbwithout_pattern\u00bb][vc_column][vc_row_inner row_type=\u00bbrow\u00bb type=\u00bbgrid\u00bb text_align=\u00bbleft\u00bb css_animation=\u00bb\u00bb][vc_column_inner][vc_empty_space height=\u00bb20px\u00bb][vc_empty_space height=\u00bb20px\u00bb][\/vc_column_inner][\/vc_row_inner][vc_column_text]<\/p>\n<ul>\n<li style=\"text-align: justify;\"><em>A partir del viernes 21 de abril se podr\u00e1 disfrutar del resultado final de las diferentes estructuras florales dise\u00f1adas por el artista Carlos Curbelo, que en colaboraci\u00f3n con las florister\u00edas del municipio decorar\u00e1n las calles de Los Llanos de Aridane.<\/em><\/li>\n<\/ul>\n<p>&nbsp;<\/p>\n<p style=\"text-align: justify;\"><strong>Los Llanos de Aridane, 17 de abril de 2023.- <\/strong>El Ayuntamiento de Los Llanos de Aridane se prepara para vivir la III edici\u00f3n del \u2018Valle de Las Flores\u2019. Un evento, en el que se comenzar\u00e1 a trabajar desde este mi\u00e9rcoles 19 de abril y cuyo resultado final se podr\u00e1 disfrutar desde el viernes 21, y durante todo el fin de semana.<\/p>\n<p style=\"text-align: justify;\">Hay que recordar que esta acci\u00f3n se lleva realizando desde el a\u00f1o 2021, de la mano del artista Carlos Curbelo y en colaboraci\u00f3n con las distintas florister\u00edas del municipio, que ayudan en las labores de preparaci\u00f3n, y cuyas esculturas se distribuir\u00e1n en cuatro localizaciones: La Plaza de Espa\u00f1a, el balc\u00f3n del Ayuntamiento, las letras de Los Llanos de Aridane y la estatua del Guanche mirando al Sol.<\/p>\n<p style=\"text-align: justify;\">Desde el Ayuntamiento de Los Llanos de Aridane se recuerda a la ciudadan\u00eda el buen trato y respeto por las estructuras, para que se pueda conservar la exposici\u00f3n el mayor tiempo posible, y se invita a todas las personas que lo deseen a poder disfrutar de este impresionante trabajo.<\/p>\n<p>[\/vc_column_text][\/vc_column][\/vc_row]<\/p>\n<\/section>","protected":false},"excerpt":{"rendered":"<p>[vc_row css_animation=\u00bb\u00bb row_type=\u00bbrow\u00bb use_row_as_full_screen_section=\u00bbno\u00bb type=\u00bbfull_width\u00bb angled_section=\u00bbno\u00bb text_align=\u00bbleft\u00bb background_image_as_pattern=\u00bbwithout_pattern\u00bb][vc_column][vc_row_inner row_type=\u00bbrow\u00bb type=\u00bbgrid\u00bb text_align=\u00bbleft\u00bb css_animation=\u00bb\u00bb][vc_column_inner][vc_empty_space height=\u00bb20px\u00bb][vc_empty_space height=\u00bb20px\u00bb][\/vc_column_inner][\/vc_row_inner][vc_column_text] A partir del viernes 21 de abril se podr\u00e1 disfrutar del resultado final de las diferentes estructuras florales dise\u00f1adas por el artista Carlos Curbelo, que en colaboraci\u00f3n con las florister\u00edas del&#8230;<\/p>\n","protected":false},"author":1,"featured_media":2486,"comment_status":"closed","ping_status":"open","sticky":false,"template":"","format":"standard","meta":{"footnotes":""},"categories":[6],"tags":[],"class_list":["post-1595","post","type-post","status-publish","format-standard","has-post-thumbnail","hentry","category-prensa"],"yoast_head":"<!-- This site is optimized with the Yoast SEO plugin v22.7 - https:\/\/yoast.com\/wordpress\/plugins\/seo\/ -->\n<title>Las flores vuelven a decorar el caso urbano de Los Llanos de Aridane en la III edici\u00f3n del Valle de las Flores - Ayuntamiento de Los Llanos de Aridane<\/title>\n<meta name=\"description\" content=\"El Ayuntamiento de Los Llanos de Aridane presenta el cartel y el programa de La Patrona 2021 con el lema \u201cRemedios, m\u00e1s que un nombre.\u201d\" \/>\n<meta name=\"robots\" content=\"index, follow, max-snippet:-1, max-image-preview:large, max-video-preview:-1\" \/>\n<link rel=\"canonical\" href=\"https:\/\/www.aridane.org\/city\/2023\/04\/18\/las-flores-vuelven-a-decorar-el-caso-urbano-de-los-llanos-de-aridane-en-la-iii-edicion-del-valle-de-las-flores\/\" \/>\n<meta property=\"og:locale\" content=\"es_ES\" \/>\n<meta property=\"og:type\" content=\"article\" \/>\n<meta property=\"og:title\" content=\"Las flores vuelven a decorar el caso urbano de Los Llanos de Aridane en la III edici\u00f3n del Valle de las Flores - Ayuntamiento de Los Llanos de Aridane\" \/>\n<meta property=\"og:description\" content=\"El Ayuntamiento de Los Llanos de Aridane presenta el cartel y el programa de La Patrona 2021 con el lema \u201cRemedios, m\u00e1s que un nombre.\u201d\" \/>\n<meta property=\"og:url\" content=\"https:\/\/www.aridane.org\/city\/2023\/04\/18\/las-flores-vuelven-a-decorar-el-caso-urbano-de-los-llanos-de-aridane-en-la-iii-edicion-del-valle-de-las-flores\/\" \/>\n<meta property=\"og:site_name\" content=\"Ayuntamiento de Los Llanos de Aridane\" \/>\n<meta property=\"article:published_time\" content=\"2023-04-18T11:31:18+00:00\" \/>\n<meta property=\"article:modified_time\" content=\"2023-07-25T09:24:28+00:00\" \/>\n<meta property=\"og:image\" content=\"https:\/\/www.aridane.org\/city\/wp-content\/uploads\/2023\/04\/El-Valle-de-las-flores_1.jpg\" \/>\n\t<meta property=\"og:image:width\" content=\"1200\" \/>\n\t<meta property=\"og:image:height\" content=\"675\" \/>\n\t<meta property=\"og:image:type\" content=\"image\/jpeg\" \/>\n<meta name=\"author\" content=\"Richard Diaz\" \/>\n<meta name=\"twitter:card\" content=\"summary_large_image\" \/>\n<meta name=\"twitter:label1\" content=\"Escrito por\" \/>\n\t<meta name=\"twitter:data1\" content=\"Richard Diaz\" \/>\n\t<meta name=\"twitter:label2\" content=\"Tiempo de lectura\" \/>\n\t<meta name=\"twitter:data2\" content=\"2 minutos\" \/>\n<script type=\"application\/ld+json\" class=\"yoast-schema-graph\">{\"@context\":\"https:\/\/schema.org\",\"@graph\":[{\"@type\":\"WebPage\",\"@id\":\"https:\/\/www.aridane.org\/city\/2023\/04\/18\/las-flores-vuelven-a-decorar-el-caso-urbano-de-los-llanos-de-aridane-en-la-iii-edicion-del-valle-de-las-flores\/\",\"url\":\"https:\/\/www.aridane.org\/city\/2023\/04\/18\/las-flores-vuelven-a-decorar-el-caso-urbano-de-los-llanos-de-aridane-en-la-iii-edicion-del-valle-de-las-flores\/\",\"name\":\"Las flores vuelven a decorar el caso urbano de Los Llanos de Aridane en la III edici\u00f3n del Valle de las Flores - Ayuntamiento de Los Llanos de Aridane\",\"isPartOf\":{\"@id\":\"https:\/\/www.aridane.org\/city\/#website\"},\"primaryImageOfPage\":{\"@id\":\"https:\/\/www.aridane.org\/city\/2023\/04\/18\/las-flores-vuelven-a-decorar-el-caso-urbano-de-los-llanos-de-aridane-en-la-iii-edicion-del-valle-de-las-flores\/#primaryimage\"},\"image\":{\"@id\":\"https:\/\/www.aridane.org\/city\/2023\/04\/18\/las-flores-vuelven-a-decorar-el-caso-urbano-de-los-llanos-de-aridane-en-la-iii-edicion-del-valle-de-las-flores\/#primaryimage\"},\"thumbnailUrl\":\"https:\/\/www.aridane.org\/city\/wp-content\/uploads\/2023\/04\/El-Valle-de-las-flores_1.jpg\",\"datePublished\":\"2023-04-18T11:31:18+00:00\",\"dateModified\":\"2023-07-25T09:24:28+00:00\",\"author\":{\"@id\":\"https:\/\/www.aridane.org\/city\/#\/schema\/person\/7d352ec7f29881716f298394432e7209\"},\"description\":\"El Ayuntamiento de Los Llanos de Aridane presenta el cartel y el programa de La Patrona 2021 con el lema \u201cRemedios, m\u00e1s que un nombre.\u201d\",\"breadcrumb\":{\"@id\":\"https:\/\/www.aridane.org\/city\/2023\/04\/18\/las-flores-vuelven-a-decorar-el-caso-urbano-de-los-llanos-de-aridane-en-la-iii-edicion-del-valle-de-las-flores\/#breadcrumb\"},\"inLanguage\":\"es\",\"potentialAction\":[{\"@type\":\"ReadAction\",\"target\":[\"https:\/\/www.aridane.org\/city\/2023\/04\/18\/las-flores-vuelven-a-decorar-el-caso-urbano-de-los-llanos-de-aridane-en-la-iii-edicion-del-valle-de-las-flores\/\"]}]},{\"@type\":\"ImageObject\",\"inLanguage\":\"es\",\"@id\":\"https:\/\/www.aridane.org\/city\/2023\/04\/18\/las-flores-vuelven-a-decorar-el-caso-urbano-de-los-llanos-de-aridane-en-la-iii-edicion-del-valle-de-las-flores\/#primaryimage\",\"url\":\"https:\/\/www.aridane.org\/city\/wp-content\/uploads\/2023\/04\/El-Valle-de-las-flores_1.jpg\",\"contentUrl\":\"https:\/\/www.aridane.org\/city\/wp-content\/uploads\/2023\/04\/El-Valle-de-las-flores_1.jpg\",\"width\":1200,\"height\":675},{\"@type\":\"BreadcrumbList\",\"@id\":\"https:\/\/www.aridane.org\/city\/2023\/04\/18\/las-flores-vuelven-a-decorar-el-caso-urbano-de-los-llanos-de-aridane-en-la-iii-edicion-del-valle-de-las-flores\/#breadcrumb\",\"itemListElement\":[{\"@type\":\"ListItem\",\"position\":1,\"name\":\"Portada\",\"item\":\"https:\/\/www.aridane.org\/city\/\"},{\"@type\":\"ListItem\",\"position\":2,\"name\":\"Las flores vuelven a decorar el caso urbano de Los Llanos de Aridane en la III edici\u00f3n del Valle de las Flores\"}]},{\"@type\":\"WebSite\",\"@id\":\"https:\/\/www.aridane.org\/city\/#website\",\"url\":\"https:\/\/www.aridane.org\/city\/\",\"name\":\"Ayuntamiento de Los Llanos de Aridane\",\"description\":\"\",\"potentialAction\":[{\"@type\":\"SearchAction\",\"target\":{\"@type\":\"EntryPoint\",\"urlTemplate\":\"https:\/\/www.aridane.org\/city\/?s={search_term_string}\"},\"query-input\":\"required name=search_term_string\"}],\"inLanguage\":\"es\"},{\"@type\":\"Person\",\"@id\":\"https:\/\/www.aridane.org\/city\/#\/schema\/person\/7d352ec7f29881716f298394432e7209\",\"name\":\"Richard Diaz\",\"image\":{\"@type\":\"ImageObject\",\"inLanguage\":\"es\",\"@id\":\"https:\/\/www.aridane.org\/city\/#\/schema\/person\/image\/\",\"url\":\"https:\/\/secure.gravatar.com\/avatar\/bacd6aefc26a4a204943090a4c596cd10f0857081ef3cfd12084a70ecb3161d5?s=96&d=mm&r=g\",\"contentUrl\":\"https:\/\/secure.gravatar.com\/avatar\/bacd6aefc26a4a204943090a4c596cd10f0857081ef3cfd12084a70ecb3161d5?s=96&d=mm&r=g\",\"caption\":\"Richard Diaz\"},\"sameAs\":[\"https:\/\/www.aridane.org\/city\"],\"url\":\"https:\/\/www.aridane.org\/city\/author\/richard-diaz\/\"}]}<\/script>\n<!-- \/ Yoast SEO plugin. -->","yoast_head_json":{"title":"Las flores vuelven a decorar el caso urbano de Los Llanos de Aridane en la III edici\u00f3n del Valle de las Flores - Ayuntamiento de Los Llanos de Aridane","description":"El Ayuntamiento de Los Llanos de Aridane presenta el cartel y el programa de La Patrona 2021 con el lema \u201cRemedios, m\u00e1s que un nombre.\u201d","robots":{"index":"index","follow":"follow","max-snippet":"max-snippet:-1","max-image-preview":"max-image-preview:large","max-video-preview":"max-video-preview:-1"},"canonical":"https:\/\/www.aridane.org\/city\/2023\/04\/18\/las-flores-vuelven-a-decorar-el-caso-urbano-de-los-llanos-de-aridane-en-la-iii-edicion-del-valle-de-las-flores\/","og_locale":"es_ES","og_type":"article","og_title":"Las flores vuelven a decorar el caso urbano de Los Llanos de Aridane en la III edici\u00f3n del Valle de las Flores - Ayuntamiento de Los Llanos de Aridane","og_description":"El Ayuntamiento de Los Llanos de Aridane presenta el cartel y el programa de La Patrona 2021 con el lema \u201cRemedios, m\u00e1s que un nombre.\u201d","og_url":"https:\/\/www.aridane.org\/city\/2023\/04\/18\/las-flores-vuelven-a-decorar-el-caso-urbano-de-los-llanos-de-aridane-en-la-iii-edicion-del-valle-de-las-flores\/","og_site_name":"Ayuntamiento de Los Llanos de Aridane","article_published_time":"2023-04-18T11:31:18+00:00","article_modified_time":"2023-07-25T09:24:28+00:00","og_image":[{"width":1200,"height":675,"url":"https:\/\/www.aridane.org\/city\/wp-content\/uploads\/2023\/04\/El-Valle-de-las-flores_1.jpg","type":"image\/jpeg"}],"author":"Richard Diaz","twitter_card":"summary_large_image","twitter_misc":{"Escrito por":"Richard Diaz","Tiempo de lectura":"2 minutos"},"schema":{"@context":"https:\/\/schema.org","@graph":[{"@type":"WebPage","@id":"https:\/\/www.aridane.org\/city\/2023\/04\/18\/las-flores-vuelven-a-decorar-el-caso-urbano-de-los-llanos-de-aridane-en-la-iii-edicion-del-valle-de-las-flores\/","url":"https:\/\/www.aridane.org\/city\/2023\/04\/18\/las-flores-vuelven-a-decorar-el-caso-urbano-de-los-llanos-de-aridane-en-la-iii-edicion-del-valle-de-las-flores\/","name":"Las flores vuelven a decorar el caso urbano de Los Llanos de Aridane en la III edici\u00f3n del Valle de las Flores - Ayuntamiento de Los Llanos de Aridane","isPartOf":{"@id":"https:\/\/www.aridane.org\/city\/#website"},"primaryImageOfPage":{"@id":"https:\/\/www.aridane.org\/city\/2023\/04\/18\/las-flores-vuelven-a-decorar-el-caso-urbano-de-los-llanos-de-aridane-en-la-iii-edicion-del-valle-de-las-flores\/#primaryimage"},"image":{"@id":"https:\/\/www.aridane.org\/city\/2023\/04\/18\/las-flores-vuelven-a-decorar-el-caso-urbano-de-los-llanos-de-aridane-en-la-iii-edicion-del-valle-de-las-flores\/#primaryimage"},"thumbnailUrl":"https:\/\/www.aridane.org\/city\/wp-content\/uploads\/2023\/04\/El-Valle-de-las-flores_1.jpg","datePublished":"2023-04-18T11:31:18+00:00","dateModified":"2023-07-25T09:24:28+00:00","author":{"@id":"https:\/\/www.aridane.org\/city\/#\/schema\/person\/7d352ec7f29881716f298394432e7209"},"description":"El Ayuntamiento de Los Llanos de Aridane presenta el cartel y el programa de La Patrona 2021 con el lema \u201cRemedios, m\u00e1s que un nombre.\u201d","breadcrumb":{"@id":"https:\/\/www.aridane.org\/city\/2023\/04\/18\/las-flores-vuelven-a-decorar-el-caso-urbano-de-los-llanos-de-aridane-en-la-iii-edicion-del-valle-de-las-flores\/#breadcrumb"},"inLanguage":"es","potentialAction":[{"@type":"ReadAction","target":["https:\/\/www.aridane.org\/city\/2023\/04\/18\/las-flores-vuelven-a-decorar-el-caso-urbano-de-los-llanos-de-aridane-en-la-iii-edicion-del-valle-de-las-flores\/"]}]},{"@type":"ImageObject","inLanguage":"es","@id":"https:\/\/www.aridane.org\/city\/2023\/04\/18\/las-flores-vuelven-a-decorar-el-caso-urbano-de-los-llanos-de-aridane-en-la-iii-edicion-del-valle-de-las-flores\/#primaryimage","url":"https:\/\/www.aridane.org\/city\/wp-content\/uploads\/2023\/04\/El-Valle-de-las-flores_1.jpg","contentUrl":"https:\/\/www.aridane.org\/city\/wp-content\/uploads\/2023\/04\/El-Valle-de-las-flores_1.jpg","width":1200,"height":675},{"@type":"BreadcrumbList","@id":"https:\/\/www.aridane.org\/city\/2023\/04\/18\/las-flores-vuelven-a-decorar-el-caso-urbano-de-los-llanos-de-aridane-en-la-iii-edicion-del-valle-de-las-flores\/#breadcrumb","itemListElement":[{"@type":"ListItem","position":1,"name":"Portada","item":"https:\/\/www.aridane.org\/city\/"},{"@type":"ListItem","position":2,"name":"Las flores vuelven a decorar el caso urbano de Los Llanos de Aridane en la III edici\u00f3n del Valle de las Flores"}]},{"@type":"WebSite","@id":"https:\/\/www.aridane.org\/city\/#website","url":"https:\/\/www.aridane.org\/city\/","name":"Ayuntamiento de Los Llanos de Aridane","description":"","potentialAction":[{"@type":"SearchAction","target":{"@type":"EntryPoint","urlTemplate":"https:\/\/www.aridane.org\/city\/?s={search_term_string}"},"query-input":"required name=search_term_string"}],"inLanguage":"es"},{"@type":"Person","@id":"https:\/\/www.aridane.org\/city\/#\/schema\/person\/7d352ec7f29881716f298394432e7209","name":"Richard Diaz","image":{"@type":"ImageObject","inLanguage":"es","@id":"https:\/\/www.aridane.org\/city\/#\/schema\/person\/image\/","url":"https:\/\/secure.gravatar.com\/avatar\/bacd6aefc26a4a204943090a4c596cd10f0857081ef3cfd12084a70ecb3161d5?s=96&d=mm&r=g","contentUrl":"https:\/\/secure.gravatar.com\/avatar\/bacd6aefc26a4a204943090a4c596cd10f0857081ef3cfd12084a70ecb3161d5?s=96&d=mm&r=g","caption":"Richard Diaz"},"sameAs":["https:\/\/www.aridane.org\/city"],"url":"https:\/\/www.aridane.org\/city\/author\/richard-diaz\/"}]}},"_links":{"self":[{"href":"https:\/\/www.aridane.org\/city\/wp-json\/wp\/v2\/posts\/1595","targetHints":{"allow":["GET"]}}],"collection":[{"href":"https:\/\/www.aridane.org\/city\/wp-json\/wp\/v2\/posts"}],"about":[{"href":"https:\/\/www.aridane.org\/city\/wp-json\/wp\/v2\/types\/post"}],"author":[{"embeddable":true,"href":"https:\/\/www.aridane.org\/city\/wp-json\/wp\/v2\/users\/1"}],"replies":[{"embeddable":true,"href":"https:\/\/www.aridane.org\/city\/wp-json\/wp\/v2\/comments?post=1595"}],"version-history":[{"count":2,"href":"https:\/\/www.aridane.org\/city\/wp-json\/wp\/v2\/posts\/1595\/revisions"}],"predecessor-version":[{"id":2488,"href":"https:\/\/www.aridane.org\/city\/wp-json\/wp\/v2\/posts\/1595\/revisions\/2488"}],"wp:featuredmedia":[{"embeddable":true,"href":"https:\/\/www.aridane.org\/city\/wp-json\/wp\/v2\/media\/2486"}],"wp:attachment":[{"href":"https:\/\/www.aridane.org\/city\/wp-json\/wp\/v2\/media?parent=1595"}],"wp:term":[{"taxonomy":"category","embeddable":true,"href":"https:\/\/www.aridane.org\/city\/wp-json\/wp\/v2\/categories?post=1595"},{"taxonomy":"post_tag","embeddable":true,"href":"https:\/\/www.aridane.org\/city\/wp-json\/wp\/v2\/tags?post=1595"}],"curies":[{"name":"wp","href":"https:\/\/api.w.org\/{rel}","templated":true}]}}