{"id":1603,"date":"2023-04-19T12:51:07","date_gmt":"2023-04-19T11:51:07","guid":{"rendered":"https:\/\/aridane.org\/ciudad\/?p=1603"},"modified":"2023-07-24T09:44:00","modified_gmt":"2023-07-24T09:44:00","slug":"el-ayuntamiento-de-los-llanos-de-aridane-rinde-homenaje-a-la-memoria-de-francisco-ventura-poniendo-su-nombre-al-centro-sociocultural-de-argual","status":"publish","type":"post","link":"https:\/\/www.aridane.org\/city\/2023\/04\/19\/el-ayuntamiento-de-los-llanos-de-aridane-rinde-homenaje-a-la-memoria-de-francisco-ventura-poniendo-su-nombre-al-centro-sociocultural-de-argual\/","title":{"rendered":"El Ayuntamiento de Los Llanos de Aridane rinde homenaje a la memoria de Francisco Ventura poniendo su nombre al Centro Sociocultural de Argual"},"content":{"rendered":"<section class=\"wpb-content-wrapper\"><p>[vc_row css_animation=\u00bb\u00bb row_type=\u00bbrow\u00bb use_row_as_full_screen_section=\u00bbno\u00bb type=\u00bbfull_width\u00bb angled_section=\u00bbno\u00bb text_align=\u00bbleft\u00bb background_image_as_pattern=\u00bbwithout_pattern\u00bb][vc_column][vc_row_inner row_type=\u00bbrow\u00bb type=\u00bbgrid\u00bb text_align=\u00bbleft\u00bb css_animation=\u00bb\u00bb][vc_column_inner][vc_empty_space height=\u00bb20px\u00bb][vc_empty_space height=\u00bb20px\u00bb][\/vc_column_inner][\/vc_row_inner][vc_column_text]<\/p>\n<ul>\n<li style=\"text-align: justify;\"><em>De esta manera se reconoce y se pone en valor su trayectoria profesional difundiendo el folclore de nuestras islas como profesor del Aula Municipal de Folclore, y como componente de Buenav\u00e1.<\/em><\/li>\n<\/ul>\n<p>&nbsp;<\/p>\n<p style=\"text-align: justify;\"><strong>Los Llanos de Aridane, 19 de abril del 2023.- <\/strong>El Ayuntamiento de Los Llanos de Aridane ha rendido homenaje a la memoria de \u00a0Francisco Ventura, profesor del Aula Municipal de Folclore y que falleci\u00f3 el pasado mes de febrero de 2022, despu\u00e9s de que sus vecinos y amigos propusieran, y fuese aprobado en pleno, que se pusiese su nombre al Centro Sociocultural de Argual que ahora se denominar\u00e1 Centro SocioCultural Francisco Ventura.<\/p>\n<p style=\"text-align: justify;\">Durante el acto, se coloc\u00f3 una placa con su nombre en el exterior del Centro SocioCultural, y posteriormente, su grupo, Buenav\u00e1 ofreci\u00f3 un concierto para todos los presentes en recuerdo de su memoria.<\/p>\n<p style=\"text-align: justify;\">Hay que recordar que Francisco Ventura y Sergio Acosta fundaron Tirimara el 13 de mayo de 1981, proyecto al que se sumaron poco despu\u00e9s Pedro Manuel Padr\u00f3n y Cris Gonz\u00e1lez.<\/p>\n<p style=\"text-align: justify;\">Durante muchos a\u00f1os recorrieron el Archipi\u00e9lago llevando su m\u00fasica hasta todos los rincones, y participando asimismo en cert\u00e1menes regionales y nacionales de M\u00fasica Folk, en los que obtuvieron varios premios, entre ellos, el Premio al Mejor Instrumentista de la Muestra Nacional a Francisco Ventura.<\/p>\n<p style=\"text-align: justify;\">Tras la disoluci\u00f3n del grupo, cada uno de sus miembros continu\u00f3 con distintos proyectos musicales, siempre conectados por la misma ra\u00edz y amor al Folk.<\/p>\n<p style=\"text-align: justify;\">En los a\u00f1os noventa, Cris Gonz\u00e1lez y Sergio Acosta fundan Buenav\u00e1, al que se une Ventura, y m\u00e1s m\u00fasicos. Fieles a su inconfundible y original estilo, este grupo cuenta con una larga trayectoria musical, y recuerda a los sonidos de distintas culturas, realzados por la voz de la cantautora palmera.<\/p>\n<p style=\"text-align: justify;\">Mientras, Francisco Ventura, tambi\u00e9n trabajando como personal laboral del Ayuntamiento de Los Llanos de Aridane, se convierte en el monitor de la Escuela Municipal de Folclore, no solo impartiendo clases a alumnado de todas las edades, sino tambi\u00e9n dirigiendo a grupos como Las Camelias, Abangare, La Dichosa y Volc\u00e1n de San Juan.<\/p>\n<p style=\"text-align: justify;\">Por \u00faltimo, desde el Ayuntamiento de Los Llanos de Aridane se agradece la participaci\u00f3n de todas las personas que quisieron estar presentes en este homenaje.<\/p>\n<p>[\/vc_column_text][\/vc_column][\/vc_row]<\/p>\n<\/section>","protected":false},"excerpt":{"rendered":"<p>[vc_row css_animation=\u00bb\u00bb row_type=\u00bbrow\u00bb use_row_as_full_screen_section=\u00bbno\u00bb type=\u00bbfull_width\u00bb angled_section=\u00bbno\u00bb text_align=\u00bbleft\u00bb background_image_as_pattern=\u00bbwithout_pattern\u00bb][vc_column][vc_row_inner row_type=\u00bbrow\u00bb type=\u00bbgrid\u00bb text_align=\u00bbleft\u00bb css_animation=\u00bb\u00bb][vc_column_inner][vc_empty_space height=\u00bb20px\u00bb][vc_empty_space height=\u00bb20px\u00bb][\/vc_column_inner][\/vc_row_inner][vc_column_text] De esta manera se reconoce y se pone en valor su trayectoria profesional difundiendo el folclore de nuestras islas como profesor del Aula Municipal de Folclore, y como componente de Buenav\u00e1&#8230;.<\/p>\n","protected":false},"author":1,"featured_media":2479,"comment_status":"closed","ping_status":"open","sticky":false,"template":"","format":"standard","meta":{"footnotes":""},"categories":[6],"tags":[],"class_list":["post-1603","post","type-post","status-publish","format-standard","has-post-thumbnail","hentry","category-prensa"],"yoast_head":"<!-- This site is optimized with the Yoast SEO plugin v22.7 - https:\/\/yoast.com\/wordpress\/plugins\/seo\/ -->\n<title>El Ayuntamiento de Los Llanos de Aridane rinde homenaje a la memoria de Francisco Ventura poniendo su nombre al Centro Sociocultural de Argual - Ayuntamiento de Los Llanos de Aridane<\/title>\n<meta name=\"description\" content=\"El Ayuntamiento de Los Llanos de Aridane presenta el cartel y el programa de La Patrona 2021 con el lema \u201cRemedios, m\u00e1s que un nombre.\u201d\" \/>\n<meta name=\"robots\" content=\"index, follow, max-snippet:-1, max-image-preview:large, max-video-preview:-1\" \/>\n<link rel=\"canonical\" href=\"https:\/\/www.aridane.org\/city\/2023\/04\/19\/el-ayuntamiento-de-los-llanos-de-aridane-rinde-homenaje-a-la-memoria-de-francisco-ventura-poniendo-su-nombre-al-centro-sociocultural-de-argual\/\" \/>\n<meta property=\"og:locale\" content=\"es_ES\" \/>\n<meta property=\"og:type\" content=\"article\" \/>\n<meta property=\"og:title\" content=\"El Ayuntamiento de Los Llanos de Aridane rinde homenaje a la memoria de Francisco Ventura poniendo su nombre al Centro Sociocultural de Argual - Ayuntamiento de Los Llanos de Aridane\" \/>\n<meta property=\"og:description\" content=\"El Ayuntamiento de Los Llanos de Aridane presenta el cartel y el programa de La Patrona 2021 con el lema \u201cRemedios, m\u00e1s que un nombre.\u201d\" \/>\n<meta property=\"og:url\" content=\"https:\/\/www.aridane.org\/city\/2023\/04\/19\/el-ayuntamiento-de-los-llanos-de-aridane-rinde-homenaje-a-la-memoria-de-francisco-ventura-poniendo-su-nombre-al-centro-sociocultural-de-argual\/\" \/>\n<meta property=\"og:site_name\" content=\"Ayuntamiento de Los Llanos de Aridane\" \/>\n<meta property=\"article:published_time\" content=\"2023-04-19T11:51:07+00:00\" \/>\n<meta property=\"article:modified_time\" content=\"2023-07-24T09:44:00+00:00\" \/>\n<meta property=\"og:image\" content=\"https:\/\/www.aridane.org\/city\/wp-content\/uploads\/2023\/04\/centro_sociocultural_1.jpg\" \/>\n\t<meta property=\"og:image:width\" content=\"1200\" \/>\n\t<meta property=\"og:image:height\" content=\"675\" \/>\n\t<meta property=\"og:image:type\" content=\"image\/jpeg\" \/>\n<meta name=\"author\" content=\"Richard Diaz\" \/>\n<meta name=\"twitter:card\" content=\"summary_large_image\" \/>\n<meta name=\"twitter:label1\" content=\"Escrito por\" \/>\n\t<meta name=\"twitter:data1\" content=\"Richard Diaz\" \/>\n\t<meta name=\"twitter:label2\" content=\"Tiempo de lectura\" \/>\n\t<meta name=\"twitter:data2\" content=\"2 minutos\" \/>\n<script type=\"application\/ld+json\" class=\"yoast-schema-graph\">{\"@context\":\"https:\/\/schema.org\",\"@graph\":[{\"@type\":\"WebPage\",\"@id\":\"https:\/\/www.aridane.org\/city\/2023\/04\/19\/el-ayuntamiento-de-los-llanos-de-aridane-rinde-homenaje-a-la-memoria-de-francisco-ventura-poniendo-su-nombre-al-centro-sociocultural-de-argual\/\",\"url\":\"https:\/\/www.aridane.org\/city\/2023\/04\/19\/el-ayuntamiento-de-los-llanos-de-aridane-rinde-homenaje-a-la-memoria-de-francisco-ventura-poniendo-su-nombre-al-centro-sociocultural-de-argual\/\",\"name\":\"El Ayuntamiento de Los Llanos de Aridane rinde homenaje a la memoria de Francisco Ventura poniendo su nombre al Centro Sociocultural de Argual - Ayuntamiento de Los Llanos de Aridane\",\"isPartOf\":{\"@id\":\"https:\/\/www.aridane.org\/city\/#website\"},\"primaryImageOfPage\":{\"@id\":\"https:\/\/www.aridane.org\/city\/2023\/04\/19\/el-ayuntamiento-de-los-llanos-de-aridane-rinde-homenaje-a-la-memoria-de-francisco-ventura-poniendo-su-nombre-al-centro-sociocultural-de-argual\/#primaryimage\"},\"image\":{\"@id\":\"https:\/\/www.aridane.org\/city\/2023\/04\/19\/el-ayuntamiento-de-los-llanos-de-aridane-rinde-homenaje-a-la-memoria-de-francisco-ventura-poniendo-su-nombre-al-centro-sociocultural-de-argual\/#primaryimage\"},\"thumbnailUrl\":\"https:\/\/www.aridane.org\/city\/wp-content\/uploads\/2023\/04\/centro_sociocultural_1.jpg\",\"datePublished\":\"2023-04-19T11:51:07+00:00\",\"dateModified\":\"2023-07-24T09:44:00+00:00\",\"author\":{\"@id\":\"https:\/\/www.aridane.org\/city\/#\/schema\/person\/7d352ec7f29881716f298394432e7209\"},\"description\":\"El Ayuntamiento de Los Llanos de Aridane presenta el cartel y el programa de La Patrona 2021 con el lema \u201cRemedios, m\u00e1s que un nombre.\u201d\",\"breadcrumb\":{\"@id\":\"https:\/\/www.aridane.org\/city\/2023\/04\/19\/el-ayuntamiento-de-los-llanos-de-aridane-rinde-homenaje-a-la-memoria-de-francisco-ventura-poniendo-su-nombre-al-centro-sociocultural-de-argual\/#breadcrumb\"},\"inLanguage\":\"es\",\"potentialAction\":[{\"@type\":\"ReadAction\",\"target\":[\"https:\/\/www.aridane.org\/city\/2023\/04\/19\/el-ayuntamiento-de-los-llanos-de-aridane-rinde-homenaje-a-la-memoria-de-francisco-ventura-poniendo-su-nombre-al-centro-sociocultural-de-argual\/\"]}]},{\"@type\":\"ImageObject\",\"inLanguage\":\"es\",\"@id\":\"https:\/\/www.aridane.org\/city\/2023\/04\/19\/el-ayuntamiento-de-los-llanos-de-aridane-rinde-homenaje-a-la-memoria-de-francisco-ventura-poniendo-su-nombre-al-centro-sociocultural-de-argual\/#primaryimage\",\"url\":\"https:\/\/www.aridane.org\/city\/wp-content\/uploads\/2023\/04\/centro_sociocultural_1.jpg\",\"contentUrl\":\"https:\/\/www.aridane.org\/city\/wp-content\/uploads\/2023\/04\/centro_sociocultural_1.jpg\",\"width\":1200,\"height\":675},{\"@type\":\"BreadcrumbList\",\"@id\":\"https:\/\/www.aridane.org\/city\/2023\/04\/19\/el-ayuntamiento-de-los-llanos-de-aridane-rinde-homenaje-a-la-memoria-de-francisco-ventura-poniendo-su-nombre-al-centro-sociocultural-de-argual\/#breadcrumb\",\"itemListElement\":[{\"@type\":\"ListItem\",\"position\":1,\"name\":\"Portada\",\"item\":\"https:\/\/www.aridane.org\/city\/\"},{\"@type\":\"ListItem\",\"position\":2,\"name\":\"El Ayuntamiento de Los Llanos de Aridane rinde homenaje a la memoria de Francisco Ventura poniendo su nombre al Centro Sociocultural de Argual\"}]},{\"@type\":\"WebSite\",\"@id\":\"https:\/\/www.aridane.org\/city\/#website\",\"url\":\"https:\/\/www.aridane.org\/city\/\",\"name\":\"Ayuntamiento de Los Llanos de Aridane\",\"description\":\"\",\"potentialAction\":[{\"@type\":\"SearchAction\",\"target\":{\"@type\":\"EntryPoint\",\"urlTemplate\":\"https:\/\/www.aridane.org\/city\/?s={search_term_string}\"},\"query-input\":\"required name=search_term_string\"}],\"inLanguage\":\"es\"},{\"@type\":\"Person\",\"@id\":\"https:\/\/www.aridane.org\/city\/#\/schema\/person\/7d352ec7f29881716f298394432e7209\",\"name\":\"Richard Diaz\",\"image\":{\"@type\":\"ImageObject\",\"inLanguage\":\"es\",\"@id\":\"https:\/\/www.aridane.org\/city\/#\/schema\/person\/image\/\",\"url\":\"https:\/\/secure.gravatar.com\/avatar\/bacd6aefc26a4a204943090a4c596cd10f0857081ef3cfd12084a70ecb3161d5?s=96&d=mm&r=g\",\"contentUrl\":\"https:\/\/secure.gravatar.com\/avatar\/bacd6aefc26a4a204943090a4c596cd10f0857081ef3cfd12084a70ecb3161d5?s=96&d=mm&r=g\",\"caption\":\"Richard Diaz\"},\"sameAs\":[\"https:\/\/www.aridane.org\/city\"],\"url\":\"https:\/\/www.aridane.org\/city\/author\/richard-diaz\/\"}]}<\/script>\n<!-- \/ Yoast SEO plugin. -->","yoast_head_json":{"title":"El Ayuntamiento de Los Llanos de Aridane rinde homenaje a la memoria de Francisco Ventura poniendo su nombre al Centro Sociocultural de Argual - Ayuntamiento de Los Llanos de Aridane","description":"El Ayuntamiento de Los Llanos de Aridane presenta el cartel y el programa de La Patrona 2021 con el lema \u201cRemedios, m\u00e1s que un nombre.\u201d","robots":{"index":"index","follow":"follow","max-snippet":"max-snippet:-1","max-image-preview":"max-image-preview:large","max-video-preview":"max-video-preview:-1"},"canonical":"https:\/\/www.aridane.org\/city\/2023\/04\/19\/el-ayuntamiento-de-los-llanos-de-aridane-rinde-homenaje-a-la-memoria-de-francisco-ventura-poniendo-su-nombre-al-centro-sociocultural-de-argual\/","og_locale":"es_ES","og_type":"article","og_title":"El Ayuntamiento de Los Llanos de Aridane rinde homenaje a la memoria de Francisco Ventura poniendo su nombre al Centro Sociocultural de Argual - Ayuntamiento de Los Llanos de Aridane","og_description":"El Ayuntamiento de Los Llanos de Aridane presenta el cartel y el programa de La Patrona 2021 con el lema \u201cRemedios, m\u00e1s que un nombre.\u201d","og_url":"https:\/\/www.aridane.org\/city\/2023\/04\/19\/el-ayuntamiento-de-los-llanos-de-aridane-rinde-homenaje-a-la-memoria-de-francisco-ventura-poniendo-su-nombre-al-centro-sociocultural-de-argual\/","og_site_name":"Ayuntamiento de Los Llanos de Aridane","article_published_time":"2023-04-19T11:51:07+00:00","article_modified_time":"2023-07-24T09:44:00+00:00","og_image":[{"width":1200,"height":675,"url":"https:\/\/www.aridane.org\/city\/wp-content\/uploads\/2023\/04\/centro_sociocultural_1.jpg","type":"image\/jpeg"}],"author":"Richard Diaz","twitter_card":"summary_large_image","twitter_misc":{"Escrito por":"Richard Diaz","Tiempo de lectura":"2 minutos"},"schema":{"@context":"https:\/\/schema.org","@graph":[{"@type":"WebPage","@id":"https:\/\/www.aridane.org\/city\/2023\/04\/19\/el-ayuntamiento-de-los-llanos-de-aridane-rinde-homenaje-a-la-memoria-de-francisco-ventura-poniendo-su-nombre-al-centro-sociocultural-de-argual\/","url":"https:\/\/www.aridane.org\/city\/2023\/04\/19\/el-ayuntamiento-de-los-llanos-de-aridane-rinde-homenaje-a-la-memoria-de-francisco-ventura-poniendo-su-nombre-al-centro-sociocultural-de-argual\/","name":"El Ayuntamiento de Los Llanos de Aridane rinde homenaje a la memoria de Francisco Ventura poniendo su nombre al Centro Sociocultural de Argual - Ayuntamiento de Los Llanos de Aridane","isPartOf":{"@id":"https:\/\/www.aridane.org\/city\/#website"},"primaryImageOfPage":{"@id":"https:\/\/www.aridane.org\/city\/2023\/04\/19\/el-ayuntamiento-de-los-llanos-de-aridane-rinde-homenaje-a-la-memoria-de-francisco-ventura-poniendo-su-nombre-al-centro-sociocultural-de-argual\/#primaryimage"},"image":{"@id":"https:\/\/www.aridane.org\/city\/2023\/04\/19\/el-ayuntamiento-de-los-llanos-de-aridane-rinde-homenaje-a-la-memoria-de-francisco-ventura-poniendo-su-nombre-al-centro-sociocultural-de-argual\/#primaryimage"},"thumbnailUrl":"https:\/\/www.aridane.org\/city\/wp-content\/uploads\/2023\/04\/centro_sociocultural_1.jpg","datePublished":"2023-04-19T11:51:07+00:00","dateModified":"2023-07-24T09:44:00+00:00","author":{"@id":"https:\/\/www.aridane.org\/city\/#\/schema\/person\/7d352ec7f29881716f298394432e7209"},"description":"El Ayuntamiento de Los Llanos de Aridane presenta el cartel y el programa de La Patrona 2021 con el lema \u201cRemedios, m\u00e1s que un nombre.\u201d","breadcrumb":{"@id":"https:\/\/www.aridane.org\/city\/2023\/04\/19\/el-ayuntamiento-de-los-llanos-de-aridane-rinde-homenaje-a-la-memoria-de-francisco-ventura-poniendo-su-nombre-al-centro-sociocultural-de-argual\/#breadcrumb"},"inLanguage":"es","potentialAction":[{"@type":"ReadAction","target":["https:\/\/www.aridane.org\/city\/2023\/04\/19\/el-ayuntamiento-de-los-llanos-de-aridane-rinde-homenaje-a-la-memoria-de-francisco-ventura-poniendo-su-nombre-al-centro-sociocultural-de-argual\/"]}]},{"@type":"ImageObject","inLanguage":"es","@id":"https:\/\/www.aridane.org\/city\/2023\/04\/19\/el-ayuntamiento-de-los-llanos-de-aridane-rinde-homenaje-a-la-memoria-de-francisco-ventura-poniendo-su-nombre-al-centro-sociocultural-de-argual\/#primaryimage","url":"https:\/\/www.aridane.org\/city\/wp-content\/uploads\/2023\/04\/centro_sociocultural_1.jpg","contentUrl":"https:\/\/www.aridane.org\/city\/wp-content\/uploads\/2023\/04\/centro_sociocultural_1.jpg","width":1200,"height":675},{"@type":"BreadcrumbList","@id":"https:\/\/www.aridane.org\/city\/2023\/04\/19\/el-ayuntamiento-de-los-llanos-de-aridane-rinde-homenaje-a-la-memoria-de-francisco-ventura-poniendo-su-nombre-al-centro-sociocultural-de-argual\/#breadcrumb","itemListElement":[{"@type":"ListItem","position":1,"name":"Portada","item":"https:\/\/www.aridane.org\/city\/"},{"@type":"ListItem","position":2,"name":"El Ayuntamiento de Los Llanos de Aridane rinde homenaje a la memoria de Francisco Ventura poniendo su nombre al Centro Sociocultural de Argual"}]},{"@type":"WebSite","@id":"https:\/\/www.aridane.org\/city\/#website","url":"https:\/\/www.aridane.org\/city\/","name":"Ayuntamiento de Los Llanos de Aridane","description":"","potentialAction":[{"@type":"SearchAction","target":{"@type":"EntryPoint","urlTemplate":"https:\/\/www.aridane.org\/city\/?s={search_term_string}"},"query-input":"required name=search_term_string"}],"inLanguage":"es"},{"@type":"Person","@id":"https:\/\/www.aridane.org\/city\/#\/schema\/person\/7d352ec7f29881716f298394432e7209","name":"Richard Diaz","image":{"@type":"ImageObject","inLanguage":"es","@id":"https:\/\/www.aridane.org\/city\/#\/schema\/person\/image\/","url":"https:\/\/secure.gravatar.com\/avatar\/bacd6aefc26a4a204943090a4c596cd10f0857081ef3cfd12084a70ecb3161d5?s=96&d=mm&r=g","contentUrl":"https:\/\/secure.gravatar.com\/avatar\/bacd6aefc26a4a204943090a4c596cd10f0857081ef3cfd12084a70ecb3161d5?s=96&d=mm&r=g","caption":"Richard Diaz"},"sameAs":["https:\/\/www.aridane.org\/city"],"url":"https:\/\/www.aridane.org\/city\/author\/richard-diaz\/"}]}},"_links":{"self":[{"href":"https:\/\/www.aridane.org\/city\/wp-json\/wp\/v2\/posts\/1603","targetHints":{"allow":["GET"]}}],"collection":[{"href":"https:\/\/www.aridane.org\/city\/wp-json\/wp\/v2\/posts"}],"about":[{"href":"https:\/\/www.aridane.org\/city\/wp-json\/wp\/v2\/types\/post"}],"author":[{"embeddable":true,"href":"https:\/\/www.aridane.org\/city\/wp-json\/wp\/v2\/users\/1"}],"replies":[{"embeddable":true,"href":"https:\/\/www.aridane.org\/city\/wp-json\/wp\/v2\/comments?post=1603"}],"version-history":[{"count":2,"href":"https:\/\/www.aridane.org\/city\/wp-json\/wp\/v2\/posts\/1603\/revisions"}],"predecessor-version":[{"id":2481,"href":"https:\/\/www.aridane.org\/city\/wp-json\/wp\/v2\/posts\/1603\/revisions\/2481"}],"wp:featuredmedia":[{"embeddable":true,"href":"https:\/\/www.aridane.org\/city\/wp-json\/wp\/v2\/media\/2479"}],"wp:attachment":[{"href":"https:\/\/www.aridane.org\/city\/wp-json\/wp\/v2\/media?parent=1603"}],"wp:term":[{"taxonomy":"category","embeddable":true,"href":"https:\/\/www.aridane.org\/city\/wp-json\/wp\/v2\/categories?post=1603"},{"taxonomy":"post_tag","embeddable":true,"href":"https:\/\/www.aridane.org\/city\/wp-json\/wp\/v2\/tags?post=1603"}],"curies":[{"name":"wp","href":"https:\/\/api.w.org\/{rel}","templated":true}]}}