{"id":1606,"date":"2023-04-20T12:56:19","date_gmt":"2023-04-20T11:56:19","guid":{"rendered":"https:\/\/aridane.org\/ciudad\/?p=1606"},"modified":"2023-07-24T09:29:52","modified_gmt":"2023-07-24T09:29:52","slug":"el-ayuntamiento-de-los-llanos-de-aridane-desmiente-a-cc-e-informa-que-lo-que-se-ha-producido-es-una-devolucion-de-la-inversion-no-ejecutada-del-plan-de-empleo-ante-la-imposibilidad-de-hacerlo-por-las","status":"publish","type":"post","link":"https:\/\/www.aridane.org\/city\/2023\/04\/20\/el-ayuntamiento-de-los-llanos-de-aridane-desmiente-a-cc-e-informa-que-lo-que-se-ha-producido-es-una-devolucion-de-la-inversion-no-ejecutada-del-plan-de-empleo-ante-la-imposibilidad-de-hacerlo-por-las\/","title":{"rendered":"El Ayuntamiento de Los Llanos de Aridane desmiente a CC e informa que lo que se ha producido es una devoluci\u00f3n de la inversi\u00f3n no ejecutada del Plan de Empleo ante la imposibilidad de hacerlo por las propias condiciones del mismo y el alto volumen de solicitudes"},"content":{"rendered":"<section class=\"wpb-content-wrapper\"><p>[vc_row css_animation=\u00bb\u00bb row_type=\u00bbrow\u00bb use_row_as_full_screen_section=\u00bbno\u00bb type=\u00bbfull_width\u00bb angled_section=\u00bbno\u00bb text_align=\u00bbleft\u00bb background_image_as_pattern=\u00bbwithout_pattern\u00bb][vc_column][vc_row_inner row_type=\u00bbrow\u00bb type=\u00bbgrid\u00bb text_align=\u00bbleft\u00bb css_animation=\u00bb\u00bb][vc_column_inner][vc_empty_space height=\u00bb20px\u00bb][vc_empty_space height=\u00bb20px\u00bb][\/vc_column_inner][\/vc_row_inner][vc_column_text]<\/p>\n<ul>\n<li style=\"text-align: justify;\"><em>Desde el Consistorio se\u00f1alan que se ha ejecutado m\u00e1s del 80% de estos planes, y se ha contratado a m\u00e1s de 300 personas.<\/em><\/li>\n<li style=\"text-align: justify;\"><em>Adem\u00e1s, se recuerda a los nacionalistas que la mayor\u00eda de los ayuntamientos de Canarias, inclusive en los que ellos gobiernan, tienen que devolver la parte no ejecutada ante la imposibilidad, en muchas ocasiones, de poder encontrar los perfiles solicitados y\/o las trabas administrativas que se producen.<\/em><\/li>\n<\/ul>\n<p>&nbsp;<\/p>\n<p style=\"text-align: justify;\"><strong>Los Llanos de Aridane, 19 de abril de 2023.- <\/strong>El Ayuntamiento de Los Llanos de Aridane desmiente haber sido sancionado, e informa que lo que se ha producido es una devoluci\u00f3n de la inversi\u00f3n del Plan de Empleo que no se ha podido ejecutar ante\u00a0 el importante n\u00famero de solicitudes presentadas, la dificultad para encontrar los perfiles demandados y otros incidentes como las bajas laborales de los trabajadores.<\/p>\n<p style=\"text-align: justify;\">Desde el Consistorio explican que tal y como se traslad\u00f3 al Servicio Canario de Empleo es inviable que nos ingresen la inversi\u00f3n del Plan el 31 de diciembre y esperar que se contrate a los perfiles solicitantes el 1 de enero, ya que esta contrataci\u00f3n lleva un proceso que lleva un tiempo. Pese a todo ello, desde el Consistorio se trat\u00f3 de gestionar a la mayor brevedad posible, pero las circunstancias anteriormente mencionadas provocaron que la mayor\u00eda de los solicitantes de empleo comenzar\u00e1n a desarrollar su actividad en el mes de abril, y el convenio finaliz\u00f3 el 31 de diciembre.<\/p>\n<p style=\"text-align: justify;\">En relaci\u00f3n a los intereses de demora, se informa que se generan porque\u00a0 la inversi\u00f3n fue ingresada en diciembre de 2021 momento desde el que se comienzan a generar estos intereses, y no se pudo devolver lo que no se ejecut\u00f3 hasta que el Ayuntamiento\u00a0 cont\u00f3 con liquidez para ello.<\/p>\n<p style=\"text-align: justify;\">Por otro lado, tal como informamos en la nota de prensa que mandamos a principios de semana, trasladamos esta situaci\u00f3n al Gobierno de Canarias, y se logr\u00f3 que el nuevo Plan de Empleo modificase sus condiciones y que los contratos ahora s\u00ed, duren 12 meses desde que se contrata a los perfiles.<\/p>\n<p style=\"text-align: justify;\">Cabe recordar que los planes de empleo han permitido la contrataci\u00f3n de m\u00e1s de 300 personas, y se ejecutado m\u00e1s del 80% de las subvenciones concedida de m\u00e1s de 5 millones, \u00a0una cifra alt\u00edsima para un Ayuntamiento como el nuestro si se tiene en cuenta que los planes de empleo para los 88 ayuntamiento de Canarias es de 30 millones de euros al a\u00f1o, y todo ello en mitad de una emergencia volc\u00e1nica.<\/p>\n<p style=\"text-align: justify;\">Por \u00faltimo, y una vez m\u00e1s, se lamenta que Coalici\u00f3n Canaria trate de responsabilizar, nuevamente, de todo lo que sucede en el municipio a la alcaldesa, Noelia Garc\u00eda Leal, cuando ellos saben perfectamente que esta situaci\u00f3n no solo se ha producido en el Ayuntamiento de Los Llanos de Aridane, sino en Ayuntamientos de todo el archipi\u00e9lago, inclusive en los que ellos gobiernan. Y se recuerda que se les dio toda la informaci\u00f3n con total transparencia sobre cu\u00e1les eran los motivos y las razones absolutamente justificadas.<\/p>\n<p>[\/vc_column_text][\/vc_column][\/vc_row]<\/p>\n<\/section>","protected":false},"excerpt":{"rendered":"<p>[vc_row css_animation=\u00bb\u00bb row_type=\u00bbrow\u00bb use_row_as_full_screen_section=\u00bbno\u00bb type=\u00bbfull_width\u00bb angled_section=\u00bbno\u00bb text_align=\u00bbleft\u00bb background_image_as_pattern=\u00bbwithout_pattern\u00bb][vc_column][vc_row_inner row_type=\u00bbrow\u00bb type=\u00bbgrid\u00bb text_align=\u00bbleft\u00bb css_animation=\u00bb\u00bb][vc_column_inner][vc_empty_space height=\u00bb20px\u00bb][vc_empty_space height=\u00bb20px\u00bb][\/vc_column_inner][\/vc_row_inner][vc_column_text] Desde el Consistorio se\u00f1alan que se ha ejecutado m\u00e1s del 80% de estos planes, y se ha contratado a m\u00e1s de 300 personas. Adem\u00e1s, se recuerda a los nacionalistas que la&#8230;<\/p>\n","protected":false},"author":1,"featured_media":2476,"comment_status":"closed","ping_status":"open","sticky":false,"template":"","format":"standard","meta":{"footnotes":""},"categories":[6],"tags":[],"class_list":["post-1606","post","type-post","status-publish","format-standard","has-post-thumbnail","hentry","category-prensa"],"yoast_head":"<!-- This site is optimized with the Yoast SEO plugin v22.7 - https:\/\/yoast.com\/wordpress\/plugins\/seo\/ -->\n<title>El Ayuntamiento de Los Llanos de Aridane desmiente a CC e informa que lo que se ha producido es una devoluci\u00f3n de la inversi\u00f3n no ejecutada del Plan de Empleo ante la imposibilidad de hacerlo por las propias condiciones del mismo y el alto volumen de solicitudes - Ayuntamiento de Los Llanos de Aridane<\/title>\n<meta name=\"description\" content=\"El Ayuntamiento de Los Llanos de Aridane presenta el cartel y el programa de La Patrona 2021 con el lema \u201cRemedios, m\u00e1s que un nombre.\u201d\" \/>\n<meta name=\"robots\" content=\"index, follow, max-snippet:-1, max-image-preview:large, max-video-preview:-1\" \/>\n<link rel=\"canonical\" href=\"https:\/\/www.aridane.org\/city\/2023\/04\/20\/el-ayuntamiento-de-los-llanos-de-aridane-desmiente-a-cc-e-informa-que-lo-que-se-ha-producido-es-una-devolucion-de-la-inversion-no-ejecutada-del-plan-de-empleo-ante-la-imposibilidad-de-hacerlo-por-las\/\" \/>\n<meta property=\"og:locale\" content=\"es_ES\" \/>\n<meta property=\"og:type\" content=\"article\" \/>\n<meta property=\"og:title\" content=\"El Ayuntamiento de Los Llanos de Aridane desmiente a CC e informa que lo que se ha producido es una devoluci\u00f3n de la inversi\u00f3n no ejecutada del Plan de Empleo ante la imposibilidad de hacerlo por las propias condiciones del mismo y el alto volumen de solicitudes - Ayuntamiento de Los Llanos de Aridane\" \/>\n<meta property=\"og:description\" content=\"El Ayuntamiento de Los Llanos de Aridane presenta el cartel y el programa de La Patrona 2021 con el lema \u201cRemedios, m\u00e1s que un nombre.\u201d\" \/>\n<meta property=\"og:url\" content=\"https:\/\/www.aridane.org\/city\/2023\/04\/20\/el-ayuntamiento-de-los-llanos-de-aridane-desmiente-a-cc-e-informa-que-lo-que-se-ha-producido-es-una-devolucion-de-la-inversion-no-ejecutada-del-plan-de-empleo-ante-la-imposibilidad-de-hacerlo-por-las\/\" \/>\n<meta property=\"og:site_name\" content=\"Ayuntamiento de Los Llanos de Aridane\" \/>\n<meta property=\"article:published_time\" content=\"2023-04-20T11:56:19+00:00\" \/>\n<meta property=\"article:modified_time\" content=\"2023-07-24T09:29:52+00:00\" \/>\n<meta property=\"og:image\" content=\"https:\/\/www.aridane.org\/city\/wp-content\/uploads\/2023\/04\/Aridane_desmiente_a_CC.jpg\" \/>\n\t<meta property=\"og:image:width\" content=\"1200\" \/>\n\t<meta property=\"og:image:height\" content=\"675\" \/>\n\t<meta property=\"og:image:type\" content=\"image\/jpeg\" \/>\n<meta name=\"author\" content=\"Richard Diaz\" \/>\n<meta name=\"twitter:card\" content=\"summary_large_image\" \/>\n<meta name=\"twitter:label1\" content=\"Escrito por\" \/>\n\t<meta name=\"twitter:data1\" content=\"Richard Diaz\" \/>\n\t<meta name=\"twitter:label2\" content=\"Tiempo de lectura\" \/>\n\t<meta name=\"twitter:data2\" content=\"3 minutos\" \/>\n<script type=\"application\/ld+json\" class=\"yoast-schema-graph\">{\"@context\":\"https:\/\/schema.org\",\"@graph\":[{\"@type\":\"WebPage\",\"@id\":\"https:\/\/www.aridane.org\/city\/2023\/04\/20\/el-ayuntamiento-de-los-llanos-de-aridane-desmiente-a-cc-e-informa-que-lo-que-se-ha-producido-es-una-devolucion-de-la-inversion-no-ejecutada-del-plan-de-empleo-ante-la-imposibilidad-de-hacerlo-por-las\/\",\"url\":\"https:\/\/www.aridane.org\/city\/2023\/04\/20\/el-ayuntamiento-de-los-llanos-de-aridane-desmiente-a-cc-e-informa-que-lo-que-se-ha-producido-es-una-devolucion-de-la-inversion-no-ejecutada-del-plan-de-empleo-ante-la-imposibilidad-de-hacerlo-por-las\/\",\"name\":\"El Ayuntamiento de Los Llanos de Aridane desmiente a CC e informa que lo que se ha producido es una devoluci\u00f3n de la inversi\u00f3n no ejecutada del Plan de Empleo ante la imposibilidad de hacerlo por las propias condiciones del mismo y el alto volumen de solicitudes - Ayuntamiento de Los Llanos de Aridane\",\"isPartOf\":{\"@id\":\"https:\/\/www.aridane.org\/city\/#website\"},\"primaryImageOfPage\":{\"@id\":\"https:\/\/www.aridane.org\/city\/2023\/04\/20\/el-ayuntamiento-de-los-llanos-de-aridane-desmiente-a-cc-e-informa-que-lo-que-se-ha-producido-es-una-devolucion-de-la-inversion-no-ejecutada-del-plan-de-empleo-ante-la-imposibilidad-de-hacerlo-por-las\/#primaryimage\"},\"image\":{\"@id\":\"https:\/\/www.aridane.org\/city\/2023\/04\/20\/el-ayuntamiento-de-los-llanos-de-aridane-desmiente-a-cc-e-informa-que-lo-que-se-ha-producido-es-una-devolucion-de-la-inversion-no-ejecutada-del-plan-de-empleo-ante-la-imposibilidad-de-hacerlo-por-las\/#primaryimage\"},\"thumbnailUrl\":\"https:\/\/www.aridane.org\/city\/wp-content\/uploads\/2023\/04\/Aridane_desmiente_a_CC.jpg\",\"datePublished\":\"2023-04-20T11:56:19+00:00\",\"dateModified\":\"2023-07-24T09:29:52+00:00\",\"author\":{\"@id\":\"https:\/\/www.aridane.org\/city\/#\/schema\/person\/7d352ec7f29881716f298394432e7209\"},\"description\":\"El Ayuntamiento de Los Llanos de Aridane presenta el cartel y el programa de La Patrona 2021 con el lema \u201cRemedios, m\u00e1s que un nombre.\u201d\",\"breadcrumb\":{\"@id\":\"https:\/\/www.aridane.org\/city\/2023\/04\/20\/el-ayuntamiento-de-los-llanos-de-aridane-desmiente-a-cc-e-informa-que-lo-que-se-ha-producido-es-una-devolucion-de-la-inversion-no-ejecutada-del-plan-de-empleo-ante-la-imposibilidad-de-hacerlo-por-las\/#breadcrumb\"},\"inLanguage\":\"es\",\"potentialAction\":[{\"@type\":\"ReadAction\",\"target\":[\"https:\/\/www.aridane.org\/city\/2023\/04\/20\/el-ayuntamiento-de-los-llanos-de-aridane-desmiente-a-cc-e-informa-que-lo-que-se-ha-producido-es-una-devolucion-de-la-inversion-no-ejecutada-del-plan-de-empleo-ante-la-imposibilidad-de-hacerlo-por-las\/\"]}]},{\"@type\":\"ImageObject\",\"inLanguage\":\"es\",\"@id\":\"https:\/\/www.aridane.org\/city\/2023\/04\/20\/el-ayuntamiento-de-los-llanos-de-aridane-desmiente-a-cc-e-informa-que-lo-que-se-ha-producido-es-una-devolucion-de-la-inversion-no-ejecutada-del-plan-de-empleo-ante-la-imposibilidad-de-hacerlo-por-las\/#primaryimage\",\"url\":\"https:\/\/www.aridane.org\/city\/wp-content\/uploads\/2023\/04\/Aridane_desmiente_a_CC.jpg\",\"contentUrl\":\"https:\/\/www.aridane.org\/city\/wp-content\/uploads\/2023\/04\/Aridane_desmiente_a_CC.jpg\",\"width\":1200,\"height\":675},{\"@type\":\"BreadcrumbList\",\"@id\":\"https:\/\/www.aridane.org\/city\/2023\/04\/20\/el-ayuntamiento-de-los-llanos-de-aridane-desmiente-a-cc-e-informa-que-lo-que-se-ha-producido-es-una-devolucion-de-la-inversion-no-ejecutada-del-plan-de-empleo-ante-la-imposibilidad-de-hacerlo-por-las\/#breadcrumb\",\"itemListElement\":[{\"@type\":\"ListItem\",\"position\":1,\"name\":\"Portada\",\"item\":\"https:\/\/www.aridane.org\/city\/\"},{\"@type\":\"ListItem\",\"position\":2,\"name\":\"El Ayuntamiento de Los Llanos de Aridane desmiente a CC e informa que lo que se ha producido es una devoluci\u00f3n de la inversi\u00f3n no ejecutada del Plan de Empleo ante la imposibilidad de hacerlo por las propias condiciones del mismo y el alto volumen de solicitudes\"}]},{\"@type\":\"WebSite\",\"@id\":\"https:\/\/www.aridane.org\/city\/#website\",\"url\":\"https:\/\/www.aridane.org\/city\/\",\"name\":\"Ayuntamiento de Los Llanos de Aridane\",\"description\":\"\",\"potentialAction\":[{\"@type\":\"SearchAction\",\"target\":{\"@type\":\"EntryPoint\",\"urlTemplate\":\"https:\/\/www.aridane.org\/city\/?s={search_term_string}\"},\"query-input\":\"required name=search_term_string\"}],\"inLanguage\":\"es\"},{\"@type\":\"Person\",\"@id\":\"https:\/\/www.aridane.org\/city\/#\/schema\/person\/7d352ec7f29881716f298394432e7209\",\"name\":\"Richard Diaz\",\"image\":{\"@type\":\"ImageObject\",\"inLanguage\":\"es\",\"@id\":\"https:\/\/www.aridane.org\/city\/#\/schema\/person\/image\/\",\"url\":\"https:\/\/secure.gravatar.com\/avatar\/bacd6aefc26a4a204943090a4c596cd10f0857081ef3cfd12084a70ecb3161d5?s=96&d=mm&r=g\",\"contentUrl\":\"https:\/\/secure.gravatar.com\/avatar\/bacd6aefc26a4a204943090a4c596cd10f0857081ef3cfd12084a70ecb3161d5?s=96&d=mm&r=g\",\"caption\":\"Richard Diaz\"},\"sameAs\":[\"https:\/\/www.aridane.org\/city\"],\"url\":\"https:\/\/www.aridane.org\/city\/author\/richard-diaz\/\"}]}<\/script>\n<!-- \/ Yoast SEO plugin. -->","yoast_head_json":{"title":"El Ayuntamiento de Los Llanos de Aridane desmiente a CC e informa que lo que se ha producido es una devoluci\u00f3n de la inversi\u00f3n no ejecutada del Plan de Empleo ante la imposibilidad de hacerlo por las propias condiciones del mismo y el alto volumen de solicitudes - Ayuntamiento de Los Llanos de Aridane","description":"El Ayuntamiento de Los Llanos de Aridane presenta el cartel y el programa de La Patrona 2021 con el lema \u201cRemedios, m\u00e1s que un nombre.\u201d","robots":{"index":"index","follow":"follow","max-snippet":"max-snippet:-1","max-image-preview":"max-image-preview:large","max-video-preview":"max-video-preview:-1"},"canonical":"https:\/\/www.aridane.org\/city\/2023\/04\/20\/el-ayuntamiento-de-los-llanos-de-aridane-desmiente-a-cc-e-informa-que-lo-que-se-ha-producido-es-una-devolucion-de-la-inversion-no-ejecutada-del-plan-de-empleo-ante-la-imposibilidad-de-hacerlo-por-las\/","og_locale":"es_ES","og_type":"article","og_title":"El Ayuntamiento de Los Llanos de Aridane desmiente a CC e informa que lo que se ha producido es una devoluci\u00f3n de la inversi\u00f3n no ejecutada del Plan de Empleo ante la imposibilidad de hacerlo por las propias condiciones del mismo y el alto volumen de solicitudes - Ayuntamiento de Los Llanos de Aridane","og_description":"El Ayuntamiento de Los Llanos de Aridane presenta el cartel y el programa de La Patrona 2021 con el lema \u201cRemedios, m\u00e1s que un nombre.\u201d","og_url":"https:\/\/www.aridane.org\/city\/2023\/04\/20\/el-ayuntamiento-de-los-llanos-de-aridane-desmiente-a-cc-e-informa-que-lo-que-se-ha-producido-es-una-devolucion-de-la-inversion-no-ejecutada-del-plan-de-empleo-ante-la-imposibilidad-de-hacerlo-por-las\/","og_site_name":"Ayuntamiento de Los Llanos de Aridane","article_published_time":"2023-04-20T11:56:19+00:00","article_modified_time":"2023-07-24T09:29:52+00:00","og_image":[{"width":1200,"height":675,"url":"https:\/\/www.aridane.org\/city\/wp-content\/uploads\/2023\/04\/Aridane_desmiente_a_CC.jpg","type":"image\/jpeg"}],"author":"Richard Diaz","twitter_card":"summary_large_image","twitter_misc":{"Escrito por":"Richard Diaz","Tiempo de lectura":"3 minutos"},"schema":{"@context":"https:\/\/schema.org","@graph":[{"@type":"WebPage","@id":"https:\/\/www.aridane.org\/city\/2023\/04\/20\/el-ayuntamiento-de-los-llanos-de-aridane-desmiente-a-cc-e-informa-que-lo-que-se-ha-producido-es-una-devolucion-de-la-inversion-no-ejecutada-del-plan-de-empleo-ante-la-imposibilidad-de-hacerlo-por-las\/","url":"https:\/\/www.aridane.org\/city\/2023\/04\/20\/el-ayuntamiento-de-los-llanos-de-aridane-desmiente-a-cc-e-informa-que-lo-que-se-ha-producido-es-una-devolucion-de-la-inversion-no-ejecutada-del-plan-de-empleo-ante-la-imposibilidad-de-hacerlo-por-las\/","name":"El Ayuntamiento de Los Llanos de Aridane desmiente a CC e informa que lo que se ha producido es una devoluci\u00f3n de la inversi\u00f3n no ejecutada del Plan de Empleo ante la imposibilidad de hacerlo por las propias condiciones del mismo y el alto volumen de solicitudes - Ayuntamiento de Los Llanos de Aridane","isPartOf":{"@id":"https:\/\/www.aridane.org\/city\/#website"},"primaryImageOfPage":{"@id":"https:\/\/www.aridane.org\/city\/2023\/04\/20\/el-ayuntamiento-de-los-llanos-de-aridane-desmiente-a-cc-e-informa-que-lo-que-se-ha-producido-es-una-devolucion-de-la-inversion-no-ejecutada-del-plan-de-empleo-ante-la-imposibilidad-de-hacerlo-por-las\/#primaryimage"},"image":{"@id":"https:\/\/www.aridane.org\/city\/2023\/04\/20\/el-ayuntamiento-de-los-llanos-de-aridane-desmiente-a-cc-e-informa-que-lo-que-se-ha-producido-es-una-devolucion-de-la-inversion-no-ejecutada-del-plan-de-empleo-ante-la-imposibilidad-de-hacerlo-por-las\/#primaryimage"},"thumbnailUrl":"https:\/\/www.aridane.org\/city\/wp-content\/uploads\/2023\/04\/Aridane_desmiente_a_CC.jpg","datePublished":"2023-04-20T11:56:19+00:00","dateModified":"2023-07-24T09:29:52+00:00","author":{"@id":"https:\/\/www.aridane.org\/city\/#\/schema\/person\/7d352ec7f29881716f298394432e7209"},"description":"El Ayuntamiento de Los Llanos de Aridane presenta el cartel y el programa de La Patrona 2021 con el lema \u201cRemedios, m\u00e1s que un nombre.\u201d","breadcrumb":{"@id":"https:\/\/www.aridane.org\/city\/2023\/04\/20\/el-ayuntamiento-de-los-llanos-de-aridane-desmiente-a-cc-e-informa-que-lo-que-se-ha-producido-es-una-devolucion-de-la-inversion-no-ejecutada-del-plan-de-empleo-ante-la-imposibilidad-de-hacerlo-por-las\/#breadcrumb"},"inLanguage":"es","potentialAction":[{"@type":"ReadAction","target":["https:\/\/www.aridane.org\/city\/2023\/04\/20\/el-ayuntamiento-de-los-llanos-de-aridane-desmiente-a-cc-e-informa-que-lo-que-se-ha-producido-es-una-devolucion-de-la-inversion-no-ejecutada-del-plan-de-empleo-ante-la-imposibilidad-de-hacerlo-por-las\/"]}]},{"@type":"ImageObject","inLanguage":"es","@id":"https:\/\/www.aridane.org\/city\/2023\/04\/20\/el-ayuntamiento-de-los-llanos-de-aridane-desmiente-a-cc-e-informa-que-lo-que-se-ha-producido-es-una-devolucion-de-la-inversion-no-ejecutada-del-plan-de-empleo-ante-la-imposibilidad-de-hacerlo-por-las\/#primaryimage","url":"https:\/\/www.aridane.org\/city\/wp-content\/uploads\/2023\/04\/Aridane_desmiente_a_CC.jpg","contentUrl":"https:\/\/www.aridane.org\/city\/wp-content\/uploads\/2023\/04\/Aridane_desmiente_a_CC.jpg","width":1200,"height":675},{"@type":"BreadcrumbList","@id":"https:\/\/www.aridane.org\/city\/2023\/04\/20\/el-ayuntamiento-de-los-llanos-de-aridane-desmiente-a-cc-e-informa-que-lo-que-se-ha-producido-es-una-devolucion-de-la-inversion-no-ejecutada-del-plan-de-empleo-ante-la-imposibilidad-de-hacerlo-por-las\/#breadcrumb","itemListElement":[{"@type":"ListItem","position":1,"name":"Portada","item":"https:\/\/www.aridane.org\/city\/"},{"@type":"ListItem","position":2,"name":"El Ayuntamiento de Los Llanos de Aridane desmiente a CC e informa que lo que se ha producido es una devoluci\u00f3n de la inversi\u00f3n no ejecutada del Plan de Empleo ante la imposibilidad de hacerlo por las propias condiciones del mismo y el alto volumen de solicitudes"}]},{"@type":"WebSite","@id":"https:\/\/www.aridane.org\/city\/#website","url":"https:\/\/www.aridane.org\/city\/","name":"Ayuntamiento de Los Llanos de Aridane","description":"","potentialAction":[{"@type":"SearchAction","target":{"@type":"EntryPoint","urlTemplate":"https:\/\/www.aridane.org\/city\/?s={search_term_string}"},"query-input":"required name=search_term_string"}],"inLanguage":"es"},{"@type":"Person","@id":"https:\/\/www.aridane.org\/city\/#\/schema\/person\/7d352ec7f29881716f298394432e7209","name":"Richard Diaz","image":{"@type":"ImageObject","inLanguage":"es","@id":"https:\/\/www.aridane.org\/city\/#\/schema\/person\/image\/","url":"https:\/\/secure.gravatar.com\/avatar\/bacd6aefc26a4a204943090a4c596cd10f0857081ef3cfd12084a70ecb3161d5?s=96&d=mm&r=g","contentUrl":"https:\/\/secure.gravatar.com\/avatar\/bacd6aefc26a4a204943090a4c596cd10f0857081ef3cfd12084a70ecb3161d5?s=96&d=mm&r=g","caption":"Richard Diaz"},"sameAs":["https:\/\/www.aridane.org\/city"],"url":"https:\/\/www.aridane.org\/city\/author\/richard-diaz\/"}]}},"_links":{"self":[{"href":"https:\/\/www.aridane.org\/city\/wp-json\/wp\/v2\/posts\/1606","targetHints":{"allow":["GET"]}}],"collection":[{"href":"https:\/\/www.aridane.org\/city\/wp-json\/wp\/v2\/posts"}],"about":[{"href":"https:\/\/www.aridane.org\/city\/wp-json\/wp\/v2\/types\/post"}],"author":[{"embeddable":true,"href":"https:\/\/www.aridane.org\/city\/wp-json\/wp\/v2\/users\/1"}],"replies":[{"embeddable":true,"href":"https:\/\/www.aridane.org\/city\/wp-json\/wp\/v2\/comments?post=1606"}],"version-history":[{"count":2,"href":"https:\/\/www.aridane.org\/city\/wp-json\/wp\/v2\/posts\/1606\/revisions"}],"predecessor-version":[{"id":2478,"href":"https:\/\/www.aridane.org\/city\/wp-json\/wp\/v2\/posts\/1606\/revisions\/2478"}],"wp:featuredmedia":[{"embeddable":true,"href":"https:\/\/www.aridane.org\/city\/wp-json\/wp\/v2\/media\/2476"}],"wp:attachment":[{"href":"https:\/\/www.aridane.org\/city\/wp-json\/wp\/v2\/media?parent=1606"}],"wp:term":[{"taxonomy":"category","embeddable":true,"href":"https:\/\/www.aridane.org\/city\/wp-json\/wp\/v2\/categories?post=1606"},{"taxonomy":"post_tag","embeddable":true,"href":"https:\/\/www.aridane.org\/city\/wp-json\/wp\/v2\/tags?post=1606"}],"curies":[{"name":"wp","href":"https:\/\/api.w.org\/{rel}","templated":true}]}}