{"id":1609,"date":"2023-04-20T14:55:43","date_gmt":"2023-04-20T13:55:43","guid":{"rendered":"https:\/\/aridane.org\/ciudad\/?p=1609"},"modified":"2023-07-24T09:22:41","modified_gmt":"2023-07-24T09:22:41","slug":"el-ayuntamiento-de-los-llanos-de-aridane-informa-que-ya-ha-concluido-la-obra-del-cemfac-refugio-de-maria-pena-coto-mapecoo","status":"publish","type":"post","link":"https:\/\/www.aridane.org\/city\/2023\/04\/20\/el-ayuntamiento-de-los-llanos-de-aridane-informa-que-ya-ha-concluido-la-obra-del-cemfac-refugio-de-maria-pena-coto-mapecoo\/","title":{"rendered":"El Ayuntamiento de Los Llanos de Aridane informa que ya ha concluido la obra del CEMFAC \u2018Refugio\u2019 de Mar\u00eda Pe\u00f1a Coto, Mapecoo"},"content":{"rendered":"<section class=\"wpb-content-wrapper\"><p>[vc_row css_animation=\u00bb\u00bb row_type=\u00bbrow\u00bb use_row_as_full_screen_section=\u00bbno\u00bb type=\u00bbfull_width\u00bb angled_section=\u00bbno\u00bb text_align=\u00bbleft\u00bb background_image_as_pattern=\u00bbwithout_pattern\u00bb][vc_column][vc_row_inner row_type=\u00bbrow\u00bb type=\u00bbgrid\u00bb text_align=\u00bbleft\u00bb css_animation=\u00bb\u00bb][vc_column_inner][vc_empty_space height=\u00bb20px\u00bb][vc_empty_space height=\u00bb20px\u00bb][\/vc_column_inner][\/vc_row_inner][vc_column_text]<\/p>\n<ul>\n<li style=\"text-align: justify;\"><em>Esta pieza cuenta con 35 metros cuadrados de superficie, y est\u00e1 situada en el frente de escaleras de acceso entre la Avda. Tanaus\u00fa, ladera de Argual, y el Centro de Salud.<\/em><\/li>\n<\/ul>\n<p>&nbsp;<\/p>\n<p style=\"text-align: justify;\"><strong>Los Llanos de Aridane, 20 de abril de 2023.- <\/strong>El Ayuntamiento de Los Llanos de Aridane informa que ya ha concluido la obra del CEMFAC \u2018Refugio\u2019. Se trata de una pieza en la que ha trabajado Mar\u00eda Pe\u00f1a Coto, Mapecoo, que cuenta con 35 metros cuadrados de superficie, y est\u00e1 situado en el frente de escaleras de acceso entre la Avda. Tanaus\u00fa, ladera de Argual,\u00a0 y el Centro de Salud.<\/p>\n<p style=\"text-align: justify;\">Esta obra representa una escena \u00edntima a gran escala. Partiendo de la propuesta del proyecto \u2018Empapados\u2019 se ha creado la imagen de un padre con su hija\/o so\u00f1ando con un libro, escondidos bajo una manta, huyendo del ruido externo bajo el mar. Son habituales las escenas de crianza donde se representa a las madres, pero menos comunes las de padres mostrando sensibilidad o asumiendo roles vinculados a los cuidados. La obra tiene tambi\u00e9n la intenci\u00f3n de destacar el valor de las peque\u00f1as acciones y momentos que conforman la vida en la que los padres tambi\u00e9n entran a formar parte.<\/p>\n<p style=\"text-align: justify;\">Este pieza viene dada por el proyecto \u2018Empapados, M\u00f3jate con los cuidados\u2019, y pretende sensibilizar a la poblaci\u00f3n en general en una cultura de los cuidados, las masculinidades igualitarias, diversas y cuidadoras, y la paternidad corresponsable. Formar y capacitar a personas facilitadoras de talleres de paternidad corresponsables que desarrollen una acci\u00f3n concreta con padres y futuros padres en varios centros del Archipi\u00e9lago, Ministerio de Igualdad del Gobierno de Espa\u00f1a, Viceconsejer\u00eda de Igualdad y Diversidad del Gobierno de Canarias, Asociaci\u00f3n de Hombres por la Igualdad de G\u00e9nero, Corresponsables y Asociaci\u00f3n Bientratar.<\/p>\n<p style=\"text-align: justify;\">Mar\u00eda Pe\u00f1a Coto, 1989, conocida como Mapecoo en la acci\u00f3n urbana, es una artista espa\u00f1ola con una densa trayectoria de exposiciones, proyectos murales, becas y premios que llaman la atenci\u00f3n por sus extensiones internacionales.<\/p>\n<p style=\"text-align: justify;\">Licenciada en Bellas Artes por la Universidad Complutense de Madrid, estudios que realiz\u00f3 entre Sao Paulo y Londres, apoyada por diferentes becas. As\u00ed es como comenz\u00f3 a viajar y c\u00f3mo termin\u00f3 abrazando un estilo de vida n\u00f3mada.<\/p>\n<p style=\"text-align: justify;\">Mar\u00eda ha expuesto, dirigido proyectos de arte y realizado residencias art\u00edsticas en Nueva York; Lisboa; Bandung, Indonesia; Beijing; Londres; Puerto Pr\u00edncipe, Hait\u00ed; Madrid; Addis Abeba, Etiop\u00eda; y Par\u00eds. Todas esas experiencias han influido claramente en su forma de entender el mundo y crear. Sus obras de arte tienen ahora un fuerte contenido social, influencias multiculturales y est\u00e1n alimentadas por experiencias personales.<\/p>\n<p style=\"text-align: justify;\">Es una artista multidisciplinar con esp\u00edritu cr\u00edtico que disfruta explorando las posibilidades expresivas de cada medio, desde t\u00e9cnicas tradicionales como la pintura o la escultura, hasta el arte callejero, la performance y el arte participativo.<\/p>\n<p style=\"text-align: justify;\">Sobre sus obras dice que \u00absu raz\u00f3n de ser es generar curiosidad y preguntas inc\u00f3modas, del tipo que alimentan el pensamiento cr\u00edtico que fomenta el cambio\u201d.<\/p>\n<p style=\"text-align: justify;\">Actualmente reside entre Par\u00eds y Copenhague.<\/p>\n<p>[\/vc_column_text][\/vc_column][\/vc_row]<\/p>\n<\/section>","protected":false},"excerpt":{"rendered":"<p>[vc_row css_animation=\u00bb\u00bb row_type=\u00bbrow\u00bb use_row_as_full_screen_section=\u00bbno\u00bb type=\u00bbfull_width\u00bb angled_section=\u00bbno\u00bb text_align=\u00bbleft\u00bb background_image_as_pattern=\u00bbwithout_pattern\u00bb][vc_column][vc_row_inner row_type=\u00bbrow\u00bb type=\u00bbgrid\u00bb text_align=\u00bbleft\u00bb css_animation=\u00bb\u00bb][vc_column_inner][vc_empty_space height=\u00bb20px\u00bb][vc_empty_space height=\u00bb20px\u00bb][\/vc_column_inner][\/vc_row_inner][vc_column_text] Esta pieza cuenta con 35 metros cuadrados de superficie, y est\u00e1 situada en el frente de escaleras de acceso entre la Avda. Tanaus\u00fa, ladera de Argual, y el Centro de Salud&#8230;.<\/p>\n","protected":false},"author":1,"featured_media":2474,"comment_status":"closed","ping_status":"open","sticky":false,"template":"","format":"standard","meta":{"footnotes":""},"categories":[6],"tags":[],"class_list":["post-1609","post","type-post","status-publish","format-standard","has-post-thumbnail","hentry","category-prensa"],"yoast_head":"<!-- This site is optimized with the Yoast SEO plugin v22.7 - https:\/\/yoast.com\/wordpress\/plugins\/seo\/ -->\n<title>El Ayuntamiento de Los Llanos de Aridane informa que ya ha concluido la obra del CEMFAC \u2018Refugio\u2019 de Mar\u00eda Pe\u00f1a Coto, Mapecoo - Ayuntamiento de Los Llanos de Aridane<\/title>\n<meta name=\"description\" content=\"El Ayuntamiento de Los Llanos de Aridane presenta el cartel y el programa de La Patrona 2021 con el lema \u201cRemedios, m\u00e1s que un nombre.\u201d\" \/>\n<meta name=\"robots\" content=\"index, follow, max-snippet:-1, max-image-preview:large, max-video-preview:-1\" \/>\n<link rel=\"canonical\" href=\"https:\/\/www.aridane.org\/city\/2023\/04\/20\/el-ayuntamiento-de-los-llanos-de-aridane-informa-que-ya-ha-concluido-la-obra-del-cemfac-refugio-de-maria-pena-coto-mapecoo\/\" \/>\n<meta property=\"og:locale\" content=\"es_ES\" \/>\n<meta property=\"og:type\" content=\"article\" \/>\n<meta property=\"og:title\" content=\"El Ayuntamiento de Los Llanos de Aridane informa que ya ha concluido la obra del CEMFAC \u2018Refugio\u2019 de Mar\u00eda Pe\u00f1a Coto, Mapecoo - Ayuntamiento de Los Llanos de Aridane\" \/>\n<meta property=\"og:description\" content=\"El Ayuntamiento de Los Llanos de Aridane presenta el cartel y el programa de La Patrona 2021 con el lema \u201cRemedios, m\u00e1s que un nombre.\u201d\" \/>\n<meta property=\"og:url\" content=\"https:\/\/www.aridane.org\/city\/2023\/04\/20\/el-ayuntamiento-de-los-llanos-de-aridane-informa-que-ya-ha-concluido-la-obra-del-cemfac-refugio-de-maria-pena-coto-mapecoo\/\" \/>\n<meta property=\"og:site_name\" content=\"Ayuntamiento de Los Llanos de Aridane\" \/>\n<meta property=\"article:published_time\" content=\"2023-04-20T13:55:43+00:00\" \/>\n<meta property=\"article:modified_time\" content=\"2023-07-24T09:22:41+00:00\" \/>\n<meta property=\"og:image\" content=\"https:\/\/www.aridane.org\/city\/wp-content\/uploads\/2023\/04\/refugio_cemfac.jpg\" \/>\n\t<meta property=\"og:image:width\" content=\"1200\" \/>\n\t<meta property=\"og:image:height\" content=\"675\" \/>\n\t<meta property=\"og:image:type\" content=\"image\/jpeg\" \/>\n<meta name=\"author\" content=\"Richard Diaz\" \/>\n<meta name=\"twitter:card\" content=\"summary_large_image\" \/>\n<meta name=\"twitter:label1\" content=\"Escrito por\" \/>\n\t<meta name=\"twitter:data1\" content=\"Richard Diaz\" \/>\n\t<meta name=\"twitter:label2\" content=\"Tiempo de lectura\" \/>\n\t<meta name=\"twitter:data2\" content=\"3 minutos\" \/>\n<script type=\"application\/ld+json\" class=\"yoast-schema-graph\">{\"@context\":\"https:\/\/schema.org\",\"@graph\":[{\"@type\":\"WebPage\",\"@id\":\"https:\/\/www.aridane.org\/city\/2023\/04\/20\/el-ayuntamiento-de-los-llanos-de-aridane-informa-que-ya-ha-concluido-la-obra-del-cemfac-refugio-de-maria-pena-coto-mapecoo\/\",\"url\":\"https:\/\/www.aridane.org\/city\/2023\/04\/20\/el-ayuntamiento-de-los-llanos-de-aridane-informa-que-ya-ha-concluido-la-obra-del-cemfac-refugio-de-maria-pena-coto-mapecoo\/\",\"name\":\"El Ayuntamiento de Los Llanos de Aridane informa que ya ha concluido la obra del CEMFAC \u2018Refugio\u2019 de Mar\u00eda Pe\u00f1a Coto, Mapecoo - Ayuntamiento de Los Llanos de Aridane\",\"isPartOf\":{\"@id\":\"https:\/\/www.aridane.org\/city\/#website\"},\"primaryImageOfPage\":{\"@id\":\"https:\/\/www.aridane.org\/city\/2023\/04\/20\/el-ayuntamiento-de-los-llanos-de-aridane-informa-que-ya-ha-concluido-la-obra-del-cemfac-refugio-de-maria-pena-coto-mapecoo\/#primaryimage\"},\"image\":{\"@id\":\"https:\/\/www.aridane.org\/city\/2023\/04\/20\/el-ayuntamiento-de-los-llanos-de-aridane-informa-que-ya-ha-concluido-la-obra-del-cemfac-refugio-de-maria-pena-coto-mapecoo\/#primaryimage\"},\"thumbnailUrl\":\"https:\/\/www.aridane.org\/city\/wp-content\/uploads\/2023\/04\/refugio_cemfac.jpg\",\"datePublished\":\"2023-04-20T13:55:43+00:00\",\"dateModified\":\"2023-07-24T09:22:41+00:00\",\"author\":{\"@id\":\"https:\/\/www.aridane.org\/city\/#\/schema\/person\/7d352ec7f29881716f298394432e7209\"},\"description\":\"El Ayuntamiento de Los Llanos de Aridane presenta el cartel y el programa de La Patrona 2021 con el lema \u201cRemedios, m\u00e1s que un nombre.\u201d\",\"breadcrumb\":{\"@id\":\"https:\/\/www.aridane.org\/city\/2023\/04\/20\/el-ayuntamiento-de-los-llanos-de-aridane-informa-que-ya-ha-concluido-la-obra-del-cemfac-refugio-de-maria-pena-coto-mapecoo\/#breadcrumb\"},\"inLanguage\":\"es\",\"potentialAction\":[{\"@type\":\"ReadAction\",\"target\":[\"https:\/\/www.aridane.org\/city\/2023\/04\/20\/el-ayuntamiento-de-los-llanos-de-aridane-informa-que-ya-ha-concluido-la-obra-del-cemfac-refugio-de-maria-pena-coto-mapecoo\/\"]}]},{\"@type\":\"ImageObject\",\"inLanguage\":\"es\",\"@id\":\"https:\/\/www.aridane.org\/city\/2023\/04\/20\/el-ayuntamiento-de-los-llanos-de-aridane-informa-que-ya-ha-concluido-la-obra-del-cemfac-refugio-de-maria-pena-coto-mapecoo\/#primaryimage\",\"url\":\"https:\/\/www.aridane.org\/city\/wp-content\/uploads\/2023\/04\/refugio_cemfac.jpg\",\"contentUrl\":\"https:\/\/www.aridane.org\/city\/wp-content\/uploads\/2023\/04\/refugio_cemfac.jpg\",\"width\":1200,\"height\":675},{\"@type\":\"BreadcrumbList\",\"@id\":\"https:\/\/www.aridane.org\/city\/2023\/04\/20\/el-ayuntamiento-de-los-llanos-de-aridane-informa-que-ya-ha-concluido-la-obra-del-cemfac-refugio-de-maria-pena-coto-mapecoo\/#breadcrumb\",\"itemListElement\":[{\"@type\":\"ListItem\",\"position\":1,\"name\":\"Portada\",\"item\":\"https:\/\/www.aridane.org\/city\/\"},{\"@type\":\"ListItem\",\"position\":2,\"name\":\"El Ayuntamiento de Los Llanos de Aridane informa que ya ha concluido la obra del CEMFAC \u2018Refugio\u2019 de Mar\u00eda Pe\u00f1a Coto, Mapecoo\"}]},{\"@type\":\"WebSite\",\"@id\":\"https:\/\/www.aridane.org\/city\/#website\",\"url\":\"https:\/\/www.aridane.org\/city\/\",\"name\":\"Ayuntamiento de Los Llanos de Aridane\",\"description\":\"\",\"potentialAction\":[{\"@type\":\"SearchAction\",\"target\":{\"@type\":\"EntryPoint\",\"urlTemplate\":\"https:\/\/www.aridane.org\/city\/?s={search_term_string}\"},\"query-input\":\"required name=search_term_string\"}],\"inLanguage\":\"es\"},{\"@type\":\"Person\",\"@id\":\"https:\/\/www.aridane.org\/city\/#\/schema\/person\/7d352ec7f29881716f298394432e7209\",\"name\":\"Richard Diaz\",\"image\":{\"@type\":\"ImageObject\",\"inLanguage\":\"es\",\"@id\":\"https:\/\/www.aridane.org\/city\/#\/schema\/person\/image\/\",\"url\":\"https:\/\/secure.gravatar.com\/avatar\/bacd6aefc26a4a204943090a4c596cd10f0857081ef3cfd12084a70ecb3161d5?s=96&d=mm&r=g\",\"contentUrl\":\"https:\/\/secure.gravatar.com\/avatar\/bacd6aefc26a4a204943090a4c596cd10f0857081ef3cfd12084a70ecb3161d5?s=96&d=mm&r=g\",\"caption\":\"Richard Diaz\"},\"sameAs\":[\"https:\/\/www.aridane.org\/city\"],\"url\":\"https:\/\/www.aridane.org\/city\/author\/richard-diaz\/\"}]}<\/script>\n<!-- \/ Yoast SEO plugin. -->","yoast_head_json":{"title":"El Ayuntamiento de Los Llanos de Aridane informa que ya ha concluido la obra del CEMFAC \u2018Refugio\u2019 de Mar\u00eda Pe\u00f1a Coto, Mapecoo - Ayuntamiento de Los Llanos de Aridane","description":"El Ayuntamiento de Los Llanos de Aridane presenta el cartel y el programa de La Patrona 2021 con el lema \u201cRemedios, m\u00e1s que un nombre.\u201d","robots":{"index":"index","follow":"follow","max-snippet":"max-snippet:-1","max-image-preview":"max-image-preview:large","max-video-preview":"max-video-preview:-1"},"canonical":"https:\/\/www.aridane.org\/city\/2023\/04\/20\/el-ayuntamiento-de-los-llanos-de-aridane-informa-que-ya-ha-concluido-la-obra-del-cemfac-refugio-de-maria-pena-coto-mapecoo\/","og_locale":"es_ES","og_type":"article","og_title":"El Ayuntamiento de Los Llanos de Aridane informa que ya ha concluido la obra del CEMFAC \u2018Refugio\u2019 de Mar\u00eda Pe\u00f1a Coto, Mapecoo - Ayuntamiento de Los Llanos de Aridane","og_description":"El Ayuntamiento de Los Llanos de Aridane presenta el cartel y el programa de La Patrona 2021 con el lema \u201cRemedios, m\u00e1s que un nombre.\u201d","og_url":"https:\/\/www.aridane.org\/city\/2023\/04\/20\/el-ayuntamiento-de-los-llanos-de-aridane-informa-que-ya-ha-concluido-la-obra-del-cemfac-refugio-de-maria-pena-coto-mapecoo\/","og_site_name":"Ayuntamiento de Los Llanos de Aridane","article_published_time":"2023-04-20T13:55:43+00:00","article_modified_time":"2023-07-24T09:22:41+00:00","og_image":[{"width":1200,"height":675,"url":"https:\/\/www.aridane.org\/city\/wp-content\/uploads\/2023\/04\/refugio_cemfac.jpg","type":"image\/jpeg"}],"author":"Richard Diaz","twitter_card":"summary_large_image","twitter_misc":{"Escrito por":"Richard Diaz","Tiempo de lectura":"3 minutos"},"schema":{"@context":"https:\/\/schema.org","@graph":[{"@type":"WebPage","@id":"https:\/\/www.aridane.org\/city\/2023\/04\/20\/el-ayuntamiento-de-los-llanos-de-aridane-informa-que-ya-ha-concluido-la-obra-del-cemfac-refugio-de-maria-pena-coto-mapecoo\/","url":"https:\/\/www.aridane.org\/city\/2023\/04\/20\/el-ayuntamiento-de-los-llanos-de-aridane-informa-que-ya-ha-concluido-la-obra-del-cemfac-refugio-de-maria-pena-coto-mapecoo\/","name":"El Ayuntamiento de Los Llanos de Aridane informa que ya ha concluido la obra del CEMFAC \u2018Refugio\u2019 de Mar\u00eda Pe\u00f1a Coto, Mapecoo - Ayuntamiento de Los Llanos de Aridane","isPartOf":{"@id":"https:\/\/www.aridane.org\/city\/#website"},"primaryImageOfPage":{"@id":"https:\/\/www.aridane.org\/city\/2023\/04\/20\/el-ayuntamiento-de-los-llanos-de-aridane-informa-que-ya-ha-concluido-la-obra-del-cemfac-refugio-de-maria-pena-coto-mapecoo\/#primaryimage"},"image":{"@id":"https:\/\/www.aridane.org\/city\/2023\/04\/20\/el-ayuntamiento-de-los-llanos-de-aridane-informa-que-ya-ha-concluido-la-obra-del-cemfac-refugio-de-maria-pena-coto-mapecoo\/#primaryimage"},"thumbnailUrl":"https:\/\/www.aridane.org\/city\/wp-content\/uploads\/2023\/04\/refugio_cemfac.jpg","datePublished":"2023-04-20T13:55:43+00:00","dateModified":"2023-07-24T09:22:41+00:00","author":{"@id":"https:\/\/www.aridane.org\/city\/#\/schema\/person\/7d352ec7f29881716f298394432e7209"},"description":"El Ayuntamiento de Los Llanos de Aridane presenta el cartel y el programa de La Patrona 2021 con el lema \u201cRemedios, m\u00e1s que un nombre.\u201d","breadcrumb":{"@id":"https:\/\/www.aridane.org\/city\/2023\/04\/20\/el-ayuntamiento-de-los-llanos-de-aridane-informa-que-ya-ha-concluido-la-obra-del-cemfac-refugio-de-maria-pena-coto-mapecoo\/#breadcrumb"},"inLanguage":"es","potentialAction":[{"@type":"ReadAction","target":["https:\/\/www.aridane.org\/city\/2023\/04\/20\/el-ayuntamiento-de-los-llanos-de-aridane-informa-que-ya-ha-concluido-la-obra-del-cemfac-refugio-de-maria-pena-coto-mapecoo\/"]}]},{"@type":"ImageObject","inLanguage":"es","@id":"https:\/\/www.aridane.org\/city\/2023\/04\/20\/el-ayuntamiento-de-los-llanos-de-aridane-informa-que-ya-ha-concluido-la-obra-del-cemfac-refugio-de-maria-pena-coto-mapecoo\/#primaryimage","url":"https:\/\/www.aridane.org\/city\/wp-content\/uploads\/2023\/04\/refugio_cemfac.jpg","contentUrl":"https:\/\/www.aridane.org\/city\/wp-content\/uploads\/2023\/04\/refugio_cemfac.jpg","width":1200,"height":675},{"@type":"BreadcrumbList","@id":"https:\/\/www.aridane.org\/city\/2023\/04\/20\/el-ayuntamiento-de-los-llanos-de-aridane-informa-que-ya-ha-concluido-la-obra-del-cemfac-refugio-de-maria-pena-coto-mapecoo\/#breadcrumb","itemListElement":[{"@type":"ListItem","position":1,"name":"Portada","item":"https:\/\/www.aridane.org\/city\/"},{"@type":"ListItem","position":2,"name":"El Ayuntamiento de Los Llanos de Aridane informa que ya ha concluido la obra del CEMFAC \u2018Refugio\u2019 de Mar\u00eda Pe\u00f1a Coto, Mapecoo"}]},{"@type":"WebSite","@id":"https:\/\/www.aridane.org\/city\/#website","url":"https:\/\/www.aridane.org\/city\/","name":"Ayuntamiento de Los Llanos de Aridane","description":"","potentialAction":[{"@type":"SearchAction","target":{"@type":"EntryPoint","urlTemplate":"https:\/\/www.aridane.org\/city\/?s={search_term_string}"},"query-input":"required name=search_term_string"}],"inLanguage":"es"},{"@type":"Person","@id":"https:\/\/www.aridane.org\/city\/#\/schema\/person\/7d352ec7f29881716f298394432e7209","name":"Richard Diaz","image":{"@type":"ImageObject","inLanguage":"es","@id":"https:\/\/www.aridane.org\/city\/#\/schema\/person\/image\/","url":"https:\/\/secure.gravatar.com\/avatar\/bacd6aefc26a4a204943090a4c596cd10f0857081ef3cfd12084a70ecb3161d5?s=96&d=mm&r=g","contentUrl":"https:\/\/secure.gravatar.com\/avatar\/bacd6aefc26a4a204943090a4c596cd10f0857081ef3cfd12084a70ecb3161d5?s=96&d=mm&r=g","caption":"Richard Diaz"},"sameAs":["https:\/\/www.aridane.org\/city"],"url":"https:\/\/www.aridane.org\/city\/author\/richard-diaz\/"}]}},"_links":{"self":[{"href":"https:\/\/www.aridane.org\/city\/wp-json\/wp\/v2\/posts\/1609","targetHints":{"allow":["GET"]}}],"collection":[{"href":"https:\/\/www.aridane.org\/city\/wp-json\/wp\/v2\/posts"}],"about":[{"href":"https:\/\/www.aridane.org\/city\/wp-json\/wp\/v2\/types\/post"}],"author":[{"embeddable":true,"href":"https:\/\/www.aridane.org\/city\/wp-json\/wp\/v2\/users\/1"}],"replies":[{"embeddable":true,"href":"https:\/\/www.aridane.org\/city\/wp-json\/wp\/v2\/comments?post=1609"}],"version-history":[{"count":1,"href":"https:\/\/www.aridane.org\/city\/wp-json\/wp\/v2\/posts\/1609\/revisions"}],"predecessor-version":[{"id":2475,"href":"https:\/\/www.aridane.org\/city\/wp-json\/wp\/v2\/posts\/1609\/revisions\/2475"}],"wp:featuredmedia":[{"embeddable":true,"href":"https:\/\/www.aridane.org\/city\/wp-json\/wp\/v2\/media\/2474"}],"wp:attachment":[{"href":"https:\/\/www.aridane.org\/city\/wp-json\/wp\/v2\/media?parent=1609"}],"wp:term":[{"taxonomy":"category","embeddable":true,"href":"https:\/\/www.aridane.org\/city\/wp-json\/wp\/v2\/categories?post=1609"},{"taxonomy":"post_tag","embeddable":true,"href":"https:\/\/www.aridane.org\/city\/wp-json\/wp\/v2\/tags?post=1609"}],"curies":[{"name":"wp","href":"https:\/\/api.w.org\/{rel}","templated":true}]}}