{"id":1619,"date":"2023-04-25T10:32:20","date_gmt":"2023-04-25T09:32:20","guid":{"rendered":"https:\/\/aridane.org\/ciudad\/?p=1619"},"modified":"2023-07-24T08:40:29","modified_gmt":"2023-07-24T08:40:29","slug":"el-cemfac-la-ciudad-en-el-museo-elegido-nuevo-producto-ecoturistico-de-los-llanos-de-aridane","status":"publish","type":"post","link":"https:\/\/www.aridane.org\/city\/2023\/04\/25\/el-cemfac-la-ciudad-en-el-museo-elegido-nuevo-producto-ecoturistico-de-los-llanos-de-aridane\/","title":{"rendered":"El CEMFAC- La Ciudad en el Museo elegido nuevo producto ecotur\u00edstico de Los Llanos de Aridane"},"content":{"rendered":"<section class=\"wpb-content-wrapper\"><p>[vc_row css_animation=\u00bb\u00bb row_type=\u00bbrow\u00bb use_row_as_full_screen_section=\u00bbno\u00bb type=\u00bbfull_width\u00bb angled_section=\u00bbno\u00bb text_align=\u00bbleft\u00bb background_image_as_pattern=\u00bbwithout_pattern\u00bb][vc_column][vc_row_inner row_type=\u00bbrow\u00bb type=\u00bbgrid\u00bb text_align=\u00bbleft\u00bb css_animation=\u00bb\u00bb][vc_column_inner][vc_empty_space height=\u00bb20px\u00bb][vc_empty_space height=\u00bb20px\u00bb][\/vc_column_inner][\/vc_row_inner][vc_column_text]<\/p>\n<ul>\n<li style=\"text-align: justify;\"><em>Desde el Ayuntamiento se\u00f1alan ya se est\u00e1 <\/em><em>definiendo las necesidades t\u00e9cnicas requeridas, y las acciones para dinamizar el producto, que permitir\u00e1 dar una mayor visibilidad al municipio, gracias a la subvenci\u00f3n obtenida por el programa Interreg MAC con el proyecto ECO-TUR2.<\/em><\/li>\n<\/ul>\n<p>&nbsp;<\/p>\n<p style=\"text-align: justify;\"><strong>Los Llanos de Aridane, 25 de abril de 2023.- <\/strong>El Ayuntamiento de Los Llanos de Aridane informa que el CEMFAC \u2013 La Ciudad en el museo, ha sido elegido nuevo producto ecotur\u00edstico del municipio.<\/p>\n<p style=\"text-align: justify;\">Hay que recordar que el pasado 3 de abril se puso en funcionamiento una encuesta, dirigida a la ciudadan\u00eda del municipio y alrededores con la finalidad de elegir el producto ecotur\u00edstico tem\u00e1tico que se pondr\u00eda en valor en el marco del proyecto europeo ECO-TUR2. Los ciudadanos pod\u00edan elegir entre 3 opciones seleccionadas, en reuniones en las que participaron diferentes actores del entramado tur\u00edstico del municipio, que eran: CEMFAC-Ciudad en el Museo, Feria del Vino de Las Manchas, y la Feria Agr\u00edcola y Ganadera de Los Llanos de Aridane.<\/p>\n<p style=\"text-align: justify;\">La votaci\u00f3n se centraba en tres criterios objetivos que permit\u00edan al encuestado valorar adecuadamente cada uno de los productos: capacidad para atraer visitantes y turistas, capacidad para dinamizar la econom\u00eda local y generar empleo, y contribuci\u00f3n a la sostenibilidad ambiental. Cada uno de los criterios deb\u00eda puntuarse del 1 al 5, siendo el 1 la puntuaci\u00f3n m\u00e1s baja y 5 la m\u00e1s alta.<\/p>\n<p style=\"text-align: justify;\">Despu\u00e9s de\u00a0 14 d\u00edas en los que la encuesta permaneci\u00f3 abierta, se obtuvo un total de 109 respuestas, siendo el producto tur\u00edstico ganador el CEMFAC-Ciudad en el Museo, lo que significa que se pondr\u00e1 en valor gracias a la subvenci\u00f3n obtenida por el programa Interreg MAC con el proyecto ECO-TUR2.<\/p>\n<p style=\"text-align: justify;\">Actualmente, desde el Ayuntamiento nos encontramos definiendo las necesidades t\u00e9cnicas requeridas, y las acciones para dinamizar el producto, y dar una mayor visibilidad al municipio.<\/p>\n<p>[\/vc_column_text][\/vc_column][\/vc_row]<\/p>\n<\/section>","protected":false},"excerpt":{"rendered":"<p>[vc_row css_animation=\u00bb\u00bb row_type=\u00bbrow\u00bb use_row_as_full_screen_section=\u00bbno\u00bb type=\u00bbfull_width\u00bb angled_section=\u00bbno\u00bb text_align=\u00bbleft\u00bb background_image_as_pattern=\u00bbwithout_pattern\u00bb][vc_column][vc_row_inner row_type=\u00bbrow\u00bb type=\u00bbgrid\u00bb text_align=\u00bbleft\u00bb css_animation=\u00bb\u00bb][vc_column_inner][vc_empty_space height=\u00bb20px\u00bb][vc_empty_space height=\u00bb20px\u00bb][\/vc_column_inner][\/vc_row_inner][vc_column_text] Desde el Ayuntamiento se\u00f1alan ya se est\u00e1 definiendo las necesidades t\u00e9cnicas requeridas, y las acciones para dinamizar el producto, que permitir\u00e1 dar una mayor visibilidad al municipio, gracias a la subvenci\u00f3n&#8230;<\/p>\n","protected":false},"author":1,"featured_media":2465,"comment_status":"closed","ping_status":"open","sticky":false,"template":"","format":"standard","meta":{"footnotes":""},"categories":[6],"tags":[],"class_list":["post-1619","post","type-post","status-publish","format-standard","has-post-thumbnail","hentry","category-prensa"],"yoast_head":"<!-- This site is optimized with the Yoast SEO plugin v22.7 - https:\/\/yoast.com\/wordpress\/plugins\/seo\/ -->\n<title>El CEMFAC- La Ciudad en el Museo elegido nuevo producto ecotur\u00edstico de Los Llanos de Aridane - Ayuntamiento de Los Llanos de Aridane<\/title>\n<meta name=\"description\" content=\"El Ayuntamiento de Los Llanos de Aridane presenta el cartel y el programa de La Patrona 2021 con el lema \u201cRemedios, m\u00e1s que un nombre.\u201d\" \/>\n<meta name=\"robots\" content=\"index, follow, max-snippet:-1, max-image-preview:large, max-video-preview:-1\" \/>\n<link rel=\"canonical\" href=\"https:\/\/www.aridane.org\/city\/2023\/04\/25\/el-cemfac-la-ciudad-en-el-museo-elegido-nuevo-producto-ecoturistico-de-los-llanos-de-aridane\/\" \/>\n<meta property=\"og:locale\" content=\"es_ES\" \/>\n<meta property=\"og:type\" content=\"article\" \/>\n<meta property=\"og:title\" content=\"El CEMFAC- La Ciudad en el Museo elegido nuevo producto ecotur\u00edstico de Los Llanos de Aridane - Ayuntamiento de Los Llanos de Aridane\" \/>\n<meta property=\"og:description\" content=\"El Ayuntamiento de Los Llanos de Aridane presenta el cartel y el programa de La Patrona 2021 con el lema \u201cRemedios, m\u00e1s que un nombre.\u201d\" \/>\n<meta property=\"og:url\" content=\"https:\/\/www.aridane.org\/city\/2023\/04\/25\/el-cemfac-la-ciudad-en-el-museo-elegido-nuevo-producto-ecoturistico-de-los-llanos-de-aridane\/\" \/>\n<meta property=\"og:site_name\" content=\"Ayuntamiento de Los Llanos de Aridane\" \/>\n<meta property=\"article:published_time\" content=\"2023-04-25T09:32:20+00:00\" \/>\n<meta property=\"article:modified_time\" content=\"2023-07-24T08:40:29+00:00\" \/>\n<meta property=\"og:image\" content=\"https:\/\/www.aridane.org\/city\/wp-content\/uploads\/2023\/04\/los_llanos_de_aridane_1.jpg\" \/>\n\t<meta property=\"og:image:width\" content=\"1200\" \/>\n\t<meta property=\"og:image:height\" content=\"675\" \/>\n\t<meta property=\"og:image:type\" content=\"image\/jpeg\" \/>\n<meta name=\"author\" content=\"Richard Diaz\" \/>\n<meta name=\"twitter:card\" content=\"summary_large_image\" \/>\n<meta name=\"twitter:label1\" content=\"Escrito por\" \/>\n\t<meta name=\"twitter:data1\" content=\"Richard Diaz\" \/>\n\t<meta name=\"twitter:label2\" content=\"Tiempo de lectura\" \/>\n\t<meta name=\"twitter:data2\" content=\"2 minutos\" \/>\n<script type=\"application\/ld+json\" class=\"yoast-schema-graph\">{\"@context\":\"https:\/\/schema.org\",\"@graph\":[{\"@type\":\"WebPage\",\"@id\":\"https:\/\/www.aridane.org\/city\/2023\/04\/25\/el-cemfac-la-ciudad-en-el-museo-elegido-nuevo-producto-ecoturistico-de-los-llanos-de-aridane\/\",\"url\":\"https:\/\/www.aridane.org\/city\/2023\/04\/25\/el-cemfac-la-ciudad-en-el-museo-elegido-nuevo-producto-ecoturistico-de-los-llanos-de-aridane\/\",\"name\":\"El CEMFAC- La Ciudad en el Museo elegido nuevo producto ecotur\u00edstico de Los Llanos de Aridane - Ayuntamiento de Los Llanos de Aridane\",\"isPartOf\":{\"@id\":\"https:\/\/www.aridane.org\/city\/#website\"},\"primaryImageOfPage\":{\"@id\":\"https:\/\/www.aridane.org\/city\/2023\/04\/25\/el-cemfac-la-ciudad-en-el-museo-elegido-nuevo-producto-ecoturistico-de-los-llanos-de-aridane\/#primaryimage\"},\"image\":{\"@id\":\"https:\/\/www.aridane.org\/city\/2023\/04\/25\/el-cemfac-la-ciudad-en-el-museo-elegido-nuevo-producto-ecoturistico-de-los-llanos-de-aridane\/#primaryimage\"},\"thumbnailUrl\":\"https:\/\/www.aridane.org\/city\/wp-content\/uploads\/2023\/04\/los_llanos_de_aridane_1.jpg\",\"datePublished\":\"2023-04-25T09:32:20+00:00\",\"dateModified\":\"2023-07-24T08:40:29+00:00\",\"author\":{\"@id\":\"https:\/\/www.aridane.org\/city\/#\/schema\/person\/7d352ec7f29881716f298394432e7209\"},\"description\":\"El Ayuntamiento de Los Llanos de Aridane presenta el cartel y el programa de La Patrona 2021 con el lema \u201cRemedios, m\u00e1s que un nombre.\u201d\",\"breadcrumb\":{\"@id\":\"https:\/\/www.aridane.org\/city\/2023\/04\/25\/el-cemfac-la-ciudad-en-el-museo-elegido-nuevo-producto-ecoturistico-de-los-llanos-de-aridane\/#breadcrumb\"},\"inLanguage\":\"es\",\"potentialAction\":[{\"@type\":\"ReadAction\",\"target\":[\"https:\/\/www.aridane.org\/city\/2023\/04\/25\/el-cemfac-la-ciudad-en-el-museo-elegido-nuevo-producto-ecoturistico-de-los-llanos-de-aridane\/\"]}]},{\"@type\":\"ImageObject\",\"inLanguage\":\"es\",\"@id\":\"https:\/\/www.aridane.org\/city\/2023\/04\/25\/el-cemfac-la-ciudad-en-el-museo-elegido-nuevo-producto-ecoturistico-de-los-llanos-de-aridane\/#primaryimage\",\"url\":\"https:\/\/www.aridane.org\/city\/wp-content\/uploads\/2023\/04\/los_llanos_de_aridane_1.jpg\",\"contentUrl\":\"https:\/\/www.aridane.org\/city\/wp-content\/uploads\/2023\/04\/los_llanos_de_aridane_1.jpg\",\"width\":1200,\"height\":675},{\"@type\":\"BreadcrumbList\",\"@id\":\"https:\/\/www.aridane.org\/city\/2023\/04\/25\/el-cemfac-la-ciudad-en-el-museo-elegido-nuevo-producto-ecoturistico-de-los-llanos-de-aridane\/#breadcrumb\",\"itemListElement\":[{\"@type\":\"ListItem\",\"position\":1,\"name\":\"Portada\",\"item\":\"https:\/\/www.aridane.org\/city\/\"},{\"@type\":\"ListItem\",\"position\":2,\"name\":\"El CEMFAC- La Ciudad en el Museo elegido nuevo producto ecotur\u00edstico de Los Llanos de Aridane\"}]},{\"@type\":\"WebSite\",\"@id\":\"https:\/\/www.aridane.org\/city\/#website\",\"url\":\"https:\/\/www.aridane.org\/city\/\",\"name\":\"Ayuntamiento de Los Llanos de Aridane\",\"description\":\"\",\"potentialAction\":[{\"@type\":\"SearchAction\",\"target\":{\"@type\":\"EntryPoint\",\"urlTemplate\":\"https:\/\/www.aridane.org\/city\/?s={search_term_string}\"},\"query-input\":\"required name=search_term_string\"}],\"inLanguage\":\"es\"},{\"@type\":\"Person\",\"@id\":\"https:\/\/www.aridane.org\/city\/#\/schema\/person\/7d352ec7f29881716f298394432e7209\",\"name\":\"Richard Diaz\",\"image\":{\"@type\":\"ImageObject\",\"inLanguage\":\"es\",\"@id\":\"https:\/\/www.aridane.org\/city\/#\/schema\/person\/image\/\",\"url\":\"https:\/\/secure.gravatar.com\/avatar\/bacd6aefc26a4a204943090a4c596cd10f0857081ef3cfd12084a70ecb3161d5?s=96&d=mm&r=g\",\"contentUrl\":\"https:\/\/secure.gravatar.com\/avatar\/bacd6aefc26a4a204943090a4c596cd10f0857081ef3cfd12084a70ecb3161d5?s=96&d=mm&r=g\",\"caption\":\"Richard Diaz\"},\"sameAs\":[\"https:\/\/www.aridane.org\/city\"],\"url\":\"https:\/\/www.aridane.org\/city\/author\/richard-diaz\/\"}]}<\/script>\n<!-- \/ Yoast SEO plugin. -->","yoast_head_json":{"title":"El CEMFAC- La Ciudad en el Museo elegido nuevo producto ecotur\u00edstico de Los Llanos de Aridane - Ayuntamiento de Los Llanos de Aridane","description":"El Ayuntamiento de Los Llanos de Aridane presenta el cartel y el programa de La Patrona 2021 con el lema \u201cRemedios, m\u00e1s que un nombre.\u201d","robots":{"index":"index","follow":"follow","max-snippet":"max-snippet:-1","max-image-preview":"max-image-preview:large","max-video-preview":"max-video-preview:-1"},"canonical":"https:\/\/www.aridane.org\/city\/2023\/04\/25\/el-cemfac-la-ciudad-en-el-museo-elegido-nuevo-producto-ecoturistico-de-los-llanos-de-aridane\/","og_locale":"es_ES","og_type":"article","og_title":"El CEMFAC- La Ciudad en el Museo elegido nuevo producto ecotur\u00edstico de Los Llanos de Aridane - Ayuntamiento de Los Llanos de Aridane","og_description":"El Ayuntamiento de Los Llanos de Aridane presenta el cartel y el programa de La Patrona 2021 con el lema \u201cRemedios, m\u00e1s que un nombre.\u201d","og_url":"https:\/\/www.aridane.org\/city\/2023\/04\/25\/el-cemfac-la-ciudad-en-el-museo-elegido-nuevo-producto-ecoturistico-de-los-llanos-de-aridane\/","og_site_name":"Ayuntamiento de Los Llanos de Aridane","article_published_time":"2023-04-25T09:32:20+00:00","article_modified_time":"2023-07-24T08:40:29+00:00","og_image":[{"width":1200,"height":675,"url":"https:\/\/www.aridane.org\/city\/wp-content\/uploads\/2023\/04\/los_llanos_de_aridane_1.jpg","type":"image\/jpeg"}],"author":"Richard Diaz","twitter_card":"summary_large_image","twitter_misc":{"Escrito por":"Richard Diaz","Tiempo de lectura":"2 minutos"},"schema":{"@context":"https:\/\/schema.org","@graph":[{"@type":"WebPage","@id":"https:\/\/www.aridane.org\/city\/2023\/04\/25\/el-cemfac-la-ciudad-en-el-museo-elegido-nuevo-producto-ecoturistico-de-los-llanos-de-aridane\/","url":"https:\/\/www.aridane.org\/city\/2023\/04\/25\/el-cemfac-la-ciudad-en-el-museo-elegido-nuevo-producto-ecoturistico-de-los-llanos-de-aridane\/","name":"El CEMFAC- La Ciudad en el Museo elegido nuevo producto ecotur\u00edstico de Los Llanos de Aridane - Ayuntamiento de Los Llanos de Aridane","isPartOf":{"@id":"https:\/\/www.aridane.org\/city\/#website"},"primaryImageOfPage":{"@id":"https:\/\/www.aridane.org\/city\/2023\/04\/25\/el-cemfac-la-ciudad-en-el-museo-elegido-nuevo-producto-ecoturistico-de-los-llanos-de-aridane\/#primaryimage"},"image":{"@id":"https:\/\/www.aridane.org\/city\/2023\/04\/25\/el-cemfac-la-ciudad-en-el-museo-elegido-nuevo-producto-ecoturistico-de-los-llanos-de-aridane\/#primaryimage"},"thumbnailUrl":"https:\/\/www.aridane.org\/city\/wp-content\/uploads\/2023\/04\/los_llanos_de_aridane_1.jpg","datePublished":"2023-04-25T09:32:20+00:00","dateModified":"2023-07-24T08:40:29+00:00","author":{"@id":"https:\/\/www.aridane.org\/city\/#\/schema\/person\/7d352ec7f29881716f298394432e7209"},"description":"El Ayuntamiento de Los Llanos de Aridane presenta el cartel y el programa de La Patrona 2021 con el lema \u201cRemedios, m\u00e1s que un nombre.\u201d","breadcrumb":{"@id":"https:\/\/www.aridane.org\/city\/2023\/04\/25\/el-cemfac-la-ciudad-en-el-museo-elegido-nuevo-producto-ecoturistico-de-los-llanos-de-aridane\/#breadcrumb"},"inLanguage":"es","potentialAction":[{"@type":"ReadAction","target":["https:\/\/www.aridane.org\/city\/2023\/04\/25\/el-cemfac-la-ciudad-en-el-museo-elegido-nuevo-producto-ecoturistico-de-los-llanos-de-aridane\/"]}]},{"@type":"ImageObject","inLanguage":"es","@id":"https:\/\/www.aridane.org\/city\/2023\/04\/25\/el-cemfac-la-ciudad-en-el-museo-elegido-nuevo-producto-ecoturistico-de-los-llanos-de-aridane\/#primaryimage","url":"https:\/\/www.aridane.org\/city\/wp-content\/uploads\/2023\/04\/los_llanos_de_aridane_1.jpg","contentUrl":"https:\/\/www.aridane.org\/city\/wp-content\/uploads\/2023\/04\/los_llanos_de_aridane_1.jpg","width":1200,"height":675},{"@type":"BreadcrumbList","@id":"https:\/\/www.aridane.org\/city\/2023\/04\/25\/el-cemfac-la-ciudad-en-el-museo-elegido-nuevo-producto-ecoturistico-de-los-llanos-de-aridane\/#breadcrumb","itemListElement":[{"@type":"ListItem","position":1,"name":"Portada","item":"https:\/\/www.aridane.org\/city\/"},{"@type":"ListItem","position":2,"name":"El CEMFAC- La Ciudad en el Museo elegido nuevo producto ecotur\u00edstico de Los Llanos de Aridane"}]},{"@type":"WebSite","@id":"https:\/\/www.aridane.org\/city\/#website","url":"https:\/\/www.aridane.org\/city\/","name":"Ayuntamiento de Los Llanos de Aridane","description":"","potentialAction":[{"@type":"SearchAction","target":{"@type":"EntryPoint","urlTemplate":"https:\/\/www.aridane.org\/city\/?s={search_term_string}"},"query-input":"required name=search_term_string"}],"inLanguage":"es"},{"@type":"Person","@id":"https:\/\/www.aridane.org\/city\/#\/schema\/person\/7d352ec7f29881716f298394432e7209","name":"Richard Diaz","image":{"@type":"ImageObject","inLanguage":"es","@id":"https:\/\/www.aridane.org\/city\/#\/schema\/person\/image\/","url":"https:\/\/secure.gravatar.com\/avatar\/bacd6aefc26a4a204943090a4c596cd10f0857081ef3cfd12084a70ecb3161d5?s=96&d=mm&r=g","contentUrl":"https:\/\/secure.gravatar.com\/avatar\/bacd6aefc26a4a204943090a4c596cd10f0857081ef3cfd12084a70ecb3161d5?s=96&d=mm&r=g","caption":"Richard Diaz"},"sameAs":["https:\/\/www.aridane.org\/city"],"url":"https:\/\/www.aridane.org\/city\/author\/richard-diaz\/"}]}},"_links":{"self":[{"href":"https:\/\/www.aridane.org\/city\/wp-json\/wp\/v2\/posts\/1619","targetHints":{"allow":["GET"]}}],"collection":[{"href":"https:\/\/www.aridane.org\/city\/wp-json\/wp\/v2\/posts"}],"about":[{"href":"https:\/\/www.aridane.org\/city\/wp-json\/wp\/v2\/types\/post"}],"author":[{"embeddable":true,"href":"https:\/\/www.aridane.org\/city\/wp-json\/wp\/v2\/users\/1"}],"replies":[{"embeddable":true,"href":"https:\/\/www.aridane.org\/city\/wp-json\/wp\/v2\/comments?post=1619"}],"version-history":[{"count":1,"href":"https:\/\/www.aridane.org\/city\/wp-json\/wp\/v2\/posts\/1619\/revisions"}],"predecessor-version":[{"id":2466,"href":"https:\/\/www.aridane.org\/city\/wp-json\/wp\/v2\/posts\/1619\/revisions\/2466"}],"wp:featuredmedia":[{"embeddable":true,"href":"https:\/\/www.aridane.org\/city\/wp-json\/wp\/v2\/media\/2465"}],"wp:attachment":[{"href":"https:\/\/www.aridane.org\/city\/wp-json\/wp\/v2\/media?parent=1619"}],"wp:term":[{"taxonomy":"category","embeddable":true,"href":"https:\/\/www.aridane.org\/city\/wp-json\/wp\/v2\/categories?post=1619"},{"taxonomy":"post_tag","embeddable":true,"href":"https:\/\/www.aridane.org\/city\/wp-json\/wp\/v2\/tags?post=1619"}],"curies":[{"name":"wp","href":"https:\/\/api.w.org\/{rel}","templated":true}]}}