{"id":1637,"date":"2023-05-10T12:35:27","date_gmt":"2023-05-10T11:35:27","guid":{"rendered":"https:\/\/aridane.org\/ciudad\/?p=1637"},"modified":"2023-07-24T08:09:47","modified_gmt":"2023-07-24T08:09:47","slug":"el-ayuntamiento-de-los-llanos-de-aridane-entrega-26-huertos-urbanos-la-mayor-convocatoria-de-la-historia","status":"publish","type":"post","link":"https:\/\/www.aridane.org\/city\/2023\/05\/10\/el-ayuntamiento-de-los-llanos-de-aridane-entrega-26-huertos-urbanos-la-mayor-convocatoria-de-la-historia\/","title":{"rendered":"El Ayuntamiento de Los Llanos de Aridane entrega 26 huertos urbanos, la mayor convocatoria de la historia"},"content":{"rendered":"<section class=\"wpb-content-wrapper\"><p>[vc_row css_animation=\u00bb\u00bb row_type=\u00bbrow\u00bb use_row_as_full_screen_section=\u00bbno\u00bb type=\u00bbfull_width\u00bb angled_section=\u00bbno\u00bb text_align=\u00bbleft\u00bb background_image_as_pattern=\u00bbwithout_pattern\u00bb][vc_column][vc_row_inner row_type=\u00bbrow\u00bb type=\u00bbgrid\u00bb text_align=\u00bbleft\u00bb css_animation=\u00bb\u00bb][vc_column_inner][vc_empty_space height=\u00bb20px\u00bb][vc_empty_space height=\u00bb20px\u00bb][\/vc_column_inner][\/vc_row_inner][vc_column_text]<\/p>\n<ul>\n<li style=\"text-align: justify;\"><em>Desde el Consistorio defiende que estos huertos tienen el objetivo de que sean los propios vecinos los que puedan cultivar, para autoconsumo, de manera sana y sostenible.<\/em><\/li>\n<\/ul>\n<p>&nbsp;<\/p>\n<p class=\"CuerpoA\" style=\"text-align: justify;\"><span class=\"Ninguno\"><b><span lang=\"ES-TRAD\" style=\"font-size: 12.0pt; line-height: 115%;\">Los Llanos de Aridane, 10 de mayo de 2023.- <\/span><\/b><\/span><span class=\"Ninguno\"><span lang=\"ES-TRAD\" style=\"font-size: 12.0pt; line-height: 115%;\">El Ayuntamiento de los Llanos de Aridane ha entregado 26 huertos municipales, la mayor convocatoria de la historia, ubicados en la finca urbana propiedad del Consistorio, en el Camino de Los Choriceros.<\/span><\/span><\/p>\n<p class=\"CuerpoA\" style=\"text-align: justify;\"><span class=\"Ninguno\"><span lang=\"ES-TRAD\" style=\"font-size: 12.0pt; line-height: 115%;\">Desde el Ayuntamiento explican que el objetivo de estos huertos es que nuestros vecinos puedan cultivar ellos mismos, para el autoconsumo, sus propios productos de manera sana y sostenible, y a la vez, tambi\u00e9n cumplen una funci\u00f3n social, \u201cya que permiten un ahorro en la cesta de la compra a las familias adjudicatarias\u201d.<\/span><\/span><\/p>\n<p class=\"CuerpoA\" style=\"text-align: justify;\"><span class=\"Ninguno\"><span lang=\"ES-TRAD\" style=\"font-size: 12.0pt; line-height: 115%;\">Cabe recordar que explotaci\u00f3n de este espacio ser\u00e1 por un tiempo de 2 a\u00f1os, no prorrogables, \u201cestas parcelas est\u00e1n dotadas de sistema de riego para el desarrollo de la actividad, as\u00ed como de contadores individuales, suministro de agua, y una peque\u00f1a edificaci\u00f3n para guardar los utensilios que se usan en el d\u00eda a d\u00eda\u201d.\u00a0<\/span><\/span><\/p>\n<p class=\"CuerpoA\" style=\"text-align: justify;\"><span class=\"Ninguno\"><span lang=\"ES-TRAD\" style=\"font-size: 12.0pt; line-height: 115%;\">Por \u00faltimo, desde el Ayuntamiento de Los Llanos de Aridane se recuerda que \u201cla actividad en los huertos municipales tambi\u00e9n permite seguir fomentando la estrecha relaci\u00f3n que tiene Los Llanos de Aridane con el mundo de la agricultura, apostando por m\u00e9todos sostenibles de producci\u00f3n, y el mantenimiento de los terrenos destinados a este fin\u201d.<\/span><\/span><\/p>\n<p>[\/vc_column_text][\/vc_column][\/vc_row]<\/p>\n<\/section>","protected":false},"excerpt":{"rendered":"<p>[vc_row css_animation=\u00bb\u00bb row_type=\u00bbrow\u00bb use_row_as_full_screen_section=\u00bbno\u00bb type=\u00bbfull_width\u00bb angled_section=\u00bbno\u00bb text_align=\u00bbleft\u00bb background_image_as_pattern=\u00bbwithout_pattern\u00bb][vc_column][vc_row_inner row_type=\u00bbrow\u00bb type=\u00bbgrid\u00bb text_align=\u00bbleft\u00bb css_animation=\u00bb\u00bb][vc_column_inner][vc_empty_space height=\u00bb20px\u00bb][vc_empty_space height=\u00bb20px\u00bb][\/vc_column_inner][\/vc_row_inner][vc_column_text] Desde el Consistorio defiende que estos huertos tienen el objetivo de que sean los propios vecinos los que puedan cultivar, para autoconsumo, de manera sana y sostenible. &nbsp; Los Llanos de&#8230;<\/p>\n","protected":false},"author":1,"featured_media":2391,"comment_status":"closed","ping_status":"open","sticky":false,"template":"","format":"standard","meta":{"footnotes":""},"categories":[6],"tags":[],"class_list":["post-1637","post","type-post","status-publish","format-standard","has-post-thumbnail","hentry","category-prensa"],"yoast_head":"<!-- This site is optimized with the Yoast SEO plugin v22.7 - https:\/\/yoast.com\/wordpress\/plugins\/seo\/ -->\n<title>El Ayuntamiento de Los Llanos de Aridane entrega 26 huertos urbanos, la mayor convocatoria de la historia - Ayuntamiento de Los Llanos de Aridane<\/title>\n<meta name=\"description\" content=\"El Ayuntamiento de Los Llanos de Aridane presenta el cartel y el programa de La Patrona 2021 con el lema \u201cRemedios, m\u00e1s que un nombre.\u201d\" \/>\n<meta name=\"robots\" content=\"index, follow, max-snippet:-1, max-image-preview:large, max-video-preview:-1\" \/>\n<link rel=\"canonical\" href=\"https:\/\/www.aridane.org\/city\/2023\/05\/10\/el-ayuntamiento-de-los-llanos-de-aridane-entrega-26-huertos-urbanos-la-mayor-convocatoria-de-la-historia\/\" \/>\n<meta property=\"og:locale\" content=\"es_ES\" \/>\n<meta property=\"og:type\" content=\"article\" \/>\n<meta property=\"og:title\" content=\"El Ayuntamiento de Los Llanos de Aridane entrega 26 huertos urbanos, la mayor convocatoria de la historia - Ayuntamiento de Los Llanos de Aridane\" \/>\n<meta property=\"og:description\" content=\"El Ayuntamiento de Los Llanos de Aridane presenta el cartel y el programa de La Patrona 2021 con el lema \u201cRemedios, m\u00e1s que un nombre.\u201d\" \/>\n<meta property=\"og:url\" content=\"https:\/\/www.aridane.org\/city\/2023\/05\/10\/el-ayuntamiento-de-los-llanos-de-aridane-entrega-26-huertos-urbanos-la-mayor-convocatoria-de-la-historia\/\" \/>\n<meta property=\"og:site_name\" content=\"Ayuntamiento de Los Llanos de Aridane\" \/>\n<meta property=\"article:published_time\" content=\"2023-05-10T11:35:27+00:00\" \/>\n<meta property=\"article:modified_time\" content=\"2023-07-24T08:09:47+00:00\" \/>\n<meta property=\"og:image\" content=\"https:\/\/www.aridane.org\/city\/wp-content\/uploads\/2023\/06\/6007839.webp\" \/>\n\t<meta property=\"og:image:width\" content=\"1200\" \/>\n\t<meta property=\"og:image:height\" content=\"675\" \/>\n\t<meta property=\"og:image:type\" content=\"image\/webp\" \/>\n<meta name=\"author\" content=\"Richard Diaz\" \/>\n<meta name=\"twitter:card\" content=\"summary_large_image\" \/>\n<meta name=\"twitter:label1\" content=\"Escrito por\" \/>\n\t<meta name=\"twitter:data1\" content=\"Richard Diaz\" \/>\n\t<meta name=\"twitter:label2\" content=\"Tiempo de lectura\" \/>\n\t<meta name=\"twitter:data2\" content=\"2 minutos\" \/>\n<script type=\"application\/ld+json\" class=\"yoast-schema-graph\">{\"@context\":\"https:\/\/schema.org\",\"@graph\":[{\"@type\":\"WebPage\",\"@id\":\"https:\/\/www.aridane.org\/city\/2023\/05\/10\/el-ayuntamiento-de-los-llanos-de-aridane-entrega-26-huertos-urbanos-la-mayor-convocatoria-de-la-historia\/\",\"url\":\"https:\/\/www.aridane.org\/city\/2023\/05\/10\/el-ayuntamiento-de-los-llanos-de-aridane-entrega-26-huertos-urbanos-la-mayor-convocatoria-de-la-historia\/\",\"name\":\"El Ayuntamiento de Los Llanos de Aridane entrega 26 huertos urbanos, la mayor convocatoria de la historia - Ayuntamiento de Los Llanos de Aridane\",\"isPartOf\":{\"@id\":\"https:\/\/www.aridane.org\/city\/#website\"},\"primaryImageOfPage\":{\"@id\":\"https:\/\/www.aridane.org\/city\/2023\/05\/10\/el-ayuntamiento-de-los-llanos-de-aridane-entrega-26-huertos-urbanos-la-mayor-convocatoria-de-la-historia\/#primaryimage\"},\"image\":{\"@id\":\"https:\/\/www.aridane.org\/city\/2023\/05\/10\/el-ayuntamiento-de-los-llanos-de-aridane-entrega-26-huertos-urbanos-la-mayor-convocatoria-de-la-historia\/#primaryimage\"},\"thumbnailUrl\":\"https:\/\/www.aridane.org\/city\/wp-content\/uploads\/2023\/06\/6007839.webp\",\"datePublished\":\"2023-05-10T11:35:27+00:00\",\"dateModified\":\"2023-07-24T08:09:47+00:00\",\"author\":{\"@id\":\"https:\/\/www.aridane.org\/city\/#\/schema\/person\/7d352ec7f29881716f298394432e7209\"},\"description\":\"El Ayuntamiento de Los Llanos de Aridane presenta el cartel y el programa de La Patrona 2021 con el lema \u201cRemedios, m\u00e1s que un nombre.\u201d\",\"breadcrumb\":{\"@id\":\"https:\/\/www.aridane.org\/city\/2023\/05\/10\/el-ayuntamiento-de-los-llanos-de-aridane-entrega-26-huertos-urbanos-la-mayor-convocatoria-de-la-historia\/#breadcrumb\"},\"inLanguage\":\"es\",\"potentialAction\":[{\"@type\":\"ReadAction\",\"target\":[\"https:\/\/www.aridane.org\/city\/2023\/05\/10\/el-ayuntamiento-de-los-llanos-de-aridane-entrega-26-huertos-urbanos-la-mayor-convocatoria-de-la-historia\/\"]}]},{\"@type\":\"ImageObject\",\"inLanguage\":\"es\",\"@id\":\"https:\/\/www.aridane.org\/city\/2023\/05\/10\/el-ayuntamiento-de-los-llanos-de-aridane-entrega-26-huertos-urbanos-la-mayor-convocatoria-de-la-historia\/#primaryimage\",\"url\":\"https:\/\/www.aridane.org\/city\/wp-content\/uploads\/2023\/06\/6007839.webp\",\"contentUrl\":\"https:\/\/www.aridane.org\/city\/wp-content\/uploads\/2023\/06\/6007839.webp\",\"width\":1200,\"height\":675},{\"@type\":\"BreadcrumbList\",\"@id\":\"https:\/\/www.aridane.org\/city\/2023\/05\/10\/el-ayuntamiento-de-los-llanos-de-aridane-entrega-26-huertos-urbanos-la-mayor-convocatoria-de-la-historia\/#breadcrumb\",\"itemListElement\":[{\"@type\":\"ListItem\",\"position\":1,\"name\":\"Portada\",\"item\":\"https:\/\/www.aridane.org\/city\/\"},{\"@type\":\"ListItem\",\"position\":2,\"name\":\"El Ayuntamiento de Los Llanos de Aridane entrega 26 huertos urbanos, la mayor convocatoria de la historia\"}]},{\"@type\":\"WebSite\",\"@id\":\"https:\/\/www.aridane.org\/city\/#website\",\"url\":\"https:\/\/www.aridane.org\/city\/\",\"name\":\"Ayuntamiento de Los Llanos de Aridane\",\"description\":\"\",\"potentialAction\":[{\"@type\":\"SearchAction\",\"target\":{\"@type\":\"EntryPoint\",\"urlTemplate\":\"https:\/\/www.aridane.org\/city\/?s={search_term_string}\"},\"query-input\":\"required name=search_term_string\"}],\"inLanguage\":\"es\"},{\"@type\":\"Person\",\"@id\":\"https:\/\/www.aridane.org\/city\/#\/schema\/person\/7d352ec7f29881716f298394432e7209\",\"name\":\"Richard Diaz\",\"image\":{\"@type\":\"ImageObject\",\"inLanguage\":\"es\",\"@id\":\"https:\/\/www.aridane.org\/city\/#\/schema\/person\/image\/\",\"url\":\"https:\/\/secure.gravatar.com\/avatar\/bacd6aefc26a4a204943090a4c596cd10f0857081ef3cfd12084a70ecb3161d5?s=96&d=mm&r=g\",\"contentUrl\":\"https:\/\/secure.gravatar.com\/avatar\/bacd6aefc26a4a204943090a4c596cd10f0857081ef3cfd12084a70ecb3161d5?s=96&d=mm&r=g\",\"caption\":\"Richard Diaz\"},\"sameAs\":[\"https:\/\/www.aridane.org\/city\"],\"url\":\"https:\/\/www.aridane.org\/city\/author\/richard-diaz\/\"}]}<\/script>\n<!-- \/ Yoast SEO plugin. -->","yoast_head_json":{"title":"El Ayuntamiento de Los Llanos de Aridane entrega 26 huertos urbanos, la mayor convocatoria de la historia - Ayuntamiento de Los Llanos de Aridane","description":"El Ayuntamiento de Los Llanos de Aridane presenta el cartel y el programa de La Patrona 2021 con el lema \u201cRemedios, m\u00e1s que un nombre.\u201d","robots":{"index":"index","follow":"follow","max-snippet":"max-snippet:-1","max-image-preview":"max-image-preview:large","max-video-preview":"max-video-preview:-1"},"canonical":"https:\/\/www.aridane.org\/city\/2023\/05\/10\/el-ayuntamiento-de-los-llanos-de-aridane-entrega-26-huertos-urbanos-la-mayor-convocatoria-de-la-historia\/","og_locale":"es_ES","og_type":"article","og_title":"El Ayuntamiento de Los Llanos de Aridane entrega 26 huertos urbanos, la mayor convocatoria de la historia - Ayuntamiento de Los Llanos de Aridane","og_description":"El Ayuntamiento de Los Llanos de Aridane presenta el cartel y el programa de La Patrona 2021 con el lema \u201cRemedios, m\u00e1s que un nombre.\u201d","og_url":"https:\/\/www.aridane.org\/city\/2023\/05\/10\/el-ayuntamiento-de-los-llanos-de-aridane-entrega-26-huertos-urbanos-la-mayor-convocatoria-de-la-historia\/","og_site_name":"Ayuntamiento de Los Llanos de Aridane","article_published_time":"2023-05-10T11:35:27+00:00","article_modified_time":"2023-07-24T08:09:47+00:00","og_image":[{"width":1200,"height":675,"url":"https:\/\/www.aridane.org\/city\/wp-content\/uploads\/2023\/06\/6007839.webp","type":"image\/webp"}],"author":"Richard Diaz","twitter_card":"summary_large_image","twitter_misc":{"Escrito por":"Richard Diaz","Tiempo de lectura":"2 minutos"},"schema":{"@context":"https:\/\/schema.org","@graph":[{"@type":"WebPage","@id":"https:\/\/www.aridane.org\/city\/2023\/05\/10\/el-ayuntamiento-de-los-llanos-de-aridane-entrega-26-huertos-urbanos-la-mayor-convocatoria-de-la-historia\/","url":"https:\/\/www.aridane.org\/city\/2023\/05\/10\/el-ayuntamiento-de-los-llanos-de-aridane-entrega-26-huertos-urbanos-la-mayor-convocatoria-de-la-historia\/","name":"El Ayuntamiento de Los Llanos de Aridane entrega 26 huertos urbanos, la mayor convocatoria de la historia - Ayuntamiento de Los Llanos de Aridane","isPartOf":{"@id":"https:\/\/www.aridane.org\/city\/#website"},"primaryImageOfPage":{"@id":"https:\/\/www.aridane.org\/city\/2023\/05\/10\/el-ayuntamiento-de-los-llanos-de-aridane-entrega-26-huertos-urbanos-la-mayor-convocatoria-de-la-historia\/#primaryimage"},"image":{"@id":"https:\/\/www.aridane.org\/city\/2023\/05\/10\/el-ayuntamiento-de-los-llanos-de-aridane-entrega-26-huertos-urbanos-la-mayor-convocatoria-de-la-historia\/#primaryimage"},"thumbnailUrl":"https:\/\/www.aridane.org\/city\/wp-content\/uploads\/2023\/06\/6007839.webp","datePublished":"2023-05-10T11:35:27+00:00","dateModified":"2023-07-24T08:09:47+00:00","author":{"@id":"https:\/\/www.aridane.org\/city\/#\/schema\/person\/7d352ec7f29881716f298394432e7209"},"description":"El Ayuntamiento de Los Llanos de Aridane presenta el cartel y el programa de La Patrona 2021 con el lema \u201cRemedios, m\u00e1s que un nombre.\u201d","breadcrumb":{"@id":"https:\/\/www.aridane.org\/city\/2023\/05\/10\/el-ayuntamiento-de-los-llanos-de-aridane-entrega-26-huertos-urbanos-la-mayor-convocatoria-de-la-historia\/#breadcrumb"},"inLanguage":"es","potentialAction":[{"@type":"ReadAction","target":["https:\/\/www.aridane.org\/city\/2023\/05\/10\/el-ayuntamiento-de-los-llanos-de-aridane-entrega-26-huertos-urbanos-la-mayor-convocatoria-de-la-historia\/"]}]},{"@type":"ImageObject","inLanguage":"es","@id":"https:\/\/www.aridane.org\/city\/2023\/05\/10\/el-ayuntamiento-de-los-llanos-de-aridane-entrega-26-huertos-urbanos-la-mayor-convocatoria-de-la-historia\/#primaryimage","url":"https:\/\/www.aridane.org\/city\/wp-content\/uploads\/2023\/06\/6007839.webp","contentUrl":"https:\/\/www.aridane.org\/city\/wp-content\/uploads\/2023\/06\/6007839.webp","width":1200,"height":675},{"@type":"BreadcrumbList","@id":"https:\/\/www.aridane.org\/city\/2023\/05\/10\/el-ayuntamiento-de-los-llanos-de-aridane-entrega-26-huertos-urbanos-la-mayor-convocatoria-de-la-historia\/#breadcrumb","itemListElement":[{"@type":"ListItem","position":1,"name":"Portada","item":"https:\/\/www.aridane.org\/city\/"},{"@type":"ListItem","position":2,"name":"El Ayuntamiento de Los Llanos de Aridane entrega 26 huertos urbanos, la mayor convocatoria de la historia"}]},{"@type":"WebSite","@id":"https:\/\/www.aridane.org\/city\/#website","url":"https:\/\/www.aridane.org\/city\/","name":"Ayuntamiento de Los Llanos de Aridane","description":"","potentialAction":[{"@type":"SearchAction","target":{"@type":"EntryPoint","urlTemplate":"https:\/\/www.aridane.org\/city\/?s={search_term_string}"},"query-input":"required name=search_term_string"}],"inLanguage":"es"},{"@type":"Person","@id":"https:\/\/www.aridane.org\/city\/#\/schema\/person\/7d352ec7f29881716f298394432e7209","name":"Richard Diaz","image":{"@type":"ImageObject","inLanguage":"es","@id":"https:\/\/www.aridane.org\/city\/#\/schema\/person\/image\/","url":"https:\/\/secure.gravatar.com\/avatar\/bacd6aefc26a4a204943090a4c596cd10f0857081ef3cfd12084a70ecb3161d5?s=96&d=mm&r=g","contentUrl":"https:\/\/secure.gravatar.com\/avatar\/bacd6aefc26a4a204943090a4c596cd10f0857081ef3cfd12084a70ecb3161d5?s=96&d=mm&r=g","caption":"Richard Diaz"},"sameAs":["https:\/\/www.aridane.org\/city"],"url":"https:\/\/www.aridane.org\/city\/author\/richard-diaz\/"}]}},"_links":{"self":[{"href":"https:\/\/www.aridane.org\/city\/wp-json\/wp\/v2\/posts\/1637","targetHints":{"allow":["GET"]}}],"collection":[{"href":"https:\/\/www.aridane.org\/city\/wp-json\/wp\/v2\/posts"}],"about":[{"href":"https:\/\/www.aridane.org\/city\/wp-json\/wp\/v2\/types\/post"}],"author":[{"embeddable":true,"href":"https:\/\/www.aridane.org\/city\/wp-json\/wp\/v2\/users\/1"}],"replies":[{"embeddable":true,"href":"https:\/\/www.aridane.org\/city\/wp-json\/wp\/v2\/comments?post=1637"}],"version-history":[{"count":1,"href":"https:\/\/www.aridane.org\/city\/wp-json\/wp\/v2\/posts\/1637\/revisions"}],"predecessor-version":[{"id":2461,"href":"https:\/\/www.aridane.org\/city\/wp-json\/wp\/v2\/posts\/1637\/revisions\/2461"}],"wp:featuredmedia":[{"embeddable":true,"href":"https:\/\/www.aridane.org\/city\/wp-json\/wp\/v2\/media\/2391"}],"wp:attachment":[{"href":"https:\/\/www.aridane.org\/city\/wp-json\/wp\/v2\/media?parent=1637"}],"wp:term":[{"taxonomy":"category","embeddable":true,"href":"https:\/\/www.aridane.org\/city\/wp-json\/wp\/v2\/categories?post=1637"},{"taxonomy":"post_tag","embeddable":true,"href":"https:\/\/www.aridane.org\/city\/wp-json\/wp\/v2\/tags?post=1637"}],"curies":[{"name":"wp","href":"https:\/\/api.w.org\/{rel}","templated":true}]}}