{"id":1653,"date":"2023-05-17T13:11:27","date_gmt":"2023-05-17T12:11:27","guid":{"rendered":"https:\/\/aridane.org\/ciudad\/?p=1653"},"modified":"2023-07-24T08:03:39","modified_gmt":"2023-07-24T08:03:39","slug":"el-ayuntamiento-de-los-llanos-de-aridane-licita-la-obra-del-primer-parque-infantil-inclusivo","status":"publish","type":"post","link":"https:\/\/www.aridane.org\/city\/2023\/05\/17\/el-ayuntamiento-de-los-llanos-de-aridane-licita-la-obra-del-primer-parque-infantil-inclusivo\/","title":{"rendered":"El Ayuntamiento de Los Llanos de Aridane licita la obra del primer Parque Infantil inclusivo"},"content":{"rendered":"<section class=\"wpb-content-wrapper\"><p>[vc_row css_animation=\u00bb\u00bb row_type=\u00bbrow\u00bb use_row_as_full_screen_section=\u00bbno\u00bb type=\u00bbfull_width\u00bb angled_section=\u00bbno\u00bb text_align=\u00bbleft\u00bb background_image_as_pattern=\u00bbwithout_pattern\u00bb][vc_column][vc_row_inner row_type=\u00bbrow\u00bb type=\u00bbgrid\u00bb text_align=\u00bbleft\u00bb css_animation=\u00bb\u00bb][vc_column_inner][vc_empty_space height=\u00bb20px\u00bb][vc_empty_space height=\u00bb20px\u00bb][\/vc_column_inner][\/vc_row_inner][vc_column_text]<\/p>\n<ul>\n<li style=\"text-align: justify;\"><em>Estar\u00e1 ubicado en el Parque de El Llano de Alf\u00e9rez, y recuerdan que se trata de una de las propuestas m\u00e1s votadas dentro de los presupuestos participativos.<\/em><\/li>\n<li style=\"text-align: justify;\"><em>Adem\u00e1s, destacan que para su creaci\u00f3n se ha contado con la\u00a0 aportaci\u00f3n de las entidades sociales.<\/em><\/li>\n<\/ul>\n<p>&nbsp;<\/p>\n<p style=\"text-align: justify;\"><strong>Los Llanos de Aridane, 16 de mayo de 2023.- <\/strong>El Ayuntamiento de Los Llanos de Aridane a trav\u00e9s de su alcaldesa, Noelia Garc\u00eda Leal, ha informado que ya ha salido la licitaci\u00f3n de la obra del primer Parque Infantil Inclusivo del municipio, que estar\u00e1 ubicado\u00a0 el Parque El Llano de Alf\u00e9rez.<\/p>\n<p style=\"text-align: justify;\">Garc\u00eda Leal explica que se ampliar\u00e1 la zona de juegos, se dividir\u00e1 por edades aumentando as\u00ed la seguridad, y se reestructurar\u00e1 la zona del mini campo de f\u00fatbol, \u201cconvirti\u00e9ndose en el mayor parque infantil del municipio, permitiendo que puedan jugar un importante n\u00famero de ni\u00f1os a la vez\u201d.<\/p>\n<p style=\"text-align: justify;\">La alcaldesa tambi\u00e9n recuerda que esta obra fue una de las ideas m\u00e1s votadas dentro de las propuestas que se hicieron en los presupuestos participativos, \u201cy para elegir su ubicaci\u00f3n contamos con la opini\u00f3n y la experiencia de las entidades sociales, y se tuvieron en cuenta aspectos clave como que su ubicaci\u00f3n fuese en el centro del municipio\u201d.<\/p>\n<p style=\"text-align: justify;\">Adem\u00e1s, se\u00f1ala que los interesados podr\u00e1n presentar su oferta hasta el pr\u00f3ximo 8 de junio de 2023 incluido ese mismo d\u00eda, a trav\u00e9s del portal de contrataci\u00f3n p\u00fablica del Consistorio aridanense,\u00a0 y el importe de licitaci\u00f3n es de 350.000 euros.<\/p>\n<p style=\"text-align: justify;\">Por \u00faltimo, desde el Consistorio aridanense recuerdan que \u201ccon esta obra se da respuesta a una de las demandas hist\u00f3ricas del municipio\u201d.<\/p>\n<p>[\/vc_column_text][\/vc_column][\/vc_row]<\/p>\n<\/section>","protected":false},"excerpt":{"rendered":"<p>[vc_row css_animation=\u00bb\u00bb row_type=\u00bbrow\u00bb use_row_as_full_screen_section=\u00bbno\u00bb type=\u00bbfull_width\u00bb angled_section=\u00bbno\u00bb text_align=\u00bbleft\u00bb background_image_as_pattern=\u00bbwithout_pattern\u00bb][vc_column][vc_row_inner row_type=\u00bbrow\u00bb type=\u00bbgrid\u00bb text_align=\u00bbleft\u00bb css_animation=\u00bb\u00bb][vc_column_inner][vc_empty_space height=\u00bb20px\u00bb][vc_empty_space height=\u00bb20px\u00bb][\/vc_column_inner][\/vc_row_inner][vc_column_text] Estar\u00e1 ubicado en el Parque de El Llano de Alf\u00e9rez, y recuerdan que se trata de una de las propuestas m\u00e1s votadas dentro de los presupuestos participativos. Adem\u00e1s, destacan que para&#8230;<\/p>\n","protected":false},"author":1,"featured_media":2458,"comment_status":"closed","ping_status":"open","sticky":false,"template":"","format":"standard","meta":{"footnotes":""},"categories":[6],"tags":[],"class_list":["post-1653","post","type-post","status-publish","format-standard","has-post-thumbnail","hentry","category-prensa"],"yoast_head":"<!-- This site is optimized with the Yoast SEO plugin v22.7 - https:\/\/yoast.com\/wordpress\/plugins\/seo\/ -->\n<title>El Ayuntamiento de Los Llanos de Aridane licita la obra del primer Parque Infantil inclusivo - Ayuntamiento de Los Llanos de Aridane<\/title>\n<meta name=\"description\" content=\"El Ayuntamiento de Los Llanos de Aridane presenta el cartel y el programa de La Patrona 2021 con el lema \u201cRemedios, m\u00e1s que un nombre.\u201d\" \/>\n<meta name=\"robots\" content=\"index, follow, max-snippet:-1, max-image-preview:large, max-video-preview:-1\" \/>\n<link rel=\"canonical\" href=\"https:\/\/www.aridane.org\/city\/2023\/05\/17\/el-ayuntamiento-de-los-llanos-de-aridane-licita-la-obra-del-primer-parque-infantil-inclusivo\/\" \/>\n<meta property=\"og:locale\" content=\"es_ES\" \/>\n<meta property=\"og:type\" content=\"article\" \/>\n<meta property=\"og:title\" content=\"El Ayuntamiento de Los Llanos de Aridane licita la obra del primer Parque Infantil inclusivo - Ayuntamiento de Los Llanos de Aridane\" \/>\n<meta property=\"og:description\" content=\"El Ayuntamiento de Los Llanos de Aridane presenta el cartel y el programa de La Patrona 2021 con el lema \u201cRemedios, m\u00e1s que un nombre.\u201d\" \/>\n<meta property=\"og:url\" content=\"https:\/\/www.aridane.org\/city\/2023\/05\/17\/el-ayuntamiento-de-los-llanos-de-aridane-licita-la-obra-del-primer-parque-infantil-inclusivo\/\" \/>\n<meta property=\"og:site_name\" content=\"Ayuntamiento de Los Llanos de Aridane\" \/>\n<meta property=\"article:published_time\" content=\"2023-05-17T12:11:27+00:00\" \/>\n<meta property=\"article:modified_time\" content=\"2023-07-24T08:03:39+00:00\" \/>\n<meta property=\"og:image\" content=\"https:\/\/www.aridane.org\/city\/wp-content\/uploads\/2023\/05\/parque_inclusivo_1.jpg\" \/>\n\t<meta property=\"og:image:width\" content=\"1200\" \/>\n\t<meta property=\"og:image:height\" content=\"675\" \/>\n\t<meta property=\"og:image:type\" content=\"image\/jpeg\" \/>\n<meta name=\"author\" content=\"Richard Diaz\" \/>\n<meta name=\"twitter:card\" content=\"summary_large_image\" \/>\n<meta name=\"twitter:label1\" content=\"Escrito por\" \/>\n\t<meta name=\"twitter:data1\" content=\"Richard Diaz\" \/>\n\t<meta name=\"twitter:label2\" content=\"Tiempo de lectura\" \/>\n\t<meta name=\"twitter:data2\" content=\"2 minutos\" \/>\n<script type=\"application\/ld+json\" class=\"yoast-schema-graph\">{\"@context\":\"https:\/\/schema.org\",\"@graph\":[{\"@type\":\"WebPage\",\"@id\":\"https:\/\/www.aridane.org\/city\/2023\/05\/17\/el-ayuntamiento-de-los-llanos-de-aridane-licita-la-obra-del-primer-parque-infantil-inclusivo\/\",\"url\":\"https:\/\/www.aridane.org\/city\/2023\/05\/17\/el-ayuntamiento-de-los-llanos-de-aridane-licita-la-obra-del-primer-parque-infantil-inclusivo\/\",\"name\":\"El Ayuntamiento de Los Llanos de Aridane licita la obra del primer Parque Infantil inclusivo - Ayuntamiento de Los Llanos de Aridane\",\"isPartOf\":{\"@id\":\"https:\/\/www.aridane.org\/city\/#website\"},\"primaryImageOfPage\":{\"@id\":\"https:\/\/www.aridane.org\/city\/2023\/05\/17\/el-ayuntamiento-de-los-llanos-de-aridane-licita-la-obra-del-primer-parque-infantil-inclusivo\/#primaryimage\"},\"image\":{\"@id\":\"https:\/\/www.aridane.org\/city\/2023\/05\/17\/el-ayuntamiento-de-los-llanos-de-aridane-licita-la-obra-del-primer-parque-infantil-inclusivo\/#primaryimage\"},\"thumbnailUrl\":\"https:\/\/www.aridane.org\/city\/wp-content\/uploads\/2023\/05\/parque_inclusivo_1.jpg\",\"datePublished\":\"2023-05-17T12:11:27+00:00\",\"dateModified\":\"2023-07-24T08:03:39+00:00\",\"author\":{\"@id\":\"https:\/\/www.aridane.org\/city\/#\/schema\/person\/7d352ec7f29881716f298394432e7209\"},\"description\":\"El Ayuntamiento de Los Llanos de Aridane presenta el cartel y el programa de La Patrona 2021 con el lema \u201cRemedios, m\u00e1s que un nombre.\u201d\",\"breadcrumb\":{\"@id\":\"https:\/\/www.aridane.org\/city\/2023\/05\/17\/el-ayuntamiento-de-los-llanos-de-aridane-licita-la-obra-del-primer-parque-infantil-inclusivo\/#breadcrumb\"},\"inLanguage\":\"es\",\"potentialAction\":[{\"@type\":\"ReadAction\",\"target\":[\"https:\/\/www.aridane.org\/city\/2023\/05\/17\/el-ayuntamiento-de-los-llanos-de-aridane-licita-la-obra-del-primer-parque-infantil-inclusivo\/\"]}]},{\"@type\":\"ImageObject\",\"inLanguage\":\"es\",\"@id\":\"https:\/\/www.aridane.org\/city\/2023\/05\/17\/el-ayuntamiento-de-los-llanos-de-aridane-licita-la-obra-del-primer-parque-infantil-inclusivo\/#primaryimage\",\"url\":\"https:\/\/www.aridane.org\/city\/wp-content\/uploads\/2023\/05\/parque_inclusivo_1.jpg\",\"contentUrl\":\"https:\/\/www.aridane.org\/city\/wp-content\/uploads\/2023\/05\/parque_inclusivo_1.jpg\",\"width\":1200,\"height\":675},{\"@type\":\"BreadcrumbList\",\"@id\":\"https:\/\/www.aridane.org\/city\/2023\/05\/17\/el-ayuntamiento-de-los-llanos-de-aridane-licita-la-obra-del-primer-parque-infantil-inclusivo\/#breadcrumb\",\"itemListElement\":[{\"@type\":\"ListItem\",\"position\":1,\"name\":\"Portada\",\"item\":\"https:\/\/www.aridane.org\/city\/\"},{\"@type\":\"ListItem\",\"position\":2,\"name\":\"El Ayuntamiento de Los Llanos de Aridane licita la obra del primer Parque Infantil inclusivo\"}]},{\"@type\":\"WebSite\",\"@id\":\"https:\/\/www.aridane.org\/city\/#website\",\"url\":\"https:\/\/www.aridane.org\/city\/\",\"name\":\"Ayuntamiento de Los Llanos de Aridane\",\"description\":\"\",\"potentialAction\":[{\"@type\":\"SearchAction\",\"target\":{\"@type\":\"EntryPoint\",\"urlTemplate\":\"https:\/\/www.aridane.org\/city\/?s={search_term_string}\"},\"query-input\":\"required name=search_term_string\"}],\"inLanguage\":\"es\"},{\"@type\":\"Person\",\"@id\":\"https:\/\/www.aridane.org\/city\/#\/schema\/person\/7d352ec7f29881716f298394432e7209\",\"name\":\"Richard Diaz\",\"image\":{\"@type\":\"ImageObject\",\"inLanguage\":\"es\",\"@id\":\"https:\/\/www.aridane.org\/city\/#\/schema\/person\/image\/\",\"url\":\"https:\/\/secure.gravatar.com\/avatar\/bacd6aefc26a4a204943090a4c596cd10f0857081ef3cfd12084a70ecb3161d5?s=96&d=mm&r=g\",\"contentUrl\":\"https:\/\/secure.gravatar.com\/avatar\/bacd6aefc26a4a204943090a4c596cd10f0857081ef3cfd12084a70ecb3161d5?s=96&d=mm&r=g\",\"caption\":\"Richard Diaz\"},\"sameAs\":[\"https:\/\/www.aridane.org\/city\"],\"url\":\"https:\/\/www.aridane.org\/city\/author\/richard-diaz\/\"}]}<\/script>\n<!-- \/ Yoast SEO plugin. -->","yoast_head_json":{"title":"El Ayuntamiento de Los Llanos de Aridane licita la obra del primer Parque Infantil inclusivo - Ayuntamiento de Los Llanos de Aridane","description":"El Ayuntamiento de Los Llanos de Aridane presenta el cartel y el programa de La Patrona 2021 con el lema \u201cRemedios, m\u00e1s que un nombre.\u201d","robots":{"index":"index","follow":"follow","max-snippet":"max-snippet:-1","max-image-preview":"max-image-preview:large","max-video-preview":"max-video-preview:-1"},"canonical":"https:\/\/www.aridane.org\/city\/2023\/05\/17\/el-ayuntamiento-de-los-llanos-de-aridane-licita-la-obra-del-primer-parque-infantil-inclusivo\/","og_locale":"es_ES","og_type":"article","og_title":"El Ayuntamiento de Los Llanos de Aridane licita la obra del primer Parque Infantil inclusivo - Ayuntamiento de Los Llanos de Aridane","og_description":"El Ayuntamiento de Los Llanos de Aridane presenta el cartel y el programa de La Patrona 2021 con el lema \u201cRemedios, m\u00e1s que un nombre.\u201d","og_url":"https:\/\/www.aridane.org\/city\/2023\/05\/17\/el-ayuntamiento-de-los-llanos-de-aridane-licita-la-obra-del-primer-parque-infantil-inclusivo\/","og_site_name":"Ayuntamiento de Los Llanos de Aridane","article_published_time":"2023-05-17T12:11:27+00:00","article_modified_time":"2023-07-24T08:03:39+00:00","og_image":[{"width":1200,"height":675,"url":"https:\/\/www.aridane.org\/city\/wp-content\/uploads\/2023\/05\/parque_inclusivo_1.jpg","type":"image\/jpeg"}],"author":"Richard Diaz","twitter_card":"summary_large_image","twitter_misc":{"Escrito por":"Richard Diaz","Tiempo de lectura":"2 minutos"},"schema":{"@context":"https:\/\/schema.org","@graph":[{"@type":"WebPage","@id":"https:\/\/www.aridane.org\/city\/2023\/05\/17\/el-ayuntamiento-de-los-llanos-de-aridane-licita-la-obra-del-primer-parque-infantil-inclusivo\/","url":"https:\/\/www.aridane.org\/city\/2023\/05\/17\/el-ayuntamiento-de-los-llanos-de-aridane-licita-la-obra-del-primer-parque-infantil-inclusivo\/","name":"El Ayuntamiento de Los Llanos de Aridane licita la obra del primer Parque Infantil inclusivo - Ayuntamiento de Los Llanos de Aridane","isPartOf":{"@id":"https:\/\/www.aridane.org\/city\/#website"},"primaryImageOfPage":{"@id":"https:\/\/www.aridane.org\/city\/2023\/05\/17\/el-ayuntamiento-de-los-llanos-de-aridane-licita-la-obra-del-primer-parque-infantil-inclusivo\/#primaryimage"},"image":{"@id":"https:\/\/www.aridane.org\/city\/2023\/05\/17\/el-ayuntamiento-de-los-llanos-de-aridane-licita-la-obra-del-primer-parque-infantil-inclusivo\/#primaryimage"},"thumbnailUrl":"https:\/\/www.aridane.org\/city\/wp-content\/uploads\/2023\/05\/parque_inclusivo_1.jpg","datePublished":"2023-05-17T12:11:27+00:00","dateModified":"2023-07-24T08:03:39+00:00","author":{"@id":"https:\/\/www.aridane.org\/city\/#\/schema\/person\/7d352ec7f29881716f298394432e7209"},"description":"El Ayuntamiento de Los Llanos de Aridane presenta el cartel y el programa de La Patrona 2021 con el lema \u201cRemedios, m\u00e1s que un nombre.\u201d","breadcrumb":{"@id":"https:\/\/www.aridane.org\/city\/2023\/05\/17\/el-ayuntamiento-de-los-llanos-de-aridane-licita-la-obra-del-primer-parque-infantil-inclusivo\/#breadcrumb"},"inLanguage":"es","potentialAction":[{"@type":"ReadAction","target":["https:\/\/www.aridane.org\/city\/2023\/05\/17\/el-ayuntamiento-de-los-llanos-de-aridane-licita-la-obra-del-primer-parque-infantil-inclusivo\/"]}]},{"@type":"ImageObject","inLanguage":"es","@id":"https:\/\/www.aridane.org\/city\/2023\/05\/17\/el-ayuntamiento-de-los-llanos-de-aridane-licita-la-obra-del-primer-parque-infantil-inclusivo\/#primaryimage","url":"https:\/\/www.aridane.org\/city\/wp-content\/uploads\/2023\/05\/parque_inclusivo_1.jpg","contentUrl":"https:\/\/www.aridane.org\/city\/wp-content\/uploads\/2023\/05\/parque_inclusivo_1.jpg","width":1200,"height":675},{"@type":"BreadcrumbList","@id":"https:\/\/www.aridane.org\/city\/2023\/05\/17\/el-ayuntamiento-de-los-llanos-de-aridane-licita-la-obra-del-primer-parque-infantil-inclusivo\/#breadcrumb","itemListElement":[{"@type":"ListItem","position":1,"name":"Portada","item":"https:\/\/www.aridane.org\/city\/"},{"@type":"ListItem","position":2,"name":"El Ayuntamiento de Los Llanos de Aridane licita la obra del primer Parque Infantil inclusivo"}]},{"@type":"WebSite","@id":"https:\/\/www.aridane.org\/city\/#website","url":"https:\/\/www.aridane.org\/city\/","name":"Ayuntamiento de Los Llanos de Aridane","description":"","potentialAction":[{"@type":"SearchAction","target":{"@type":"EntryPoint","urlTemplate":"https:\/\/www.aridane.org\/city\/?s={search_term_string}"},"query-input":"required name=search_term_string"}],"inLanguage":"es"},{"@type":"Person","@id":"https:\/\/www.aridane.org\/city\/#\/schema\/person\/7d352ec7f29881716f298394432e7209","name":"Richard Diaz","image":{"@type":"ImageObject","inLanguage":"es","@id":"https:\/\/www.aridane.org\/city\/#\/schema\/person\/image\/","url":"https:\/\/secure.gravatar.com\/avatar\/bacd6aefc26a4a204943090a4c596cd10f0857081ef3cfd12084a70ecb3161d5?s=96&d=mm&r=g","contentUrl":"https:\/\/secure.gravatar.com\/avatar\/bacd6aefc26a4a204943090a4c596cd10f0857081ef3cfd12084a70ecb3161d5?s=96&d=mm&r=g","caption":"Richard Diaz"},"sameAs":["https:\/\/www.aridane.org\/city"],"url":"https:\/\/www.aridane.org\/city\/author\/richard-diaz\/"}]}},"_links":{"self":[{"href":"https:\/\/www.aridane.org\/city\/wp-json\/wp\/v2\/posts\/1653","targetHints":{"allow":["GET"]}}],"collection":[{"href":"https:\/\/www.aridane.org\/city\/wp-json\/wp\/v2\/posts"}],"about":[{"href":"https:\/\/www.aridane.org\/city\/wp-json\/wp\/v2\/types\/post"}],"author":[{"embeddable":true,"href":"https:\/\/www.aridane.org\/city\/wp-json\/wp\/v2\/users\/1"}],"replies":[{"embeddable":true,"href":"https:\/\/www.aridane.org\/city\/wp-json\/wp\/v2\/comments?post=1653"}],"version-history":[{"count":2,"href":"https:\/\/www.aridane.org\/city\/wp-json\/wp\/v2\/posts\/1653\/revisions"}],"predecessor-version":[{"id":2460,"href":"https:\/\/www.aridane.org\/city\/wp-json\/wp\/v2\/posts\/1653\/revisions\/2460"}],"wp:featuredmedia":[{"embeddable":true,"href":"https:\/\/www.aridane.org\/city\/wp-json\/wp\/v2\/media\/2458"}],"wp:attachment":[{"href":"https:\/\/www.aridane.org\/city\/wp-json\/wp\/v2\/media?parent=1653"}],"wp:term":[{"taxonomy":"category","embeddable":true,"href":"https:\/\/www.aridane.org\/city\/wp-json\/wp\/v2\/categories?post=1653"},{"taxonomy":"post_tag","embeddable":true,"href":"https:\/\/www.aridane.org\/city\/wp-json\/wp\/v2\/tags?post=1653"}],"curies":[{"name":"wp","href":"https:\/\/api.w.org\/{rel}","templated":true}]}}