{"id":1941,"date":"2023-05-18T10:36:35","date_gmt":"2023-05-18T09:36:35","guid":{"rendered":"https:\/\/aridane.org\/ciudad\/?p=1785"},"modified":"2023-07-24T07:54:17","modified_gmt":"2023-07-24T07:54:17","slug":"el-ayuntamiento-de-los-llanos-de-aridane-abre-el-plazo-de-presentacion-de-la-candidatura-a-los-premios-mujer-destacada","status":"publish","type":"post","link":"https:\/\/www.aridane.org\/city\/2023\/05\/18\/el-ayuntamiento-de-los-llanos-de-aridane-abre-el-plazo-de-presentacion-de-la-candidatura-a-los-premios-mujer-destacada\/","title":{"rendered":"El Ayuntamiento de Los Llanos de Aridane abre el plazo de presentaci\u00f3n de la candidatura a los premios \u2018Mujer Destacada\u2019"},"content":{"rendered":"<section class=\"wpb-content-wrapper\"><p>[vc_row css_animation=\u00bb\u00bb row_type=\u00bbrow\u00bb use_row_as_full_screen_section=\u00bbno\u00bb type=\u00bbfull_width\u00bb angled_section=\u00bbno\u00bb text_align=\u00bbleft\u00bb background_image_as_pattern=\u00bbwithout_pattern\u00bb][vc_column][vc_row_inner row_type=\u00bbrow\u00bb type=\u00bbgrid\u00bb text_align=\u00bbleft\u00bb css_animation=\u00bb\u00bb][vc_column_inner][vc_empty_space height=\u00bb20px\u00bb][vc_empty_space height=\u00bb20px\u00bb][\/vc_column_inner][\/vc_row_inner][vc_column_text]<\/p>\n<ul>\n<li><em>Los ciudadanos podr\u00e1n materializar sus propuestas a trav\u00e9s de la sede electr\u00f3nica desde este lunes 22 y hasta el pr\u00f3ximo 31 de mayo.<\/em><\/li>\n<\/ul>\n<p>&nbsp;<\/p>\n<p><strong>Los Llanos de Aridane, 18 de mayo de 2023<\/strong>.- El Ayuntamiento de Los Llanos de Aridane a trav\u00e9s de su concejal\u00eda de Igualdad, que dirige Elena Pais,\u00a0 ha confirmado que a partir de este lunes 22 y hasta el mi\u00e9rcoles 31 de mayo estar\u00e1 abierto el plazo de inscripci\u00f3n para presentar la candidatura a los premios \u2018Mujer destacada\u2019, \u00aby se deber\u00e1 hacer a trav\u00e9s de la siguiente direcci\u00f3n de correo electr\u00f3nico <a href=\"mailto:elena.pais@aridane.org\">elena.pais@aridane.org<\/a>; o mediante llamada telef\u00f3nica al 639844562 \u00ab.<\/p>\n<p>Pais recuerda que \u00abcon esta\u00a0 iniciativa\u00a0buscamos homenajear a todas esas mujeres que de una forma u otra han sido y son referentes en la historia del municipio, realizando un esfuerzo especial para lograr sus metas, rompiendo barreras y estereotipos, y siendo un ejemplo de superaci\u00f3n e inspiraci\u00f3n para las generaciones venideras\u201d. Adem\u00e1s, explica que\u00a0 este distintivo se lleva entregando desde el a\u00f1o 2018, \u00ablo cual hace que sea ya una fecha de especial inter\u00e9s en el calendario del municipio\u00bb.<\/p>\n<p>La concejal tambi\u00e9n ha querido poner en valor\u00a0 el \u00e9xito de las pasadas ediciones, y ha defendido que \u201cestamos seguros que este reconocimiento va a tener\u00a0 una\u00a0muy buena acogida\u00bb,\u00a0 y ha confirmado que \u00abel d\u00eda 5 de junio se proceder\u00e1 a elegir a la Mujer Destacada 2023, y el mi\u00e9rcoles 14 de junio, durante las Fiestas Patronales y tal y como se hizo el a\u00f1o pasado, se le rendir\u00e1 homenaje\u00bb.<\/p>\n<p>Por \u00faltimo, desde el Ayuntamiento de Los Llanos de Aridane se invita a todos los vecinos a participar en la elecci\u00f3n de la Mujer Destacada 2023.[\/vc_column_text][\/vc_column][\/vc_row]<\/p>\n<\/section>","protected":false},"excerpt":{"rendered":"<p>[vc_row css_animation=\u00bb\u00bb row_type=\u00bbrow\u00bb use_row_as_full_screen_section=\u00bbno\u00bb type=\u00bbfull_width\u00bb angled_section=\u00bbno\u00bb text_align=\u00bbleft\u00bb background_image_as_pattern=\u00bbwithout_pattern\u00bb][vc_column][vc_row_inner row_type=\u00bbrow\u00bb type=\u00bbgrid\u00bb text_align=\u00bbleft\u00bb css_animation=\u00bb\u00bb][vc_column_inner][vc_empty_space height=\u00bb20px\u00bb][vc_empty_space height=\u00bb20px\u00bb][\/vc_column_inner][\/vc_row_inner][vc_column_text] Los ciudadanos podr\u00e1n materializar sus propuestas a trav\u00e9s de la sede electr\u00f3nica desde este lunes 22 y hasta el pr\u00f3ximo 31 de mayo. &nbsp; Los Llanos de Aridane, 18 de mayo&#8230;<\/p>\n","protected":false},"author":1,"featured_media":2456,"comment_status":"closed","ping_status":"open","sticky":false,"template":"","format":"standard","meta":{"footnotes":""},"categories":[6],"tags":[],"class_list":["post-1941","post","type-post","status-publish","format-standard","has-post-thumbnail","hentry","category-prensa"],"yoast_head":"<!-- This site is optimized with the Yoast SEO plugin v22.7 - https:\/\/yoast.com\/wordpress\/plugins\/seo\/ -->\n<title>El Ayuntamiento de Los Llanos de Aridane abre el plazo de presentaci\u00f3n de la candidatura a los premios \u2018Mujer Destacada\u2019 - Ayuntamiento de Los Llanos de Aridane<\/title>\n<meta name=\"description\" content=\"El Ayuntamiento de Los Llanos de Aridane presenta el cartel y el programa de La Patrona 2021 con el lema \u201cRemedios, m\u00e1s que un nombre.\u201d\" \/>\n<meta name=\"robots\" content=\"index, follow, max-snippet:-1, max-image-preview:large, max-video-preview:-1\" \/>\n<link rel=\"canonical\" href=\"https:\/\/www.aridane.org\/city\/2023\/05\/18\/el-ayuntamiento-de-los-llanos-de-aridane-abre-el-plazo-de-presentacion-de-la-candidatura-a-los-premios-mujer-destacada\/\" \/>\n<meta property=\"og:locale\" content=\"es_ES\" \/>\n<meta property=\"og:type\" content=\"article\" \/>\n<meta property=\"og:title\" content=\"El Ayuntamiento de Los Llanos de Aridane abre el plazo de presentaci\u00f3n de la candidatura a los premios \u2018Mujer Destacada\u2019 - Ayuntamiento de Los Llanos de Aridane\" \/>\n<meta property=\"og:description\" content=\"El Ayuntamiento de Los Llanos de Aridane presenta el cartel y el programa de La Patrona 2021 con el lema \u201cRemedios, m\u00e1s que un nombre.\u201d\" \/>\n<meta property=\"og:url\" content=\"https:\/\/www.aridane.org\/city\/2023\/05\/18\/el-ayuntamiento-de-los-llanos-de-aridane-abre-el-plazo-de-presentacion-de-la-candidatura-a-los-premios-mujer-destacada\/\" \/>\n<meta property=\"og:site_name\" content=\"Ayuntamiento de Los Llanos de Aridane\" \/>\n<meta property=\"article:published_time\" content=\"2023-05-18T09:36:35+00:00\" \/>\n<meta property=\"article:modified_time\" content=\"2023-07-24T07:54:17+00:00\" \/>\n<meta property=\"og:image\" content=\"https:\/\/www.aridane.org\/city\/wp-content\/uploads\/2023\/05\/premios_mujer_destacada.jpg\" \/>\n\t<meta property=\"og:image:width\" content=\"1200\" \/>\n\t<meta property=\"og:image:height\" content=\"675\" \/>\n\t<meta property=\"og:image:type\" content=\"image\/jpeg\" \/>\n<meta name=\"author\" content=\"Richard Diaz\" \/>\n<meta name=\"twitter:card\" content=\"summary_large_image\" \/>\n<meta name=\"twitter:label1\" content=\"Escrito por\" \/>\n\t<meta name=\"twitter:data1\" content=\"Richard Diaz\" \/>\n\t<meta name=\"twitter:label2\" content=\"Tiempo de lectura\" \/>\n\t<meta name=\"twitter:data2\" content=\"2 minutos\" \/>\n<script type=\"application\/ld+json\" class=\"yoast-schema-graph\">{\"@context\":\"https:\/\/schema.org\",\"@graph\":[{\"@type\":\"WebPage\",\"@id\":\"https:\/\/www.aridane.org\/city\/2023\/05\/18\/el-ayuntamiento-de-los-llanos-de-aridane-abre-el-plazo-de-presentacion-de-la-candidatura-a-los-premios-mujer-destacada\/\",\"url\":\"https:\/\/www.aridane.org\/city\/2023\/05\/18\/el-ayuntamiento-de-los-llanos-de-aridane-abre-el-plazo-de-presentacion-de-la-candidatura-a-los-premios-mujer-destacada\/\",\"name\":\"El Ayuntamiento de Los Llanos de Aridane abre el plazo de presentaci\u00f3n de la candidatura a los premios \u2018Mujer Destacada\u2019 - Ayuntamiento de Los Llanos de Aridane\",\"isPartOf\":{\"@id\":\"https:\/\/www.aridane.org\/city\/#website\"},\"primaryImageOfPage\":{\"@id\":\"https:\/\/www.aridane.org\/city\/2023\/05\/18\/el-ayuntamiento-de-los-llanos-de-aridane-abre-el-plazo-de-presentacion-de-la-candidatura-a-los-premios-mujer-destacada\/#primaryimage\"},\"image\":{\"@id\":\"https:\/\/www.aridane.org\/city\/2023\/05\/18\/el-ayuntamiento-de-los-llanos-de-aridane-abre-el-plazo-de-presentacion-de-la-candidatura-a-los-premios-mujer-destacada\/#primaryimage\"},\"thumbnailUrl\":\"https:\/\/www.aridane.org\/city\/wp-content\/uploads\/2023\/05\/premios_mujer_destacada.jpg\",\"datePublished\":\"2023-05-18T09:36:35+00:00\",\"dateModified\":\"2023-07-24T07:54:17+00:00\",\"author\":{\"@id\":\"https:\/\/www.aridane.org\/city\/#\/schema\/person\/7d352ec7f29881716f298394432e7209\"},\"description\":\"El Ayuntamiento de Los Llanos de Aridane presenta el cartel y el programa de La Patrona 2021 con el lema \u201cRemedios, m\u00e1s que un nombre.\u201d\",\"breadcrumb\":{\"@id\":\"https:\/\/www.aridane.org\/city\/2023\/05\/18\/el-ayuntamiento-de-los-llanos-de-aridane-abre-el-plazo-de-presentacion-de-la-candidatura-a-los-premios-mujer-destacada\/#breadcrumb\"},\"inLanguage\":\"es\",\"potentialAction\":[{\"@type\":\"ReadAction\",\"target\":[\"https:\/\/www.aridane.org\/city\/2023\/05\/18\/el-ayuntamiento-de-los-llanos-de-aridane-abre-el-plazo-de-presentacion-de-la-candidatura-a-los-premios-mujer-destacada\/\"]}]},{\"@type\":\"ImageObject\",\"inLanguage\":\"es\",\"@id\":\"https:\/\/www.aridane.org\/city\/2023\/05\/18\/el-ayuntamiento-de-los-llanos-de-aridane-abre-el-plazo-de-presentacion-de-la-candidatura-a-los-premios-mujer-destacada\/#primaryimage\",\"url\":\"https:\/\/www.aridane.org\/city\/wp-content\/uploads\/2023\/05\/premios_mujer_destacada.jpg\",\"contentUrl\":\"https:\/\/www.aridane.org\/city\/wp-content\/uploads\/2023\/05\/premios_mujer_destacada.jpg\",\"width\":1200,\"height\":675},{\"@type\":\"BreadcrumbList\",\"@id\":\"https:\/\/www.aridane.org\/city\/2023\/05\/18\/el-ayuntamiento-de-los-llanos-de-aridane-abre-el-plazo-de-presentacion-de-la-candidatura-a-los-premios-mujer-destacada\/#breadcrumb\",\"itemListElement\":[{\"@type\":\"ListItem\",\"position\":1,\"name\":\"Portada\",\"item\":\"https:\/\/www.aridane.org\/city\/\"},{\"@type\":\"ListItem\",\"position\":2,\"name\":\"El Ayuntamiento de Los Llanos de Aridane abre el plazo de presentaci\u00f3n de la candidatura a los premios \u2018Mujer Destacada\u2019\"}]},{\"@type\":\"WebSite\",\"@id\":\"https:\/\/www.aridane.org\/city\/#website\",\"url\":\"https:\/\/www.aridane.org\/city\/\",\"name\":\"Ayuntamiento de Los Llanos de Aridane\",\"description\":\"\",\"potentialAction\":[{\"@type\":\"SearchAction\",\"target\":{\"@type\":\"EntryPoint\",\"urlTemplate\":\"https:\/\/www.aridane.org\/city\/?s={search_term_string}\"},\"query-input\":\"required name=search_term_string\"}],\"inLanguage\":\"es\"},{\"@type\":\"Person\",\"@id\":\"https:\/\/www.aridane.org\/city\/#\/schema\/person\/7d352ec7f29881716f298394432e7209\",\"name\":\"Richard Diaz\",\"image\":{\"@type\":\"ImageObject\",\"inLanguage\":\"es\",\"@id\":\"https:\/\/www.aridane.org\/city\/#\/schema\/person\/image\/\",\"url\":\"https:\/\/secure.gravatar.com\/avatar\/bacd6aefc26a4a204943090a4c596cd10f0857081ef3cfd12084a70ecb3161d5?s=96&d=mm&r=g\",\"contentUrl\":\"https:\/\/secure.gravatar.com\/avatar\/bacd6aefc26a4a204943090a4c596cd10f0857081ef3cfd12084a70ecb3161d5?s=96&d=mm&r=g\",\"caption\":\"Richard Diaz\"},\"sameAs\":[\"https:\/\/www.aridane.org\/city\"],\"url\":\"https:\/\/www.aridane.org\/city\/author\/richard-diaz\/\"}]}<\/script>\n<!-- \/ Yoast SEO plugin. -->","yoast_head_json":{"title":"El Ayuntamiento de Los Llanos de Aridane abre el plazo de presentaci\u00f3n de la candidatura a los premios \u2018Mujer Destacada\u2019 - Ayuntamiento de Los Llanos de Aridane","description":"El Ayuntamiento de Los Llanos de Aridane presenta el cartel y el programa de La Patrona 2021 con el lema \u201cRemedios, m\u00e1s que un nombre.\u201d","robots":{"index":"index","follow":"follow","max-snippet":"max-snippet:-1","max-image-preview":"max-image-preview:large","max-video-preview":"max-video-preview:-1"},"canonical":"https:\/\/www.aridane.org\/city\/2023\/05\/18\/el-ayuntamiento-de-los-llanos-de-aridane-abre-el-plazo-de-presentacion-de-la-candidatura-a-los-premios-mujer-destacada\/","og_locale":"es_ES","og_type":"article","og_title":"El Ayuntamiento de Los Llanos de Aridane abre el plazo de presentaci\u00f3n de la candidatura a los premios \u2018Mujer Destacada\u2019 - Ayuntamiento de Los Llanos de Aridane","og_description":"El Ayuntamiento de Los Llanos de Aridane presenta el cartel y el programa de La Patrona 2021 con el lema \u201cRemedios, m\u00e1s que un nombre.\u201d","og_url":"https:\/\/www.aridane.org\/city\/2023\/05\/18\/el-ayuntamiento-de-los-llanos-de-aridane-abre-el-plazo-de-presentacion-de-la-candidatura-a-los-premios-mujer-destacada\/","og_site_name":"Ayuntamiento de Los Llanos de Aridane","article_published_time":"2023-05-18T09:36:35+00:00","article_modified_time":"2023-07-24T07:54:17+00:00","og_image":[{"width":1200,"height":675,"url":"https:\/\/www.aridane.org\/city\/wp-content\/uploads\/2023\/05\/premios_mujer_destacada.jpg","type":"image\/jpeg"}],"author":"Richard Diaz","twitter_card":"summary_large_image","twitter_misc":{"Escrito por":"Richard Diaz","Tiempo de lectura":"2 minutos"},"schema":{"@context":"https:\/\/schema.org","@graph":[{"@type":"WebPage","@id":"https:\/\/www.aridane.org\/city\/2023\/05\/18\/el-ayuntamiento-de-los-llanos-de-aridane-abre-el-plazo-de-presentacion-de-la-candidatura-a-los-premios-mujer-destacada\/","url":"https:\/\/www.aridane.org\/city\/2023\/05\/18\/el-ayuntamiento-de-los-llanos-de-aridane-abre-el-plazo-de-presentacion-de-la-candidatura-a-los-premios-mujer-destacada\/","name":"El Ayuntamiento de Los Llanos de Aridane abre el plazo de presentaci\u00f3n de la candidatura a los premios \u2018Mujer Destacada\u2019 - Ayuntamiento de Los Llanos de Aridane","isPartOf":{"@id":"https:\/\/www.aridane.org\/city\/#website"},"primaryImageOfPage":{"@id":"https:\/\/www.aridane.org\/city\/2023\/05\/18\/el-ayuntamiento-de-los-llanos-de-aridane-abre-el-plazo-de-presentacion-de-la-candidatura-a-los-premios-mujer-destacada\/#primaryimage"},"image":{"@id":"https:\/\/www.aridane.org\/city\/2023\/05\/18\/el-ayuntamiento-de-los-llanos-de-aridane-abre-el-plazo-de-presentacion-de-la-candidatura-a-los-premios-mujer-destacada\/#primaryimage"},"thumbnailUrl":"https:\/\/www.aridane.org\/city\/wp-content\/uploads\/2023\/05\/premios_mujer_destacada.jpg","datePublished":"2023-05-18T09:36:35+00:00","dateModified":"2023-07-24T07:54:17+00:00","author":{"@id":"https:\/\/www.aridane.org\/city\/#\/schema\/person\/7d352ec7f29881716f298394432e7209"},"description":"El Ayuntamiento de Los Llanos de Aridane presenta el cartel y el programa de La Patrona 2021 con el lema \u201cRemedios, m\u00e1s que un nombre.\u201d","breadcrumb":{"@id":"https:\/\/www.aridane.org\/city\/2023\/05\/18\/el-ayuntamiento-de-los-llanos-de-aridane-abre-el-plazo-de-presentacion-de-la-candidatura-a-los-premios-mujer-destacada\/#breadcrumb"},"inLanguage":"es","potentialAction":[{"@type":"ReadAction","target":["https:\/\/www.aridane.org\/city\/2023\/05\/18\/el-ayuntamiento-de-los-llanos-de-aridane-abre-el-plazo-de-presentacion-de-la-candidatura-a-los-premios-mujer-destacada\/"]}]},{"@type":"ImageObject","inLanguage":"es","@id":"https:\/\/www.aridane.org\/city\/2023\/05\/18\/el-ayuntamiento-de-los-llanos-de-aridane-abre-el-plazo-de-presentacion-de-la-candidatura-a-los-premios-mujer-destacada\/#primaryimage","url":"https:\/\/www.aridane.org\/city\/wp-content\/uploads\/2023\/05\/premios_mujer_destacada.jpg","contentUrl":"https:\/\/www.aridane.org\/city\/wp-content\/uploads\/2023\/05\/premios_mujer_destacada.jpg","width":1200,"height":675},{"@type":"BreadcrumbList","@id":"https:\/\/www.aridane.org\/city\/2023\/05\/18\/el-ayuntamiento-de-los-llanos-de-aridane-abre-el-plazo-de-presentacion-de-la-candidatura-a-los-premios-mujer-destacada\/#breadcrumb","itemListElement":[{"@type":"ListItem","position":1,"name":"Portada","item":"https:\/\/www.aridane.org\/city\/"},{"@type":"ListItem","position":2,"name":"El Ayuntamiento de Los Llanos de Aridane abre el plazo de presentaci\u00f3n de la candidatura a los premios \u2018Mujer Destacada\u2019"}]},{"@type":"WebSite","@id":"https:\/\/www.aridane.org\/city\/#website","url":"https:\/\/www.aridane.org\/city\/","name":"Ayuntamiento de Los Llanos de Aridane","description":"","potentialAction":[{"@type":"SearchAction","target":{"@type":"EntryPoint","urlTemplate":"https:\/\/www.aridane.org\/city\/?s={search_term_string}"},"query-input":"required name=search_term_string"}],"inLanguage":"es"},{"@type":"Person","@id":"https:\/\/www.aridane.org\/city\/#\/schema\/person\/7d352ec7f29881716f298394432e7209","name":"Richard Diaz","image":{"@type":"ImageObject","inLanguage":"es","@id":"https:\/\/www.aridane.org\/city\/#\/schema\/person\/image\/","url":"https:\/\/secure.gravatar.com\/avatar\/bacd6aefc26a4a204943090a4c596cd10f0857081ef3cfd12084a70ecb3161d5?s=96&d=mm&r=g","contentUrl":"https:\/\/secure.gravatar.com\/avatar\/bacd6aefc26a4a204943090a4c596cd10f0857081ef3cfd12084a70ecb3161d5?s=96&d=mm&r=g","caption":"Richard Diaz"},"sameAs":["https:\/\/www.aridane.org\/city"],"url":"https:\/\/www.aridane.org\/city\/author\/richard-diaz\/"}]}},"_links":{"self":[{"href":"https:\/\/www.aridane.org\/city\/wp-json\/wp\/v2\/posts\/1941","targetHints":{"allow":["GET"]}}],"collection":[{"href":"https:\/\/www.aridane.org\/city\/wp-json\/wp\/v2\/posts"}],"about":[{"href":"https:\/\/www.aridane.org\/city\/wp-json\/wp\/v2\/types\/post"}],"author":[{"embeddable":true,"href":"https:\/\/www.aridane.org\/city\/wp-json\/wp\/v2\/users\/1"}],"replies":[{"embeddable":true,"href":"https:\/\/www.aridane.org\/city\/wp-json\/wp\/v2\/comments?post=1941"}],"version-history":[{"count":1,"href":"https:\/\/www.aridane.org\/city\/wp-json\/wp\/v2\/posts\/1941\/revisions"}],"predecessor-version":[{"id":2457,"href":"https:\/\/www.aridane.org\/city\/wp-json\/wp\/v2\/posts\/1941\/revisions\/2457"}],"wp:featuredmedia":[{"embeddable":true,"href":"https:\/\/www.aridane.org\/city\/wp-json\/wp\/v2\/media\/2456"}],"wp:attachment":[{"href":"https:\/\/www.aridane.org\/city\/wp-json\/wp\/v2\/media?parent=1941"}],"wp:term":[{"taxonomy":"category","embeddable":true,"href":"https:\/\/www.aridane.org\/city\/wp-json\/wp\/v2\/categories?post=1941"},{"taxonomy":"post_tag","embeddable":true,"href":"https:\/\/www.aridane.org\/city\/wp-json\/wp\/v2\/tags?post=1941"}],"curies":[{"name":"wp","href":"https:\/\/api.w.org\/{rel}","templated":true}]}}