{"id":1942,"date":"2023-05-19T12:58:30","date_gmt":"2023-05-19T11:58:30","guid":{"rendered":"https:\/\/aridane.org\/ciudad\/?p=1788"},"modified":"2023-07-24T07:39:58","modified_gmt":"2023-07-24T07:39:58","slug":"el-ayuntamiento-de-los-llanos-pone-en-valor-el-importante-trabajo-desarrollado-por-los-alumnos-en-el-cuidado-de-huertos-escolares","status":"publish","type":"post","link":"https:\/\/www.aridane.org\/city\/2023\/05\/19\/el-ayuntamiento-de-los-llanos-pone-en-valor-el-importante-trabajo-desarrollado-por-los-alumnos-en-el-cuidado-de-huertos-escolares\/","title":{"rendered":"El Ayuntamiento de Los Llanos pone en valor el importante trabajo desarrollado por los alumnos en el cuidado de huertos escolares"},"content":{"rendered":"<section class=\"wpb-content-wrapper\"><p>[vc_row css_animation=\u00bb\u00bb row_type=\u00bbrow\u00bb use_row_as_full_screen_section=\u00bbno\u00bb type=\u00bbfull_width\u00bb angled_section=\u00bbno\u00bb text_align=\u00bbleft\u00bb background_image_as_pattern=\u00bbwithout_pattern\u00bb][vc_column][vc_row_inner row_type=\u00bbrow\u00bb type=\u00bbgrid\u00bb text_align=\u00bbleft\u00bb css_animation=\u00bb\u00bb][vc_column_inner][vc_empty_space height=\u00bb20px\u00bb][vc_empty_space height=\u00bb20px\u00bb][\/vc_column_inner][\/vc_row_inner][vc_column_text]<\/p>\n<ul>\n<li><em>Desde el Consistorio recuerdan que en estos momentos hay 7 huertos, y se\u00f1alan que a lo largo de este a\u00f1o se les ha dotado de herramientas; arc\u00f3n para guardar las herramientas y plantones de verduras; semillas y lechugas, y se les ha ofrecido charlas.<\/em><\/li>\n<\/ul>\n<p>&nbsp;<\/p>\n<p><strong>Los Llanos de Aridane, 19 de mayo de 2023.- <\/strong>El Ayuntamiento de Los Llanos de Aridane, a trav\u00e9s de la concejal de Agricultura, Inmaculada Fern\u00e1ndez, y en colaboraci\u00f3n con la empresa de\u00a0 asesoramiento medioambiental ASTEYMA, \u201chan valorado positivamente el trabajado de cuidado y mantenimiento que han llevado a cabo los alumnos del municipio en los huertos escolares\u201d, se\u00f1ala.<\/p>\n<p>Fern\u00e1ndez destaca que en total hay 7 huertos, y explica que \u201ca lo largo de este curso se les ha ido dotando del material necesario para poder remover la tierra; arc\u00f3n para guardar las herramientas; plantones de verduras, fresas, y semillas para plantar lechugas. Adem\u00e1s, se les ha ofrecido charlas para conocer los beneficios de todos los seres vivos que lo habitan, el ahorro del agua y sobre tareas de mantenimiento de los mismos\u201d.<\/p>\n<p>Por \u00faltimo, la concejal se\u00f1ala que estos huertos responden al compromiso que existe desde el Consistorio aridanense por \u201cpromover una alimentaci\u00f3n saludable entre el alumnado, y seguir incentivando el cuidado al campo y a la agricultura, un sector estrechamente arraigado en nuestro municipio\u201d.[\/vc_column_text][\/vc_column][\/vc_row]<\/p>\n<\/section>","protected":false},"excerpt":{"rendered":"<p>[vc_row css_animation=\u00bb\u00bb row_type=\u00bbrow\u00bb use_row_as_full_screen_section=\u00bbno\u00bb type=\u00bbfull_width\u00bb angled_section=\u00bbno\u00bb text_align=\u00bbleft\u00bb background_image_as_pattern=\u00bbwithout_pattern\u00bb][vc_column][vc_row_inner row_type=\u00bbrow\u00bb type=\u00bbgrid\u00bb text_align=\u00bbleft\u00bb css_animation=\u00bb\u00bb][vc_column_inner][vc_empty_space height=\u00bb20px\u00bb][vc_empty_space height=\u00bb20px\u00bb][\/vc_column_inner][\/vc_row_inner][vc_column_text] Desde el Consistorio recuerdan que en estos momentos hay 7 huertos, y se\u00f1alan que a lo largo de este a\u00f1o se les ha dotado de herramientas; arc\u00f3n para guardar las herramientas&#8230;<\/p>\n","protected":false},"author":1,"featured_media":2454,"comment_status":"closed","ping_status":"open","sticky":false,"template":"","format":"standard","meta":{"footnotes":""},"categories":[6],"tags":[],"class_list":["post-1942","post","type-post","status-publish","format-standard","has-post-thumbnail","hentry","category-prensa"],"yoast_head":"<!-- This site is optimized with the Yoast SEO plugin v22.7 - https:\/\/yoast.com\/wordpress\/plugins\/seo\/ -->\n<title>El Ayuntamiento de Los Llanos pone en valor el importante trabajo desarrollado por los alumnos en el cuidado de huertos escolares - Ayuntamiento de Los Llanos de Aridane<\/title>\n<meta name=\"description\" content=\"El Ayuntamiento de Los Llanos de Aridane presenta el cartel y el programa de La Patrona 2021 con el lema \u201cRemedios, m\u00e1s que un nombre.\u201d\" \/>\n<meta name=\"robots\" content=\"index, follow, max-snippet:-1, max-image-preview:large, max-video-preview:-1\" \/>\n<link rel=\"canonical\" href=\"https:\/\/www.aridane.org\/city\/2023\/05\/19\/el-ayuntamiento-de-los-llanos-pone-en-valor-el-importante-trabajo-desarrollado-por-los-alumnos-en-el-cuidado-de-huertos-escolares\/\" \/>\n<meta property=\"og:locale\" content=\"es_ES\" \/>\n<meta property=\"og:type\" content=\"article\" \/>\n<meta property=\"og:title\" content=\"El Ayuntamiento de Los Llanos pone en valor el importante trabajo desarrollado por los alumnos en el cuidado de huertos escolares - Ayuntamiento de Los Llanos de Aridane\" \/>\n<meta property=\"og:description\" content=\"El Ayuntamiento de Los Llanos de Aridane presenta el cartel y el programa de La Patrona 2021 con el lema \u201cRemedios, m\u00e1s que un nombre.\u201d\" \/>\n<meta property=\"og:url\" content=\"https:\/\/www.aridane.org\/city\/2023\/05\/19\/el-ayuntamiento-de-los-llanos-pone-en-valor-el-importante-trabajo-desarrollado-por-los-alumnos-en-el-cuidado-de-huertos-escolares\/\" \/>\n<meta property=\"og:site_name\" content=\"Ayuntamiento de Los Llanos de Aridane\" \/>\n<meta property=\"article:published_time\" content=\"2023-05-19T11:58:30+00:00\" \/>\n<meta property=\"article:modified_time\" content=\"2023-07-24T07:39:58+00:00\" \/>\n<meta property=\"og:image\" content=\"https:\/\/www.aridane.org\/city\/wp-content\/uploads\/2023\/05\/huerto_urbano.jpg\" \/>\n\t<meta property=\"og:image:width\" content=\"1200\" \/>\n\t<meta property=\"og:image:height\" content=\"675\" \/>\n\t<meta property=\"og:image:type\" content=\"image\/jpeg\" \/>\n<meta name=\"author\" content=\"Richard Diaz\" \/>\n<meta name=\"twitter:card\" content=\"summary_large_image\" \/>\n<meta name=\"twitter:label1\" content=\"Escrito por\" \/>\n\t<meta name=\"twitter:data1\" content=\"Richard Diaz\" \/>\n\t<meta name=\"twitter:label2\" content=\"Tiempo de lectura\" \/>\n\t<meta name=\"twitter:data2\" content=\"2 minutos\" \/>\n<script type=\"application\/ld+json\" class=\"yoast-schema-graph\">{\"@context\":\"https:\/\/schema.org\",\"@graph\":[{\"@type\":\"WebPage\",\"@id\":\"https:\/\/www.aridane.org\/city\/2023\/05\/19\/el-ayuntamiento-de-los-llanos-pone-en-valor-el-importante-trabajo-desarrollado-por-los-alumnos-en-el-cuidado-de-huertos-escolares\/\",\"url\":\"https:\/\/www.aridane.org\/city\/2023\/05\/19\/el-ayuntamiento-de-los-llanos-pone-en-valor-el-importante-trabajo-desarrollado-por-los-alumnos-en-el-cuidado-de-huertos-escolares\/\",\"name\":\"El Ayuntamiento de Los Llanos pone en valor el importante trabajo desarrollado por los alumnos en el cuidado de huertos escolares - Ayuntamiento de Los Llanos de Aridane\",\"isPartOf\":{\"@id\":\"https:\/\/www.aridane.org\/city\/#website\"},\"primaryImageOfPage\":{\"@id\":\"https:\/\/www.aridane.org\/city\/2023\/05\/19\/el-ayuntamiento-de-los-llanos-pone-en-valor-el-importante-trabajo-desarrollado-por-los-alumnos-en-el-cuidado-de-huertos-escolares\/#primaryimage\"},\"image\":{\"@id\":\"https:\/\/www.aridane.org\/city\/2023\/05\/19\/el-ayuntamiento-de-los-llanos-pone-en-valor-el-importante-trabajo-desarrollado-por-los-alumnos-en-el-cuidado-de-huertos-escolares\/#primaryimage\"},\"thumbnailUrl\":\"https:\/\/www.aridane.org\/city\/wp-content\/uploads\/2023\/05\/huerto_urbano.jpg\",\"datePublished\":\"2023-05-19T11:58:30+00:00\",\"dateModified\":\"2023-07-24T07:39:58+00:00\",\"author\":{\"@id\":\"https:\/\/www.aridane.org\/city\/#\/schema\/person\/7d352ec7f29881716f298394432e7209\"},\"description\":\"El Ayuntamiento de Los Llanos de Aridane presenta el cartel y el programa de La Patrona 2021 con el lema \u201cRemedios, m\u00e1s que un nombre.\u201d\",\"breadcrumb\":{\"@id\":\"https:\/\/www.aridane.org\/city\/2023\/05\/19\/el-ayuntamiento-de-los-llanos-pone-en-valor-el-importante-trabajo-desarrollado-por-los-alumnos-en-el-cuidado-de-huertos-escolares\/#breadcrumb\"},\"inLanguage\":\"es\",\"potentialAction\":[{\"@type\":\"ReadAction\",\"target\":[\"https:\/\/www.aridane.org\/city\/2023\/05\/19\/el-ayuntamiento-de-los-llanos-pone-en-valor-el-importante-trabajo-desarrollado-por-los-alumnos-en-el-cuidado-de-huertos-escolares\/\"]}]},{\"@type\":\"ImageObject\",\"inLanguage\":\"es\",\"@id\":\"https:\/\/www.aridane.org\/city\/2023\/05\/19\/el-ayuntamiento-de-los-llanos-pone-en-valor-el-importante-trabajo-desarrollado-por-los-alumnos-en-el-cuidado-de-huertos-escolares\/#primaryimage\",\"url\":\"https:\/\/www.aridane.org\/city\/wp-content\/uploads\/2023\/05\/huerto_urbano.jpg\",\"contentUrl\":\"https:\/\/www.aridane.org\/city\/wp-content\/uploads\/2023\/05\/huerto_urbano.jpg\",\"width\":1200,\"height\":675},{\"@type\":\"BreadcrumbList\",\"@id\":\"https:\/\/www.aridane.org\/city\/2023\/05\/19\/el-ayuntamiento-de-los-llanos-pone-en-valor-el-importante-trabajo-desarrollado-por-los-alumnos-en-el-cuidado-de-huertos-escolares\/#breadcrumb\",\"itemListElement\":[{\"@type\":\"ListItem\",\"position\":1,\"name\":\"Portada\",\"item\":\"https:\/\/www.aridane.org\/city\/\"},{\"@type\":\"ListItem\",\"position\":2,\"name\":\"El Ayuntamiento de Los Llanos pone en valor el importante trabajo desarrollado por los alumnos en el cuidado de huertos escolares\"}]},{\"@type\":\"WebSite\",\"@id\":\"https:\/\/www.aridane.org\/city\/#website\",\"url\":\"https:\/\/www.aridane.org\/city\/\",\"name\":\"Ayuntamiento de Los Llanos de Aridane\",\"description\":\"\",\"potentialAction\":[{\"@type\":\"SearchAction\",\"target\":{\"@type\":\"EntryPoint\",\"urlTemplate\":\"https:\/\/www.aridane.org\/city\/?s={search_term_string}\"},\"query-input\":\"required name=search_term_string\"}],\"inLanguage\":\"es\"},{\"@type\":\"Person\",\"@id\":\"https:\/\/www.aridane.org\/city\/#\/schema\/person\/7d352ec7f29881716f298394432e7209\",\"name\":\"Richard Diaz\",\"image\":{\"@type\":\"ImageObject\",\"inLanguage\":\"es\",\"@id\":\"https:\/\/www.aridane.org\/city\/#\/schema\/person\/image\/\",\"url\":\"https:\/\/secure.gravatar.com\/avatar\/bacd6aefc26a4a204943090a4c596cd10f0857081ef3cfd12084a70ecb3161d5?s=96&d=mm&r=g\",\"contentUrl\":\"https:\/\/secure.gravatar.com\/avatar\/bacd6aefc26a4a204943090a4c596cd10f0857081ef3cfd12084a70ecb3161d5?s=96&d=mm&r=g\",\"caption\":\"Richard Diaz\"},\"sameAs\":[\"https:\/\/www.aridane.org\/city\"],\"url\":\"https:\/\/www.aridane.org\/city\/author\/richard-diaz\/\"}]}<\/script>\n<!-- \/ Yoast SEO plugin. -->","yoast_head_json":{"title":"El Ayuntamiento de Los Llanos pone en valor el importante trabajo desarrollado por los alumnos en el cuidado de huertos escolares - Ayuntamiento de Los Llanos de Aridane","description":"El Ayuntamiento de Los Llanos de Aridane presenta el cartel y el programa de La Patrona 2021 con el lema \u201cRemedios, m\u00e1s que un nombre.\u201d","robots":{"index":"index","follow":"follow","max-snippet":"max-snippet:-1","max-image-preview":"max-image-preview:large","max-video-preview":"max-video-preview:-1"},"canonical":"https:\/\/www.aridane.org\/city\/2023\/05\/19\/el-ayuntamiento-de-los-llanos-pone-en-valor-el-importante-trabajo-desarrollado-por-los-alumnos-en-el-cuidado-de-huertos-escolares\/","og_locale":"es_ES","og_type":"article","og_title":"El Ayuntamiento de Los Llanos pone en valor el importante trabajo desarrollado por los alumnos en el cuidado de huertos escolares - Ayuntamiento de Los Llanos de Aridane","og_description":"El Ayuntamiento de Los Llanos de Aridane presenta el cartel y el programa de La Patrona 2021 con el lema \u201cRemedios, m\u00e1s que un nombre.\u201d","og_url":"https:\/\/www.aridane.org\/city\/2023\/05\/19\/el-ayuntamiento-de-los-llanos-pone-en-valor-el-importante-trabajo-desarrollado-por-los-alumnos-en-el-cuidado-de-huertos-escolares\/","og_site_name":"Ayuntamiento de Los Llanos de Aridane","article_published_time":"2023-05-19T11:58:30+00:00","article_modified_time":"2023-07-24T07:39:58+00:00","og_image":[{"width":1200,"height":675,"url":"https:\/\/www.aridane.org\/city\/wp-content\/uploads\/2023\/05\/huerto_urbano.jpg","type":"image\/jpeg"}],"author":"Richard Diaz","twitter_card":"summary_large_image","twitter_misc":{"Escrito por":"Richard Diaz","Tiempo de lectura":"2 minutos"},"schema":{"@context":"https:\/\/schema.org","@graph":[{"@type":"WebPage","@id":"https:\/\/www.aridane.org\/city\/2023\/05\/19\/el-ayuntamiento-de-los-llanos-pone-en-valor-el-importante-trabajo-desarrollado-por-los-alumnos-en-el-cuidado-de-huertos-escolares\/","url":"https:\/\/www.aridane.org\/city\/2023\/05\/19\/el-ayuntamiento-de-los-llanos-pone-en-valor-el-importante-trabajo-desarrollado-por-los-alumnos-en-el-cuidado-de-huertos-escolares\/","name":"El Ayuntamiento de Los Llanos pone en valor el importante trabajo desarrollado por los alumnos en el cuidado de huertos escolares - Ayuntamiento de Los Llanos de Aridane","isPartOf":{"@id":"https:\/\/www.aridane.org\/city\/#website"},"primaryImageOfPage":{"@id":"https:\/\/www.aridane.org\/city\/2023\/05\/19\/el-ayuntamiento-de-los-llanos-pone-en-valor-el-importante-trabajo-desarrollado-por-los-alumnos-en-el-cuidado-de-huertos-escolares\/#primaryimage"},"image":{"@id":"https:\/\/www.aridane.org\/city\/2023\/05\/19\/el-ayuntamiento-de-los-llanos-pone-en-valor-el-importante-trabajo-desarrollado-por-los-alumnos-en-el-cuidado-de-huertos-escolares\/#primaryimage"},"thumbnailUrl":"https:\/\/www.aridane.org\/city\/wp-content\/uploads\/2023\/05\/huerto_urbano.jpg","datePublished":"2023-05-19T11:58:30+00:00","dateModified":"2023-07-24T07:39:58+00:00","author":{"@id":"https:\/\/www.aridane.org\/city\/#\/schema\/person\/7d352ec7f29881716f298394432e7209"},"description":"El Ayuntamiento de Los Llanos de Aridane presenta el cartel y el programa de La Patrona 2021 con el lema \u201cRemedios, m\u00e1s que un nombre.\u201d","breadcrumb":{"@id":"https:\/\/www.aridane.org\/city\/2023\/05\/19\/el-ayuntamiento-de-los-llanos-pone-en-valor-el-importante-trabajo-desarrollado-por-los-alumnos-en-el-cuidado-de-huertos-escolares\/#breadcrumb"},"inLanguage":"es","potentialAction":[{"@type":"ReadAction","target":["https:\/\/www.aridane.org\/city\/2023\/05\/19\/el-ayuntamiento-de-los-llanos-pone-en-valor-el-importante-trabajo-desarrollado-por-los-alumnos-en-el-cuidado-de-huertos-escolares\/"]}]},{"@type":"ImageObject","inLanguage":"es","@id":"https:\/\/www.aridane.org\/city\/2023\/05\/19\/el-ayuntamiento-de-los-llanos-pone-en-valor-el-importante-trabajo-desarrollado-por-los-alumnos-en-el-cuidado-de-huertos-escolares\/#primaryimage","url":"https:\/\/www.aridane.org\/city\/wp-content\/uploads\/2023\/05\/huerto_urbano.jpg","contentUrl":"https:\/\/www.aridane.org\/city\/wp-content\/uploads\/2023\/05\/huerto_urbano.jpg","width":1200,"height":675},{"@type":"BreadcrumbList","@id":"https:\/\/www.aridane.org\/city\/2023\/05\/19\/el-ayuntamiento-de-los-llanos-pone-en-valor-el-importante-trabajo-desarrollado-por-los-alumnos-en-el-cuidado-de-huertos-escolares\/#breadcrumb","itemListElement":[{"@type":"ListItem","position":1,"name":"Portada","item":"https:\/\/www.aridane.org\/city\/"},{"@type":"ListItem","position":2,"name":"El Ayuntamiento de Los Llanos pone en valor el importante trabajo desarrollado por los alumnos en el cuidado de huertos escolares"}]},{"@type":"WebSite","@id":"https:\/\/www.aridane.org\/city\/#website","url":"https:\/\/www.aridane.org\/city\/","name":"Ayuntamiento de Los Llanos de Aridane","description":"","potentialAction":[{"@type":"SearchAction","target":{"@type":"EntryPoint","urlTemplate":"https:\/\/www.aridane.org\/city\/?s={search_term_string}"},"query-input":"required name=search_term_string"}],"inLanguage":"es"},{"@type":"Person","@id":"https:\/\/www.aridane.org\/city\/#\/schema\/person\/7d352ec7f29881716f298394432e7209","name":"Richard Diaz","image":{"@type":"ImageObject","inLanguage":"es","@id":"https:\/\/www.aridane.org\/city\/#\/schema\/person\/image\/","url":"https:\/\/secure.gravatar.com\/avatar\/bacd6aefc26a4a204943090a4c596cd10f0857081ef3cfd12084a70ecb3161d5?s=96&d=mm&r=g","contentUrl":"https:\/\/secure.gravatar.com\/avatar\/bacd6aefc26a4a204943090a4c596cd10f0857081ef3cfd12084a70ecb3161d5?s=96&d=mm&r=g","caption":"Richard Diaz"},"sameAs":["https:\/\/www.aridane.org\/city"],"url":"https:\/\/www.aridane.org\/city\/author\/richard-diaz\/"}]}},"_links":{"self":[{"href":"https:\/\/www.aridane.org\/city\/wp-json\/wp\/v2\/posts\/1942","targetHints":{"allow":["GET"]}}],"collection":[{"href":"https:\/\/www.aridane.org\/city\/wp-json\/wp\/v2\/posts"}],"about":[{"href":"https:\/\/www.aridane.org\/city\/wp-json\/wp\/v2\/types\/post"}],"author":[{"embeddable":true,"href":"https:\/\/www.aridane.org\/city\/wp-json\/wp\/v2\/users\/1"}],"replies":[{"embeddable":true,"href":"https:\/\/www.aridane.org\/city\/wp-json\/wp\/v2\/comments?post=1942"}],"version-history":[{"count":1,"href":"https:\/\/www.aridane.org\/city\/wp-json\/wp\/v2\/posts\/1942\/revisions"}],"predecessor-version":[{"id":2455,"href":"https:\/\/www.aridane.org\/city\/wp-json\/wp\/v2\/posts\/1942\/revisions\/2455"}],"wp:featuredmedia":[{"embeddable":true,"href":"https:\/\/www.aridane.org\/city\/wp-json\/wp\/v2\/media\/2454"}],"wp:attachment":[{"href":"https:\/\/www.aridane.org\/city\/wp-json\/wp\/v2\/media?parent=1942"}],"wp:term":[{"taxonomy":"category","embeddable":true,"href":"https:\/\/www.aridane.org\/city\/wp-json\/wp\/v2\/categories?post=1942"},{"taxonomy":"post_tag","embeddable":true,"href":"https:\/\/www.aridane.org\/city\/wp-json\/wp\/v2\/tags?post=1942"}],"curies":[{"name":"wp","href":"https:\/\/api.w.org\/{rel}","templated":true}]}}