{"id":1943,"date":"2023-05-24T13:56:42","date_gmt":"2023-05-24T12:56:42","guid":{"rendered":"https:\/\/aridane.org\/ciudad\/?p=1791"},"modified":"2023-07-24T07:31:06","modified_gmt":"2023-07-24T07:31:06","slug":"los-llanos-celebrara-el-dia-de-canarias-en-la-plaza-de-argual","status":"publish","type":"post","link":"https:\/\/www.aridane.org\/city\/2023\/05\/24\/los-llanos-celebrara-el-dia-de-canarias-en-la-plaza-de-argual\/","title":{"rendered":"Los Llanos celebrar\u00e1 el D\u00eda de Canarias en La Plaza de Argual"},"content":{"rendered":"<section class=\"wpb-content-wrapper\"><p>[vc_row css_animation=\u00bb\u00bb row_type=\u00bbrow\u00bb use_row_as_full_screen_section=\u00bbno\u00bb type=\u00bbfull_width\u00bb angled_section=\u00bbno\u00bb text_align=\u00bbleft\u00bb background_image_as_pattern=\u00bbwithout_pattern\u00bb][vc_column][vc_row_inner row_type=\u00bbrow\u00bb type=\u00bbgrid\u00bb text_align=\u00bbleft\u00bb css_animation=\u00bb\u00bb][vc_column_inner][vc_empty_space height=\u00bb20px\u00bb][vc_empty_space height=\u00bb20px\u00bb][\/vc_column_inner][\/vc_row_inner][vc_column_text]<\/p>\n<ul>\n<li><em>La alcaldesa confirma que se contar\u00e1 con una amplia programaci\u00f3n, en la que los protagonistas ser\u00e1n los propios vecinos, para rendir homenaje a nuestras ra\u00edces<\/em><\/li>\n<\/ul>\n<p>&nbsp;<\/p>\n<p><strong>Los Llanos de Aridane, 24 de mayo de 2023.- <\/strong>El Ayuntamiento de Los Llanos de Aridane a trav\u00e9s de su alcaldesa, Noelia Garc\u00eda Leal, ha confirmado que \u201ceste a\u00f1o celebraremos el D\u00eda de Canarias con una amplia programaci\u00f3n, cuyo protagonistas ser\u00e1n los propios vecinos, y que se desarrollar\u00e1 en la Plaza de Argual\u201d, se\u00f1ala.<\/p>\n<p>Garc\u00eda Leal explica que las actividades comenzar\u00e1n a las 11:00 horas con la izada de la bandera, \u201cy, a la vez,\u00a0 los asistentes podr\u00e1n disfrutar de la voz de Inma Leal, y la guitarra de Adelto Plasencia\u201d. Seguidamente, afirma, se desarrollar\u00e1 la actuaci\u00f3n de los grupos pertenecientes a la Escuela Municipal de Folclore, \u201cconcretamente La Gueldera, Abangare, y Las Camelias, dirigidos todos tambi\u00e9n por Adelto Plasencia\u201d. Posteriormente, a las 12:00 horas,\u00a0 \u201cest\u00e1 previsto una degustaci\u00f3n de productos t\u00edpicos de Canarias ofrecida a cargo de las asociaciones vecinales del municipio, y a las 13:00 horas ser\u00e1 el momento de actuaci\u00f3n de los A. F. Los Arrieros\u201d. Mientras que, a las 14:00 horas ser\u00e1 actuar\u00e1\u00a0 La Parranda La Laja , \u201cy la asociaci\u00f3n de vecinos Argual ofrecer\u00e1 comida t\u00edpica a los asistentes\u201d.<\/p>\n<p>Por \u00faltimo, desde el Ayuntamiento de Los Llanos se anima a todos los aridanenses, y en general a todos los palmeros, a participar en estas actividades, \u201cpara rendir homenaje a nuestras ra\u00edces, historia y cultura\u201d.[\/vc_column_text][\/vc_column][\/vc_row]<\/p>\n<\/section>","protected":false},"excerpt":{"rendered":"<p>[vc_row css_animation=\u00bb\u00bb row_type=\u00bbrow\u00bb use_row_as_full_screen_section=\u00bbno\u00bb type=\u00bbfull_width\u00bb angled_section=\u00bbno\u00bb text_align=\u00bbleft\u00bb background_image_as_pattern=\u00bbwithout_pattern\u00bb][vc_column][vc_row_inner row_type=\u00bbrow\u00bb type=\u00bbgrid\u00bb text_align=\u00bbleft\u00bb css_animation=\u00bb\u00bb][vc_column_inner][vc_empty_space height=\u00bb20px\u00bb][vc_empty_space height=\u00bb20px\u00bb][\/vc_column_inner][\/vc_row_inner][vc_column_text] La alcaldesa confirma que se contar\u00e1 con una amplia programaci\u00f3n, en la que los protagonistas ser\u00e1n los propios vecinos, para rendir homenaje a nuestras ra\u00edces &nbsp; Los Llanos de Aridane, 24&#8230;<\/p>\n","protected":false},"author":1,"featured_media":2452,"comment_status":"closed","ping_status":"open","sticky":false,"template":"","format":"standard","meta":{"footnotes":""},"categories":[6],"tags":[],"class_list":["post-1943","post","type-post","status-publish","format-standard","has-post-thumbnail","hentry","category-prensa"],"yoast_head":"<!-- This site is optimized with the Yoast SEO plugin v22.7 - https:\/\/yoast.com\/wordpress\/plugins\/seo\/ -->\n<title>Los Llanos celebrar\u00e1 el D\u00eda de Canarias en La Plaza de Argual - Ayuntamiento de Los Llanos de Aridane<\/title>\n<meta name=\"description\" content=\"El Ayuntamiento de Los Llanos de Aridane presenta el cartel y el programa de La Patrona 2021 con el lema \u201cRemedios, m\u00e1s que un nombre.\u201d\" \/>\n<meta name=\"robots\" content=\"index, follow, max-snippet:-1, max-image-preview:large, max-video-preview:-1\" \/>\n<link rel=\"canonical\" href=\"https:\/\/www.aridane.org\/city\/2023\/05\/24\/los-llanos-celebrara-el-dia-de-canarias-en-la-plaza-de-argual\/\" \/>\n<meta property=\"og:locale\" content=\"es_ES\" \/>\n<meta property=\"og:type\" content=\"article\" \/>\n<meta property=\"og:title\" content=\"Los Llanos celebrar\u00e1 el D\u00eda de Canarias en La Plaza de Argual - Ayuntamiento de Los Llanos de Aridane\" \/>\n<meta property=\"og:description\" content=\"El Ayuntamiento de Los Llanos de Aridane presenta el cartel y el programa de La Patrona 2021 con el lema \u201cRemedios, m\u00e1s que un nombre.\u201d\" \/>\n<meta property=\"og:url\" content=\"https:\/\/www.aridane.org\/city\/2023\/05\/24\/los-llanos-celebrara-el-dia-de-canarias-en-la-plaza-de-argual\/\" \/>\n<meta property=\"og:site_name\" content=\"Ayuntamiento de Los Llanos de Aridane\" \/>\n<meta property=\"article:published_time\" content=\"2023-05-24T12:56:42+00:00\" \/>\n<meta property=\"article:modified_time\" content=\"2023-07-24T07:31:06+00:00\" \/>\n<meta property=\"og:image\" content=\"https:\/\/www.aridane.org\/city\/wp-content\/uploads\/2023\/05\/dia_de_canarias_argual.jpg\" \/>\n\t<meta property=\"og:image:width\" content=\"1200\" \/>\n\t<meta property=\"og:image:height\" content=\"675\" \/>\n\t<meta property=\"og:image:type\" content=\"image\/jpeg\" \/>\n<meta name=\"author\" content=\"Richard Diaz\" \/>\n<meta name=\"twitter:card\" content=\"summary_large_image\" \/>\n<meta name=\"twitter:label1\" content=\"Escrito por\" \/>\n\t<meta name=\"twitter:data1\" content=\"Richard Diaz\" \/>\n\t<meta name=\"twitter:label2\" content=\"Tiempo de lectura\" \/>\n\t<meta name=\"twitter:data2\" content=\"2 minutos\" \/>\n<script type=\"application\/ld+json\" class=\"yoast-schema-graph\">{\"@context\":\"https:\/\/schema.org\",\"@graph\":[{\"@type\":\"WebPage\",\"@id\":\"https:\/\/www.aridane.org\/city\/2023\/05\/24\/los-llanos-celebrara-el-dia-de-canarias-en-la-plaza-de-argual\/\",\"url\":\"https:\/\/www.aridane.org\/city\/2023\/05\/24\/los-llanos-celebrara-el-dia-de-canarias-en-la-plaza-de-argual\/\",\"name\":\"Los Llanos celebrar\u00e1 el D\u00eda de Canarias en La Plaza de Argual - Ayuntamiento de Los Llanos de Aridane\",\"isPartOf\":{\"@id\":\"https:\/\/www.aridane.org\/city\/#website\"},\"primaryImageOfPage\":{\"@id\":\"https:\/\/www.aridane.org\/city\/2023\/05\/24\/los-llanos-celebrara-el-dia-de-canarias-en-la-plaza-de-argual\/#primaryimage\"},\"image\":{\"@id\":\"https:\/\/www.aridane.org\/city\/2023\/05\/24\/los-llanos-celebrara-el-dia-de-canarias-en-la-plaza-de-argual\/#primaryimage\"},\"thumbnailUrl\":\"https:\/\/www.aridane.org\/city\/wp-content\/uploads\/2023\/05\/dia_de_canarias_argual.jpg\",\"datePublished\":\"2023-05-24T12:56:42+00:00\",\"dateModified\":\"2023-07-24T07:31:06+00:00\",\"author\":{\"@id\":\"https:\/\/www.aridane.org\/city\/#\/schema\/person\/7d352ec7f29881716f298394432e7209\"},\"description\":\"El Ayuntamiento de Los Llanos de Aridane presenta el cartel y el programa de La Patrona 2021 con el lema \u201cRemedios, m\u00e1s que un nombre.\u201d\",\"breadcrumb\":{\"@id\":\"https:\/\/www.aridane.org\/city\/2023\/05\/24\/los-llanos-celebrara-el-dia-de-canarias-en-la-plaza-de-argual\/#breadcrumb\"},\"inLanguage\":\"es\",\"potentialAction\":[{\"@type\":\"ReadAction\",\"target\":[\"https:\/\/www.aridane.org\/city\/2023\/05\/24\/los-llanos-celebrara-el-dia-de-canarias-en-la-plaza-de-argual\/\"]}]},{\"@type\":\"ImageObject\",\"inLanguage\":\"es\",\"@id\":\"https:\/\/www.aridane.org\/city\/2023\/05\/24\/los-llanos-celebrara-el-dia-de-canarias-en-la-plaza-de-argual\/#primaryimage\",\"url\":\"https:\/\/www.aridane.org\/city\/wp-content\/uploads\/2023\/05\/dia_de_canarias_argual.jpg\",\"contentUrl\":\"https:\/\/www.aridane.org\/city\/wp-content\/uploads\/2023\/05\/dia_de_canarias_argual.jpg\",\"width\":1200,\"height\":675},{\"@type\":\"BreadcrumbList\",\"@id\":\"https:\/\/www.aridane.org\/city\/2023\/05\/24\/los-llanos-celebrara-el-dia-de-canarias-en-la-plaza-de-argual\/#breadcrumb\",\"itemListElement\":[{\"@type\":\"ListItem\",\"position\":1,\"name\":\"Portada\",\"item\":\"https:\/\/www.aridane.org\/city\/\"},{\"@type\":\"ListItem\",\"position\":2,\"name\":\"Los Llanos celebrar\u00e1 el D\u00eda de Canarias en La Plaza de Argual\"}]},{\"@type\":\"WebSite\",\"@id\":\"https:\/\/www.aridane.org\/city\/#website\",\"url\":\"https:\/\/www.aridane.org\/city\/\",\"name\":\"Ayuntamiento de Los Llanos de Aridane\",\"description\":\"\",\"potentialAction\":[{\"@type\":\"SearchAction\",\"target\":{\"@type\":\"EntryPoint\",\"urlTemplate\":\"https:\/\/www.aridane.org\/city\/?s={search_term_string}\"},\"query-input\":\"required name=search_term_string\"}],\"inLanguage\":\"es\"},{\"@type\":\"Person\",\"@id\":\"https:\/\/www.aridane.org\/city\/#\/schema\/person\/7d352ec7f29881716f298394432e7209\",\"name\":\"Richard Diaz\",\"image\":{\"@type\":\"ImageObject\",\"inLanguage\":\"es\",\"@id\":\"https:\/\/www.aridane.org\/city\/#\/schema\/person\/image\/\",\"url\":\"https:\/\/secure.gravatar.com\/avatar\/bacd6aefc26a4a204943090a4c596cd10f0857081ef3cfd12084a70ecb3161d5?s=96&d=mm&r=g\",\"contentUrl\":\"https:\/\/secure.gravatar.com\/avatar\/bacd6aefc26a4a204943090a4c596cd10f0857081ef3cfd12084a70ecb3161d5?s=96&d=mm&r=g\",\"caption\":\"Richard Diaz\"},\"sameAs\":[\"https:\/\/www.aridane.org\/city\"],\"url\":\"https:\/\/www.aridane.org\/city\/author\/richard-diaz\/\"}]}<\/script>\n<!-- \/ Yoast SEO plugin. -->","yoast_head_json":{"title":"Los Llanos celebrar\u00e1 el D\u00eda de Canarias en La Plaza de Argual - Ayuntamiento de Los Llanos de Aridane","description":"El Ayuntamiento de Los Llanos de Aridane presenta el cartel y el programa de La Patrona 2021 con el lema \u201cRemedios, m\u00e1s que un nombre.\u201d","robots":{"index":"index","follow":"follow","max-snippet":"max-snippet:-1","max-image-preview":"max-image-preview:large","max-video-preview":"max-video-preview:-1"},"canonical":"https:\/\/www.aridane.org\/city\/2023\/05\/24\/los-llanos-celebrara-el-dia-de-canarias-en-la-plaza-de-argual\/","og_locale":"es_ES","og_type":"article","og_title":"Los Llanos celebrar\u00e1 el D\u00eda de Canarias en La Plaza de Argual - Ayuntamiento de Los Llanos de Aridane","og_description":"El Ayuntamiento de Los Llanos de Aridane presenta el cartel y el programa de La Patrona 2021 con el lema \u201cRemedios, m\u00e1s que un nombre.\u201d","og_url":"https:\/\/www.aridane.org\/city\/2023\/05\/24\/los-llanos-celebrara-el-dia-de-canarias-en-la-plaza-de-argual\/","og_site_name":"Ayuntamiento de Los Llanos de Aridane","article_published_time":"2023-05-24T12:56:42+00:00","article_modified_time":"2023-07-24T07:31:06+00:00","og_image":[{"width":1200,"height":675,"url":"https:\/\/www.aridane.org\/city\/wp-content\/uploads\/2023\/05\/dia_de_canarias_argual.jpg","type":"image\/jpeg"}],"author":"Richard Diaz","twitter_card":"summary_large_image","twitter_misc":{"Escrito por":"Richard Diaz","Tiempo de lectura":"2 minutos"},"schema":{"@context":"https:\/\/schema.org","@graph":[{"@type":"WebPage","@id":"https:\/\/www.aridane.org\/city\/2023\/05\/24\/los-llanos-celebrara-el-dia-de-canarias-en-la-plaza-de-argual\/","url":"https:\/\/www.aridane.org\/city\/2023\/05\/24\/los-llanos-celebrara-el-dia-de-canarias-en-la-plaza-de-argual\/","name":"Los Llanos celebrar\u00e1 el D\u00eda de Canarias en La Plaza de Argual - Ayuntamiento de Los Llanos de Aridane","isPartOf":{"@id":"https:\/\/www.aridane.org\/city\/#website"},"primaryImageOfPage":{"@id":"https:\/\/www.aridane.org\/city\/2023\/05\/24\/los-llanos-celebrara-el-dia-de-canarias-en-la-plaza-de-argual\/#primaryimage"},"image":{"@id":"https:\/\/www.aridane.org\/city\/2023\/05\/24\/los-llanos-celebrara-el-dia-de-canarias-en-la-plaza-de-argual\/#primaryimage"},"thumbnailUrl":"https:\/\/www.aridane.org\/city\/wp-content\/uploads\/2023\/05\/dia_de_canarias_argual.jpg","datePublished":"2023-05-24T12:56:42+00:00","dateModified":"2023-07-24T07:31:06+00:00","author":{"@id":"https:\/\/www.aridane.org\/city\/#\/schema\/person\/7d352ec7f29881716f298394432e7209"},"description":"El Ayuntamiento de Los Llanos de Aridane presenta el cartel y el programa de La Patrona 2021 con el lema \u201cRemedios, m\u00e1s que un nombre.\u201d","breadcrumb":{"@id":"https:\/\/www.aridane.org\/city\/2023\/05\/24\/los-llanos-celebrara-el-dia-de-canarias-en-la-plaza-de-argual\/#breadcrumb"},"inLanguage":"es","potentialAction":[{"@type":"ReadAction","target":["https:\/\/www.aridane.org\/city\/2023\/05\/24\/los-llanos-celebrara-el-dia-de-canarias-en-la-plaza-de-argual\/"]}]},{"@type":"ImageObject","inLanguage":"es","@id":"https:\/\/www.aridane.org\/city\/2023\/05\/24\/los-llanos-celebrara-el-dia-de-canarias-en-la-plaza-de-argual\/#primaryimage","url":"https:\/\/www.aridane.org\/city\/wp-content\/uploads\/2023\/05\/dia_de_canarias_argual.jpg","contentUrl":"https:\/\/www.aridane.org\/city\/wp-content\/uploads\/2023\/05\/dia_de_canarias_argual.jpg","width":1200,"height":675},{"@type":"BreadcrumbList","@id":"https:\/\/www.aridane.org\/city\/2023\/05\/24\/los-llanos-celebrara-el-dia-de-canarias-en-la-plaza-de-argual\/#breadcrumb","itemListElement":[{"@type":"ListItem","position":1,"name":"Portada","item":"https:\/\/www.aridane.org\/city\/"},{"@type":"ListItem","position":2,"name":"Los Llanos celebrar\u00e1 el D\u00eda de Canarias en La Plaza de Argual"}]},{"@type":"WebSite","@id":"https:\/\/www.aridane.org\/city\/#website","url":"https:\/\/www.aridane.org\/city\/","name":"Ayuntamiento de Los Llanos de Aridane","description":"","potentialAction":[{"@type":"SearchAction","target":{"@type":"EntryPoint","urlTemplate":"https:\/\/www.aridane.org\/city\/?s={search_term_string}"},"query-input":"required name=search_term_string"}],"inLanguage":"es"},{"@type":"Person","@id":"https:\/\/www.aridane.org\/city\/#\/schema\/person\/7d352ec7f29881716f298394432e7209","name":"Richard Diaz","image":{"@type":"ImageObject","inLanguage":"es","@id":"https:\/\/www.aridane.org\/city\/#\/schema\/person\/image\/","url":"https:\/\/secure.gravatar.com\/avatar\/bacd6aefc26a4a204943090a4c596cd10f0857081ef3cfd12084a70ecb3161d5?s=96&d=mm&r=g","contentUrl":"https:\/\/secure.gravatar.com\/avatar\/bacd6aefc26a4a204943090a4c596cd10f0857081ef3cfd12084a70ecb3161d5?s=96&d=mm&r=g","caption":"Richard Diaz"},"sameAs":["https:\/\/www.aridane.org\/city"],"url":"https:\/\/www.aridane.org\/city\/author\/richard-diaz\/"}]}},"_links":{"self":[{"href":"https:\/\/www.aridane.org\/city\/wp-json\/wp\/v2\/posts\/1943","targetHints":{"allow":["GET"]}}],"collection":[{"href":"https:\/\/www.aridane.org\/city\/wp-json\/wp\/v2\/posts"}],"about":[{"href":"https:\/\/www.aridane.org\/city\/wp-json\/wp\/v2\/types\/post"}],"author":[{"embeddable":true,"href":"https:\/\/www.aridane.org\/city\/wp-json\/wp\/v2\/users\/1"}],"replies":[{"embeddable":true,"href":"https:\/\/www.aridane.org\/city\/wp-json\/wp\/v2\/comments?post=1943"}],"version-history":[{"count":1,"href":"https:\/\/www.aridane.org\/city\/wp-json\/wp\/v2\/posts\/1943\/revisions"}],"predecessor-version":[{"id":2453,"href":"https:\/\/www.aridane.org\/city\/wp-json\/wp\/v2\/posts\/1943\/revisions\/2453"}],"wp:featuredmedia":[{"embeddable":true,"href":"https:\/\/www.aridane.org\/city\/wp-json\/wp\/v2\/media\/2452"}],"wp:attachment":[{"href":"https:\/\/www.aridane.org\/city\/wp-json\/wp\/v2\/media?parent=1943"}],"wp:term":[{"taxonomy":"category","embeddable":true,"href":"https:\/\/www.aridane.org\/city\/wp-json\/wp\/v2\/categories?post=1943"},{"taxonomy":"post_tag","embeddable":true,"href":"https:\/\/www.aridane.org\/city\/wp-json\/wp\/v2\/tags?post=1943"}],"curies":[{"name":"wp","href":"https:\/\/api.w.org\/{rel}","templated":true}]}}