{"id":1944,"date":"2023-05-26T09:34:21","date_gmt":"2023-05-26T08:34:21","guid":{"rendered":"https:\/\/aridane.org\/ciudad\/?p=1794"},"modified":"2023-07-24T07:20:43","modified_gmt":"2023-07-24T07:20:43","slug":"garcia-leal-una-vez-mas-el-ayuntamiento-de-los-llanos-de-aridane-cumple-con-sus-proveedores","status":"publish","type":"post","link":"https:\/\/www.aridane.org\/city\/2023\/05\/26\/garcia-leal-una-vez-mas-el-ayuntamiento-de-los-llanos-de-aridane-cumple-con-sus-proveedores\/","title":{"rendered":"Garc\u00eda Leal: \u201cUna vez m\u00e1s, el Ayuntamiento de Los Llanos de Aridane cumple con sus proveedores\u201d"},"content":{"rendered":"<section class=\"wpb-content-wrapper\"><p>[vc_row css_animation=\u00bb\u00bb row_type=\u00bbrow\u00bb use_row_as_full_screen_section=\u00bbno\u00bb type=\u00bbfull_width\u00bb angled_section=\u00bbno\u00bb text_align=\u00bbleft\u00bb background_image_as_pattern=\u00bbwithout_pattern\u00bb][vc_column][vc_row_inner row_type=\u00bbrow\u00bb type=\u00bbgrid\u00bb text_align=\u00bbleft\u00bb css_animation=\u00bb\u00bb][vc_column_inner][vc_empty_space height=\u00bb20px\u00bb][vc_empty_space height=\u00bb20px\u00bb][\/vc_column_inner][\/vc_row_inner][vc_column_text]<\/p>\n<ul>\n<li><em>La alcaldesa se\u00f1ala que en los \u00faltimos d\u00edas se ha abonado m\u00e1s de 1,2 millones de euros en facturas a las empresas y aut\u00f3nomos que han suministrado servicios al Consistorio.<\/em><\/li>\n<li><em>Adem\u00e1s, recuerda que estos fondos son procedentes del Cabildo de La Palma y est\u00e1n destinados a paliar los gastos ocasionados por la emergencia volc\u00e1nica.<\/em><\/li>\n<\/ul>\n<p>&nbsp;<\/p>\n<p><strong>Los Llanos de Aridane, 26 de mayo de 2023.- <\/strong>El Ayuntamiento de Los Llanos de Aridane a trav\u00e9s de su alcaldesa, Noelia Garc\u00eda Leal, ha se\u00f1alado que en los \u00faltimos d\u00edas se ha procedido al abono de m\u00e1s de 1,2\u00a0 millones de euros para el pago de facturas a los proveedores que han prestado servicio al Consistorio.<\/p>\n<p>Garc\u00eda Leal defiende que de esta manera asumimos nuestros compromisos, y \u201cuna vez m\u00e1s, el Ayuntamiento de Los Llanos de Aridane cumple con sus proveedores\u201d.<\/p>\n<p>La alcaldesa tambi\u00e9n ha explicado que este abono se ha podido llevar a cabo gracias al fondo que transfiri\u00f3 el Cabildo de La Palma al Ayuntamiento aridanense, destinado a\u00a0 paliar los gastos relaciones con la erupci\u00f3n del volc\u00e1n. \u201cPor lo que ponemos en valor la agilidad con la que se ha llevado a cabo este tr\u00e1mite, y tambi\u00e9n agradecemos la paciencia que han tenido y est\u00e1n teniendo todas las empresas y aut\u00f3nomos que han prestado y est\u00e1n prestando servicios al Consistorio\u201d.<\/p>\n<p>Por \u00faltimo, desde el Ayuntamiento se\u00f1alan que \u201cnuestro objetivo es volver a recuperar\u00a0 el buen ritmo que ten\u00edamos en el abono de facturas antes de que Los Llanos de Aridane se convirtiera en el municipio m\u00e1s afectado por el volc\u00e1n\u201d.[\/vc_column_text][\/vc_column][\/vc_row]<\/p>\n<\/section>","protected":false},"excerpt":{"rendered":"<p>[vc_row css_animation=\u00bb\u00bb row_type=\u00bbrow\u00bb use_row_as_full_screen_section=\u00bbno\u00bb type=\u00bbfull_width\u00bb angled_section=\u00bbno\u00bb text_align=\u00bbleft\u00bb background_image_as_pattern=\u00bbwithout_pattern\u00bb][vc_column][vc_row_inner row_type=\u00bbrow\u00bb type=\u00bbgrid\u00bb text_align=\u00bbleft\u00bb css_animation=\u00bb\u00bb][vc_column_inner][vc_empty_space height=\u00bb20px\u00bb][vc_empty_space height=\u00bb20px\u00bb][\/vc_column_inner][\/vc_row_inner][vc_column_text] La alcaldesa se\u00f1ala que en los \u00faltimos d\u00edas se ha abonado m\u00e1s de 1,2 millones de euros en facturas a las empresas y aut\u00f3nomos que han suministrado servicios al Consistorio. Adem\u00e1s,&#8230;<\/p>\n","protected":false},"author":1,"featured_media":2450,"comment_status":"closed","ping_status":"open","sticky":false,"template":"","format":"standard","meta":{"footnotes":""},"categories":[6],"tags":[],"class_list":["post-1944","post","type-post","status-publish","format-standard","has-post-thumbnail","hentry","category-prensa"],"yoast_head":"<!-- This site is optimized with the Yoast SEO plugin v22.7 - https:\/\/yoast.com\/wordpress\/plugins\/seo\/ -->\n<title>Garc\u00eda Leal: \u201cUna vez m\u00e1s, el Ayuntamiento de Los Llanos de Aridane cumple con sus proveedores\u201d - Ayuntamiento de Los Llanos de Aridane<\/title>\n<meta name=\"description\" content=\"El Ayuntamiento de Los Llanos de Aridane presenta el cartel y el programa de La Patrona 2021 con el lema \u201cRemedios, m\u00e1s que un nombre.\u201d\" \/>\n<meta name=\"robots\" content=\"index, follow, max-snippet:-1, max-image-preview:large, max-video-preview:-1\" \/>\n<link rel=\"canonical\" href=\"https:\/\/www.aridane.org\/city\/2023\/05\/26\/garcia-leal-una-vez-mas-el-ayuntamiento-de-los-llanos-de-aridane-cumple-con-sus-proveedores\/\" \/>\n<meta property=\"og:locale\" content=\"es_ES\" \/>\n<meta property=\"og:type\" content=\"article\" \/>\n<meta property=\"og:title\" content=\"Garc\u00eda Leal: \u201cUna vez m\u00e1s, el Ayuntamiento de Los Llanos de Aridane cumple con sus proveedores\u201d - Ayuntamiento de Los Llanos de Aridane\" \/>\n<meta property=\"og:description\" content=\"El Ayuntamiento de Los Llanos de Aridane presenta el cartel y el programa de La Patrona 2021 con el lema \u201cRemedios, m\u00e1s que un nombre.\u201d\" \/>\n<meta property=\"og:url\" content=\"https:\/\/www.aridane.org\/city\/2023\/05\/26\/garcia-leal-una-vez-mas-el-ayuntamiento-de-los-llanos-de-aridane-cumple-con-sus-proveedores\/\" \/>\n<meta property=\"og:site_name\" content=\"Ayuntamiento de Los Llanos de Aridane\" \/>\n<meta property=\"article:published_time\" content=\"2023-05-26T08:34:21+00:00\" \/>\n<meta property=\"article:modified_time\" content=\"2023-07-24T07:20:43+00:00\" \/>\n<meta property=\"og:image\" content=\"https:\/\/www.aridane.org\/city\/wp-content\/uploads\/2023\/05\/img_1127.webp\" \/>\n\t<meta property=\"og:image:width\" content=\"1199\" \/>\n\t<meta property=\"og:image:height\" content=\"674\" \/>\n\t<meta property=\"og:image:type\" content=\"image\/webp\" \/>\n<meta name=\"author\" content=\"Richard Diaz\" \/>\n<meta name=\"twitter:card\" content=\"summary_large_image\" \/>\n<meta name=\"twitter:label1\" content=\"Escrito por\" \/>\n\t<meta name=\"twitter:data1\" content=\"Richard Diaz\" \/>\n\t<meta name=\"twitter:label2\" content=\"Tiempo de lectura\" \/>\n\t<meta name=\"twitter:data2\" content=\"2 minutos\" \/>\n<script type=\"application\/ld+json\" class=\"yoast-schema-graph\">{\"@context\":\"https:\/\/schema.org\",\"@graph\":[{\"@type\":\"WebPage\",\"@id\":\"https:\/\/www.aridane.org\/city\/2023\/05\/26\/garcia-leal-una-vez-mas-el-ayuntamiento-de-los-llanos-de-aridane-cumple-con-sus-proveedores\/\",\"url\":\"https:\/\/www.aridane.org\/city\/2023\/05\/26\/garcia-leal-una-vez-mas-el-ayuntamiento-de-los-llanos-de-aridane-cumple-con-sus-proveedores\/\",\"name\":\"Garc\u00eda Leal: \u201cUna vez m\u00e1s, el Ayuntamiento de Los Llanos de Aridane cumple con sus proveedores\u201d - Ayuntamiento de Los Llanos de Aridane\",\"isPartOf\":{\"@id\":\"https:\/\/www.aridane.org\/city\/#website\"},\"primaryImageOfPage\":{\"@id\":\"https:\/\/www.aridane.org\/city\/2023\/05\/26\/garcia-leal-una-vez-mas-el-ayuntamiento-de-los-llanos-de-aridane-cumple-con-sus-proveedores\/#primaryimage\"},\"image\":{\"@id\":\"https:\/\/www.aridane.org\/city\/2023\/05\/26\/garcia-leal-una-vez-mas-el-ayuntamiento-de-los-llanos-de-aridane-cumple-con-sus-proveedores\/#primaryimage\"},\"thumbnailUrl\":\"https:\/\/www.aridane.org\/city\/wp-content\/uploads\/2023\/05\/img_1127.webp\",\"datePublished\":\"2023-05-26T08:34:21+00:00\",\"dateModified\":\"2023-07-24T07:20:43+00:00\",\"author\":{\"@id\":\"https:\/\/www.aridane.org\/city\/#\/schema\/person\/7d352ec7f29881716f298394432e7209\"},\"description\":\"El Ayuntamiento de Los Llanos de Aridane presenta el cartel y el programa de La Patrona 2021 con el lema \u201cRemedios, m\u00e1s que un nombre.\u201d\",\"breadcrumb\":{\"@id\":\"https:\/\/www.aridane.org\/city\/2023\/05\/26\/garcia-leal-una-vez-mas-el-ayuntamiento-de-los-llanos-de-aridane-cumple-con-sus-proveedores\/#breadcrumb\"},\"inLanguage\":\"es\",\"potentialAction\":[{\"@type\":\"ReadAction\",\"target\":[\"https:\/\/www.aridane.org\/city\/2023\/05\/26\/garcia-leal-una-vez-mas-el-ayuntamiento-de-los-llanos-de-aridane-cumple-con-sus-proveedores\/\"]}]},{\"@type\":\"ImageObject\",\"inLanguage\":\"es\",\"@id\":\"https:\/\/www.aridane.org\/city\/2023\/05\/26\/garcia-leal-una-vez-mas-el-ayuntamiento-de-los-llanos-de-aridane-cumple-con-sus-proveedores\/#primaryimage\",\"url\":\"https:\/\/www.aridane.org\/city\/wp-content\/uploads\/2023\/05\/img_1127.webp\",\"contentUrl\":\"https:\/\/www.aridane.org\/city\/wp-content\/uploads\/2023\/05\/img_1127.webp\",\"width\":1199,\"height\":674},{\"@type\":\"BreadcrumbList\",\"@id\":\"https:\/\/www.aridane.org\/city\/2023\/05\/26\/garcia-leal-una-vez-mas-el-ayuntamiento-de-los-llanos-de-aridane-cumple-con-sus-proveedores\/#breadcrumb\",\"itemListElement\":[{\"@type\":\"ListItem\",\"position\":1,\"name\":\"Portada\",\"item\":\"https:\/\/www.aridane.org\/city\/\"},{\"@type\":\"ListItem\",\"position\":2,\"name\":\"Garc\u00eda Leal: \u201cUna vez m\u00e1s, el Ayuntamiento de Los Llanos de Aridane cumple con sus proveedores\u201d\"}]},{\"@type\":\"WebSite\",\"@id\":\"https:\/\/www.aridane.org\/city\/#website\",\"url\":\"https:\/\/www.aridane.org\/city\/\",\"name\":\"Ayuntamiento de Los Llanos de Aridane\",\"description\":\"\",\"potentialAction\":[{\"@type\":\"SearchAction\",\"target\":{\"@type\":\"EntryPoint\",\"urlTemplate\":\"https:\/\/www.aridane.org\/city\/?s={search_term_string}\"},\"query-input\":\"required name=search_term_string\"}],\"inLanguage\":\"es\"},{\"@type\":\"Person\",\"@id\":\"https:\/\/www.aridane.org\/city\/#\/schema\/person\/7d352ec7f29881716f298394432e7209\",\"name\":\"Richard Diaz\",\"image\":{\"@type\":\"ImageObject\",\"inLanguage\":\"es\",\"@id\":\"https:\/\/www.aridane.org\/city\/#\/schema\/person\/image\/\",\"url\":\"https:\/\/secure.gravatar.com\/avatar\/bacd6aefc26a4a204943090a4c596cd10f0857081ef3cfd12084a70ecb3161d5?s=96&d=mm&r=g\",\"contentUrl\":\"https:\/\/secure.gravatar.com\/avatar\/bacd6aefc26a4a204943090a4c596cd10f0857081ef3cfd12084a70ecb3161d5?s=96&d=mm&r=g\",\"caption\":\"Richard Diaz\"},\"sameAs\":[\"https:\/\/www.aridane.org\/city\"],\"url\":\"https:\/\/www.aridane.org\/city\/author\/richard-diaz\/\"}]}<\/script>\n<!-- \/ Yoast SEO plugin. -->","yoast_head_json":{"title":"Garc\u00eda Leal: \u201cUna vez m\u00e1s, el Ayuntamiento de Los Llanos de Aridane cumple con sus proveedores\u201d - Ayuntamiento de Los Llanos de Aridane","description":"El Ayuntamiento de Los Llanos de Aridane presenta el cartel y el programa de La Patrona 2021 con el lema \u201cRemedios, m\u00e1s que un nombre.\u201d","robots":{"index":"index","follow":"follow","max-snippet":"max-snippet:-1","max-image-preview":"max-image-preview:large","max-video-preview":"max-video-preview:-1"},"canonical":"https:\/\/www.aridane.org\/city\/2023\/05\/26\/garcia-leal-una-vez-mas-el-ayuntamiento-de-los-llanos-de-aridane-cumple-con-sus-proveedores\/","og_locale":"es_ES","og_type":"article","og_title":"Garc\u00eda Leal: \u201cUna vez m\u00e1s, el Ayuntamiento de Los Llanos de Aridane cumple con sus proveedores\u201d - Ayuntamiento de Los Llanos de Aridane","og_description":"El Ayuntamiento de Los Llanos de Aridane presenta el cartel y el programa de La Patrona 2021 con el lema \u201cRemedios, m\u00e1s que un nombre.\u201d","og_url":"https:\/\/www.aridane.org\/city\/2023\/05\/26\/garcia-leal-una-vez-mas-el-ayuntamiento-de-los-llanos-de-aridane-cumple-con-sus-proveedores\/","og_site_name":"Ayuntamiento de Los Llanos de Aridane","article_published_time":"2023-05-26T08:34:21+00:00","article_modified_time":"2023-07-24T07:20:43+00:00","og_image":[{"width":1199,"height":674,"url":"https:\/\/www.aridane.org\/city\/wp-content\/uploads\/2023\/05\/img_1127.webp","type":"image\/webp"}],"author":"Richard Diaz","twitter_card":"summary_large_image","twitter_misc":{"Escrito por":"Richard Diaz","Tiempo de lectura":"2 minutos"},"schema":{"@context":"https:\/\/schema.org","@graph":[{"@type":"WebPage","@id":"https:\/\/www.aridane.org\/city\/2023\/05\/26\/garcia-leal-una-vez-mas-el-ayuntamiento-de-los-llanos-de-aridane-cumple-con-sus-proveedores\/","url":"https:\/\/www.aridane.org\/city\/2023\/05\/26\/garcia-leal-una-vez-mas-el-ayuntamiento-de-los-llanos-de-aridane-cumple-con-sus-proveedores\/","name":"Garc\u00eda Leal: \u201cUna vez m\u00e1s, el Ayuntamiento de Los Llanos de Aridane cumple con sus proveedores\u201d - Ayuntamiento de Los Llanos de Aridane","isPartOf":{"@id":"https:\/\/www.aridane.org\/city\/#website"},"primaryImageOfPage":{"@id":"https:\/\/www.aridane.org\/city\/2023\/05\/26\/garcia-leal-una-vez-mas-el-ayuntamiento-de-los-llanos-de-aridane-cumple-con-sus-proveedores\/#primaryimage"},"image":{"@id":"https:\/\/www.aridane.org\/city\/2023\/05\/26\/garcia-leal-una-vez-mas-el-ayuntamiento-de-los-llanos-de-aridane-cumple-con-sus-proveedores\/#primaryimage"},"thumbnailUrl":"https:\/\/www.aridane.org\/city\/wp-content\/uploads\/2023\/05\/img_1127.webp","datePublished":"2023-05-26T08:34:21+00:00","dateModified":"2023-07-24T07:20:43+00:00","author":{"@id":"https:\/\/www.aridane.org\/city\/#\/schema\/person\/7d352ec7f29881716f298394432e7209"},"description":"El Ayuntamiento de Los Llanos de Aridane presenta el cartel y el programa de La Patrona 2021 con el lema \u201cRemedios, m\u00e1s que un nombre.\u201d","breadcrumb":{"@id":"https:\/\/www.aridane.org\/city\/2023\/05\/26\/garcia-leal-una-vez-mas-el-ayuntamiento-de-los-llanos-de-aridane-cumple-con-sus-proveedores\/#breadcrumb"},"inLanguage":"es","potentialAction":[{"@type":"ReadAction","target":["https:\/\/www.aridane.org\/city\/2023\/05\/26\/garcia-leal-una-vez-mas-el-ayuntamiento-de-los-llanos-de-aridane-cumple-con-sus-proveedores\/"]}]},{"@type":"ImageObject","inLanguage":"es","@id":"https:\/\/www.aridane.org\/city\/2023\/05\/26\/garcia-leal-una-vez-mas-el-ayuntamiento-de-los-llanos-de-aridane-cumple-con-sus-proveedores\/#primaryimage","url":"https:\/\/www.aridane.org\/city\/wp-content\/uploads\/2023\/05\/img_1127.webp","contentUrl":"https:\/\/www.aridane.org\/city\/wp-content\/uploads\/2023\/05\/img_1127.webp","width":1199,"height":674},{"@type":"BreadcrumbList","@id":"https:\/\/www.aridane.org\/city\/2023\/05\/26\/garcia-leal-una-vez-mas-el-ayuntamiento-de-los-llanos-de-aridane-cumple-con-sus-proveedores\/#breadcrumb","itemListElement":[{"@type":"ListItem","position":1,"name":"Portada","item":"https:\/\/www.aridane.org\/city\/"},{"@type":"ListItem","position":2,"name":"Garc\u00eda Leal: \u201cUna vez m\u00e1s, el Ayuntamiento de Los Llanos de Aridane cumple con sus proveedores\u201d"}]},{"@type":"WebSite","@id":"https:\/\/www.aridane.org\/city\/#website","url":"https:\/\/www.aridane.org\/city\/","name":"Ayuntamiento de Los Llanos de Aridane","description":"","potentialAction":[{"@type":"SearchAction","target":{"@type":"EntryPoint","urlTemplate":"https:\/\/www.aridane.org\/city\/?s={search_term_string}"},"query-input":"required name=search_term_string"}],"inLanguage":"es"},{"@type":"Person","@id":"https:\/\/www.aridane.org\/city\/#\/schema\/person\/7d352ec7f29881716f298394432e7209","name":"Richard Diaz","image":{"@type":"ImageObject","inLanguage":"es","@id":"https:\/\/www.aridane.org\/city\/#\/schema\/person\/image\/","url":"https:\/\/secure.gravatar.com\/avatar\/bacd6aefc26a4a204943090a4c596cd10f0857081ef3cfd12084a70ecb3161d5?s=96&d=mm&r=g","contentUrl":"https:\/\/secure.gravatar.com\/avatar\/bacd6aefc26a4a204943090a4c596cd10f0857081ef3cfd12084a70ecb3161d5?s=96&d=mm&r=g","caption":"Richard Diaz"},"sameAs":["https:\/\/www.aridane.org\/city"],"url":"https:\/\/www.aridane.org\/city\/author\/richard-diaz\/"}]}},"_links":{"self":[{"href":"https:\/\/www.aridane.org\/city\/wp-json\/wp\/v2\/posts\/1944","targetHints":{"allow":["GET"]}}],"collection":[{"href":"https:\/\/www.aridane.org\/city\/wp-json\/wp\/v2\/posts"}],"about":[{"href":"https:\/\/www.aridane.org\/city\/wp-json\/wp\/v2\/types\/post"}],"author":[{"embeddable":true,"href":"https:\/\/www.aridane.org\/city\/wp-json\/wp\/v2\/users\/1"}],"replies":[{"embeddable":true,"href":"https:\/\/www.aridane.org\/city\/wp-json\/wp\/v2\/comments?post=1944"}],"version-history":[{"count":2,"href":"https:\/\/www.aridane.org\/city\/wp-json\/wp\/v2\/posts\/1944\/revisions"}],"predecessor-version":[{"id":2451,"href":"https:\/\/www.aridane.org\/city\/wp-json\/wp\/v2\/posts\/1944\/revisions\/2451"}],"wp:featuredmedia":[{"embeddable":true,"href":"https:\/\/www.aridane.org\/city\/wp-json\/wp\/v2\/media\/2450"}],"wp:attachment":[{"href":"https:\/\/www.aridane.org\/city\/wp-json\/wp\/v2\/media?parent=1944"}],"wp:term":[{"taxonomy":"category","embeddable":true,"href":"https:\/\/www.aridane.org\/city\/wp-json\/wp\/v2\/categories?post=1944"},{"taxonomy":"post_tag","embeddable":true,"href":"https:\/\/www.aridane.org\/city\/wp-json\/wp\/v2\/tags?post=1944"}],"curies":[{"name":"wp","href":"https:\/\/api.w.org\/{rel}","templated":true}]}}