{"id":1945,"date":"2023-06-01T09:52:47","date_gmt":"2023-06-01T08:52:47","guid":{"rendered":"https:\/\/aridane.org\/ciudad\/?p=1796"},"modified":"2023-07-24T07:17:07","modified_gmt":"2023-07-24T07:17:07","slug":"maribel-nazco-sera-nombrada-hija-predilecta-de-los-llanos-de-aridane","status":"publish","type":"post","link":"https:\/\/www.aridane.org\/city\/2023\/06\/01\/maribel-nazco-sera-nombrada-hija-predilecta-de-los-llanos-de-aridane\/","title":{"rendered":"Maribel Nazco ser\u00e1 nombrada Hija Predilecta de Los Llanos de Aridane"},"content":{"rendered":"<section class=\"wpb-content-wrapper\"><p>[vc_row css_animation=\u00bb\u00bb row_type=\u00bbrow\u00bb use_row_as_full_screen_section=\u00bbno\u00bb type=\u00bbfull_width\u00bb angled_section=\u00bbno\u00bb text_align=\u00bbleft\u00bb background_image_as_pattern=\u00bbwithout_pattern\u00bb][vc_column][vc_row_inner row_type=\u00bbrow\u00bb type=\u00bbgrid\u00bb text_align=\u00bbleft\u00bb css_animation=\u00bb\u00bb][vc_column_inner][vc_empty_space height=\u00bb20px\u00bb][vc_empty_space height=\u00bb20px\u00bb][\/vc_column_inner][\/vc_row_inner][vc_column_text]<\/p>\n<ul>\n<li><em>El acto ser\u00e1 este s\u00e1bado, 3 de junio, a partir de las 11:30 horas en el Sal\u00f3n de Plenos del Consistorio Aridanense. <\/em><\/li>\n<li><em>Garc\u00eda Leal reconoce la importante labor que ha desarrollado Nazco en el mundo cultural, concretamente de las Bellas Artes, llevando siempre hasta lo m\u00e1s alto el nombre de Los Llanos de Aridane y de La Palma.<\/em><\/li>\n<\/ul>\n<p>&nbsp;<\/p>\n<p><strong>Los Llanos de Aridane, 1 de junio de 2023.- <\/strong>El Ayuntamiento de Los Llanos de Aridane a trav\u00e9s de su alcaldesa, Noelia Garc\u00eda Leal, ha confirmado que este s\u00e1bado, 3 de junio, a partir de las 11:30 horas la artista y ex decana de la Facultad de Bellas Artes de la Universidad de La Laguna, Maribel Nazco Hern\u00e1ndez, ser\u00e1 nombra Hija Predilecta de Los Llanos de Aridane, \u201cpor su valiosa aportaci\u00f3n al patrimonio cultural siendo un referente en el mundo de las Bellas Artes, y un orgullo para el municipio\u201d.<\/p>\n<p>Garc\u00eda Leal recuerda que a Nazco, en el a\u00f1o 2019, se la reconoci\u00f3 con el t\u00edtulo de Hija Predilecta de La Palma, y tan solo dos a\u00f1os despu\u00e9s, en el 2021, recibi\u00f3 el premio Canarias de Bellas Artes. Adem\u00e1s, ha recibido tambi\u00e9n otros reconocimientos como el Premio de Honor de la VII Exposici\u00f3n Regional de Pintura y Escultura, en 1966, y en 1975 el premio de Honor \u2018Miguel Tarquis\u2019 en la exposici\u00f3n Regional de pintura y Escultura de Santa Cruz de Tenerife.<\/p>\n<p>Adem\u00e1s, la alcaldesa confirma que Nazco ser\u00e1 la encargada de ofrecer el preg\u00f3n de las Fiestas Patronales 2023 el domingo, 4 de junio, a partir de las 19:30 horas en Llano de Argual.<\/p>\n<p><strong>Maria Isabel Nazco<\/strong><\/p>\n<p>Naci\u00f3 en 1938 en Los Llanos de Aridane, y se licenci\u00f3 en Bellas Artes por la Universidad de La Laguna en 1980. Posteriormente, en 1986, se doctor\u00f3 en Bellas Artes con calificaci\u00f3n cum laude en la misma universidad.<\/p>\n<p>A lo largo de su trayectoria profesional, ha trabajado como profesora de Dibujo en la Escuela Central de Bellas Artes de Madrid. Tambi\u00e9n consigui\u00f3 el puesto de profesora Titular de Universidad en la Facultad de Bellas Artes de la Universidad de La Laguna, y desde 1989 es catedr\u00e1tica de Procedimientos y T\u00e9cnicas Pict\u00f3ricas de la Facultad de Bellas Artes de la Universidad de La Laguna.<\/p>\n<p>Su trayectoria art\u00edstica est\u00e1 marcada por las variadas t\u00e9cnicas y tem\u00e1ticas que abarcan la figuraci\u00f3n, neofiguraci\u00f3n, collages o hiperrealismo. Destaca por su car\u00e1cter vanguardista y su participaci\u00f3n en el grupo \u2018Nuestro Arte\u2019, fundado por los artistas Pedro Gonz\u00e1lez y Enrique Lite, junto a otros artistas e intelectuales al inicio de la d\u00e9cada de los 60. Uno de los proyectos que m\u00e1s le ha unido a La Palma ha sido el de los pigmentos de origen volc\u00e1nico que realiz\u00f3 junto a los artistas Severo Acosta y Narciso Hern\u00e1ndez, y que dio como resultado una paleta crom\u00e1tica de 36 tonalidades a partir del entorno paisaj\u00edstico de Canarias.<\/p>\n<p>Adem\u00e1s, en 1957 realiz\u00f3 su primera exposici\u00f3n colectiva y doce a\u00f1os despu\u00e9s, en 1969, la primera individual. Desde entonces ha llevado a cabo un importante trabajo realizando exposiciones regulares.[\/vc_column_text][\/vc_column][\/vc_row]<\/p>\n<\/section>","protected":false},"excerpt":{"rendered":"<p>[vc_row css_animation=\u00bb\u00bb row_type=\u00bbrow\u00bb use_row_as_full_screen_section=\u00bbno\u00bb type=\u00bbfull_width\u00bb angled_section=\u00bbno\u00bb text_align=\u00bbleft\u00bb background_image_as_pattern=\u00bbwithout_pattern\u00bb][vc_column][vc_row_inner row_type=\u00bbrow\u00bb type=\u00bbgrid\u00bb text_align=\u00bbleft\u00bb css_animation=\u00bb\u00bb][vc_column_inner][vc_empty_space height=\u00bb20px\u00bb][vc_empty_space height=\u00bb20px\u00bb][\/vc_column_inner][\/vc_row_inner][vc_column_text] El acto ser\u00e1 este s\u00e1bado, 3 de junio, a partir de las 11:30 horas en el Sal\u00f3n de Plenos del Consistorio Aridanense. Garc\u00eda Leal reconoce la importante labor que ha desarrollado&#8230;<\/p>\n","protected":false},"author":1,"featured_media":2447,"comment_status":"closed","ping_status":"open","sticky":false,"template":"","format":"standard","meta":{"footnotes":""},"categories":[6],"tags":[],"class_list":["post-1945","post","type-post","status-publish","format-standard","has-post-thumbnail","hentry","category-prensa"],"yoast_head":"<!-- This site is optimized with the Yoast SEO plugin v22.7 - https:\/\/yoast.com\/wordpress\/plugins\/seo\/ -->\n<title>Maribel Nazco ser\u00e1 nombrada Hija Predilecta de Los Llanos de Aridane - Ayuntamiento de Los Llanos de Aridane<\/title>\n<meta name=\"description\" content=\"El Ayuntamiento de Los Llanos de Aridane presenta el cartel y el programa de La Patrona 2021 con el lema \u201cRemedios, m\u00e1s que un nombre.\u201d\" \/>\n<meta name=\"robots\" content=\"index, follow, max-snippet:-1, max-image-preview:large, max-video-preview:-1\" \/>\n<link rel=\"canonical\" href=\"https:\/\/www.aridane.org\/city\/2023\/06\/01\/maribel-nazco-sera-nombrada-hija-predilecta-de-los-llanos-de-aridane\/\" \/>\n<meta property=\"og:locale\" content=\"es_ES\" \/>\n<meta property=\"og:type\" content=\"article\" \/>\n<meta property=\"og:title\" content=\"Maribel Nazco ser\u00e1 nombrada Hija Predilecta de Los Llanos de Aridane - Ayuntamiento de Los Llanos de Aridane\" \/>\n<meta property=\"og:description\" content=\"El Ayuntamiento de Los Llanos de Aridane presenta el cartel y el programa de La Patrona 2021 con el lema \u201cRemedios, m\u00e1s que un nombre.\u201d\" \/>\n<meta property=\"og:url\" content=\"https:\/\/www.aridane.org\/city\/2023\/06\/01\/maribel-nazco-sera-nombrada-hija-predilecta-de-los-llanos-de-aridane\/\" \/>\n<meta property=\"og:site_name\" content=\"Ayuntamiento de Los Llanos de Aridane\" \/>\n<meta property=\"article:published_time\" content=\"2023-06-01T08:52:47+00:00\" \/>\n<meta property=\"article:modified_time\" content=\"2023-07-24T07:17:07+00:00\" \/>\n<meta property=\"og:image\" content=\"https:\/\/www.aridane.org\/city\/wp-content\/uploads\/2023\/06\/maribel_nazco_nombrada_hija.jpg\" \/>\n\t<meta property=\"og:image:width\" content=\"1200\" \/>\n\t<meta property=\"og:image:height\" content=\"675\" \/>\n\t<meta property=\"og:image:type\" content=\"image\/jpeg\" \/>\n<meta name=\"author\" content=\"Richard Diaz\" \/>\n<meta name=\"twitter:card\" content=\"summary_large_image\" \/>\n<meta name=\"twitter:label1\" content=\"Escrito por\" \/>\n\t<meta name=\"twitter:data1\" content=\"Richard Diaz\" \/>\n\t<meta name=\"twitter:label2\" content=\"Tiempo de lectura\" \/>\n\t<meta name=\"twitter:data2\" content=\"3 minutos\" \/>\n<script type=\"application\/ld+json\" class=\"yoast-schema-graph\">{\"@context\":\"https:\/\/schema.org\",\"@graph\":[{\"@type\":\"WebPage\",\"@id\":\"https:\/\/www.aridane.org\/city\/2023\/06\/01\/maribel-nazco-sera-nombrada-hija-predilecta-de-los-llanos-de-aridane\/\",\"url\":\"https:\/\/www.aridane.org\/city\/2023\/06\/01\/maribel-nazco-sera-nombrada-hija-predilecta-de-los-llanos-de-aridane\/\",\"name\":\"Maribel Nazco ser\u00e1 nombrada Hija Predilecta de Los Llanos de Aridane - Ayuntamiento de Los Llanos de Aridane\",\"isPartOf\":{\"@id\":\"https:\/\/www.aridane.org\/city\/#website\"},\"primaryImageOfPage\":{\"@id\":\"https:\/\/www.aridane.org\/city\/2023\/06\/01\/maribel-nazco-sera-nombrada-hija-predilecta-de-los-llanos-de-aridane\/#primaryimage\"},\"image\":{\"@id\":\"https:\/\/www.aridane.org\/city\/2023\/06\/01\/maribel-nazco-sera-nombrada-hija-predilecta-de-los-llanos-de-aridane\/#primaryimage\"},\"thumbnailUrl\":\"https:\/\/www.aridane.org\/city\/wp-content\/uploads\/2023\/06\/maribel_nazco_nombrada_hija.jpg\",\"datePublished\":\"2023-06-01T08:52:47+00:00\",\"dateModified\":\"2023-07-24T07:17:07+00:00\",\"author\":{\"@id\":\"https:\/\/www.aridane.org\/city\/#\/schema\/person\/7d352ec7f29881716f298394432e7209\"},\"description\":\"El Ayuntamiento de Los Llanos de Aridane presenta el cartel y el programa de La Patrona 2021 con el lema \u201cRemedios, m\u00e1s que un nombre.\u201d\",\"breadcrumb\":{\"@id\":\"https:\/\/www.aridane.org\/city\/2023\/06\/01\/maribel-nazco-sera-nombrada-hija-predilecta-de-los-llanos-de-aridane\/#breadcrumb\"},\"inLanguage\":\"es\",\"potentialAction\":[{\"@type\":\"ReadAction\",\"target\":[\"https:\/\/www.aridane.org\/city\/2023\/06\/01\/maribel-nazco-sera-nombrada-hija-predilecta-de-los-llanos-de-aridane\/\"]}]},{\"@type\":\"ImageObject\",\"inLanguage\":\"es\",\"@id\":\"https:\/\/www.aridane.org\/city\/2023\/06\/01\/maribel-nazco-sera-nombrada-hija-predilecta-de-los-llanos-de-aridane\/#primaryimage\",\"url\":\"https:\/\/www.aridane.org\/city\/wp-content\/uploads\/2023\/06\/maribel_nazco_nombrada_hija.jpg\",\"contentUrl\":\"https:\/\/www.aridane.org\/city\/wp-content\/uploads\/2023\/06\/maribel_nazco_nombrada_hija.jpg\",\"width\":1200,\"height\":675},{\"@type\":\"BreadcrumbList\",\"@id\":\"https:\/\/www.aridane.org\/city\/2023\/06\/01\/maribel-nazco-sera-nombrada-hija-predilecta-de-los-llanos-de-aridane\/#breadcrumb\",\"itemListElement\":[{\"@type\":\"ListItem\",\"position\":1,\"name\":\"Portada\",\"item\":\"https:\/\/www.aridane.org\/city\/\"},{\"@type\":\"ListItem\",\"position\":2,\"name\":\"Maribel Nazco ser\u00e1 nombrada Hija Predilecta de Los Llanos de Aridane\"}]},{\"@type\":\"WebSite\",\"@id\":\"https:\/\/www.aridane.org\/city\/#website\",\"url\":\"https:\/\/www.aridane.org\/city\/\",\"name\":\"Ayuntamiento de Los Llanos de Aridane\",\"description\":\"\",\"potentialAction\":[{\"@type\":\"SearchAction\",\"target\":{\"@type\":\"EntryPoint\",\"urlTemplate\":\"https:\/\/www.aridane.org\/city\/?s={search_term_string}\"},\"query-input\":\"required name=search_term_string\"}],\"inLanguage\":\"es\"},{\"@type\":\"Person\",\"@id\":\"https:\/\/www.aridane.org\/city\/#\/schema\/person\/7d352ec7f29881716f298394432e7209\",\"name\":\"Richard Diaz\",\"image\":{\"@type\":\"ImageObject\",\"inLanguage\":\"es\",\"@id\":\"https:\/\/www.aridane.org\/city\/#\/schema\/person\/image\/\",\"url\":\"https:\/\/secure.gravatar.com\/avatar\/bacd6aefc26a4a204943090a4c596cd10f0857081ef3cfd12084a70ecb3161d5?s=96&d=mm&r=g\",\"contentUrl\":\"https:\/\/secure.gravatar.com\/avatar\/bacd6aefc26a4a204943090a4c596cd10f0857081ef3cfd12084a70ecb3161d5?s=96&d=mm&r=g\",\"caption\":\"Richard Diaz\"},\"sameAs\":[\"https:\/\/www.aridane.org\/city\"],\"url\":\"https:\/\/www.aridane.org\/city\/author\/richard-diaz\/\"}]}<\/script>\n<!-- \/ Yoast SEO plugin. -->","yoast_head_json":{"title":"Maribel Nazco ser\u00e1 nombrada Hija Predilecta de Los Llanos de Aridane - Ayuntamiento de Los Llanos de Aridane","description":"El Ayuntamiento de Los Llanos de Aridane presenta el cartel y el programa de La Patrona 2021 con el lema \u201cRemedios, m\u00e1s que un nombre.\u201d","robots":{"index":"index","follow":"follow","max-snippet":"max-snippet:-1","max-image-preview":"max-image-preview:large","max-video-preview":"max-video-preview:-1"},"canonical":"https:\/\/www.aridane.org\/city\/2023\/06\/01\/maribel-nazco-sera-nombrada-hija-predilecta-de-los-llanos-de-aridane\/","og_locale":"es_ES","og_type":"article","og_title":"Maribel Nazco ser\u00e1 nombrada Hija Predilecta de Los Llanos de Aridane - Ayuntamiento de Los Llanos de Aridane","og_description":"El Ayuntamiento de Los Llanos de Aridane presenta el cartel y el programa de La Patrona 2021 con el lema \u201cRemedios, m\u00e1s que un nombre.\u201d","og_url":"https:\/\/www.aridane.org\/city\/2023\/06\/01\/maribel-nazco-sera-nombrada-hija-predilecta-de-los-llanos-de-aridane\/","og_site_name":"Ayuntamiento de Los Llanos de Aridane","article_published_time":"2023-06-01T08:52:47+00:00","article_modified_time":"2023-07-24T07:17:07+00:00","og_image":[{"width":1200,"height":675,"url":"https:\/\/www.aridane.org\/city\/wp-content\/uploads\/2023\/06\/maribel_nazco_nombrada_hija.jpg","type":"image\/jpeg"}],"author":"Richard Diaz","twitter_card":"summary_large_image","twitter_misc":{"Escrito por":"Richard Diaz","Tiempo de lectura":"3 minutos"},"schema":{"@context":"https:\/\/schema.org","@graph":[{"@type":"WebPage","@id":"https:\/\/www.aridane.org\/city\/2023\/06\/01\/maribel-nazco-sera-nombrada-hija-predilecta-de-los-llanos-de-aridane\/","url":"https:\/\/www.aridane.org\/city\/2023\/06\/01\/maribel-nazco-sera-nombrada-hija-predilecta-de-los-llanos-de-aridane\/","name":"Maribel Nazco ser\u00e1 nombrada Hija Predilecta de Los Llanos de Aridane - Ayuntamiento de Los Llanos de Aridane","isPartOf":{"@id":"https:\/\/www.aridane.org\/city\/#website"},"primaryImageOfPage":{"@id":"https:\/\/www.aridane.org\/city\/2023\/06\/01\/maribel-nazco-sera-nombrada-hija-predilecta-de-los-llanos-de-aridane\/#primaryimage"},"image":{"@id":"https:\/\/www.aridane.org\/city\/2023\/06\/01\/maribel-nazco-sera-nombrada-hija-predilecta-de-los-llanos-de-aridane\/#primaryimage"},"thumbnailUrl":"https:\/\/www.aridane.org\/city\/wp-content\/uploads\/2023\/06\/maribel_nazco_nombrada_hija.jpg","datePublished":"2023-06-01T08:52:47+00:00","dateModified":"2023-07-24T07:17:07+00:00","author":{"@id":"https:\/\/www.aridane.org\/city\/#\/schema\/person\/7d352ec7f29881716f298394432e7209"},"description":"El Ayuntamiento de Los Llanos de Aridane presenta el cartel y el programa de La Patrona 2021 con el lema \u201cRemedios, m\u00e1s que un nombre.\u201d","breadcrumb":{"@id":"https:\/\/www.aridane.org\/city\/2023\/06\/01\/maribel-nazco-sera-nombrada-hija-predilecta-de-los-llanos-de-aridane\/#breadcrumb"},"inLanguage":"es","potentialAction":[{"@type":"ReadAction","target":["https:\/\/www.aridane.org\/city\/2023\/06\/01\/maribel-nazco-sera-nombrada-hija-predilecta-de-los-llanos-de-aridane\/"]}]},{"@type":"ImageObject","inLanguage":"es","@id":"https:\/\/www.aridane.org\/city\/2023\/06\/01\/maribel-nazco-sera-nombrada-hija-predilecta-de-los-llanos-de-aridane\/#primaryimage","url":"https:\/\/www.aridane.org\/city\/wp-content\/uploads\/2023\/06\/maribel_nazco_nombrada_hija.jpg","contentUrl":"https:\/\/www.aridane.org\/city\/wp-content\/uploads\/2023\/06\/maribel_nazco_nombrada_hija.jpg","width":1200,"height":675},{"@type":"BreadcrumbList","@id":"https:\/\/www.aridane.org\/city\/2023\/06\/01\/maribel-nazco-sera-nombrada-hija-predilecta-de-los-llanos-de-aridane\/#breadcrumb","itemListElement":[{"@type":"ListItem","position":1,"name":"Portada","item":"https:\/\/www.aridane.org\/city\/"},{"@type":"ListItem","position":2,"name":"Maribel Nazco ser\u00e1 nombrada Hija Predilecta de Los Llanos de Aridane"}]},{"@type":"WebSite","@id":"https:\/\/www.aridane.org\/city\/#website","url":"https:\/\/www.aridane.org\/city\/","name":"Ayuntamiento de Los Llanos de Aridane","description":"","potentialAction":[{"@type":"SearchAction","target":{"@type":"EntryPoint","urlTemplate":"https:\/\/www.aridane.org\/city\/?s={search_term_string}"},"query-input":"required name=search_term_string"}],"inLanguage":"es"},{"@type":"Person","@id":"https:\/\/www.aridane.org\/city\/#\/schema\/person\/7d352ec7f29881716f298394432e7209","name":"Richard Diaz","image":{"@type":"ImageObject","inLanguage":"es","@id":"https:\/\/www.aridane.org\/city\/#\/schema\/person\/image\/","url":"https:\/\/secure.gravatar.com\/avatar\/bacd6aefc26a4a204943090a4c596cd10f0857081ef3cfd12084a70ecb3161d5?s=96&d=mm&r=g","contentUrl":"https:\/\/secure.gravatar.com\/avatar\/bacd6aefc26a4a204943090a4c596cd10f0857081ef3cfd12084a70ecb3161d5?s=96&d=mm&r=g","caption":"Richard Diaz"},"sameAs":["https:\/\/www.aridane.org\/city"],"url":"https:\/\/www.aridane.org\/city\/author\/richard-diaz\/"}]}},"_links":{"self":[{"href":"https:\/\/www.aridane.org\/city\/wp-json\/wp\/v2\/posts\/1945","targetHints":{"allow":["GET"]}}],"collection":[{"href":"https:\/\/www.aridane.org\/city\/wp-json\/wp\/v2\/posts"}],"about":[{"href":"https:\/\/www.aridane.org\/city\/wp-json\/wp\/v2\/types\/post"}],"author":[{"embeddable":true,"href":"https:\/\/www.aridane.org\/city\/wp-json\/wp\/v2\/users\/1"}],"replies":[{"embeddable":true,"href":"https:\/\/www.aridane.org\/city\/wp-json\/wp\/v2\/comments?post=1945"}],"version-history":[{"count":1,"href":"https:\/\/www.aridane.org\/city\/wp-json\/wp\/v2\/posts\/1945\/revisions"}],"predecessor-version":[{"id":2448,"href":"https:\/\/www.aridane.org\/city\/wp-json\/wp\/v2\/posts\/1945\/revisions\/2448"}],"wp:featuredmedia":[{"embeddable":true,"href":"https:\/\/www.aridane.org\/city\/wp-json\/wp\/v2\/media\/2447"}],"wp:attachment":[{"href":"https:\/\/www.aridane.org\/city\/wp-json\/wp\/v2\/media?parent=1945"}],"wp:term":[{"taxonomy":"category","embeddable":true,"href":"https:\/\/www.aridane.org\/city\/wp-json\/wp\/v2\/categories?post=1945"},{"taxonomy":"post_tag","embeddable":true,"href":"https:\/\/www.aridane.org\/city\/wp-json\/wp\/v2\/tags?post=1945"}],"curies":[{"name":"wp","href":"https:\/\/api.w.org\/{rel}","templated":true}]}}