{"id":1946,"date":"2023-06-01T13:07:09","date_gmt":"2023-06-01T12:07:09","guid":{"rendered":"https:\/\/aridane.org\/ciudad\/?p=1799"},"modified":"2023-07-24T07:12:20","modified_gmt":"2023-07-24T07:12:20","slug":"regresa-la-ii-edicion-del-festival-de-poesia-performance-nombrarse-volcan","status":"publish","type":"post","link":"https:\/\/www.aridane.org\/city\/2023\/06\/01\/regresa-la-ii-edicion-del-festival-de-poesia-performance-nombrarse-volcan\/","title":{"rendered":"Regresa la II edici\u00f3n del Festival de poes\u00eda &#038; performance \u2019Nombrarse volc\u00e1n\u2019"},"content":{"rendered":"<section class=\"wpb-content-wrapper\"><p>[vc_row css_animation=\u00bb\u00bb row_type=\u00bbrow\u00bb use_row_as_full_screen_section=\u00bbno\u00bb type=\u00bbfull_width\u00bb angled_section=\u00bbno\u00bb text_align=\u00bbleft\u00bb background_image_as_pattern=\u00bbwithout_pattern\u00bb][vc_column][vc_row_inner row_type=\u00bbrow\u00bb type=\u00bbgrid\u00bb text_align=\u00bbleft\u00bb css_animation=\u00bb\u00bb][vc_column_inner][vc_empty_space height=\u00bb20px\u00bb][vc_empty_space height=\u00bb20px\u00bb][\/vc_column_inner][\/vc_row_inner][vc_column_text]<\/p>\n<ul>\n<li><em>Esta actividad de desarrollar\u00e1 hoy, 1 de junio, en El Paso, mientras que ma\u00f1ana, d\u00eda 2, y pasado, d\u00eda 3, tendr\u00e1 lugar en Los Llanos de Aridane.<\/em><\/li>\n<\/ul>\n<p>&nbsp;<\/p>\n<p><strong>Los Llanos de Aridane, 1 de junio de 2023.-<\/strong> El Ayuntamiento de Los Llanos de Aridane a trav\u00e9s de la concejal de Cultura, Charo Gonz\u00e1lez; junto a la concejal de Cultura del Ayuntamiento de El Paso, Irinova Hern\u00e1ndez; y la consejera de Cultura del Cabildo de La Palma, Jovita Monterrey, han confirmado que \u201choy comienza la II edici\u00f3n del festival de poes\u00eda &amp;performance Nombrarse Volc\u00e1n\u201d.<\/p>\n<p>La consejera ha se\u00f1alado que la inauguraraci\u00f3n ser\u00e1 hoy,\u00a0 1 de junio, en El Paso, \u201cmientras que continuar\u00e1 ma\u00f1ana y pasado en Los Llanos de Aridane\u201d. Adem\u00e1s, recuerda que \u201ctras el \u00e9xito del pasado a\u00f1o, este festival, el primero de estas caracter\u00edsticas en la isla, presenta una variada programaci\u00f3n donde la poes\u00eda se amplifica para tomar cuerpo m\u00e1s all\u00e1 de la palabra. Y se contar\u00e1 con danza performativa, electropoemas, sesi\u00f3n de DJ a la luz de las estrellas, \u00f3peras dada\u00edstas, paisajes sonoros, acciones ritual\u00edsticas en la calle, intervenciones en el mercado\u201d.<\/p>\n<p>Por su parte, la concejal de Cultura del Ayuntamiento de Los Llanos de Aridane, Charo Gonz\u00e1lez, explica que este festival se enmara dentro de la actividades que se desarrollar\u00e1n dentro de las Fiestas Patronales del municipio,\u00a0 \u201cy una vez m\u00e1s con esta actividad apostamos por generar una mirada distinta hacia lo po\u00e9tico y sus m\u00faltiples posibilidades. Se ha pensado en una programaci\u00f3n diversa\u00a0 para acoger a p\u00fablico de todas las edades, ya que hay propuestas familiares en horario de d\u00eda y actividades nocturnas para p\u00fablico adulto. Durante tres d\u00edas artistas audaces y rompedores ocupar\u00e1n teatros y espacios no convencionales para llevar la poes\u00eda a todos los lugares posibles, a todos los p\u00fablicos\u201d.<\/p>\n<p>Mientras la concejal de Cultura del Ayuntamiento de El Paso, Irinova Hern\u00e1ndez, destaca la importancia de llevar a cabo un festival como este \u201cen el que la poes\u00eda y la performance no solo act\u00faan como propuestas art\u00edsticas diferentes, sino que sirven de m\u00e9todo alternativo para reflejar una nueva visi\u00f3n sobre el entorno y la sociedad en la que vivimos\u201d.<\/p>\n<p>Por su parte, la directora del Festival, Patricia Figuero, defiende que \u201cun a\u00f1o m\u00e1s queremos sacar la poes\u00eda a las calles, expandir el lenguaje y conmover los cuerpos. Queremos crear los poemas a trav\u00e9s de rituales comunitarios, atravesar otros lenguajes po\u00e9ticos para que haya danza, \u00f3pera, conciertos o recitales fuera de lo academicista y lo normativo. Queremos romper con la idea de que la poes\u00eda es de unos pocos y para unos pocos, porque en este festival sabemos que nos pertenece a todas\u201d.<\/p>\n<p>Por \u00faltimo, se recuerda que este Festival est\u00e1 organizado por el Ayuntamiento de Los Llanos de Aridane y el Ayuntamiento de El Paso, y cuenta con la colaboraci\u00f3n del del Cabildo de La Palma, y el Instituto Canario de Desarrollo Cultural, del Gobierno de Canarias<\/p>\n<p><strong>\u00a0<\/strong><\/p>\n<p><strong>Programa del Nombrarse Volc\u00e1n Festival 2023:<\/strong><\/p>\n<p><strong>EL PASO<\/strong><\/p>\n<ul>\n<li><strong> JUEVES 1 DE JUNIO- ANIMALES DE FUEGO<\/strong><\/li>\n<\/ul>\n<p><strong>20:00 h Atrio del Ayuntamiento. Acci\u00f3n perfopo\u00e9tica \u2013 Lectura de Manifiesto<\/strong><\/p>\n<p>La poes\u00eda es nuestra. Mujeres palmeras de distintas generaciones leen el manifiesto del festival.<\/p>\n<p><strong>20: 30 h Salida desde el Atrio del Ayuntamiento hasta la Ermita Nuestra Se\u00f1ora de<\/strong><\/p>\n<p><strong>Bonanza- Performance &amp; Ritual<\/strong><\/p>\n<p>Cicatrices de destierro con Isil Sol Vil x Marina Barsy Janer.<\/p>\n<p>Una intervenci\u00f3n performativa que ha sido creada especialmente para La Palma.<\/p>\n<p>Su arte es un acto transgresor. Entienden la descolonizaci\u00f3n corpomente como s\u00edmbolo de rebeld\u00eda y subversi\u00f3n.<\/p>\n<p><strong>21:30 h Teatro Monterrey &#8211; Poes\u00eda sonora<\/strong><\/p>\n<p><strong>Beb\u00e9bestia <\/strong>con Gustavo Gim\u00e9nez<\/p>\n<p>Propuesta de m\u00fasica experimental y narraci\u00f3n po\u00e9tica que explora los l\u00edmites de la<\/p>\n<p>oralidad para construir paisajes sonoros psicod\u00e9licos, conmovedores y sugerentes.<\/p>\n<p><strong>LOS LLANOS<\/strong><\/p>\n<ul>\n<li><strong> VIERNES 3 DE JUNIO- KIPUKA<\/strong><\/li>\n<\/ul>\n<p><strong>12:00 h Mercado Municipal de Los Llanos &#8211; Danza performativa<\/strong><\/p>\n<p><strong>Placeres extra\u00f1os repito placeres extra\u00f1os<\/strong> con Acerina Amador<\/p>\n<p>Una inmersi\u00f3n en el mundo obsesivo de cada unx de nosotrxs. El cuerpo como exponente para preguntar a trav\u00e9s de la danza y la performance. El Mercado se convierte en un espacio donde compartir el placer po\u00e9tico de mirar, comer y existir.<\/p>\n<p><strong>12:30 h Mercado Municipal de Los Llanos \u2013 Esto no es un recital<\/strong><\/p>\n<p><strong>Griter\u00edo po\u00e9tico<\/strong> con mujeres integrantes del espacio literario \u00abUn bosque propio\u00bb. La poes\u00eda canaria sale de los libros y toma voz en el mercado. El lenguaje es grito y acci\u00f3n<strong>\u00a0<\/strong><\/p>\n<p><strong>19:30 h Museo Benahoarita \u2013 \u00d3pera Trap<\/strong><\/p>\n<p><strong>12 cuentos dada\u00edstas de La Dama A\u00f1il Oscuro con Lilith<\/strong><\/p>\n<p>Lilith ha inventado un g\u00e9nero nuevo: el trap dada\u00edsta. Y lo ha enmarcado en el formato esc\u00e9nico de la \u00f3pera. Una experiencia visual de color, innovaci\u00f3n y po\u00e9tica.<\/p>\n<p><strong>21:00 h Parque Antonio G\u00f3mez Felipe \u2013 Performances nocturnas<\/strong><\/p>\n<p><strong>Electropoemas con Albertina Barcel\u00f3<\/strong><\/p>\n<p>Una combinaci\u00f3n de poes\u00eda cl\u00e1sica y m\u00fasica electr\u00f3nica. Un paisaje sonoro creado mediante voces, flauta travesera y beatbox.<\/p>\n<p><strong>Performance <\/strong>con Pecado Carnal<\/p>\n<p>Danza, tab\u00fa, estigma y ritual beben y escupen resiliencia en escena. El clamor es la banda sonora, el sudor el fluido m\u00e1s anhelado y la pasi\u00f3n el sacrificio m\u00e1s devoto.<\/p>\n<p><strong>DJ set y brindis po\u00e9tico con Irene Berl\u00edn<\/strong><\/p>\n<p>Una sesi\u00f3n de m\u00fasica electr\u00f3nica. Un trance po\u00e9tico a la luz de las estrellas para brindar por la poes\u00eda y celebrar los cuerpos.<\/p>\n<p><strong>LOS LLANOS<\/strong><\/p>\n<ul>\n<li><strong> S\u00c1BADO 4 DE JUNIO- EXTINCI\u00d3N<\/strong><\/li>\n<\/ul>\n<p><strong>12:00 h Espacio Real 21 &#8211; Prestidigitaci\u00f3n oral<\/strong><\/p>\n<p><strong>PLAY con el d\u00fao UAL.LA<\/strong><\/p>\n<p>Un concierto de \u00abtablemusic\u00bb para toda la familia. Una invitaci\u00f3n al juego permanente con canciones que navegan por el hip-hop, el spoken Word y la bossa-nova.<\/p>\n<p><strong>20:00 Espacio Cultural El Secadero &#8211; Danza &amp; Ritual<\/strong><\/p>\n<p><strong>Criolla de Ximena Carnevale<\/strong><\/p>\n<p>Un solo de danza, performance y m\u00fasica. Un tratado del cuerpo sobre la descolonizaci\u00f3n y la cultura prehisp\u00e1nica andina, una pieza fenomenol\u00f3gica que apunta a las experiencias, la memoria del territorio y la tradici\u00f3n.<\/p>\n<p><strong>21:00 Espacio Cultural El Secadero &#8211; M\u00fasica &amp; Performance<\/strong><\/p>\n<p>Neu Om concierto con Garrivik, d\u00fao compuesto por Amanda Garrido y Adri\u00e1n Foulkes. Cantos de sirenas y ritmos tribales, sonidos ac\u00fasticos y electr\u00f3nicos para hablar de la p\u00e9rdida de identidad, de las pandemias, de la maternidad, de la sexualidad, de la contaminaci\u00f3n y la miseria, del rito.[\/vc_column_text][\/vc_column][\/vc_row]<\/p>\n<\/section>","protected":false},"excerpt":{"rendered":"<p>[vc_row css_animation=\u00bb\u00bb row_type=\u00bbrow\u00bb use_row_as_full_screen_section=\u00bbno\u00bb type=\u00bbfull_width\u00bb angled_section=\u00bbno\u00bb text_align=\u00bbleft\u00bb background_image_as_pattern=\u00bbwithout_pattern\u00bb][vc_column][vc_row_inner row_type=\u00bbrow\u00bb type=\u00bbgrid\u00bb text_align=\u00bbleft\u00bb css_animation=\u00bb\u00bb][vc_column_inner][vc_empty_space height=\u00bb20px\u00bb][vc_empty_space height=\u00bb20px\u00bb][\/vc_column_inner][\/vc_row_inner][vc_column_text] Esta actividad de desarrollar\u00e1 hoy, 1 de junio, en El Paso, mientras que ma\u00f1ana, d\u00eda 2, y pasado, d\u00eda 3, tendr\u00e1 lugar en Los Llanos de Aridane. &nbsp; Los Llanos de&#8230;<\/p>\n","protected":false},"author":1,"featured_media":2445,"comment_status":"closed","ping_status":"open","sticky":false,"template":"","format":"standard","meta":{"footnotes":""},"categories":[6],"tags":[],"class_list":["post-1946","post","type-post","status-publish","format-standard","has-post-thumbnail","hentry","category-prensa"],"yoast_head":"<!-- This site is optimized with the Yoast SEO plugin v22.7 - https:\/\/yoast.com\/wordpress\/plugins\/seo\/ -->\n<title>Regresa la II edici\u00f3n del Festival de poes\u00eda &amp; performance \u2019Nombrarse volc\u00e1n\u2019 - Ayuntamiento de Los Llanos de Aridane<\/title>\n<meta name=\"description\" content=\"El Ayuntamiento de Los Llanos de Aridane presenta el cartel y el programa de La Patrona 2021 con el lema \u201cRemedios, m\u00e1s que un nombre.\u201d\" \/>\n<meta name=\"robots\" content=\"index, follow, max-snippet:-1, max-image-preview:large, max-video-preview:-1\" \/>\n<link rel=\"canonical\" href=\"https:\/\/www.aridane.org\/city\/2023\/06\/01\/regresa-la-ii-edicion-del-festival-de-poesia-performance-nombrarse-volcan\/\" \/>\n<meta property=\"og:locale\" content=\"es_ES\" \/>\n<meta property=\"og:type\" content=\"article\" \/>\n<meta property=\"og:title\" content=\"Regresa la II edici\u00f3n del Festival de poes\u00eda &amp; performance \u2019Nombrarse volc\u00e1n\u2019 - Ayuntamiento de Los Llanos de Aridane\" \/>\n<meta property=\"og:description\" content=\"El Ayuntamiento de Los Llanos de Aridane presenta el cartel y el programa de La Patrona 2021 con el lema \u201cRemedios, m\u00e1s que un nombre.\u201d\" \/>\n<meta property=\"og:url\" content=\"https:\/\/www.aridane.org\/city\/2023\/06\/01\/regresa-la-ii-edicion-del-festival-de-poesia-performance-nombrarse-volcan\/\" \/>\n<meta property=\"og:site_name\" content=\"Ayuntamiento de Los Llanos de Aridane\" \/>\n<meta property=\"article:published_time\" content=\"2023-06-01T12:07:09+00:00\" \/>\n<meta property=\"article:modified_time\" content=\"2023-07-24T07:12:20+00:00\" \/>\n<meta property=\"og:image\" content=\"https:\/\/www.aridane.org\/city\/wp-content\/uploads\/2023\/06\/nombrarse_volcan_web.jpg\" \/>\n\t<meta property=\"og:image:width\" content=\"1200\" \/>\n\t<meta property=\"og:image:height\" content=\"675\" \/>\n\t<meta property=\"og:image:type\" content=\"image\/jpeg\" \/>\n<meta name=\"author\" content=\"Richard Diaz\" \/>\n<meta name=\"twitter:card\" content=\"summary_large_image\" \/>\n<meta name=\"twitter:label1\" content=\"Escrito por\" \/>\n\t<meta name=\"twitter:data1\" content=\"Richard Diaz\" \/>\n\t<meta name=\"twitter:label2\" content=\"Tiempo de lectura\" \/>\n\t<meta name=\"twitter:data2\" content=\"5 minutos\" \/>\n<script type=\"application\/ld+json\" class=\"yoast-schema-graph\">{\"@context\":\"https:\/\/schema.org\",\"@graph\":[{\"@type\":\"WebPage\",\"@id\":\"https:\/\/www.aridane.org\/city\/2023\/06\/01\/regresa-la-ii-edicion-del-festival-de-poesia-performance-nombrarse-volcan\/\",\"url\":\"https:\/\/www.aridane.org\/city\/2023\/06\/01\/regresa-la-ii-edicion-del-festival-de-poesia-performance-nombrarse-volcan\/\",\"name\":\"Regresa la II edici\u00f3n del Festival de poes\u00eda & performance \u2019Nombrarse volc\u00e1n\u2019 - Ayuntamiento de Los Llanos de Aridane\",\"isPartOf\":{\"@id\":\"https:\/\/www.aridane.org\/city\/#website\"},\"primaryImageOfPage\":{\"@id\":\"https:\/\/www.aridane.org\/city\/2023\/06\/01\/regresa-la-ii-edicion-del-festival-de-poesia-performance-nombrarse-volcan\/#primaryimage\"},\"image\":{\"@id\":\"https:\/\/www.aridane.org\/city\/2023\/06\/01\/regresa-la-ii-edicion-del-festival-de-poesia-performance-nombrarse-volcan\/#primaryimage\"},\"thumbnailUrl\":\"https:\/\/www.aridane.org\/city\/wp-content\/uploads\/2023\/06\/nombrarse_volcan_web.jpg\",\"datePublished\":\"2023-06-01T12:07:09+00:00\",\"dateModified\":\"2023-07-24T07:12:20+00:00\",\"author\":{\"@id\":\"https:\/\/www.aridane.org\/city\/#\/schema\/person\/7d352ec7f29881716f298394432e7209\"},\"description\":\"El Ayuntamiento de Los Llanos de Aridane presenta el cartel y el programa de La Patrona 2021 con el lema \u201cRemedios, m\u00e1s que un nombre.\u201d\",\"breadcrumb\":{\"@id\":\"https:\/\/www.aridane.org\/city\/2023\/06\/01\/regresa-la-ii-edicion-del-festival-de-poesia-performance-nombrarse-volcan\/#breadcrumb\"},\"inLanguage\":\"es\",\"potentialAction\":[{\"@type\":\"ReadAction\",\"target\":[\"https:\/\/www.aridane.org\/city\/2023\/06\/01\/regresa-la-ii-edicion-del-festival-de-poesia-performance-nombrarse-volcan\/\"]}]},{\"@type\":\"ImageObject\",\"inLanguage\":\"es\",\"@id\":\"https:\/\/www.aridane.org\/city\/2023\/06\/01\/regresa-la-ii-edicion-del-festival-de-poesia-performance-nombrarse-volcan\/#primaryimage\",\"url\":\"https:\/\/www.aridane.org\/city\/wp-content\/uploads\/2023\/06\/nombrarse_volcan_web.jpg\",\"contentUrl\":\"https:\/\/www.aridane.org\/city\/wp-content\/uploads\/2023\/06\/nombrarse_volcan_web.jpg\",\"width\":1200,\"height\":675},{\"@type\":\"BreadcrumbList\",\"@id\":\"https:\/\/www.aridane.org\/city\/2023\/06\/01\/regresa-la-ii-edicion-del-festival-de-poesia-performance-nombrarse-volcan\/#breadcrumb\",\"itemListElement\":[{\"@type\":\"ListItem\",\"position\":1,\"name\":\"Portada\",\"item\":\"https:\/\/www.aridane.org\/city\/\"},{\"@type\":\"ListItem\",\"position\":2,\"name\":\"Regresa la II edici\u00f3n del Festival de poes\u00eda &#038; performance \u2019Nombrarse volc\u00e1n\u2019\"}]},{\"@type\":\"WebSite\",\"@id\":\"https:\/\/www.aridane.org\/city\/#website\",\"url\":\"https:\/\/www.aridane.org\/city\/\",\"name\":\"Ayuntamiento de Los Llanos de Aridane\",\"description\":\"\",\"potentialAction\":[{\"@type\":\"SearchAction\",\"target\":{\"@type\":\"EntryPoint\",\"urlTemplate\":\"https:\/\/www.aridane.org\/city\/?s={search_term_string}\"},\"query-input\":\"required name=search_term_string\"}],\"inLanguage\":\"es\"},{\"@type\":\"Person\",\"@id\":\"https:\/\/www.aridane.org\/city\/#\/schema\/person\/7d352ec7f29881716f298394432e7209\",\"name\":\"Richard Diaz\",\"image\":{\"@type\":\"ImageObject\",\"inLanguage\":\"es\",\"@id\":\"https:\/\/www.aridane.org\/city\/#\/schema\/person\/image\/\",\"url\":\"https:\/\/secure.gravatar.com\/avatar\/bacd6aefc26a4a204943090a4c596cd10f0857081ef3cfd12084a70ecb3161d5?s=96&d=mm&r=g\",\"contentUrl\":\"https:\/\/secure.gravatar.com\/avatar\/bacd6aefc26a4a204943090a4c596cd10f0857081ef3cfd12084a70ecb3161d5?s=96&d=mm&r=g\",\"caption\":\"Richard Diaz\"},\"sameAs\":[\"https:\/\/www.aridane.org\/city\"],\"url\":\"https:\/\/www.aridane.org\/city\/author\/richard-diaz\/\"}]}<\/script>\n<!-- \/ Yoast SEO plugin. -->","yoast_head_json":{"title":"Regresa la II edici\u00f3n del Festival de poes\u00eda & performance \u2019Nombrarse volc\u00e1n\u2019 - Ayuntamiento de Los Llanos de Aridane","description":"El Ayuntamiento de Los Llanos de Aridane presenta el cartel y el programa de La Patrona 2021 con el lema \u201cRemedios, m\u00e1s que un nombre.\u201d","robots":{"index":"index","follow":"follow","max-snippet":"max-snippet:-1","max-image-preview":"max-image-preview:large","max-video-preview":"max-video-preview:-1"},"canonical":"https:\/\/www.aridane.org\/city\/2023\/06\/01\/regresa-la-ii-edicion-del-festival-de-poesia-performance-nombrarse-volcan\/","og_locale":"es_ES","og_type":"article","og_title":"Regresa la II edici\u00f3n del Festival de poes\u00eda & performance \u2019Nombrarse volc\u00e1n\u2019 - Ayuntamiento de Los Llanos de Aridane","og_description":"El Ayuntamiento de Los Llanos de Aridane presenta el cartel y el programa de La Patrona 2021 con el lema \u201cRemedios, m\u00e1s que un nombre.\u201d","og_url":"https:\/\/www.aridane.org\/city\/2023\/06\/01\/regresa-la-ii-edicion-del-festival-de-poesia-performance-nombrarse-volcan\/","og_site_name":"Ayuntamiento de Los Llanos de Aridane","article_published_time":"2023-06-01T12:07:09+00:00","article_modified_time":"2023-07-24T07:12:20+00:00","og_image":[{"width":1200,"height":675,"url":"https:\/\/www.aridane.org\/city\/wp-content\/uploads\/2023\/06\/nombrarse_volcan_web.jpg","type":"image\/jpeg"}],"author":"Richard Diaz","twitter_card":"summary_large_image","twitter_misc":{"Escrito por":"Richard Diaz","Tiempo de lectura":"5 minutos"},"schema":{"@context":"https:\/\/schema.org","@graph":[{"@type":"WebPage","@id":"https:\/\/www.aridane.org\/city\/2023\/06\/01\/regresa-la-ii-edicion-del-festival-de-poesia-performance-nombrarse-volcan\/","url":"https:\/\/www.aridane.org\/city\/2023\/06\/01\/regresa-la-ii-edicion-del-festival-de-poesia-performance-nombrarse-volcan\/","name":"Regresa la II edici\u00f3n del Festival de poes\u00eda & performance \u2019Nombrarse volc\u00e1n\u2019 - Ayuntamiento de Los Llanos de Aridane","isPartOf":{"@id":"https:\/\/www.aridane.org\/city\/#website"},"primaryImageOfPage":{"@id":"https:\/\/www.aridane.org\/city\/2023\/06\/01\/regresa-la-ii-edicion-del-festival-de-poesia-performance-nombrarse-volcan\/#primaryimage"},"image":{"@id":"https:\/\/www.aridane.org\/city\/2023\/06\/01\/regresa-la-ii-edicion-del-festival-de-poesia-performance-nombrarse-volcan\/#primaryimage"},"thumbnailUrl":"https:\/\/www.aridane.org\/city\/wp-content\/uploads\/2023\/06\/nombrarse_volcan_web.jpg","datePublished":"2023-06-01T12:07:09+00:00","dateModified":"2023-07-24T07:12:20+00:00","author":{"@id":"https:\/\/www.aridane.org\/city\/#\/schema\/person\/7d352ec7f29881716f298394432e7209"},"description":"El Ayuntamiento de Los Llanos de Aridane presenta el cartel y el programa de La Patrona 2021 con el lema \u201cRemedios, m\u00e1s que un nombre.\u201d","breadcrumb":{"@id":"https:\/\/www.aridane.org\/city\/2023\/06\/01\/regresa-la-ii-edicion-del-festival-de-poesia-performance-nombrarse-volcan\/#breadcrumb"},"inLanguage":"es","potentialAction":[{"@type":"ReadAction","target":["https:\/\/www.aridane.org\/city\/2023\/06\/01\/regresa-la-ii-edicion-del-festival-de-poesia-performance-nombrarse-volcan\/"]}]},{"@type":"ImageObject","inLanguage":"es","@id":"https:\/\/www.aridane.org\/city\/2023\/06\/01\/regresa-la-ii-edicion-del-festival-de-poesia-performance-nombrarse-volcan\/#primaryimage","url":"https:\/\/www.aridane.org\/city\/wp-content\/uploads\/2023\/06\/nombrarse_volcan_web.jpg","contentUrl":"https:\/\/www.aridane.org\/city\/wp-content\/uploads\/2023\/06\/nombrarse_volcan_web.jpg","width":1200,"height":675},{"@type":"BreadcrumbList","@id":"https:\/\/www.aridane.org\/city\/2023\/06\/01\/regresa-la-ii-edicion-del-festival-de-poesia-performance-nombrarse-volcan\/#breadcrumb","itemListElement":[{"@type":"ListItem","position":1,"name":"Portada","item":"https:\/\/www.aridane.org\/city\/"},{"@type":"ListItem","position":2,"name":"Regresa la II edici\u00f3n del Festival de poes\u00eda &#038; performance \u2019Nombrarse volc\u00e1n\u2019"}]},{"@type":"WebSite","@id":"https:\/\/www.aridane.org\/city\/#website","url":"https:\/\/www.aridane.org\/city\/","name":"Ayuntamiento de Los Llanos de Aridane","description":"","potentialAction":[{"@type":"SearchAction","target":{"@type":"EntryPoint","urlTemplate":"https:\/\/www.aridane.org\/city\/?s={search_term_string}"},"query-input":"required name=search_term_string"}],"inLanguage":"es"},{"@type":"Person","@id":"https:\/\/www.aridane.org\/city\/#\/schema\/person\/7d352ec7f29881716f298394432e7209","name":"Richard Diaz","image":{"@type":"ImageObject","inLanguage":"es","@id":"https:\/\/www.aridane.org\/city\/#\/schema\/person\/image\/","url":"https:\/\/secure.gravatar.com\/avatar\/bacd6aefc26a4a204943090a4c596cd10f0857081ef3cfd12084a70ecb3161d5?s=96&d=mm&r=g","contentUrl":"https:\/\/secure.gravatar.com\/avatar\/bacd6aefc26a4a204943090a4c596cd10f0857081ef3cfd12084a70ecb3161d5?s=96&d=mm&r=g","caption":"Richard Diaz"},"sameAs":["https:\/\/www.aridane.org\/city"],"url":"https:\/\/www.aridane.org\/city\/author\/richard-diaz\/"}]}},"_links":{"self":[{"href":"https:\/\/www.aridane.org\/city\/wp-json\/wp\/v2\/posts\/1946","targetHints":{"allow":["GET"]}}],"collection":[{"href":"https:\/\/www.aridane.org\/city\/wp-json\/wp\/v2\/posts"}],"about":[{"href":"https:\/\/www.aridane.org\/city\/wp-json\/wp\/v2\/types\/post"}],"author":[{"embeddable":true,"href":"https:\/\/www.aridane.org\/city\/wp-json\/wp\/v2\/users\/1"}],"replies":[{"embeddable":true,"href":"https:\/\/www.aridane.org\/city\/wp-json\/wp\/v2\/comments?post=1946"}],"version-history":[{"count":1,"href":"https:\/\/www.aridane.org\/city\/wp-json\/wp\/v2\/posts\/1946\/revisions"}],"predecessor-version":[{"id":2446,"href":"https:\/\/www.aridane.org\/city\/wp-json\/wp\/v2\/posts\/1946\/revisions\/2446"}],"wp:featuredmedia":[{"embeddable":true,"href":"https:\/\/www.aridane.org\/city\/wp-json\/wp\/v2\/media\/2445"}],"wp:attachment":[{"href":"https:\/\/www.aridane.org\/city\/wp-json\/wp\/v2\/media?parent=1946"}],"wp:term":[{"taxonomy":"category","embeddable":true,"href":"https:\/\/www.aridane.org\/city\/wp-json\/wp\/v2\/categories?post=1946"},{"taxonomy":"post_tag","embeddable":true,"href":"https:\/\/www.aridane.org\/city\/wp-json\/wp\/v2\/tags?post=1946"}],"curies":[{"name":"wp","href":"https:\/\/api.w.org\/{rel}","templated":true}]}}