{"id":1947,"date":"2023-06-01T14:24:02","date_gmt":"2023-06-01T13:24:02","guid":{"rendered":"https:\/\/aridane.org\/ciudad\/?p=1802"},"modified":"2023-07-21T11:53:03","modified_gmt":"2023-07-21T11:53:03","slug":"arranca-la-programacion-de-la-patrona-2023-en-los-llanos-de-aridane","status":"publish","type":"post","link":"https:\/\/www.aridane.org\/city\/2023\/06\/01\/arranca-la-programacion-de-la-patrona-2023-en-los-llanos-de-aridane\/","title":{"rendered":"Arranca la programaci\u00f3n de La Patrona 2023 en Los Llanos de Aridane"},"content":{"rendered":"<section class=\"wpb-content-wrapper\"><p>[vc_row css_animation=\u00bb\u00bb row_type=\u00bbrow\u00bb use_row_as_full_screen_section=\u00bbno\u00bb type=\u00bbfull_width\u00bb angled_section=\u00bbno\u00bb text_align=\u00bbleft\u00bb background_image_as_pattern=\u00bbwithout_pattern\u00bb][vc_column][vc_row_inner row_type=\u00bbrow\u00bb type=\u00bbgrid\u00bb text_align=\u00bbleft\u00bb css_animation=\u00bb\u00bb][vc_column_inner][vc_empty_space height=\u00bb20px\u00bb][vc_empty_space height=\u00bb20px\u00bb][\/vc_column_inner][\/vc_row_inner][vc_column_text]<\/p>\n<ul>\n<li><em>Garc\u00eda Leal se\u00f1ala que estas fiestas patronales son una oportunidad para reencontrarnos, y seguir dinamizando el municipio. <\/em><\/li>\n<li><em>Por su parte, la concejal de Fiestas, M\u00f3nica Gonz\u00e1lez, agradece la labor realizada por todas las personas que han trabajado para el desarrollo de este extenso programa pensando y dirigido a todas las edades.<\/em><\/li>\n<\/ul>\n<p>&nbsp;<\/p>\n<p><strong>Los Llanos de Aridane, 1 de junio de 2023.- <\/strong>El Ayuntamiento de Los Llanos de Aridane a trav\u00e9s de su alcaldesa, Noelia Garc\u00eda Leal, y la concejal de Fiestas, M\u00f3nica Gonz\u00e1lez, han dado a conocer la programaci\u00f3n de las Fiestas Patronales en honor a Nuestra Se\u00f1ora de Los Remedios, \u201cque se desarrollar\u00e1n desde este s\u00e1bado 4 de junio hasta el pr\u00f3ximo 2 de julio, con un amplio programa dirigido a todas las edades\u201d.<\/p>\n<p>Garc\u00eda Leal ha defendido que estas fiestas patronales son una oportunidad para reencontrarnos, \u201cy para seguir dinamizando el municipio e impulsando las compras y la econom\u00eda local, en un momento lave para Los Llanos de Aridane\u201d.<\/p>\n<p>Mientras, Gonz\u00e1lez ha explicado que en esta edici\u00f3n, concretamente el domingo 4 la artista Maribel Nazco ser\u00e1 la encargada de ofrecer el<strong> preg\u00f3n<\/strong> a partir de las 19:00 horas en la Plaza de San Pedro, \u201cmientras que un d\u00eda antes, el s\u00e1bado 3 a las 11:30 horas ser\u00e1 nombrada Hija Predilecta de Los Llanos de Aridane\u201d.<\/p>\n<p>En esta edici\u00f3n la <strong>Gala de Elecci\u00f3n de la Reina<\/strong> se desarrollar\u00e1 el viernes 9 de junio a partir de las 21:30 en la Plaza de Espa\u00f1a, y la coronaci\u00f3n de la misma tendr\u00e1 lugar al d\u00eda siguiente, el s\u00e1bado 10, a partir de las 22:00 horas, en el mismo lugar.<\/p>\n<p>Mientras, el s\u00e1bado 14 de junio a partir de las 21:00 horas en la Plaza de Espa\u00f1a se reconocer\u00e1 a la Mujer Destaca 2023. Mientras que el viernes 16 tendr\u00e1 lugar <strong>la Gala del Deporte,<\/strong> \u00aben la que desde las 20:30 horas, en la Plaza de Espa\u00f1a,\u00a0se reconocer\u00e1 a todos aquellos deportistas y clubes aridanenses que hayan obtenido podium en campeonatos oficiales a nivel regional, nacional o internacional\u201d. Adem\u00e1s, este a\u00f1o tendr\u00e1 lugar el I Torneo de f\u00fatbol femenino provincial, categor\u00eda Alev\u00edn, en el Estadio Municipal Acer\u00f3, y el domingo 2 de julio a partir de las del municipio, y del lunes 19 al jueves 22 en la calle D\u00edaz Pimienta todo el que lo desee podr\u00e1 disfrutar de la Feria de Artesan\u00eda.<\/p>\n<p>Uno de los platos fuertes, afirma la concejal,\u00a0 ser\u00e1 el s\u00e1bado 24 de junio cuando a partir de\u00a0 las 8:00 horas tenga lugar la <strong>128 edici\u00f3n del concurso de ganado<\/strong>; y posteriormente se lleve a cabo la<strong> procesi\u00f3n de San Isidro Labrador<\/strong> desde la Plaza de Espa\u00f1a hasta el Parque Conrado Hern\u00e1ndez, \u201cque acompa\u00f1ado por la Reina y\u00a0 la corte de honor bendecir\u00e1 al ganado\u201d. Adem\u00e1s, a partir de las 19:00\u00a0 vuelve la<strong> tradicional romer\u00eda<\/strong> de la mano de formaciones folcl\u00f3ricas, \u201cy a continuaci\u00f3n se desarrollar\u00e1 la verbena\u201d.<\/p>\n<p><strong>Tradici\u00f3n y devoci\u00f3n<\/strong><\/p>\n<p>El domingo d\u00eda 4 de junio a partir de las 11:00 horas, ser\u00e1 la <strong>Santa Misa <\/strong><strong>en la Parroquia Matriz de Nuestra Se\u00f1ora de Los Remedios y la izada de la bandera de la Virgen.<\/strong><\/p>\n<p>El domingo 11 de junio a partir de las 12:00 horas, en la parroquia Matriz<strong>,\u00a0 tendr\u00e1 lugar la ofrenda a Nuestra Se\u00f1ora de Los Remedios con la participaci\u00f3n de las asociaciones vecinales, culturales, religiosas, sociales y deportivas del municipio. <\/strong><\/p>\n<p>El\u00a0 <strong>repique de campanas<\/strong> ser\u00e1 el s\u00e1bado 1 de julio a partir de las 12:00 que anunciar\u00e1\u00a0 la proximidad del D\u00eda Grande de las Fiestas Patronales.<\/p>\n<p>El s\u00e1bado d\u00eda 2 de julio, con motivo de la <strong>Solemnidad de la Patrona <\/strong>a las 12:00 horas dar\u00e1 comienzo la Funci\u00f3n Religiosa en honor a Nuestra Se\u00f1ora de Los Remedios en la parroquia Matriz.<\/p>\n<p>A las 19:30 horas ser\u00e1 el Santo Rosario, mientras que a las \u00a020:00 horas ser\u00e1 momento de la\u00a0 solemne eucarist\u00eda en Honor a La Patrona. Posteriormente, se producir\u00e1 la salida procesional de la venerada imagen de la Virgen de Los Remedios hasta la Plaza de Espa\u00f1a, acompa\u00f1ada por la Banda Municipal de Los Llanos de Aridane. A las 22:00 horas se desarrollar\u00e1 uno de los momentos m\u00e1s emocionantes con la Loa a la Virgen de Los Remedios con m\u00fasica de Domingo Gonz\u00e1lez Ferrera y letra de Pedro Hern\u00e1ndez y Hern\u00e1ndez. Ser\u00e1 interpretada por la Coral Awara dirigida por Marcos Lorenzo, con las solistas Yanira Rodr\u00edguez y Amanda Acosta.[\/vc_column_text][\/vc_column][\/vc_row]<\/p>\n<\/section>","protected":false},"excerpt":{"rendered":"<p>[vc_row css_animation=\u00bb\u00bb row_type=\u00bbrow\u00bb use_row_as_full_screen_section=\u00bbno\u00bb type=\u00bbfull_width\u00bb angled_section=\u00bbno\u00bb text_align=\u00bbleft\u00bb background_image_as_pattern=\u00bbwithout_pattern\u00bb][vc_column][vc_row_inner row_type=\u00bbrow\u00bb type=\u00bbgrid\u00bb text_align=\u00bbleft\u00bb css_animation=\u00bb\u00bb][vc_column_inner][vc_empty_space height=\u00bb20px\u00bb][vc_empty_space height=\u00bb20px\u00bb][\/vc_column_inner][\/vc_row_inner][vc_column_text] Garc\u00eda Leal se\u00f1ala que estas fiestas patronales son una oportunidad para reencontrarnos, y seguir dinamizando el municipio. Por su parte, la concejal de Fiestas, M\u00f3nica Gonz\u00e1lez, agradece la labor realizada por&#8230;<\/p>\n","protected":false},"author":1,"featured_media":2442,"comment_status":"closed","ping_status":"open","sticky":false,"template":"","format":"standard","meta":{"footnotes":""},"categories":[6],"tags":[],"class_list":["post-1947","post","type-post","status-publish","format-standard","has-post-thumbnail","hentry","category-prensa"],"yoast_head":"<!-- This site is optimized with the Yoast SEO plugin v22.7 - https:\/\/yoast.com\/wordpress\/plugins\/seo\/ -->\n<title>Arranca la programaci\u00f3n de La Patrona 2023 en Los Llanos de Aridane - Ayuntamiento de Los Llanos de Aridane<\/title>\n<meta name=\"description\" content=\"El Ayuntamiento de Los Llanos de Aridane presenta el cartel y el programa de La Patrona 2021 con el lema \u201cRemedios, m\u00e1s que un nombre.\u201d\" \/>\n<meta name=\"robots\" content=\"index, follow, max-snippet:-1, max-image-preview:large, max-video-preview:-1\" \/>\n<link rel=\"canonical\" href=\"https:\/\/www.aridane.org\/city\/2023\/06\/01\/arranca-la-programacion-de-la-patrona-2023-en-los-llanos-de-aridane\/\" \/>\n<meta property=\"og:locale\" content=\"es_ES\" \/>\n<meta property=\"og:type\" content=\"article\" \/>\n<meta property=\"og:title\" content=\"Arranca la programaci\u00f3n de La Patrona 2023 en Los Llanos de Aridane - Ayuntamiento de Los Llanos de Aridane\" \/>\n<meta property=\"og:description\" content=\"El Ayuntamiento de Los Llanos de Aridane presenta el cartel y el programa de La Patrona 2021 con el lema \u201cRemedios, m\u00e1s que un nombre.\u201d\" \/>\n<meta property=\"og:url\" content=\"https:\/\/www.aridane.org\/city\/2023\/06\/01\/arranca-la-programacion-de-la-patrona-2023-en-los-llanos-de-aridane\/\" \/>\n<meta property=\"og:site_name\" content=\"Ayuntamiento de Los Llanos de Aridane\" \/>\n<meta property=\"article:published_time\" content=\"2023-06-01T13:24:02+00:00\" \/>\n<meta property=\"article:modified_time\" content=\"2023-07-21T11:53:03+00:00\" \/>\n<meta property=\"og:image\" content=\"https:\/\/www.aridane.org\/city\/wp-content\/uploads\/2023\/06\/Patrona_2023_Agenda.jpg\" \/>\n\t<meta property=\"og:image:width\" content=\"1200\" \/>\n\t<meta property=\"og:image:height\" content=\"675\" \/>\n\t<meta property=\"og:image:type\" content=\"image\/jpeg\" \/>\n<meta name=\"author\" content=\"Richard Diaz\" \/>\n<meta name=\"twitter:card\" content=\"summary_large_image\" \/>\n<meta name=\"twitter:label1\" content=\"Escrito por\" \/>\n\t<meta name=\"twitter:data1\" content=\"Richard Diaz\" \/>\n\t<meta name=\"twitter:label2\" content=\"Tiempo de lectura\" \/>\n\t<meta name=\"twitter:data2\" content=\"4 minutos\" \/>\n<script type=\"application\/ld+json\" class=\"yoast-schema-graph\">{\"@context\":\"https:\/\/schema.org\",\"@graph\":[{\"@type\":\"WebPage\",\"@id\":\"https:\/\/www.aridane.org\/city\/2023\/06\/01\/arranca-la-programacion-de-la-patrona-2023-en-los-llanos-de-aridane\/\",\"url\":\"https:\/\/www.aridane.org\/city\/2023\/06\/01\/arranca-la-programacion-de-la-patrona-2023-en-los-llanos-de-aridane\/\",\"name\":\"Arranca la programaci\u00f3n de La Patrona 2023 en Los Llanos de Aridane - Ayuntamiento de Los Llanos de Aridane\",\"isPartOf\":{\"@id\":\"https:\/\/www.aridane.org\/city\/#website\"},\"primaryImageOfPage\":{\"@id\":\"https:\/\/www.aridane.org\/city\/2023\/06\/01\/arranca-la-programacion-de-la-patrona-2023-en-los-llanos-de-aridane\/#primaryimage\"},\"image\":{\"@id\":\"https:\/\/www.aridane.org\/city\/2023\/06\/01\/arranca-la-programacion-de-la-patrona-2023-en-los-llanos-de-aridane\/#primaryimage\"},\"thumbnailUrl\":\"https:\/\/www.aridane.org\/city\/wp-content\/uploads\/2023\/06\/Patrona_2023_Agenda.jpg\",\"datePublished\":\"2023-06-01T13:24:02+00:00\",\"dateModified\":\"2023-07-21T11:53:03+00:00\",\"author\":{\"@id\":\"https:\/\/www.aridane.org\/city\/#\/schema\/person\/7d352ec7f29881716f298394432e7209\"},\"description\":\"El Ayuntamiento de Los Llanos de Aridane presenta el cartel y el programa de La Patrona 2021 con el lema \u201cRemedios, m\u00e1s que un nombre.\u201d\",\"breadcrumb\":{\"@id\":\"https:\/\/www.aridane.org\/city\/2023\/06\/01\/arranca-la-programacion-de-la-patrona-2023-en-los-llanos-de-aridane\/#breadcrumb\"},\"inLanguage\":\"es\",\"potentialAction\":[{\"@type\":\"ReadAction\",\"target\":[\"https:\/\/www.aridane.org\/city\/2023\/06\/01\/arranca-la-programacion-de-la-patrona-2023-en-los-llanos-de-aridane\/\"]}]},{\"@type\":\"ImageObject\",\"inLanguage\":\"es\",\"@id\":\"https:\/\/www.aridane.org\/city\/2023\/06\/01\/arranca-la-programacion-de-la-patrona-2023-en-los-llanos-de-aridane\/#primaryimage\",\"url\":\"https:\/\/www.aridane.org\/city\/wp-content\/uploads\/2023\/06\/Patrona_2023_Agenda.jpg\",\"contentUrl\":\"https:\/\/www.aridane.org\/city\/wp-content\/uploads\/2023\/06\/Patrona_2023_Agenda.jpg\",\"width\":1200,\"height\":675},{\"@type\":\"BreadcrumbList\",\"@id\":\"https:\/\/www.aridane.org\/city\/2023\/06\/01\/arranca-la-programacion-de-la-patrona-2023-en-los-llanos-de-aridane\/#breadcrumb\",\"itemListElement\":[{\"@type\":\"ListItem\",\"position\":1,\"name\":\"Portada\",\"item\":\"https:\/\/www.aridane.org\/city\/\"},{\"@type\":\"ListItem\",\"position\":2,\"name\":\"Arranca la programaci\u00f3n de La Patrona 2023 en Los Llanos de Aridane\"}]},{\"@type\":\"WebSite\",\"@id\":\"https:\/\/www.aridane.org\/city\/#website\",\"url\":\"https:\/\/www.aridane.org\/city\/\",\"name\":\"Ayuntamiento de Los Llanos de Aridane\",\"description\":\"\",\"potentialAction\":[{\"@type\":\"SearchAction\",\"target\":{\"@type\":\"EntryPoint\",\"urlTemplate\":\"https:\/\/www.aridane.org\/city\/?s={search_term_string}\"},\"query-input\":\"required name=search_term_string\"}],\"inLanguage\":\"es\"},{\"@type\":\"Person\",\"@id\":\"https:\/\/www.aridane.org\/city\/#\/schema\/person\/7d352ec7f29881716f298394432e7209\",\"name\":\"Richard Diaz\",\"image\":{\"@type\":\"ImageObject\",\"inLanguage\":\"es\",\"@id\":\"https:\/\/www.aridane.org\/city\/#\/schema\/person\/image\/\",\"url\":\"https:\/\/secure.gravatar.com\/avatar\/bacd6aefc26a4a204943090a4c596cd10f0857081ef3cfd12084a70ecb3161d5?s=96&d=mm&r=g\",\"contentUrl\":\"https:\/\/secure.gravatar.com\/avatar\/bacd6aefc26a4a204943090a4c596cd10f0857081ef3cfd12084a70ecb3161d5?s=96&d=mm&r=g\",\"caption\":\"Richard Diaz\"},\"sameAs\":[\"https:\/\/www.aridane.org\/city\"],\"url\":\"https:\/\/www.aridane.org\/city\/author\/richard-diaz\/\"}]}<\/script>\n<!-- \/ Yoast SEO plugin. -->","yoast_head_json":{"title":"Arranca la programaci\u00f3n de La Patrona 2023 en Los Llanos de Aridane - Ayuntamiento de Los Llanos de Aridane","description":"El Ayuntamiento de Los Llanos de Aridane presenta el cartel y el programa de La Patrona 2021 con el lema \u201cRemedios, m\u00e1s que un nombre.\u201d","robots":{"index":"index","follow":"follow","max-snippet":"max-snippet:-1","max-image-preview":"max-image-preview:large","max-video-preview":"max-video-preview:-1"},"canonical":"https:\/\/www.aridane.org\/city\/2023\/06\/01\/arranca-la-programacion-de-la-patrona-2023-en-los-llanos-de-aridane\/","og_locale":"es_ES","og_type":"article","og_title":"Arranca la programaci\u00f3n de La Patrona 2023 en Los Llanos de Aridane - Ayuntamiento de Los Llanos de Aridane","og_description":"El Ayuntamiento de Los Llanos de Aridane presenta el cartel y el programa de La Patrona 2021 con el lema \u201cRemedios, m\u00e1s que un nombre.\u201d","og_url":"https:\/\/www.aridane.org\/city\/2023\/06\/01\/arranca-la-programacion-de-la-patrona-2023-en-los-llanos-de-aridane\/","og_site_name":"Ayuntamiento de Los Llanos de Aridane","article_published_time":"2023-06-01T13:24:02+00:00","article_modified_time":"2023-07-21T11:53:03+00:00","og_image":[{"width":1200,"height":675,"url":"https:\/\/www.aridane.org\/city\/wp-content\/uploads\/2023\/06\/Patrona_2023_Agenda.jpg","type":"image\/jpeg"}],"author":"Richard Diaz","twitter_card":"summary_large_image","twitter_misc":{"Escrito por":"Richard Diaz","Tiempo de lectura":"4 minutos"},"schema":{"@context":"https:\/\/schema.org","@graph":[{"@type":"WebPage","@id":"https:\/\/www.aridane.org\/city\/2023\/06\/01\/arranca-la-programacion-de-la-patrona-2023-en-los-llanos-de-aridane\/","url":"https:\/\/www.aridane.org\/city\/2023\/06\/01\/arranca-la-programacion-de-la-patrona-2023-en-los-llanos-de-aridane\/","name":"Arranca la programaci\u00f3n de La Patrona 2023 en Los Llanos de Aridane - Ayuntamiento de Los Llanos de Aridane","isPartOf":{"@id":"https:\/\/www.aridane.org\/city\/#website"},"primaryImageOfPage":{"@id":"https:\/\/www.aridane.org\/city\/2023\/06\/01\/arranca-la-programacion-de-la-patrona-2023-en-los-llanos-de-aridane\/#primaryimage"},"image":{"@id":"https:\/\/www.aridane.org\/city\/2023\/06\/01\/arranca-la-programacion-de-la-patrona-2023-en-los-llanos-de-aridane\/#primaryimage"},"thumbnailUrl":"https:\/\/www.aridane.org\/city\/wp-content\/uploads\/2023\/06\/Patrona_2023_Agenda.jpg","datePublished":"2023-06-01T13:24:02+00:00","dateModified":"2023-07-21T11:53:03+00:00","author":{"@id":"https:\/\/www.aridane.org\/city\/#\/schema\/person\/7d352ec7f29881716f298394432e7209"},"description":"El Ayuntamiento de Los Llanos de Aridane presenta el cartel y el programa de La Patrona 2021 con el lema \u201cRemedios, m\u00e1s que un nombre.\u201d","breadcrumb":{"@id":"https:\/\/www.aridane.org\/city\/2023\/06\/01\/arranca-la-programacion-de-la-patrona-2023-en-los-llanos-de-aridane\/#breadcrumb"},"inLanguage":"es","potentialAction":[{"@type":"ReadAction","target":["https:\/\/www.aridane.org\/city\/2023\/06\/01\/arranca-la-programacion-de-la-patrona-2023-en-los-llanos-de-aridane\/"]}]},{"@type":"ImageObject","inLanguage":"es","@id":"https:\/\/www.aridane.org\/city\/2023\/06\/01\/arranca-la-programacion-de-la-patrona-2023-en-los-llanos-de-aridane\/#primaryimage","url":"https:\/\/www.aridane.org\/city\/wp-content\/uploads\/2023\/06\/Patrona_2023_Agenda.jpg","contentUrl":"https:\/\/www.aridane.org\/city\/wp-content\/uploads\/2023\/06\/Patrona_2023_Agenda.jpg","width":1200,"height":675},{"@type":"BreadcrumbList","@id":"https:\/\/www.aridane.org\/city\/2023\/06\/01\/arranca-la-programacion-de-la-patrona-2023-en-los-llanos-de-aridane\/#breadcrumb","itemListElement":[{"@type":"ListItem","position":1,"name":"Portada","item":"https:\/\/www.aridane.org\/city\/"},{"@type":"ListItem","position":2,"name":"Arranca la programaci\u00f3n de La Patrona 2023 en Los Llanos de Aridane"}]},{"@type":"WebSite","@id":"https:\/\/www.aridane.org\/city\/#website","url":"https:\/\/www.aridane.org\/city\/","name":"Ayuntamiento de Los Llanos de Aridane","description":"","potentialAction":[{"@type":"SearchAction","target":{"@type":"EntryPoint","urlTemplate":"https:\/\/www.aridane.org\/city\/?s={search_term_string}"},"query-input":"required name=search_term_string"}],"inLanguage":"es"},{"@type":"Person","@id":"https:\/\/www.aridane.org\/city\/#\/schema\/person\/7d352ec7f29881716f298394432e7209","name":"Richard Diaz","image":{"@type":"ImageObject","inLanguage":"es","@id":"https:\/\/www.aridane.org\/city\/#\/schema\/person\/image\/","url":"https:\/\/secure.gravatar.com\/avatar\/bacd6aefc26a4a204943090a4c596cd10f0857081ef3cfd12084a70ecb3161d5?s=96&d=mm&r=g","contentUrl":"https:\/\/secure.gravatar.com\/avatar\/bacd6aefc26a4a204943090a4c596cd10f0857081ef3cfd12084a70ecb3161d5?s=96&d=mm&r=g","caption":"Richard Diaz"},"sameAs":["https:\/\/www.aridane.org\/city"],"url":"https:\/\/www.aridane.org\/city\/author\/richard-diaz\/"}]}},"_links":{"self":[{"href":"https:\/\/www.aridane.org\/city\/wp-json\/wp\/v2\/posts\/1947","targetHints":{"allow":["GET"]}}],"collection":[{"href":"https:\/\/www.aridane.org\/city\/wp-json\/wp\/v2\/posts"}],"about":[{"href":"https:\/\/www.aridane.org\/city\/wp-json\/wp\/v2\/types\/post"}],"author":[{"embeddable":true,"href":"https:\/\/www.aridane.org\/city\/wp-json\/wp\/v2\/users\/1"}],"replies":[{"embeddable":true,"href":"https:\/\/www.aridane.org\/city\/wp-json\/wp\/v2\/comments?post=1947"}],"version-history":[{"count":2,"href":"https:\/\/www.aridane.org\/city\/wp-json\/wp\/v2\/posts\/1947\/revisions"}],"predecessor-version":[{"id":2444,"href":"https:\/\/www.aridane.org\/city\/wp-json\/wp\/v2\/posts\/1947\/revisions\/2444"}],"wp:featuredmedia":[{"embeddable":true,"href":"https:\/\/www.aridane.org\/city\/wp-json\/wp\/v2\/media\/2442"}],"wp:attachment":[{"href":"https:\/\/www.aridane.org\/city\/wp-json\/wp\/v2\/media?parent=1947"}],"wp:term":[{"taxonomy":"category","embeddable":true,"href":"https:\/\/www.aridane.org\/city\/wp-json\/wp\/v2\/categories?post=1947"},{"taxonomy":"post_tag","embeddable":true,"href":"https:\/\/www.aridane.org\/city\/wp-json\/wp\/v2\/tags?post=1947"}],"curies":[{"name":"wp","href":"https:\/\/api.w.org\/{rel}","templated":true}]}}