{"id":1950,"date":"2023-06-05T12:26:38","date_gmt":"2023-06-05T11:26:38","guid":{"rendered":"https:\/\/aridane.org\/ciudad\/?p=1811"},"modified":"2023-07-21T10:17:44","modified_gmt":"2023-07-21T10:17:44","slug":"lmaribel-nazco-pone-en-valor-la-influencia-de-los-llanos-de-aridane-en-sus-obras-durante-el-pregon-de-la-patrona-2023","status":"publish","type":"post","link":"https:\/\/www.aridane.org\/city\/2023\/06\/05\/lmaribel-nazco-pone-en-valor-la-influencia-de-los-llanos-de-aridane-en-sus-obras-durante-el-pregon-de-la-patrona-2023\/","title":{"rendered":"Maribel Nazco pone en valor la influencia de Los Llanos de Aridane en sus obras durante el preg\u00f3n de La Patrona 2023"},"content":{"rendered":"<section class=\"wpb-content-wrapper\"><p>[vc_row css_animation=\u00bb\u00bb row_type=\u00bbrow\u00bb use_row_as_full_screen_section=\u00bbno\u00bb type=\u00bbfull_width\u00bb angled_section=\u00bbno\u00bb text_align=\u00bbleft\u00bb background_image_as_pattern=\u00bbwithout_pattern\u00bb][vc_column][vc_row_inner row_type=\u00bbrow\u00bb type=\u00bbgrid\u00bb text_align=\u00bbleft\u00bb css_animation=\u00bb\u00bb][vc_column_inner][vc_empty_space height=\u00bb20px\u00bb][vc_empty_space height=\u00bb20px\u00bb][\/vc_column_inner][\/vc_row_inner][vc_column_text]<strong>Los Llanos de Aridane, 5 de junio de 2023.- <\/strong>El Ayuntamiento de Los Llanos de Aridane acogi\u00f3 ayer, en el Sal\u00f3n de Plenos, el preg\u00f3n de las Fiestas de La Patrona 2023, que corri\u00f3 a cargo de la artista, y recientemente nombrada Hija Predilecta del Municipio, Maribel Nazco.<\/p>\n<p>Durante su intervenci\u00f3n la artista hizo un recorrido por su trayectoria profesional tanto en Tenerife como en Madrid, y puso en valor la importante influencia que ha tenido Los Llanos de Aridane en sus obras, as\u00ed como los diferentes paisajes de la Isla Bonita.<\/p>\n<p>Por su parte, la alcaldesa en funciones, Noelia Garc\u00eda Leal, tal y como se\u00f1al\u00f3 durante su discurso en el nombramiento de Hija Predilecta de Mariel Nazco \u201cen pleno 2023 a\u00fan seguimos necesitando referentes femeninos en todos los \u00e1mbitos laborales y art\u00edsticos de nuestra sociedad, y la trayectoria profesional de Maribel Nazco es el perfecto ejemplo de simbiosis entre el talento natural y el trabajo duro\u201d. Adem\u00e1s, defendi\u00f3 que \u201cLos Llanos de Aridane le debe mucho a Maribel Nazco, tanto como artista como persona, pero le debe especialmente un espacio donde su nombre resuene con pleno conocimiento, y su arte se estudie en los centros educativos, porque sin ejemplos claros y cercanos, la tarea de educar en valores se convierte en una asignatura hueca\u201d.<\/p>\n<p>Mientras, la concejal de Cultura en funciones, Charo Gonz\u00e1lez, ha recordado que Maribel Nazco ha sido nombrada Hija Predilecta de La Palma en 2019, Premio Canarias de Bellas Artes en 2021, y desde el pasado 3 de junio es Hija Predilecta de Los Llanos de Aridane.<\/p>\n<p>Gonz\u00e1lez recuerda que Maribel Nazco naci\u00f3 en Argual en 1938. Se traslad\u00f3 a Santa Cruz de Tenerife para estudiar en la Escuela de Artes y Oficios Art\u00edsticos, y posteriormente a Madrid, donde obtendr\u00eda el t\u00edtulo de Profesora de Dibujo por la Escuela Central de Bellas Artes en 1963.<\/p>\n<p>Adem\u00e1s, se\u00f1ala que \u201cese periplo vital desemboc\u00f3 en su adscripci\u00f3n al colectivo Nuestro Arte, que protagoniz\u00f3 la actividad cultural de Tenerife entre 1963 y 1966. Ser mujer en en el mundo transformador del arte tiene numerosas lecturas, y en ese momento, su voz comenz\u00f3 a adquirir una presencia real en un entorno que continuaba muy masculinizado. Maribel rompi\u00f3 barreras, experiment\u00f3, vivi\u00f3 y trabaj\u00f3 en un perpetuo estado de inconformismo, proyectando su voz a trav\u00e9s de la evoluci\u00f3n de sus obras\u201d.<\/p>\n<p>En 1989 obtuvo la C\u00e1tedra en Procedimientos y T\u00e9cnicas Pict\u00f3ricas, en la Facultad de Bellas Artes de la ULL, en donde asumi\u00f3 varios cargos de responsabilidad, ejerciendo como Decana durante varios mandatos, \u201cy yo soy testigo directo del cari\u00f1o y admiraci\u00f3n que sienten sus exalumnos por esta mujer excepcional, admirada y elogiada por la cr\u00edtica, y que contin\u00faa siendo un ejemplo de coherencia e inusitada perseverancia en el contexto de la escena art\u00edstica canaria, pues la suya ha sido una de las aventuras art\u00edsticas de mayor alcance de su generaci\u00f3n, no solo por la originalidad de sus propuestas pict\u00f3ricas, sino incluso por su actitud vital, rupturista y atrevida, que ha hecho posible, en su caso, la celebraci\u00f3n de todo acto creativo\u201d.[\/vc_column_text][\/vc_column][\/vc_row]<\/p>\n<\/section>","protected":false},"excerpt":{"rendered":"<p>[vc_row css_animation=\u00bb\u00bb row_type=\u00bbrow\u00bb use_row_as_full_screen_section=\u00bbno\u00bb type=\u00bbfull_width\u00bb angled_section=\u00bbno\u00bb text_align=\u00bbleft\u00bb background_image_as_pattern=\u00bbwithout_pattern\u00bb][vc_column][vc_row_inner row_type=\u00bbrow\u00bb type=\u00bbgrid\u00bb text_align=\u00bbleft\u00bb css_animation=\u00bb\u00bb][vc_column_inner][vc_empty_space height=\u00bb20px\u00bb][vc_empty_space height=\u00bb20px\u00bb][\/vc_column_inner][\/vc_row_inner][vc_column_text]Los Llanos de Aridane, 5 de junio de 2023.- El Ayuntamiento de Los Llanos de Aridane acogi\u00f3 ayer, en el Sal\u00f3n de Plenos, el preg\u00f3n de las Fiestas de La Patrona 2023,&#8230;<\/p>\n","protected":false},"author":1,"featured_media":2435,"comment_status":"closed","ping_status":"open","sticky":false,"template":"","format":"standard","meta":{"footnotes":""},"categories":[6],"tags":[],"class_list":["post-1950","post","type-post","status-publish","format-standard","has-post-thumbnail","hentry","category-prensa"],"yoast_head":"<!-- This site is optimized with the Yoast SEO plugin v22.7 - https:\/\/yoast.com\/wordpress\/plugins\/seo\/ -->\n<title>Maribel Nazco pone en valor la influencia de Los Llanos de Aridane en sus obras durante el preg\u00f3n de La Patrona 2023 - Ayuntamiento de Los Llanos de Aridane<\/title>\n<meta name=\"description\" content=\"El Ayuntamiento de Los Llanos de Aridane presenta el cartel y el programa de La Patrona 2021 con el lema \u201cRemedios, m\u00e1s que un nombre.\u201d\" \/>\n<meta name=\"robots\" content=\"index, follow, max-snippet:-1, max-image-preview:large, max-video-preview:-1\" \/>\n<link rel=\"canonical\" href=\"https:\/\/www.aridane.org\/city\/2023\/06\/05\/lmaribel-nazco-pone-en-valor-la-influencia-de-los-llanos-de-aridane-en-sus-obras-durante-el-pregon-de-la-patrona-2023\/\" \/>\n<meta property=\"og:locale\" content=\"es_ES\" \/>\n<meta property=\"og:type\" content=\"article\" \/>\n<meta property=\"og:title\" content=\"Maribel Nazco pone en valor la influencia de Los Llanos de Aridane en sus obras durante el preg\u00f3n de La Patrona 2023 - Ayuntamiento de Los Llanos de Aridane\" \/>\n<meta property=\"og:description\" content=\"El Ayuntamiento de Los Llanos de Aridane presenta el cartel y el programa de La Patrona 2021 con el lema \u201cRemedios, m\u00e1s que un nombre.\u201d\" \/>\n<meta property=\"og:url\" content=\"https:\/\/www.aridane.org\/city\/2023\/06\/05\/lmaribel-nazco-pone-en-valor-la-influencia-de-los-llanos-de-aridane-en-sus-obras-durante-el-pregon-de-la-patrona-2023\/\" \/>\n<meta property=\"og:site_name\" content=\"Ayuntamiento de Los Llanos de Aridane\" \/>\n<meta property=\"article:published_time\" content=\"2023-06-05T11:26:38+00:00\" \/>\n<meta property=\"article:modified_time\" content=\"2023-07-21T10:17:44+00:00\" \/>\n<meta property=\"og:image\" content=\"https:\/\/www.aridane.org\/city\/wp-content\/uploads\/2023\/06\/Maribel_Nazco_1-1.jpg\" \/>\n\t<meta property=\"og:image:width\" content=\"1200\" \/>\n\t<meta property=\"og:image:height\" content=\"675\" \/>\n\t<meta property=\"og:image:type\" content=\"image\/jpeg\" \/>\n<meta name=\"author\" content=\"Richard Diaz\" \/>\n<meta name=\"twitter:card\" content=\"summary_large_image\" \/>\n<meta name=\"twitter:label1\" content=\"Escrito por\" \/>\n\t<meta name=\"twitter:data1\" content=\"Richard Diaz\" \/>\n\t<meta name=\"twitter:label2\" content=\"Tiempo de lectura\" \/>\n\t<meta name=\"twitter:data2\" content=\"3 minutos\" \/>\n<script type=\"application\/ld+json\" class=\"yoast-schema-graph\">{\"@context\":\"https:\/\/schema.org\",\"@graph\":[{\"@type\":\"WebPage\",\"@id\":\"https:\/\/www.aridane.org\/city\/2023\/06\/05\/lmaribel-nazco-pone-en-valor-la-influencia-de-los-llanos-de-aridane-en-sus-obras-durante-el-pregon-de-la-patrona-2023\/\",\"url\":\"https:\/\/www.aridane.org\/city\/2023\/06\/05\/lmaribel-nazco-pone-en-valor-la-influencia-de-los-llanos-de-aridane-en-sus-obras-durante-el-pregon-de-la-patrona-2023\/\",\"name\":\"Maribel Nazco pone en valor la influencia de Los Llanos de Aridane en sus obras durante el preg\u00f3n de La Patrona 2023 - Ayuntamiento de Los Llanos de Aridane\",\"isPartOf\":{\"@id\":\"https:\/\/www.aridane.org\/city\/#website\"},\"primaryImageOfPage\":{\"@id\":\"https:\/\/www.aridane.org\/city\/2023\/06\/05\/lmaribel-nazco-pone-en-valor-la-influencia-de-los-llanos-de-aridane-en-sus-obras-durante-el-pregon-de-la-patrona-2023\/#primaryimage\"},\"image\":{\"@id\":\"https:\/\/www.aridane.org\/city\/2023\/06\/05\/lmaribel-nazco-pone-en-valor-la-influencia-de-los-llanos-de-aridane-en-sus-obras-durante-el-pregon-de-la-patrona-2023\/#primaryimage\"},\"thumbnailUrl\":\"https:\/\/www.aridane.org\/city\/wp-content\/uploads\/2023\/06\/Maribel_Nazco_1-1.jpg\",\"datePublished\":\"2023-06-05T11:26:38+00:00\",\"dateModified\":\"2023-07-21T10:17:44+00:00\",\"author\":{\"@id\":\"https:\/\/www.aridane.org\/city\/#\/schema\/person\/7d352ec7f29881716f298394432e7209\"},\"description\":\"El Ayuntamiento de Los Llanos de Aridane presenta el cartel y el programa de La Patrona 2021 con el lema \u201cRemedios, m\u00e1s que un nombre.\u201d\",\"breadcrumb\":{\"@id\":\"https:\/\/www.aridane.org\/city\/2023\/06\/05\/lmaribel-nazco-pone-en-valor-la-influencia-de-los-llanos-de-aridane-en-sus-obras-durante-el-pregon-de-la-patrona-2023\/#breadcrumb\"},\"inLanguage\":\"es\",\"potentialAction\":[{\"@type\":\"ReadAction\",\"target\":[\"https:\/\/www.aridane.org\/city\/2023\/06\/05\/lmaribel-nazco-pone-en-valor-la-influencia-de-los-llanos-de-aridane-en-sus-obras-durante-el-pregon-de-la-patrona-2023\/\"]}]},{\"@type\":\"ImageObject\",\"inLanguage\":\"es\",\"@id\":\"https:\/\/www.aridane.org\/city\/2023\/06\/05\/lmaribel-nazco-pone-en-valor-la-influencia-de-los-llanos-de-aridane-en-sus-obras-durante-el-pregon-de-la-patrona-2023\/#primaryimage\",\"url\":\"https:\/\/www.aridane.org\/city\/wp-content\/uploads\/2023\/06\/Maribel_Nazco_1-1.jpg\",\"contentUrl\":\"https:\/\/www.aridane.org\/city\/wp-content\/uploads\/2023\/06\/Maribel_Nazco_1-1.jpg\",\"width\":1200,\"height\":675},{\"@type\":\"BreadcrumbList\",\"@id\":\"https:\/\/www.aridane.org\/city\/2023\/06\/05\/lmaribel-nazco-pone-en-valor-la-influencia-de-los-llanos-de-aridane-en-sus-obras-durante-el-pregon-de-la-patrona-2023\/#breadcrumb\",\"itemListElement\":[{\"@type\":\"ListItem\",\"position\":1,\"name\":\"Portada\",\"item\":\"https:\/\/www.aridane.org\/city\/\"},{\"@type\":\"ListItem\",\"position\":2,\"name\":\"Maribel Nazco pone en valor la influencia de Los Llanos de Aridane en sus obras durante el preg\u00f3n de La Patrona 2023\"}]},{\"@type\":\"WebSite\",\"@id\":\"https:\/\/www.aridane.org\/city\/#website\",\"url\":\"https:\/\/www.aridane.org\/city\/\",\"name\":\"Ayuntamiento de Los Llanos de Aridane\",\"description\":\"\",\"potentialAction\":[{\"@type\":\"SearchAction\",\"target\":{\"@type\":\"EntryPoint\",\"urlTemplate\":\"https:\/\/www.aridane.org\/city\/?s={search_term_string}\"},\"query-input\":\"required name=search_term_string\"}],\"inLanguage\":\"es\"},{\"@type\":\"Person\",\"@id\":\"https:\/\/www.aridane.org\/city\/#\/schema\/person\/7d352ec7f29881716f298394432e7209\",\"name\":\"Richard Diaz\",\"image\":{\"@type\":\"ImageObject\",\"inLanguage\":\"es\",\"@id\":\"https:\/\/www.aridane.org\/city\/#\/schema\/person\/image\/\",\"url\":\"https:\/\/secure.gravatar.com\/avatar\/bacd6aefc26a4a204943090a4c596cd10f0857081ef3cfd12084a70ecb3161d5?s=96&d=mm&r=g\",\"contentUrl\":\"https:\/\/secure.gravatar.com\/avatar\/bacd6aefc26a4a204943090a4c596cd10f0857081ef3cfd12084a70ecb3161d5?s=96&d=mm&r=g\",\"caption\":\"Richard Diaz\"},\"sameAs\":[\"https:\/\/www.aridane.org\/city\"],\"url\":\"https:\/\/www.aridane.org\/city\/author\/richard-diaz\/\"}]}<\/script>\n<!-- \/ Yoast SEO plugin. -->","yoast_head_json":{"title":"Maribel Nazco pone en valor la influencia de Los Llanos de Aridane en sus obras durante el preg\u00f3n de La Patrona 2023 - Ayuntamiento de Los Llanos de Aridane","description":"El Ayuntamiento de Los Llanos de Aridane presenta el cartel y el programa de La Patrona 2021 con el lema \u201cRemedios, m\u00e1s que un nombre.\u201d","robots":{"index":"index","follow":"follow","max-snippet":"max-snippet:-1","max-image-preview":"max-image-preview:large","max-video-preview":"max-video-preview:-1"},"canonical":"https:\/\/www.aridane.org\/city\/2023\/06\/05\/lmaribel-nazco-pone-en-valor-la-influencia-de-los-llanos-de-aridane-en-sus-obras-durante-el-pregon-de-la-patrona-2023\/","og_locale":"es_ES","og_type":"article","og_title":"Maribel Nazco pone en valor la influencia de Los Llanos de Aridane en sus obras durante el preg\u00f3n de La Patrona 2023 - Ayuntamiento de Los Llanos de Aridane","og_description":"El Ayuntamiento de Los Llanos de Aridane presenta el cartel y el programa de La Patrona 2021 con el lema \u201cRemedios, m\u00e1s que un nombre.\u201d","og_url":"https:\/\/www.aridane.org\/city\/2023\/06\/05\/lmaribel-nazco-pone-en-valor-la-influencia-de-los-llanos-de-aridane-en-sus-obras-durante-el-pregon-de-la-patrona-2023\/","og_site_name":"Ayuntamiento de Los Llanos de Aridane","article_published_time":"2023-06-05T11:26:38+00:00","article_modified_time":"2023-07-21T10:17:44+00:00","og_image":[{"width":1200,"height":675,"url":"https:\/\/www.aridane.org\/city\/wp-content\/uploads\/2023\/06\/Maribel_Nazco_1-1.jpg","type":"image\/jpeg"}],"author":"Richard Diaz","twitter_card":"summary_large_image","twitter_misc":{"Escrito por":"Richard Diaz","Tiempo de lectura":"3 minutos"},"schema":{"@context":"https:\/\/schema.org","@graph":[{"@type":"WebPage","@id":"https:\/\/www.aridane.org\/city\/2023\/06\/05\/lmaribel-nazco-pone-en-valor-la-influencia-de-los-llanos-de-aridane-en-sus-obras-durante-el-pregon-de-la-patrona-2023\/","url":"https:\/\/www.aridane.org\/city\/2023\/06\/05\/lmaribel-nazco-pone-en-valor-la-influencia-de-los-llanos-de-aridane-en-sus-obras-durante-el-pregon-de-la-patrona-2023\/","name":"Maribel Nazco pone en valor la influencia de Los Llanos de Aridane en sus obras durante el preg\u00f3n de La Patrona 2023 - Ayuntamiento de Los Llanos de Aridane","isPartOf":{"@id":"https:\/\/www.aridane.org\/city\/#website"},"primaryImageOfPage":{"@id":"https:\/\/www.aridane.org\/city\/2023\/06\/05\/lmaribel-nazco-pone-en-valor-la-influencia-de-los-llanos-de-aridane-en-sus-obras-durante-el-pregon-de-la-patrona-2023\/#primaryimage"},"image":{"@id":"https:\/\/www.aridane.org\/city\/2023\/06\/05\/lmaribel-nazco-pone-en-valor-la-influencia-de-los-llanos-de-aridane-en-sus-obras-durante-el-pregon-de-la-patrona-2023\/#primaryimage"},"thumbnailUrl":"https:\/\/www.aridane.org\/city\/wp-content\/uploads\/2023\/06\/Maribel_Nazco_1-1.jpg","datePublished":"2023-06-05T11:26:38+00:00","dateModified":"2023-07-21T10:17:44+00:00","author":{"@id":"https:\/\/www.aridane.org\/city\/#\/schema\/person\/7d352ec7f29881716f298394432e7209"},"description":"El Ayuntamiento de Los Llanos de Aridane presenta el cartel y el programa de La Patrona 2021 con el lema \u201cRemedios, m\u00e1s que un nombre.\u201d","breadcrumb":{"@id":"https:\/\/www.aridane.org\/city\/2023\/06\/05\/lmaribel-nazco-pone-en-valor-la-influencia-de-los-llanos-de-aridane-en-sus-obras-durante-el-pregon-de-la-patrona-2023\/#breadcrumb"},"inLanguage":"es","potentialAction":[{"@type":"ReadAction","target":["https:\/\/www.aridane.org\/city\/2023\/06\/05\/lmaribel-nazco-pone-en-valor-la-influencia-de-los-llanos-de-aridane-en-sus-obras-durante-el-pregon-de-la-patrona-2023\/"]}]},{"@type":"ImageObject","inLanguage":"es","@id":"https:\/\/www.aridane.org\/city\/2023\/06\/05\/lmaribel-nazco-pone-en-valor-la-influencia-de-los-llanos-de-aridane-en-sus-obras-durante-el-pregon-de-la-patrona-2023\/#primaryimage","url":"https:\/\/www.aridane.org\/city\/wp-content\/uploads\/2023\/06\/Maribel_Nazco_1-1.jpg","contentUrl":"https:\/\/www.aridane.org\/city\/wp-content\/uploads\/2023\/06\/Maribel_Nazco_1-1.jpg","width":1200,"height":675},{"@type":"BreadcrumbList","@id":"https:\/\/www.aridane.org\/city\/2023\/06\/05\/lmaribel-nazco-pone-en-valor-la-influencia-de-los-llanos-de-aridane-en-sus-obras-durante-el-pregon-de-la-patrona-2023\/#breadcrumb","itemListElement":[{"@type":"ListItem","position":1,"name":"Portada","item":"https:\/\/www.aridane.org\/city\/"},{"@type":"ListItem","position":2,"name":"Maribel Nazco pone en valor la influencia de Los Llanos de Aridane en sus obras durante el preg\u00f3n de La Patrona 2023"}]},{"@type":"WebSite","@id":"https:\/\/www.aridane.org\/city\/#website","url":"https:\/\/www.aridane.org\/city\/","name":"Ayuntamiento de Los Llanos de Aridane","description":"","potentialAction":[{"@type":"SearchAction","target":{"@type":"EntryPoint","urlTemplate":"https:\/\/www.aridane.org\/city\/?s={search_term_string}"},"query-input":"required name=search_term_string"}],"inLanguage":"es"},{"@type":"Person","@id":"https:\/\/www.aridane.org\/city\/#\/schema\/person\/7d352ec7f29881716f298394432e7209","name":"Richard Diaz","image":{"@type":"ImageObject","inLanguage":"es","@id":"https:\/\/www.aridane.org\/city\/#\/schema\/person\/image\/","url":"https:\/\/secure.gravatar.com\/avatar\/bacd6aefc26a4a204943090a4c596cd10f0857081ef3cfd12084a70ecb3161d5?s=96&d=mm&r=g","contentUrl":"https:\/\/secure.gravatar.com\/avatar\/bacd6aefc26a4a204943090a4c596cd10f0857081ef3cfd12084a70ecb3161d5?s=96&d=mm&r=g","caption":"Richard Diaz"},"sameAs":["https:\/\/www.aridane.org\/city"],"url":"https:\/\/www.aridane.org\/city\/author\/richard-diaz\/"}]}},"_links":{"self":[{"href":"https:\/\/www.aridane.org\/city\/wp-json\/wp\/v2\/posts\/1950","targetHints":{"allow":["GET"]}}],"collection":[{"href":"https:\/\/www.aridane.org\/city\/wp-json\/wp\/v2\/posts"}],"about":[{"href":"https:\/\/www.aridane.org\/city\/wp-json\/wp\/v2\/types\/post"}],"author":[{"embeddable":true,"href":"https:\/\/www.aridane.org\/city\/wp-json\/wp\/v2\/users\/1"}],"replies":[{"embeddable":true,"href":"https:\/\/www.aridane.org\/city\/wp-json\/wp\/v2\/comments?post=1950"}],"version-history":[{"count":1,"href":"https:\/\/www.aridane.org\/city\/wp-json\/wp\/v2\/posts\/1950\/revisions"}],"predecessor-version":[{"id":2434,"href":"https:\/\/www.aridane.org\/city\/wp-json\/wp\/v2\/posts\/1950\/revisions\/2434"}],"wp:featuredmedia":[{"embeddable":true,"href":"https:\/\/www.aridane.org\/city\/wp-json\/wp\/v2\/media\/2435"}],"wp:attachment":[{"href":"https:\/\/www.aridane.org\/city\/wp-json\/wp\/v2\/media?parent=1950"}],"wp:term":[{"taxonomy":"category","embeddable":true,"href":"https:\/\/www.aridane.org\/city\/wp-json\/wp\/v2\/categories?post=1950"},{"taxonomy":"post_tag","embeddable":true,"href":"https:\/\/www.aridane.org\/city\/wp-json\/wp\/v2\/tags?post=1950"}],"curies":[{"name":"wp","href":"https:\/\/api.w.org\/{rel}","templated":true}]}}