{"id":1951,"date":"2023-06-05T12:27:26","date_gmt":"2023-06-05T11:27:26","guid":{"rendered":"https:\/\/aridane.org\/ciudad\/?p=1814"},"modified":"2023-07-21T10:03:24","modified_gmt":"2023-07-21T10:03:24","slug":"once-candidatas-se-disputaran-el-titulo-de-reina-de-la-patrona-2023","status":"publish","type":"post","link":"https:\/\/www.aridane.org\/city\/2023\/06\/05\/once-candidatas-se-disputaran-el-titulo-de-reina-de-la-patrona-2023\/","title":{"rendered":"Once candidatas se disputar\u00e1n el t\u00edtulo de Reina de La Patrona 2023"},"content":{"rendered":"<section class=\"wpb-content-wrapper\"><p>[vc_row css_animation=\u00bb\u00bb row_type=\u00bbrow\u00bb use_row_as_full_screen_section=\u00bbno\u00bb type=\u00bbfull_width\u00bb angled_section=\u00bbno\u00bb text_align=\u00bbleft\u00bb background_image_as_pattern=\u00bbwithout_pattern\u00bb][vc_column][vc_row_inner row_type=\u00bbrow\u00bb type=\u00bbgrid\u00bb text_align=\u00bbleft\u00bb css_animation=\u00bb\u00bb][vc_column_inner][vc_empty_space height=\u00bb20px\u00bb][vc_empty_space height=\u00bb20px\u00bb][\/vc_column_inner][\/vc_row_inner][vc_column_text]<\/p>\n<ul>\n<li><em>El acto se desarrollar\u00e1 este viernes 9 de junio a partir de las 21:30 horas en la Plaza de Espa\u00f1a.<\/em><\/li>\n<\/ul>\n<p>&nbsp;<\/p>\n<p><strong>Los Llanos de Aridane, 5 de junio de 2023.- <\/strong>El Ayuntamiento de Los Llanos de Aridane a trav\u00e9s de la concejal en funciones de Fiestas, M\u00f3nica Gonz\u00e1lez, ha confirmado que el pr\u00f3ximo viernes, 9 de junio, once candidatas se disputar\u00e1n el t\u00edtulo de Reina de La Patrona 2023, a partir de las 21:30 horas en la Plaza de Espa\u00f1a.<\/p>\n<p>Gonz\u00e1lez ha agradecido y puesto en valor \u201cel importante trabajo y esfuerzo que han realizado tanto las candidatas, dise\u00f1adores, patrocinadores, as\u00ed como todas las personas que est\u00e1n trabajando sin descanso para que una vez m\u00e1s esta gala sea todo un \u00e9xito y todos los aridanenses, as\u00ed como las personas que vengan de fuera puedan disfrutarla\u201d.<\/p>\n<p>Adem\u00e1s, ha recordado que tal y como marca la tradici\u00f3n la candidata elegida Reina de las Fiestas de la Patrona 2023 ser\u00e1 coronada en s\u00e1bado, 10 de junio, a partir de las 22:00 horas por la alcaldesa en funciones del municipio, Noelia Garc\u00eda Leal, en el balc\u00f3n de la Casa Consistorial.<\/p>\n<p>&nbsp;<\/p>\n<p><strong>Las candidatas a Reina de Las Fiestas de La Patrona de Los Llanos de Aridane 2023 son:<\/strong><\/p>\n<p>1.- Iruene Hern\u00e1ndez Concepci\u00f3n.<\/p>\n<p>Asociaci\u00f3n de Vecinos Timaba de Todoque, Javi Gr\u00faas, Supermercado Argual, Lavander\u00eda El Valle, Bar El Chiche, Carnicer\u00eda Valent\u00edn, Bar El Sevillano, La Gelateria, Pasteler\u00eda Kika, Cafeter\u00eda Marex , Cafeter\u00eda Pay Pay, Jugueter\u00eda Arvelo y Mi Bolso Dorado.<\/p>\n<p>2.- Cinthia Rodr\u00edguez Brito.<\/p>\n<p>Real Sociedad Casino Aridane, J.N. Novias, Merjo, Dra. Noem\u00ed Montesinos Medicina Est\u00e9tica, Academia de Baile Stereo Studio, \u00d3ptica Cutillas M.J. , Anmia Canarias, Balibonia, Farmacia Jurado, Agroisle\u00f1a, Vita Centro de Fitness, Bar Avenida, Nov\u00e9ntate, Yamis Sal\u00f3n de U\u00f1as, Barroso Asesores, Kiosco Tenegu\u00eda, Kiosco Aridane, El Bunker, Bazar Avenida, Compa\u00f1\u00eda de Seguros Meridiano, Trapos, Mansilla Centro de Odontolog\u00eda, Javi Gr\u00faas, \u00d3ptica El Valle.<\/p>\n<p>3.- Heily Tatiana P\u00e9rez V\u00e1zquez.<\/p>\n<p>Asociaci\u00f3n de Vecinos Los Barros \u2013 Pedregales, Bar Las Tejas, Bar Caribe, VF Est\u00e9tica y Spa, Estilos Karen, Aesthetic Nails y Spa, Multitienda 24 Horas, Bar El Sevillano, Bar La Gruta, Different, Fruter\u00eda Orimar, Florister\u00eda Miss Butterfly, Bambina Nails, Jaencore, CG Studio.<\/p>\n<p>4.- Olaya P\u00e9rez G\u00f3mez.<\/p>\n<p>Asociaci\u00f3n de Vecinos Birigoyo de Triana, Cafeter\u00eda Manpi, Arepera La Terraza, Calzados Arianna, Vita Centro de Fitness, Alma Centro de Est\u00e9tica, Habana La Palma Restaurante, Secan Servicios El\u00e9ctricos, E-Zone, Americano El Paso, D-Mara, Kiosco Trocadero, Patumovil Canarias, M\u00f3vil Domo Canarias, Peluquer\u00eda y Est\u00e9tica Desy, Plater\u00eda Ferreiro.<\/p>\n<p>5.- Victoria Camacho Acosta.<\/p>\n<p>Asociaci\u00f3n de Vecinos Los Barros- Pedregales, S.L. Papas Laguna, Laooal La Palma, Instalaciones Blas Pestana, Casa Pedro, Honda, Apartamentos S. C. P:, Palmerita Caf\u00e9, Pizzer\u00eda Dulce y Salado, Balc\u00f3n Taburiente S.L. Caracoles Paper Shop, Mayorarte Innova S.L.\u00a0 Centro Lucy Afonso.<\/p>\n<p>6.- Susana Espinel Leal.<\/p>\n<p>Asociaci\u00f3n de Vecinos La Laguna Tajuya, Gentlemen\u00b4s Barbery &amp;amp; Tatoo Santiago Fuentes, Carlos G\u00f3mez Studio, \u00d3ptica Leal, Multitienda Valle de Aridane.<\/p>\n<p>7.- Meritxell P\u00e9rez Ventura.<\/p>\n<p>Asociaci\u00f3n de Vecinos Tirimara de Argual, Constructora 2 Tumbos, Constructora Carlos Acosta Lorenzo, Imprenta y Rotulaciones Vera, Servicios Mega, Centro Comercial Trocadero, Parking 2Tumbos, Bovedilla 2 Tumbos, Rinc\u00f3n y Pasi\u00f3n por el jam\u00f3n, Taller El Chopo, Palminvest S. L.<\/p>\n<p>8.- Aixa P\u00e9rez Catal\u00e1n.<\/p>\n<p>Asociaci\u00f3n de Vecinos Birigoyo de Triana ,Transportes Mec\u00e1nica Chapa y Pintura Ramos Insular S.L. U. , Construcciones Vicente Benito Calat\u00e1n Gonz\u00e1lez, , Dulcer\u00eda Matilde Arroyo, AFC Vacacional, DK Diana &amp;amp; Kathe, Parrilla Los Argentinos, CG Studio.<\/p>\n<p>9.- Klara Asiri Gabele Zamora.<\/p>\n<p>Asociaci\u00f3n de Vecinos Los Barros- Pedregales, Dise\u00f1o Desing &#8211; Ropa Natural, Molinete Sound, PGC Tak Canarias, Promoci\u00f3n y Gesti\u00f3n Cultural TAK Canarias, J.N. Novias, Merjo, Javi Gr\u00faas, Asesor\u00eda Laboral Barroso, Bodegas Perdomo, Apartamentos Yurena, MC To\u00f1o, Compa\u00f1\u00eda de Seguros Agencia Fdez. y Jere, Bar Restaurante Tinguaro, Agroisle\u00f1a Suministros S.L. Multienda Isla Bonita, Ferreter\u00eda Argual, Confecciones Nieves, Peluquer\u00eda Estilo, Bazar Avenida, Different, D &amp;amp; D La Palma, Sabores y Recuerdos.<\/p>\n<p>10.- Anah\u00ed Abreu P\u00e9rez<\/p>\n<p>Asociaci\u00f3n Sociocultural de Dise\u00f1adores del Carnaval Ahuarita, Lecroc Giomedimar S.L. Lavander\u00eda Valle, Asesor\u00eda Pereira y P\u00e9rez, Babilonia Shop, Caucho Taller Mec\u00e1nico, VH Seguros, Heimann Peluqueros.<\/p>\n<p>11.- Sheila Hern\u00e1ndez Galiano<\/p>\n<p>Asociaci\u00f3n de Vecinos Los Barros \u2013 Pedregales, Carnicer\u00eda La Fuente, Eleazar Construcciones, Bar Punto de Encuentro, Multitienda la que se avecina, Bar Savoy, Agrovial, Tu tienda de Todoque, Peluquer\u00eda Desy.[\/vc_column_text][\/vc_column][\/vc_row]<\/p>\n<\/section>","protected":false},"excerpt":{"rendered":"<p>[vc_row css_animation=\u00bb\u00bb row_type=\u00bbrow\u00bb use_row_as_full_screen_section=\u00bbno\u00bb type=\u00bbfull_width\u00bb angled_section=\u00bbno\u00bb text_align=\u00bbleft\u00bb background_image_as_pattern=\u00bbwithout_pattern\u00bb][vc_column][vc_row_inner row_type=\u00bbrow\u00bb type=\u00bbgrid\u00bb text_align=\u00bbleft\u00bb css_animation=\u00bb\u00bb][vc_column_inner][vc_empty_space height=\u00bb20px\u00bb][vc_empty_space height=\u00bb20px\u00bb][\/vc_column_inner][\/vc_row_inner][vc_column_text] El acto se desarrollar\u00e1 este viernes 9 de junio a partir de las 21:30 horas en la Plaza de Espa\u00f1a. &nbsp; Los Llanos de Aridane, 5 de junio de 2023.- El&#8230;<\/p>\n","protected":false},"author":1,"featured_media":2430,"comment_status":"closed","ping_status":"open","sticky":false,"template":"","format":"standard","meta":{"footnotes":""},"categories":[6],"tags":[],"class_list":["post-1951","post","type-post","status-publish","format-standard","has-post-thumbnail","hentry","category-prensa"],"yoast_head":"<!-- This site is optimized with the Yoast SEO plugin v22.7 - https:\/\/yoast.com\/wordpress\/plugins\/seo\/ -->\n<title>Once candidatas se disputar\u00e1n el t\u00edtulo de Reina de La Patrona 2023 - Ayuntamiento de Los Llanos de Aridane<\/title>\n<meta name=\"description\" content=\"El Ayuntamiento de Los Llanos de Aridane presenta el cartel y el programa de La Patrona 2021 con el lema \u201cRemedios, m\u00e1s que un nombre.\u201d\" \/>\n<meta name=\"robots\" content=\"index, follow, max-snippet:-1, max-image-preview:large, max-video-preview:-1\" \/>\n<link rel=\"canonical\" href=\"https:\/\/www.aridane.org\/city\/2023\/06\/05\/once-candidatas-se-disputaran-el-titulo-de-reina-de-la-patrona-2023\/\" \/>\n<meta property=\"og:locale\" content=\"es_ES\" \/>\n<meta property=\"og:type\" content=\"article\" \/>\n<meta property=\"og:title\" content=\"Once candidatas se disputar\u00e1n el t\u00edtulo de Reina de La Patrona 2023 - Ayuntamiento de Los Llanos de Aridane\" \/>\n<meta property=\"og:description\" content=\"El Ayuntamiento de Los Llanos de Aridane presenta el cartel y el programa de La Patrona 2021 con el lema \u201cRemedios, m\u00e1s que un nombre.\u201d\" \/>\n<meta property=\"og:url\" content=\"https:\/\/www.aridane.org\/city\/2023\/06\/05\/once-candidatas-se-disputaran-el-titulo-de-reina-de-la-patrona-2023\/\" \/>\n<meta property=\"og:site_name\" content=\"Ayuntamiento de Los Llanos de Aridane\" \/>\n<meta property=\"article:published_time\" content=\"2023-06-05T11:27:26+00:00\" \/>\n<meta property=\"article:modified_time\" content=\"2023-07-21T10:03:24+00:00\" \/>\n<meta property=\"og:image\" content=\"https:\/\/www.aridane.org\/city\/wp-content\/uploads\/2023\/06\/candidatas.jpg\" \/>\n\t<meta property=\"og:image:width\" content=\"1200\" \/>\n\t<meta property=\"og:image:height\" content=\"675\" \/>\n\t<meta property=\"og:image:type\" content=\"image\/jpeg\" \/>\n<meta name=\"author\" content=\"Richard Diaz\" \/>\n<meta name=\"twitter:card\" content=\"summary_large_image\" \/>\n<meta name=\"twitter:label1\" content=\"Escrito por\" \/>\n\t<meta name=\"twitter:data1\" content=\"Richard Diaz\" \/>\n\t<meta name=\"twitter:label2\" content=\"Tiempo de lectura\" \/>\n\t<meta name=\"twitter:data2\" content=\"4 minutos\" \/>\n<script type=\"application\/ld+json\" class=\"yoast-schema-graph\">{\"@context\":\"https:\/\/schema.org\",\"@graph\":[{\"@type\":\"WebPage\",\"@id\":\"https:\/\/www.aridane.org\/city\/2023\/06\/05\/once-candidatas-se-disputaran-el-titulo-de-reina-de-la-patrona-2023\/\",\"url\":\"https:\/\/www.aridane.org\/city\/2023\/06\/05\/once-candidatas-se-disputaran-el-titulo-de-reina-de-la-patrona-2023\/\",\"name\":\"Once candidatas se disputar\u00e1n el t\u00edtulo de Reina de La Patrona 2023 - Ayuntamiento de Los Llanos de Aridane\",\"isPartOf\":{\"@id\":\"https:\/\/www.aridane.org\/city\/#website\"},\"primaryImageOfPage\":{\"@id\":\"https:\/\/www.aridane.org\/city\/2023\/06\/05\/once-candidatas-se-disputaran-el-titulo-de-reina-de-la-patrona-2023\/#primaryimage\"},\"image\":{\"@id\":\"https:\/\/www.aridane.org\/city\/2023\/06\/05\/once-candidatas-se-disputaran-el-titulo-de-reina-de-la-patrona-2023\/#primaryimage\"},\"thumbnailUrl\":\"https:\/\/www.aridane.org\/city\/wp-content\/uploads\/2023\/06\/candidatas.jpg\",\"datePublished\":\"2023-06-05T11:27:26+00:00\",\"dateModified\":\"2023-07-21T10:03:24+00:00\",\"author\":{\"@id\":\"https:\/\/www.aridane.org\/city\/#\/schema\/person\/7d352ec7f29881716f298394432e7209\"},\"description\":\"El Ayuntamiento de Los Llanos de Aridane presenta el cartel y el programa de La Patrona 2021 con el lema \u201cRemedios, m\u00e1s que un nombre.\u201d\",\"breadcrumb\":{\"@id\":\"https:\/\/www.aridane.org\/city\/2023\/06\/05\/once-candidatas-se-disputaran-el-titulo-de-reina-de-la-patrona-2023\/#breadcrumb\"},\"inLanguage\":\"es\",\"potentialAction\":[{\"@type\":\"ReadAction\",\"target\":[\"https:\/\/www.aridane.org\/city\/2023\/06\/05\/once-candidatas-se-disputaran-el-titulo-de-reina-de-la-patrona-2023\/\"]}]},{\"@type\":\"ImageObject\",\"inLanguage\":\"es\",\"@id\":\"https:\/\/www.aridane.org\/city\/2023\/06\/05\/once-candidatas-se-disputaran-el-titulo-de-reina-de-la-patrona-2023\/#primaryimage\",\"url\":\"https:\/\/www.aridane.org\/city\/wp-content\/uploads\/2023\/06\/candidatas.jpg\",\"contentUrl\":\"https:\/\/www.aridane.org\/city\/wp-content\/uploads\/2023\/06\/candidatas.jpg\",\"width\":1200,\"height\":675},{\"@type\":\"BreadcrumbList\",\"@id\":\"https:\/\/www.aridane.org\/city\/2023\/06\/05\/once-candidatas-se-disputaran-el-titulo-de-reina-de-la-patrona-2023\/#breadcrumb\",\"itemListElement\":[{\"@type\":\"ListItem\",\"position\":1,\"name\":\"Portada\",\"item\":\"https:\/\/www.aridane.org\/city\/\"},{\"@type\":\"ListItem\",\"position\":2,\"name\":\"Once candidatas se disputar\u00e1n el t\u00edtulo de Reina de La Patrona 2023\"}]},{\"@type\":\"WebSite\",\"@id\":\"https:\/\/www.aridane.org\/city\/#website\",\"url\":\"https:\/\/www.aridane.org\/city\/\",\"name\":\"Ayuntamiento de Los Llanos de Aridane\",\"description\":\"\",\"potentialAction\":[{\"@type\":\"SearchAction\",\"target\":{\"@type\":\"EntryPoint\",\"urlTemplate\":\"https:\/\/www.aridane.org\/city\/?s={search_term_string}\"},\"query-input\":\"required name=search_term_string\"}],\"inLanguage\":\"es\"},{\"@type\":\"Person\",\"@id\":\"https:\/\/www.aridane.org\/city\/#\/schema\/person\/7d352ec7f29881716f298394432e7209\",\"name\":\"Richard Diaz\",\"image\":{\"@type\":\"ImageObject\",\"inLanguage\":\"es\",\"@id\":\"https:\/\/www.aridane.org\/city\/#\/schema\/person\/image\/\",\"url\":\"https:\/\/secure.gravatar.com\/avatar\/bacd6aefc26a4a204943090a4c596cd10f0857081ef3cfd12084a70ecb3161d5?s=96&d=mm&r=g\",\"contentUrl\":\"https:\/\/secure.gravatar.com\/avatar\/bacd6aefc26a4a204943090a4c596cd10f0857081ef3cfd12084a70ecb3161d5?s=96&d=mm&r=g\",\"caption\":\"Richard Diaz\"},\"sameAs\":[\"https:\/\/www.aridane.org\/city\"],\"url\":\"https:\/\/www.aridane.org\/city\/author\/richard-diaz\/\"}]}<\/script>\n<!-- \/ Yoast SEO plugin. -->","yoast_head_json":{"title":"Once candidatas se disputar\u00e1n el t\u00edtulo de Reina de La Patrona 2023 - Ayuntamiento de Los Llanos de Aridane","description":"El Ayuntamiento de Los Llanos de Aridane presenta el cartel y el programa de La Patrona 2021 con el lema \u201cRemedios, m\u00e1s que un nombre.\u201d","robots":{"index":"index","follow":"follow","max-snippet":"max-snippet:-1","max-image-preview":"max-image-preview:large","max-video-preview":"max-video-preview:-1"},"canonical":"https:\/\/www.aridane.org\/city\/2023\/06\/05\/once-candidatas-se-disputaran-el-titulo-de-reina-de-la-patrona-2023\/","og_locale":"es_ES","og_type":"article","og_title":"Once candidatas se disputar\u00e1n el t\u00edtulo de Reina de La Patrona 2023 - Ayuntamiento de Los Llanos de Aridane","og_description":"El Ayuntamiento de Los Llanos de Aridane presenta el cartel y el programa de La Patrona 2021 con el lema \u201cRemedios, m\u00e1s que un nombre.\u201d","og_url":"https:\/\/www.aridane.org\/city\/2023\/06\/05\/once-candidatas-se-disputaran-el-titulo-de-reina-de-la-patrona-2023\/","og_site_name":"Ayuntamiento de Los Llanos de Aridane","article_published_time":"2023-06-05T11:27:26+00:00","article_modified_time":"2023-07-21T10:03:24+00:00","og_image":[{"width":1200,"height":675,"url":"https:\/\/www.aridane.org\/city\/wp-content\/uploads\/2023\/06\/candidatas.jpg","type":"image\/jpeg"}],"author":"Richard Diaz","twitter_card":"summary_large_image","twitter_misc":{"Escrito por":"Richard Diaz","Tiempo de lectura":"4 minutos"},"schema":{"@context":"https:\/\/schema.org","@graph":[{"@type":"WebPage","@id":"https:\/\/www.aridane.org\/city\/2023\/06\/05\/once-candidatas-se-disputaran-el-titulo-de-reina-de-la-patrona-2023\/","url":"https:\/\/www.aridane.org\/city\/2023\/06\/05\/once-candidatas-se-disputaran-el-titulo-de-reina-de-la-patrona-2023\/","name":"Once candidatas se disputar\u00e1n el t\u00edtulo de Reina de La Patrona 2023 - Ayuntamiento de Los Llanos de Aridane","isPartOf":{"@id":"https:\/\/www.aridane.org\/city\/#website"},"primaryImageOfPage":{"@id":"https:\/\/www.aridane.org\/city\/2023\/06\/05\/once-candidatas-se-disputaran-el-titulo-de-reina-de-la-patrona-2023\/#primaryimage"},"image":{"@id":"https:\/\/www.aridane.org\/city\/2023\/06\/05\/once-candidatas-se-disputaran-el-titulo-de-reina-de-la-patrona-2023\/#primaryimage"},"thumbnailUrl":"https:\/\/www.aridane.org\/city\/wp-content\/uploads\/2023\/06\/candidatas.jpg","datePublished":"2023-06-05T11:27:26+00:00","dateModified":"2023-07-21T10:03:24+00:00","author":{"@id":"https:\/\/www.aridane.org\/city\/#\/schema\/person\/7d352ec7f29881716f298394432e7209"},"description":"El Ayuntamiento de Los Llanos de Aridane presenta el cartel y el programa de La Patrona 2021 con el lema \u201cRemedios, m\u00e1s que un nombre.\u201d","breadcrumb":{"@id":"https:\/\/www.aridane.org\/city\/2023\/06\/05\/once-candidatas-se-disputaran-el-titulo-de-reina-de-la-patrona-2023\/#breadcrumb"},"inLanguage":"es","potentialAction":[{"@type":"ReadAction","target":["https:\/\/www.aridane.org\/city\/2023\/06\/05\/once-candidatas-se-disputaran-el-titulo-de-reina-de-la-patrona-2023\/"]}]},{"@type":"ImageObject","inLanguage":"es","@id":"https:\/\/www.aridane.org\/city\/2023\/06\/05\/once-candidatas-se-disputaran-el-titulo-de-reina-de-la-patrona-2023\/#primaryimage","url":"https:\/\/www.aridane.org\/city\/wp-content\/uploads\/2023\/06\/candidatas.jpg","contentUrl":"https:\/\/www.aridane.org\/city\/wp-content\/uploads\/2023\/06\/candidatas.jpg","width":1200,"height":675},{"@type":"BreadcrumbList","@id":"https:\/\/www.aridane.org\/city\/2023\/06\/05\/once-candidatas-se-disputaran-el-titulo-de-reina-de-la-patrona-2023\/#breadcrumb","itemListElement":[{"@type":"ListItem","position":1,"name":"Portada","item":"https:\/\/www.aridane.org\/city\/"},{"@type":"ListItem","position":2,"name":"Once candidatas se disputar\u00e1n el t\u00edtulo de Reina de La Patrona 2023"}]},{"@type":"WebSite","@id":"https:\/\/www.aridane.org\/city\/#website","url":"https:\/\/www.aridane.org\/city\/","name":"Ayuntamiento de Los Llanos de Aridane","description":"","potentialAction":[{"@type":"SearchAction","target":{"@type":"EntryPoint","urlTemplate":"https:\/\/www.aridane.org\/city\/?s={search_term_string}"},"query-input":"required name=search_term_string"}],"inLanguage":"es"},{"@type":"Person","@id":"https:\/\/www.aridane.org\/city\/#\/schema\/person\/7d352ec7f29881716f298394432e7209","name":"Richard Diaz","image":{"@type":"ImageObject","inLanguage":"es","@id":"https:\/\/www.aridane.org\/city\/#\/schema\/person\/image\/","url":"https:\/\/secure.gravatar.com\/avatar\/bacd6aefc26a4a204943090a4c596cd10f0857081ef3cfd12084a70ecb3161d5?s=96&d=mm&r=g","contentUrl":"https:\/\/secure.gravatar.com\/avatar\/bacd6aefc26a4a204943090a4c596cd10f0857081ef3cfd12084a70ecb3161d5?s=96&d=mm&r=g","caption":"Richard Diaz"},"sameAs":["https:\/\/www.aridane.org\/city"],"url":"https:\/\/www.aridane.org\/city\/author\/richard-diaz\/"}]}},"_links":{"self":[{"href":"https:\/\/www.aridane.org\/city\/wp-json\/wp\/v2\/posts\/1951","targetHints":{"allow":["GET"]}}],"collection":[{"href":"https:\/\/www.aridane.org\/city\/wp-json\/wp\/v2\/posts"}],"about":[{"href":"https:\/\/www.aridane.org\/city\/wp-json\/wp\/v2\/types\/post"}],"author":[{"embeddable":true,"href":"https:\/\/www.aridane.org\/city\/wp-json\/wp\/v2\/users\/1"}],"replies":[{"embeddable":true,"href":"https:\/\/www.aridane.org\/city\/wp-json\/wp\/v2\/comments?post=1951"}],"version-history":[{"count":2,"href":"https:\/\/www.aridane.org\/city\/wp-json\/wp\/v2\/posts\/1951\/revisions"}],"predecessor-version":[{"id":2432,"href":"https:\/\/www.aridane.org\/city\/wp-json\/wp\/v2\/posts\/1951\/revisions\/2432"}],"wp:featuredmedia":[{"embeddable":true,"href":"https:\/\/www.aridane.org\/city\/wp-json\/wp\/v2\/media\/2430"}],"wp:attachment":[{"href":"https:\/\/www.aridane.org\/city\/wp-json\/wp\/v2\/media?parent=1951"}],"wp:term":[{"taxonomy":"category","embeddable":true,"href":"https:\/\/www.aridane.org\/city\/wp-json\/wp\/v2\/categories?post=1951"},{"taxonomy":"post_tag","embeddable":true,"href":"https:\/\/www.aridane.org\/city\/wp-json\/wp\/v2\/tags?post=1951"}],"curies":[{"name":"wp","href":"https:\/\/api.w.org\/{rel}","templated":true}]}}