{"id":1953,"date":"2023-06-07T13:46:16","date_gmt":"2023-06-07T12:46:16","guid":{"rendered":"https:\/\/aridane.org\/ciudad\/?p=1820"},"modified":"2023-07-21T09:43:04","modified_gmt":"2023-07-21T09:43:04","slug":"propuestas-artisticas-arriesgadas-y-exito-de-publico-en-la-ii-edicion-del-festival-nombrarse-volcan","status":"publish","type":"post","link":"https:\/\/www.aridane.org\/city\/2023\/06\/07\/propuestas-artisticas-arriesgadas-y-exito-de-publico-en-la-ii-edicion-del-festival-nombrarse-volcan\/","title":{"rendered":"Propuestas art\u00edsticas arriesgadas y \u00e9xito de p\u00fablico en la II Edici\u00f3n del Festival Nombrarse Volc\u00e1n"},"content":{"rendered":"<section class=\"wpb-content-wrapper\"><p>[vc_row css_animation=\u00bb\u00bb row_type=\u00bbrow\u00bb use_row_as_full_screen_section=\u00bbno\u00bb type=\u00bbfull_width\u00bb angled_section=\u00bbno\u00bb text_align=\u00bbleft\u00bb background_image_as_pattern=\u00bbwithout_pattern\u00bb][vc_column][vc_row_inner row_type=\u00bbrow\u00bb type=\u00bbgrid\u00bb text_align=\u00bbleft\u00bb css_animation=\u00bb\u00bb][vc_column_inner][vc_empty_space height=\u00bb20px\u00bb][vc_empty_space height=\u00bb20px\u00bb][\/vc_column_inner][\/vc_row_inner][vc_column_text]<strong>Los Llanos de Aridane, 7 de junio de 2023.- <\/strong>El Ayuntamiento de Los Llanos de Aridane a trav\u00e9s de su concejal en funciones de Cultura, Charo Gonz\u00e1lez; junto a la concejal en funciones de Cultura del Ayuntamiento de El Paso, Irinova Hern\u00e1ndez; y la consejera en funciones de Cultura del Cabildo de La Palma, Jovita Monterrey, han destacado que \u201cel Festival de poes\u00eda&amp;performance Nombrarse Volc\u00e1n ha cerrado su II edici\u00f3n asent\u00e1ndose entre la programaci\u00f3n de la isla y logrando llenar todos los espacios conun p\u00fablico curioso y entregado, tanto en sus propuestas del 1 de junio en El Paso como los d\u00edas 2 y 3 de junio en Los Llanos\u201d.<\/p>\n<p>Cabe recordar que se trata de un festival \u00fanico en La Palma, que apuesta por la creaci\u00f3n contempor\u00e1nea y que ha sido concebido como un lugar po\u00e9tico expandido, donde la performance es veh\u00edculo de expresi\u00f3n para el abordaje art\u00edstico desde los m\u00e1rgenes.<\/p>\n<p>Desde hace m\u00e1s de tres a\u00f1os Patricia Figuero, directora del festival, coordina el ciclo Nombrarse Volc\u00e1n en el que, cada mes, la biblioteca de Los Llanos de Aridane se ha ido llenando de otras po\u00e9ticas posibles. Es decir, de propuestas de recitales diferentes donde adem\u00e1s de la palabra interven\u00edan otras disciplinas art\u00edsticas y donde el lenguaje era atravesado de m\u00fasica, cuerpos, danza, tecnolog\u00eda, fluidos, ritos. A lo largo de estos m\u00e1s de tres a\u00f1os, se ha generado un tejido de p\u00fablico, de todas las edades, que se ha sentido interpelado y conmovido al acercarse a la poes\u00eda desde miradas m\u00e1s amplias y catalizadoras.<\/p>\n<p>El resultado de estos inicios es el festival que estos d\u00edas ha revolucionado los municipios del El Paso y Los Llanos de Aridane con propuestas de artistas de diferentes edades, culturas y formaci\u00f3n. Se ha podido disfrutar de una programaci\u00f3n que inclu\u00eda una intervenci\u00f3n site-specific, pieza creada en exclusiva para las calles y el entorno de El Paso, una \u00f3pera trap dada\u00edsta, un concierto de \u201ctable music\u201d, una sesi\u00f3n de DJ bajo las estrellas con la voz de Patti Smith de fondo, una intervenci\u00f3n de danza perform\u00e1tica en el parque, una sesi\u00f3n de electropoemas, una propuesta de m\u00fasica experimental o narraci\u00f3n po\u00e9tica que exploraba los l\u00edmites de la oralidad. En definitiva, rituales po\u00e9ticos comunitarios, artes vivas, la palabra infinita.<\/p>\n<p>Sin duda, Nombrarse Volc\u00e1n se consolida como un festival que sirve de impulso para artistas vinculados al arte de acci\u00f3n que pueden encontrar a un p\u00fablico diverso, adem\u00e1s de un espacio de intercambio de experiencias y conocimientos. Marina Barsy X Isil Sol Vil, Gustavo Gim\u00e9nez, Lilith, Albertina Barcel\u00f3, Pecado Carnal, Ual. la, Ximena Carnevale o Garrivick, son algunos de los nombres que han pasado por La Palma estos d\u00edas. Adem\u00e1s, dentro de la programaci\u00f3n tambi\u00e9n ha habido propuestas populares protagonizadas por personas que habitan la isla y que han tomado la palabra y la acci\u00f3n, como en el \u201cGriter\u00eda po\u00e9tico\u201d del Mercado de Los Llanos.<\/p>\n<p>En palabras de su directora, Patricia Figuero, \u201ca pesar de su corta trayectoria, este peque\u00f1o festival ha logrado llamar la atenci\u00f3n dentro de los festivales de poes\u00eda expandida de nuestro pa\u00eds. Y lo ha hecho apostando por artistas de gran potencia y sin subestimar al p\u00fablico de La Palma, que ha acogido las propuestas m\u00e1s vanguardistas con audacia y alegr\u00eda. Nombrarse Volc\u00e1n ha sido poes\u00eda en las plazas, en el monte, en los museos, en el mercado. Nombrarse Volc\u00e1n es fusi\u00f3n de disciplinas, cuerpos, gritos y ternura radical\u201d.<\/p>\n<p>Por \u00faltimo, se recuerda que este Festival est\u00e1 organizado por el Ayuntamiento de Los Llanos de Aridane, el Ayuntamiento de El Paso y el Cabildo de La Palma, y cuenta con la colaboraci\u00f3n del Instituto Canario de Desarrollo Cultural, del Gobierno de Canarias.<\/p>\n<p>&nbsp;<\/p>\n<p>Foto de Nieves Riera[\/vc_column_text][\/vc_column][\/vc_row]<\/p>\n<\/section>","protected":false},"excerpt":{"rendered":"<p>[vc_row css_animation=\u00bb\u00bb row_type=\u00bbrow\u00bb use_row_as_full_screen_section=\u00bbno\u00bb type=\u00bbfull_width\u00bb angled_section=\u00bbno\u00bb text_align=\u00bbleft\u00bb background_image_as_pattern=\u00bbwithout_pattern\u00bb][vc_column][vc_row_inner row_type=\u00bbrow\u00bb type=\u00bbgrid\u00bb text_align=\u00bbleft\u00bb css_animation=\u00bb\u00bb][vc_column_inner][vc_empty_space height=\u00bb20px\u00bb][vc_empty_space height=\u00bb20px\u00bb][\/vc_column_inner][\/vc_row_inner][vc_column_text]Los Llanos de Aridane, 7 de junio de 2023.- El Ayuntamiento de Los Llanos de Aridane a trav\u00e9s de su concejal en funciones de Cultura, Charo Gonz\u00e1lez; junto a la concejal en&#8230;<\/p>\n","protected":false},"author":1,"featured_media":2424,"comment_status":"closed","ping_status":"open","sticky":false,"template":"","format":"standard","meta":{"footnotes":""},"categories":[6],"tags":[],"class_list":["post-1953","post","type-post","status-publish","format-standard","has-post-thumbnail","hentry","category-prensa"],"yoast_head":"<!-- This site is optimized with the Yoast SEO plugin v22.7 - https:\/\/yoast.com\/wordpress\/plugins\/seo\/ -->\n<title>Propuestas art\u00edsticas arriesgadas y \u00e9xito de p\u00fablico en la II Edici\u00f3n del Festival Nombrarse Volc\u00e1n - Ayuntamiento de Los Llanos de Aridane<\/title>\n<meta name=\"description\" content=\"El Ayuntamiento de Los Llanos de Aridane presenta el cartel y el programa de La Patrona 2021 con el lema \u201cRemedios, m\u00e1s que un nombre.\u201d\" \/>\n<meta name=\"robots\" content=\"index, follow, max-snippet:-1, max-image-preview:large, max-video-preview:-1\" \/>\n<link rel=\"canonical\" href=\"https:\/\/www.aridane.org\/city\/2023\/06\/07\/propuestas-artisticas-arriesgadas-y-exito-de-publico-en-la-ii-edicion-del-festival-nombrarse-volcan\/\" \/>\n<meta property=\"og:locale\" content=\"es_ES\" \/>\n<meta property=\"og:type\" content=\"article\" \/>\n<meta property=\"og:title\" content=\"Propuestas art\u00edsticas arriesgadas y \u00e9xito de p\u00fablico en la II Edici\u00f3n del Festival Nombrarse Volc\u00e1n - Ayuntamiento de Los Llanos de Aridane\" \/>\n<meta property=\"og:description\" content=\"El Ayuntamiento de Los Llanos de Aridane presenta el cartel y el programa de La Patrona 2021 con el lema \u201cRemedios, m\u00e1s que un nombre.\u201d\" \/>\n<meta property=\"og:url\" content=\"https:\/\/www.aridane.org\/city\/2023\/06\/07\/propuestas-artisticas-arriesgadas-y-exito-de-publico-en-la-ii-edicion-del-festival-nombrarse-volcan\/\" \/>\n<meta property=\"og:site_name\" content=\"Ayuntamiento de Los Llanos de Aridane\" \/>\n<meta property=\"article:published_time\" content=\"2023-06-07T12:46:16+00:00\" \/>\n<meta property=\"article:modified_time\" content=\"2023-07-21T09:43:04+00:00\" \/>\n<meta property=\"og:image\" content=\"https:\/\/www.aridane.org\/city\/wp-content\/uploads\/2023\/06\/Nombrarse_volcan.jpg\" \/>\n\t<meta property=\"og:image:width\" content=\"1200\" \/>\n\t<meta property=\"og:image:height\" content=\"675\" \/>\n\t<meta property=\"og:image:type\" content=\"image\/jpeg\" \/>\n<meta name=\"author\" content=\"Richard Diaz\" \/>\n<meta name=\"twitter:card\" content=\"summary_large_image\" \/>\n<meta name=\"twitter:label1\" content=\"Escrito por\" \/>\n\t<meta name=\"twitter:data1\" content=\"Richard Diaz\" \/>\n\t<meta name=\"twitter:label2\" content=\"Tiempo de lectura\" \/>\n\t<meta name=\"twitter:data2\" content=\"3 minutos\" \/>\n<script type=\"application\/ld+json\" class=\"yoast-schema-graph\">{\"@context\":\"https:\/\/schema.org\",\"@graph\":[{\"@type\":\"WebPage\",\"@id\":\"https:\/\/www.aridane.org\/city\/2023\/06\/07\/propuestas-artisticas-arriesgadas-y-exito-de-publico-en-la-ii-edicion-del-festival-nombrarse-volcan\/\",\"url\":\"https:\/\/www.aridane.org\/city\/2023\/06\/07\/propuestas-artisticas-arriesgadas-y-exito-de-publico-en-la-ii-edicion-del-festival-nombrarse-volcan\/\",\"name\":\"Propuestas art\u00edsticas arriesgadas y \u00e9xito de p\u00fablico en la II Edici\u00f3n del Festival Nombrarse Volc\u00e1n - Ayuntamiento de Los Llanos de Aridane\",\"isPartOf\":{\"@id\":\"https:\/\/www.aridane.org\/city\/#website\"},\"primaryImageOfPage\":{\"@id\":\"https:\/\/www.aridane.org\/city\/2023\/06\/07\/propuestas-artisticas-arriesgadas-y-exito-de-publico-en-la-ii-edicion-del-festival-nombrarse-volcan\/#primaryimage\"},\"image\":{\"@id\":\"https:\/\/www.aridane.org\/city\/2023\/06\/07\/propuestas-artisticas-arriesgadas-y-exito-de-publico-en-la-ii-edicion-del-festival-nombrarse-volcan\/#primaryimage\"},\"thumbnailUrl\":\"https:\/\/www.aridane.org\/city\/wp-content\/uploads\/2023\/06\/Nombrarse_volcan.jpg\",\"datePublished\":\"2023-06-07T12:46:16+00:00\",\"dateModified\":\"2023-07-21T09:43:04+00:00\",\"author\":{\"@id\":\"https:\/\/www.aridane.org\/city\/#\/schema\/person\/7d352ec7f29881716f298394432e7209\"},\"description\":\"El Ayuntamiento de Los Llanos de Aridane presenta el cartel y el programa de La Patrona 2021 con el lema \u201cRemedios, m\u00e1s que un nombre.\u201d\",\"breadcrumb\":{\"@id\":\"https:\/\/www.aridane.org\/city\/2023\/06\/07\/propuestas-artisticas-arriesgadas-y-exito-de-publico-en-la-ii-edicion-del-festival-nombrarse-volcan\/#breadcrumb\"},\"inLanguage\":\"es\",\"potentialAction\":[{\"@type\":\"ReadAction\",\"target\":[\"https:\/\/www.aridane.org\/city\/2023\/06\/07\/propuestas-artisticas-arriesgadas-y-exito-de-publico-en-la-ii-edicion-del-festival-nombrarse-volcan\/\"]}]},{\"@type\":\"ImageObject\",\"inLanguage\":\"es\",\"@id\":\"https:\/\/www.aridane.org\/city\/2023\/06\/07\/propuestas-artisticas-arriesgadas-y-exito-de-publico-en-la-ii-edicion-del-festival-nombrarse-volcan\/#primaryimage\",\"url\":\"https:\/\/www.aridane.org\/city\/wp-content\/uploads\/2023\/06\/Nombrarse_volcan.jpg\",\"contentUrl\":\"https:\/\/www.aridane.org\/city\/wp-content\/uploads\/2023\/06\/Nombrarse_volcan.jpg\",\"width\":1200,\"height\":675},{\"@type\":\"BreadcrumbList\",\"@id\":\"https:\/\/www.aridane.org\/city\/2023\/06\/07\/propuestas-artisticas-arriesgadas-y-exito-de-publico-en-la-ii-edicion-del-festival-nombrarse-volcan\/#breadcrumb\",\"itemListElement\":[{\"@type\":\"ListItem\",\"position\":1,\"name\":\"Portada\",\"item\":\"https:\/\/www.aridane.org\/city\/\"},{\"@type\":\"ListItem\",\"position\":2,\"name\":\"Propuestas art\u00edsticas arriesgadas y \u00e9xito de p\u00fablico en la II Edici\u00f3n del Festival Nombrarse Volc\u00e1n\"}]},{\"@type\":\"WebSite\",\"@id\":\"https:\/\/www.aridane.org\/city\/#website\",\"url\":\"https:\/\/www.aridane.org\/city\/\",\"name\":\"Ayuntamiento de Los Llanos de Aridane\",\"description\":\"\",\"potentialAction\":[{\"@type\":\"SearchAction\",\"target\":{\"@type\":\"EntryPoint\",\"urlTemplate\":\"https:\/\/www.aridane.org\/city\/?s={search_term_string}\"},\"query-input\":\"required name=search_term_string\"}],\"inLanguage\":\"es\"},{\"@type\":\"Person\",\"@id\":\"https:\/\/www.aridane.org\/city\/#\/schema\/person\/7d352ec7f29881716f298394432e7209\",\"name\":\"Richard Diaz\",\"image\":{\"@type\":\"ImageObject\",\"inLanguage\":\"es\",\"@id\":\"https:\/\/www.aridane.org\/city\/#\/schema\/person\/image\/\",\"url\":\"https:\/\/secure.gravatar.com\/avatar\/bacd6aefc26a4a204943090a4c596cd10f0857081ef3cfd12084a70ecb3161d5?s=96&d=mm&r=g\",\"contentUrl\":\"https:\/\/secure.gravatar.com\/avatar\/bacd6aefc26a4a204943090a4c596cd10f0857081ef3cfd12084a70ecb3161d5?s=96&d=mm&r=g\",\"caption\":\"Richard Diaz\"},\"sameAs\":[\"https:\/\/www.aridane.org\/city\"],\"url\":\"https:\/\/www.aridane.org\/city\/author\/richard-diaz\/\"}]}<\/script>\n<!-- \/ Yoast SEO plugin. -->","yoast_head_json":{"title":"Propuestas art\u00edsticas arriesgadas y \u00e9xito de p\u00fablico en la II Edici\u00f3n del Festival Nombrarse Volc\u00e1n - Ayuntamiento de Los Llanos de Aridane","description":"El Ayuntamiento de Los Llanos de Aridane presenta el cartel y el programa de La Patrona 2021 con el lema \u201cRemedios, m\u00e1s que un nombre.\u201d","robots":{"index":"index","follow":"follow","max-snippet":"max-snippet:-1","max-image-preview":"max-image-preview:large","max-video-preview":"max-video-preview:-1"},"canonical":"https:\/\/www.aridane.org\/city\/2023\/06\/07\/propuestas-artisticas-arriesgadas-y-exito-de-publico-en-la-ii-edicion-del-festival-nombrarse-volcan\/","og_locale":"es_ES","og_type":"article","og_title":"Propuestas art\u00edsticas arriesgadas y \u00e9xito de p\u00fablico en la II Edici\u00f3n del Festival Nombrarse Volc\u00e1n - Ayuntamiento de Los Llanos de Aridane","og_description":"El Ayuntamiento de Los Llanos de Aridane presenta el cartel y el programa de La Patrona 2021 con el lema \u201cRemedios, m\u00e1s que un nombre.\u201d","og_url":"https:\/\/www.aridane.org\/city\/2023\/06\/07\/propuestas-artisticas-arriesgadas-y-exito-de-publico-en-la-ii-edicion-del-festival-nombrarse-volcan\/","og_site_name":"Ayuntamiento de Los Llanos de Aridane","article_published_time":"2023-06-07T12:46:16+00:00","article_modified_time":"2023-07-21T09:43:04+00:00","og_image":[{"width":1200,"height":675,"url":"https:\/\/www.aridane.org\/city\/wp-content\/uploads\/2023\/06\/Nombrarse_volcan.jpg","type":"image\/jpeg"}],"author":"Richard Diaz","twitter_card":"summary_large_image","twitter_misc":{"Escrito por":"Richard Diaz","Tiempo de lectura":"3 minutos"},"schema":{"@context":"https:\/\/schema.org","@graph":[{"@type":"WebPage","@id":"https:\/\/www.aridane.org\/city\/2023\/06\/07\/propuestas-artisticas-arriesgadas-y-exito-de-publico-en-la-ii-edicion-del-festival-nombrarse-volcan\/","url":"https:\/\/www.aridane.org\/city\/2023\/06\/07\/propuestas-artisticas-arriesgadas-y-exito-de-publico-en-la-ii-edicion-del-festival-nombrarse-volcan\/","name":"Propuestas art\u00edsticas arriesgadas y \u00e9xito de p\u00fablico en la II Edici\u00f3n del Festival Nombrarse Volc\u00e1n - Ayuntamiento de Los Llanos de Aridane","isPartOf":{"@id":"https:\/\/www.aridane.org\/city\/#website"},"primaryImageOfPage":{"@id":"https:\/\/www.aridane.org\/city\/2023\/06\/07\/propuestas-artisticas-arriesgadas-y-exito-de-publico-en-la-ii-edicion-del-festival-nombrarse-volcan\/#primaryimage"},"image":{"@id":"https:\/\/www.aridane.org\/city\/2023\/06\/07\/propuestas-artisticas-arriesgadas-y-exito-de-publico-en-la-ii-edicion-del-festival-nombrarse-volcan\/#primaryimage"},"thumbnailUrl":"https:\/\/www.aridane.org\/city\/wp-content\/uploads\/2023\/06\/Nombrarse_volcan.jpg","datePublished":"2023-06-07T12:46:16+00:00","dateModified":"2023-07-21T09:43:04+00:00","author":{"@id":"https:\/\/www.aridane.org\/city\/#\/schema\/person\/7d352ec7f29881716f298394432e7209"},"description":"El Ayuntamiento de Los Llanos de Aridane presenta el cartel y el programa de La Patrona 2021 con el lema \u201cRemedios, m\u00e1s que un nombre.\u201d","breadcrumb":{"@id":"https:\/\/www.aridane.org\/city\/2023\/06\/07\/propuestas-artisticas-arriesgadas-y-exito-de-publico-en-la-ii-edicion-del-festival-nombrarse-volcan\/#breadcrumb"},"inLanguage":"es","potentialAction":[{"@type":"ReadAction","target":["https:\/\/www.aridane.org\/city\/2023\/06\/07\/propuestas-artisticas-arriesgadas-y-exito-de-publico-en-la-ii-edicion-del-festival-nombrarse-volcan\/"]}]},{"@type":"ImageObject","inLanguage":"es","@id":"https:\/\/www.aridane.org\/city\/2023\/06\/07\/propuestas-artisticas-arriesgadas-y-exito-de-publico-en-la-ii-edicion-del-festival-nombrarse-volcan\/#primaryimage","url":"https:\/\/www.aridane.org\/city\/wp-content\/uploads\/2023\/06\/Nombrarse_volcan.jpg","contentUrl":"https:\/\/www.aridane.org\/city\/wp-content\/uploads\/2023\/06\/Nombrarse_volcan.jpg","width":1200,"height":675},{"@type":"BreadcrumbList","@id":"https:\/\/www.aridane.org\/city\/2023\/06\/07\/propuestas-artisticas-arriesgadas-y-exito-de-publico-en-la-ii-edicion-del-festival-nombrarse-volcan\/#breadcrumb","itemListElement":[{"@type":"ListItem","position":1,"name":"Portada","item":"https:\/\/www.aridane.org\/city\/"},{"@type":"ListItem","position":2,"name":"Propuestas art\u00edsticas arriesgadas y \u00e9xito de p\u00fablico en la II Edici\u00f3n del Festival Nombrarse Volc\u00e1n"}]},{"@type":"WebSite","@id":"https:\/\/www.aridane.org\/city\/#website","url":"https:\/\/www.aridane.org\/city\/","name":"Ayuntamiento de Los Llanos de Aridane","description":"","potentialAction":[{"@type":"SearchAction","target":{"@type":"EntryPoint","urlTemplate":"https:\/\/www.aridane.org\/city\/?s={search_term_string}"},"query-input":"required name=search_term_string"}],"inLanguage":"es"},{"@type":"Person","@id":"https:\/\/www.aridane.org\/city\/#\/schema\/person\/7d352ec7f29881716f298394432e7209","name":"Richard Diaz","image":{"@type":"ImageObject","inLanguage":"es","@id":"https:\/\/www.aridane.org\/city\/#\/schema\/person\/image\/","url":"https:\/\/secure.gravatar.com\/avatar\/bacd6aefc26a4a204943090a4c596cd10f0857081ef3cfd12084a70ecb3161d5?s=96&d=mm&r=g","contentUrl":"https:\/\/secure.gravatar.com\/avatar\/bacd6aefc26a4a204943090a4c596cd10f0857081ef3cfd12084a70ecb3161d5?s=96&d=mm&r=g","caption":"Richard Diaz"},"sameAs":["https:\/\/www.aridane.org\/city"],"url":"https:\/\/www.aridane.org\/city\/author\/richard-diaz\/"}]}},"_links":{"self":[{"href":"https:\/\/www.aridane.org\/city\/wp-json\/wp\/v2\/posts\/1953","targetHints":{"allow":["GET"]}}],"collection":[{"href":"https:\/\/www.aridane.org\/city\/wp-json\/wp\/v2\/posts"}],"about":[{"href":"https:\/\/www.aridane.org\/city\/wp-json\/wp\/v2\/types\/post"}],"author":[{"embeddable":true,"href":"https:\/\/www.aridane.org\/city\/wp-json\/wp\/v2\/users\/1"}],"replies":[{"embeddable":true,"href":"https:\/\/www.aridane.org\/city\/wp-json\/wp\/v2\/comments?post=1953"}],"version-history":[{"count":2,"href":"https:\/\/www.aridane.org\/city\/wp-json\/wp\/v2\/posts\/1953\/revisions"}],"predecessor-version":[{"id":2426,"href":"https:\/\/www.aridane.org\/city\/wp-json\/wp\/v2\/posts\/1953\/revisions\/2426"}],"wp:featuredmedia":[{"embeddable":true,"href":"https:\/\/www.aridane.org\/city\/wp-json\/wp\/v2\/media\/2424"}],"wp:attachment":[{"href":"https:\/\/www.aridane.org\/city\/wp-json\/wp\/v2\/media?parent=1953"}],"wp:term":[{"taxonomy":"category","embeddable":true,"href":"https:\/\/www.aridane.org\/city\/wp-json\/wp\/v2\/categories?post=1953"},{"taxonomy":"post_tag","embeddable":true,"href":"https:\/\/www.aridane.org\/city\/wp-json\/wp\/v2\/tags?post=1953"}],"curies":[{"name":"wp","href":"https:\/\/api.w.org\/{rel}","templated":true}]}}