{"id":1954,"date":"2023-06-07T14:19:53","date_gmt":"2023-06-07T13:19:53","guid":{"rendered":"https:\/\/aridane.org\/ciudad\/?p=1823"},"modified":"2023-07-21T09:30:42","modified_gmt":"2023-07-21T09:30:42","slug":"mas-ahorro-de-energia-en-la-casa-de-la-cultura-de-los-llanos-de-aridane-y-en-hermosilla","status":"publish","type":"post","link":"https:\/\/www.aridane.org\/city\/2023\/06\/07\/mas-ahorro-de-energia-en-la-casa-de-la-cultura-de-los-llanos-de-aridane-y-en-hermosilla\/","title":{"rendered":"M\u00e1s ahorro de energ\u00eda en la Casa de la Cultura de Los Llanos de Aridane y en Hermosilla"},"content":{"rendered":"<section class=\"wpb-content-wrapper\"><p>[vc_row css_animation=\u00bb\u00bb row_type=\u00bbrow\u00bb use_row_as_full_screen_section=\u00bbno\u00bb type=\u00bbfull_width\u00bb angled_section=\u00bbno\u00bb text_align=\u00bbleft\u00bb background_image_as_pattern=\u00bbwithout_pattern\u00bb][vc_column][vc_row_inner row_type=\u00bbrow\u00bb type=\u00bbgrid\u00bb text_align=\u00bbleft\u00bb css_animation=\u00bb\u00bb][vc_column_inner][vc_empty_space height=\u00bb20px\u00bb][vc_empty_space height=\u00bb20px\u00bb][\/vc_column_inner][\/vc_row_inner][vc_column_text]<\/p>\n<ul>\n<li><em>Garc\u00eda Leal \u00a0explica que estas obras han sido ejecutadas por el Consistorio aridanense y se ha contado con una inversi\u00f3n que proviene de la Reserva de la Biosfera y que asciende hasta los casi 60.000 euros.\u00a0<\/em><\/li>\n<li><em>Adem\u00e1s, destaca que a estas actuaciones se sumar\u00e1n la iluminaci\u00f3n de El Remo y de la carretera Puerto Naos &#8211; El Remo.\u00a0<\/em><\/li>\n<\/ul>\n<p>&nbsp;<\/p>\n<p><strong>Los Llanos de Aridane, 7 de junio de 2023.-<\/strong>El Ayuntamiento de Los Llanos de Aridane a trav\u00e9s de su alcaldesa en funciones, Noelia Garc\u00eda Leal; y el concejal de Obras en funciones, Fran Leal, han confirmado que ya han concluido las obras de instalaci\u00f3n de las placas fotovoltaicas en el dep\u00f3sito de Hermosilla y en la Casa de la Cultura.<\/p>\n<p>Garc\u00eda Leal destaca que estas obras responden al compromiso que existe con el empleo de energ\u00edas renovables, y con la concienciaci\u00f3n y el cuidado del medio ambiente, \u201cy nos va a permitir, adem\u00e1s de un importante ahorro en la factura de la luz, seguir trabajando y avanzando para ser un municipio sostenible\u201d.<\/p>\n<p>Por su parte, Fran Leal recuerda que esta obra se ha llevado a cabo por el Consistorio aridanense, y para ello se ha contado con una inversi\u00f3n de casi 60.000 euros provenientes de la Reserva de la Biosfera.\u00a0 Concretamente, explica , la instalaci\u00f3n de placas fotovoltaicas en el dep\u00f3sito de Hermosilla, que ha contado con un presupuesto \u00a0de 23.599,65\u20ac , \u00a0va a generar 10,8kw, \u201cy esta instalaci\u00f3n que cuenta con 24 m\u00f3dulos nos permitir\u00e1 elevar de Hermosilla a los dep\u00f3sitos de Pino Santiago, salvando los 106 metros de desnivel con el consiguiente ahorro de energ\u00eda\u201d. En relaci\u00f3n a la instalaci\u00f3n de las placas fotovoltaicas en la Casa de la Cultura, Leal, se\u00f1ala que esta obra cuenta con una inversi\u00f3n de 36.383,34\u20ac, \u201cy genera 13,5kw. Estos 20 m\u00f3dulos abastecen a toda la Casa de la Cultura durante el d\u00eda, y queda abierta su ampliaci\u00f3n para que el edificio del Ayuntamiento, en su momento, tambi\u00e9n se pueda se abastezca de esta energ\u00eda\u201d.<\/p>\n<p>Por \u00faltimo, desde el Ayuntamiento de Los Llanos de Aridane se recuerda que \u201cel objetivo es seguir trabajando en esta l\u00edneas y las pr\u00f3ximas actuaciones ser\u00e1n en El Remo y la carretera de El Remo &#8211; Puerto Naos\u201d.[\/vc_column_text][\/vc_column][\/vc_row]<\/p>\n<\/section>","protected":false},"excerpt":{"rendered":"<p>[vc_row css_animation=\u00bb\u00bb row_type=\u00bbrow\u00bb use_row_as_full_screen_section=\u00bbno\u00bb type=\u00bbfull_width\u00bb angled_section=\u00bbno\u00bb text_align=\u00bbleft\u00bb background_image_as_pattern=\u00bbwithout_pattern\u00bb][vc_column][vc_row_inner row_type=\u00bbrow\u00bb type=\u00bbgrid\u00bb text_align=\u00bbleft\u00bb css_animation=\u00bb\u00bb][vc_column_inner][vc_empty_space height=\u00bb20px\u00bb][vc_empty_space height=\u00bb20px\u00bb][\/vc_column_inner][\/vc_row_inner][vc_column_text] Garc\u00eda Leal \u00a0explica que estas obras han sido ejecutadas por el Consistorio aridanense y se ha contado con una inversi\u00f3n que proviene de la Reserva de la Biosfera y que asciende&#8230;<\/p>\n","protected":false},"author":1,"featured_media":2422,"comment_status":"closed","ping_status":"open","sticky":false,"template":"","format":"standard","meta":{"footnotes":""},"categories":[6],"tags":[],"class_list":["post-1954","post","type-post","status-publish","format-standard","has-post-thumbnail","hentry","category-prensa"],"yoast_head":"<!-- This site is optimized with the Yoast SEO plugin v22.7 - https:\/\/yoast.com\/wordpress\/plugins\/seo\/ -->\n<title>M\u00e1s ahorro de energ\u00eda en la Casa de la Cultura de Los Llanos de Aridane y en Hermosilla - Ayuntamiento de Los Llanos de Aridane<\/title>\n<meta name=\"description\" content=\"El Ayuntamiento de Los Llanos de Aridane presenta el cartel y el programa de La Patrona 2021 con el lema \u201cRemedios, m\u00e1s que un nombre.\u201d\" \/>\n<meta name=\"robots\" content=\"index, follow, max-snippet:-1, max-image-preview:large, max-video-preview:-1\" \/>\n<link rel=\"canonical\" href=\"https:\/\/www.aridane.org\/city\/2023\/06\/07\/mas-ahorro-de-energia-en-la-casa-de-la-cultura-de-los-llanos-de-aridane-y-en-hermosilla\/\" \/>\n<meta property=\"og:locale\" content=\"es_ES\" \/>\n<meta property=\"og:type\" content=\"article\" \/>\n<meta property=\"og:title\" content=\"M\u00e1s ahorro de energ\u00eda en la Casa de la Cultura de Los Llanos de Aridane y en Hermosilla - Ayuntamiento de Los Llanos de Aridane\" \/>\n<meta property=\"og:description\" content=\"El Ayuntamiento de Los Llanos de Aridane presenta el cartel y el programa de La Patrona 2021 con el lema \u201cRemedios, m\u00e1s que un nombre.\u201d\" \/>\n<meta property=\"og:url\" content=\"https:\/\/www.aridane.org\/city\/2023\/06\/07\/mas-ahorro-de-energia-en-la-casa-de-la-cultura-de-los-llanos-de-aridane-y-en-hermosilla\/\" \/>\n<meta property=\"og:site_name\" content=\"Ayuntamiento de Los Llanos de Aridane\" \/>\n<meta property=\"article:published_time\" content=\"2023-06-07T13:19:53+00:00\" \/>\n<meta property=\"article:modified_time\" content=\"2023-07-21T09:30:42+00:00\" \/>\n<meta property=\"og:image\" content=\"https:\/\/www.aridane.org\/city\/wp-content\/uploads\/2023\/06\/5995482.webp\" \/>\n\t<meta property=\"og:image:width\" content=\"1280\" \/>\n\t<meta property=\"og:image:height\" content=\"960\" \/>\n\t<meta property=\"og:image:type\" content=\"image\/webp\" \/>\n<meta name=\"author\" content=\"Richard Diaz\" \/>\n<meta name=\"twitter:card\" content=\"summary_large_image\" \/>\n<meta name=\"twitter:label1\" content=\"Escrito por\" \/>\n\t<meta name=\"twitter:data1\" content=\"Richard Diaz\" \/>\n\t<meta name=\"twitter:label2\" content=\"Tiempo de lectura\" \/>\n\t<meta name=\"twitter:data2\" content=\"2 minutos\" \/>\n<script type=\"application\/ld+json\" class=\"yoast-schema-graph\">{\"@context\":\"https:\/\/schema.org\",\"@graph\":[{\"@type\":\"WebPage\",\"@id\":\"https:\/\/www.aridane.org\/city\/2023\/06\/07\/mas-ahorro-de-energia-en-la-casa-de-la-cultura-de-los-llanos-de-aridane-y-en-hermosilla\/\",\"url\":\"https:\/\/www.aridane.org\/city\/2023\/06\/07\/mas-ahorro-de-energia-en-la-casa-de-la-cultura-de-los-llanos-de-aridane-y-en-hermosilla\/\",\"name\":\"M\u00e1s ahorro de energ\u00eda en la Casa de la Cultura de Los Llanos de Aridane y en Hermosilla - Ayuntamiento de Los Llanos de Aridane\",\"isPartOf\":{\"@id\":\"https:\/\/www.aridane.org\/city\/#website\"},\"primaryImageOfPage\":{\"@id\":\"https:\/\/www.aridane.org\/city\/2023\/06\/07\/mas-ahorro-de-energia-en-la-casa-de-la-cultura-de-los-llanos-de-aridane-y-en-hermosilla\/#primaryimage\"},\"image\":{\"@id\":\"https:\/\/www.aridane.org\/city\/2023\/06\/07\/mas-ahorro-de-energia-en-la-casa-de-la-cultura-de-los-llanos-de-aridane-y-en-hermosilla\/#primaryimage\"},\"thumbnailUrl\":\"https:\/\/www.aridane.org\/city\/wp-content\/uploads\/2023\/06\/5995482.webp\",\"datePublished\":\"2023-06-07T13:19:53+00:00\",\"dateModified\":\"2023-07-21T09:30:42+00:00\",\"author\":{\"@id\":\"https:\/\/www.aridane.org\/city\/#\/schema\/person\/7d352ec7f29881716f298394432e7209\"},\"description\":\"El Ayuntamiento de Los Llanos de Aridane presenta el cartel y el programa de La Patrona 2021 con el lema \u201cRemedios, m\u00e1s que un nombre.\u201d\",\"breadcrumb\":{\"@id\":\"https:\/\/www.aridane.org\/city\/2023\/06\/07\/mas-ahorro-de-energia-en-la-casa-de-la-cultura-de-los-llanos-de-aridane-y-en-hermosilla\/#breadcrumb\"},\"inLanguage\":\"es\",\"potentialAction\":[{\"@type\":\"ReadAction\",\"target\":[\"https:\/\/www.aridane.org\/city\/2023\/06\/07\/mas-ahorro-de-energia-en-la-casa-de-la-cultura-de-los-llanos-de-aridane-y-en-hermosilla\/\"]}]},{\"@type\":\"ImageObject\",\"inLanguage\":\"es\",\"@id\":\"https:\/\/www.aridane.org\/city\/2023\/06\/07\/mas-ahorro-de-energia-en-la-casa-de-la-cultura-de-los-llanos-de-aridane-y-en-hermosilla\/#primaryimage\",\"url\":\"https:\/\/www.aridane.org\/city\/wp-content\/uploads\/2023\/06\/5995482.webp\",\"contentUrl\":\"https:\/\/www.aridane.org\/city\/wp-content\/uploads\/2023\/06\/5995482.webp\",\"width\":1280,\"height\":960},{\"@type\":\"BreadcrumbList\",\"@id\":\"https:\/\/www.aridane.org\/city\/2023\/06\/07\/mas-ahorro-de-energia-en-la-casa-de-la-cultura-de-los-llanos-de-aridane-y-en-hermosilla\/#breadcrumb\",\"itemListElement\":[{\"@type\":\"ListItem\",\"position\":1,\"name\":\"Portada\",\"item\":\"https:\/\/www.aridane.org\/city\/\"},{\"@type\":\"ListItem\",\"position\":2,\"name\":\"M\u00e1s ahorro de energ\u00eda en la Casa de la Cultura de Los Llanos de Aridane y en Hermosilla\"}]},{\"@type\":\"WebSite\",\"@id\":\"https:\/\/www.aridane.org\/city\/#website\",\"url\":\"https:\/\/www.aridane.org\/city\/\",\"name\":\"Ayuntamiento de Los Llanos de Aridane\",\"description\":\"\",\"potentialAction\":[{\"@type\":\"SearchAction\",\"target\":{\"@type\":\"EntryPoint\",\"urlTemplate\":\"https:\/\/www.aridane.org\/city\/?s={search_term_string}\"},\"query-input\":\"required name=search_term_string\"}],\"inLanguage\":\"es\"},{\"@type\":\"Person\",\"@id\":\"https:\/\/www.aridane.org\/city\/#\/schema\/person\/7d352ec7f29881716f298394432e7209\",\"name\":\"Richard Diaz\",\"image\":{\"@type\":\"ImageObject\",\"inLanguage\":\"es\",\"@id\":\"https:\/\/www.aridane.org\/city\/#\/schema\/person\/image\/\",\"url\":\"https:\/\/secure.gravatar.com\/avatar\/bacd6aefc26a4a204943090a4c596cd10f0857081ef3cfd12084a70ecb3161d5?s=96&d=mm&r=g\",\"contentUrl\":\"https:\/\/secure.gravatar.com\/avatar\/bacd6aefc26a4a204943090a4c596cd10f0857081ef3cfd12084a70ecb3161d5?s=96&d=mm&r=g\",\"caption\":\"Richard Diaz\"},\"sameAs\":[\"https:\/\/www.aridane.org\/city\"],\"url\":\"https:\/\/www.aridane.org\/city\/author\/richard-diaz\/\"}]}<\/script>\n<!-- \/ Yoast SEO plugin. -->","yoast_head_json":{"title":"M\u00e1s ahorro de energ\u00eda en la Casa de la Cultura de Los Llanos de Aridane y en Hermosilla - Ayuntamiento de Los Llanos de Aridane","description":"El Ayuntamiento de Los Llanos de Aridane presenta el cartel y el programa de La Patrona 2021 con el lema \u201cRemedios, m\u00e1s que un nombre.\u201d","robots":{"index":"index","follow":"follow","max-snippet":"max-snippet:-1","max-image-preview":"max-image-preview:large","max-video-preview":"max-video-preview:-1"},"canonical":"https:\/\/www.aridane.org\/city\/2023\/06\/07\/mas-ahorro-de-energia-en-la-casa-de-la-cultura-de-los-llanos-de-aridane-y-en-hermosilla\/","og_locale":"es_ES","og_type":"article","og_title":"M\u00e1s ahorro de energ\u00eda en la Casa de la Cultura de Los Llanos de Aridane y en Hermosilla - Ayuntamiento de Los Llanos de Aridane","og_description":"El Ayuntamiento de Los Llanos de Aridane presenta el cartel y el programa de La Patrona 2021 con el lema \u201cRemedios, m\u00e1s que un nombre.\u201d","og_url":"https:\/\/www.aridane.org\/city\/2023\/06\/07\/mas-ahorro-de-energia-en-la-casa-de-la-cultura-de-los-llanos-de-aridane-y-en-hermosilla\/","og_site_name":"Ayuntamiento de Los Llanos de Aridane","article_published_time":"2023-06-07T13:19:53+00:00","article_modified_time":"2023-07-21T09:30:42+00:00","og_image":[{"width":1280,"height":960,"url":"https:\/\/www.aridane.org\/city\/wp-content\/uploads\/2023\/06\/5995482.webp","type":"image\/webp"}],"author":"Richard Diaz","twitter_card":"summary_large_image","twitter_misc":{"Escrito por":"Richard Diaz","Tiempo de lectura":"2 minutos"},"schema":{"@context":"https:\/\/schema.org","@graph":[{"@type":"WebPage","@id":"https:\/\/www.aridane.org\/city\/2023\/06\/07\/mas-ahorro-de-energia-en-la-casa-de-la-cultura-de-los-llanos-de-aridane-y-en-hermosilla\/","url":"https:\/\/www.aridane.org\/city\/2023\/06\/07\/mas-ahorro-de-energia-en-la-casa-de-la-cultura-de-los-llanos-de-aridane-y-en-hermosilla\/","name":"M\u00e1s ahorro de energ\u00eda en la Casa de la Cultura de Los Llanos de Aridane y en Hermosilla - Ayuntamiento de Los Llanos de Aridane","isPartOf":{"@id":"https:\/\/www.aridane.org\/city\/#website"},"primaryImageOfPage":{"@id":"https:\/\/www.aridane.org\/city\/2023\/06\/07\/mas-ahorro-de-energia-en-la-casa-de-la-cultura-de-los-llanos-de-aridane-y-en-hermosilla\/#primaryimage"},"image":{"@id":"https:\/\/www.aridane.org\/city\/2023\/06\/07\/mas-ahorro-de-energia-en-la-casa-de-la-cultura-de-los-llanos-de-aridane-y-en-hermosilla\/#primaryimage"},"thumbnailUrl":"https:\/\/www.aridane.org\/city\/wp-content\/uploads\/2023\/06\/5995482.webp","datePublished":"2023-06-07T13:19:53+00:00","dateModified":"2023-07-21T09:30:42+00:00","author":{"@id":"https:\/\/www.aridane.org\/city\/#\/schema\/person\/7d352ec7f29881716f298394432e7209"},"description":"El Ayuntamiento de Los Llanos de Aridane presenta el cartel y el programa de La Patrona 2021 con el lema \u201cRemedios, m\u00e1s que un nombre.\u201d","breadcrumb":{"@id":"https:\/\/www.aridane.org\/city\/2023\/06\/07\/mas-ahorro-de-energia-en-la-casa-de-la-cultura-de-los-llanos-de-aridane-y-en-hermosilla\/#breadcrumb"},"inLanguage":"es","potentialAction":[{"@type":"ReadAction","target":["https:\/\/www.aridane.org\/city\/2023\/06\/07\/mas-ahorro-de-energia-en-la-casa-de-la-cultura-de-los-llanos-de-aridane-y-en-hermosilla\/"]}]},{"@type":"ImageObject","inLanguage":"es","@id":"https:\/\/www.aridane.org\/city\/2023\/06\/07\/mas-ahorro-de-energia-en-la-casa-de-la-cultura-de-los-llanos-de-aridane-y-en-hermosilla\/#primaryimage","url":"https:\/\/www.aridane.org\/city\/wp-content\/uploads\/2023\/06\/5995482.webp","contentUrl":"https:\/\/www.aridane.org\/city\/wp-content\/uploads\/2023\/06\/5995482.webp","width":1280,"height":960},{"@type":"BreadcrumbList","@id":"https:\/\/www.aridane.org\/city\/2023\/06\/07\/mas-ahorro-de-energia-en-la-casa-de-la-cultura-de-los-llanos-de-aridane-y-en-hermosilla\/#breadcrumb","itemListElement":[{"@type":"ListItem","position":1,"name":"Portada","item":"https:\/\/www.aridane.org\/city\/"},{"@type":"ListItem","position":2,"name":"M\u00e1s ahorro de energ\u00eda en la Casa de la Cultura de Los Llanos de Aridane y en Hermosilla"}]},{"@type":"WebSite","@id":"https:\/\/www.aridane.org\/city\/#website","url":"https:\/\/www.aridane.org\/city\/","name":"Ayuntamiento de Los Llanos de Aridane","description":"","potentialAction":[{"@type":"SearchAction","target":{"@type":"EntryPoint","urlTemplate":"https:\/\/www.aridane.org\/city\/?s={search_term_string}"},"query-input":"required name=search_term_string"}],"inLanguage":"es"},{"@type":"Person","@id":"https:\/\/www.aridane.org\/city\/#\/schema\/person\/7d352ec7f29881716f298394432e7209","name":"Richard Diaz","image":{"@type":"ImageObject","inLanguage":"es","@id":"https:\/\/www.aridane.org\/city\/#\/schema\/person\/image\/","url":"https:\/\/secure.gravatar.com\/avatar\/bacd6aefc26a4a204943090a4c596cd10f0857081ef3cfd12084a70ecb3161d5?s=96&d=mm&r=g","contentUrl":"https:\/\/secure.gravatar.com\/avatar\/bacd6aefc26a4a204943090a4c596cd10f0857081ef3cfd12084a70ecb3161d5?s=96&d=mm&r=g","caption":"Richard Diaz"},"sameAs":["https:\/\/www.aridane.org\/city"],"url":"https:\/\/www.aridane.org\/city\/author\/richard-diaz\/"}]}},"_links":{"self":[{"href":"https:\/\/www.aridane.org\/city\/wp-json\/wp\/v2\/posts\/1954","targetHints":{"allow":["GET"]}}],"collection":[{"href":"https:\/\/www.aridane.org\/city\/wp-json\/wp\/v2\/posts"}],"about":[{"href":"https:\/\/www.aridane.org\/city\/wp-json\/wp\/v2\/types\/post"}],"author":[{"embeddable":true,"href":"https:\/\/www.aridane.org\/city\/wp-json\/wp\/v2\/users\/1"}],"replies":[{"embeddable":true,"href":"https:\/\/www.aridane.org\/city\/wp-json\/wp\/v2\/comments?post=1954"}],"version-history":[{"count":1,"href":"https:\/\/www.aridane.org\/city\/wp-json\/wp\/v2\/posts\/1954\/revisions"}],"predecessor-version":[{"id":2423,"href":"https:\/\/www.aridane.org\/city\/wp-json\/wp\/v2\/posts\/1954\/revisions\/2423"}],"wp:featuredmedia":[{"embeddable":true,"href":"https:\/\/www.aridane.org\/city\/wp-json\/wp\/v2\/media\/2422"}],"wp:attachment":[{"href":"https:\/\/www.aridane.org\/city\/wp-json\/wp\/v2\/media?parent=1954"}],"wp:term":[{"taxonomy":"category","embeddable":true,"href":"https:\/\/www.aridane.org\/city\/wp-json\/wp\/v2\/categories?post=1954"},{"taxonomy":"post_tag","embeddable":true,"href":"https:\/\/www.aridane.org\/city\/wp-json\/wp\/v2\/tags?post=1954"}],"curies":[{"name":"wp","href":"https:\/\/api.w.org\/{rel}","templated":true}]}}