{"id":1955,"date":"2023-06-09T13:54:06","date_gmt":"2023-06-09T12:54:06","guid":{"rendered":"https:\/\/aridane.org\/ciudad\/?p=1826"},"modified":"2023-07-21T08:33:41","modified_gmt":"2023-07-21T08:33:41","slug":"el-ayuntamiento-de-los-llanos-de-aridane-destina-por-primera-vez-en-su-historia-una-subvencion-de-20-000-euros-para-los-ganaderos-del-municipio","status":"publish","type":"post","link":"https:\/\/www.aridane.org\/city\/2023\/06\/09\/el-ayuntamiento-de-los-llanos-de-aridane-destina-por-primera-vez-en-su-historia-una-subvencion-de-20-000-euros-para-los-ganaderos-del-municipio\/","title":{"rendered":"El Ayuntamiento de Los Llanos de Aridane destina por primera vez en su historia una subvenci\u00f3n de 20.000 euros para los ganaderos del municipio"},"content":{"rendered":"<section class=\"wpb-content-wrapper\"><p>[vc_row css_animation=\u00bb\u00bb row_type=\u00bbrow\u00bb use_row_as_full_screen_section=\u00bbno\u00bb type=\u00bbfull_width\u00bb angled_section=\u00bbno\u00bb text_align=\u00bbleft\u00bb background_image_as_pattern=\u00bbwithout_pattern\u00bb][vc_column][vc_row_inner row_type=\u00bbrow\u00bb type=\u00bbgrid\u00bb text_align=\u00bbleft\u00bb css_animation=\u00bb\u00bb][vc_column_inner][vc_empty_space height=\u00bb20px\u00bb][vc_empty_space height=\u00bb20px\u00bb][\/vc_column_inner][\/vc_row_inner][vc_column_text]<\/p>\n<ul>\n<li><em>Garc\u00eda Leal explica que con esta l\u00ednea de ayuda se intenta contribuir a sobrellevar la dif\u00edcil situaci\u00f3n que viven los ganaderos locales. <\/em><\/li>\n<\/ul>\n<p><em>\u00a0<\/em><\/p>\n<p><strong>Los Llanos de Aridane, 9 de junio de 2023.- <\/strong>El Ayuntamiento de Los Llanos de Aridane a trav\u00e9s de su alcaldesa en funciones, Noelia Garc\u00eda Leal, ha confirmado que \u201cpor primera vez en la historia, el Consistorio destinar\u00e1 una subvenci\u00f3n de 20.000 euros para la compra de forraje y grano, as\u00ed como alimento para el ganado\u201d.<\/p>\n<p>Garc\u00eda Leal explica esta l\u00ednea de ayuda se podr\u00e1 llevar a cabo tras una modificaci\u00f3n presupuestaria que se ha realizado, y entre los requisitos estar\u00e1n que los interesados sean ganaderos titulares de explotaciones con domicilio en el municipio, y que est\u00e9n inscritos en el Registro de Explotaciones Ganaderas de Canarias.<\/p>\n<p>La alcaldesa en funciones se\u00f1ala que \u201cno son muchos los ganaderos que tiene Los Llanos, pero intentamos ayudarles en la medida de nuestras posibilidades. Por esta raz\u00f3n, ponemos en valor esta subvenci\u00f3n que estamos seguros que supondr\u00e1 un respiro para este sector,\u00a0ya que sin ganader\u00eda no hay alimentos\u201d.<\/p>\n<p>Adem\u00e1s, recuerda que los ganaderos en los \u00faltimos a\u00f1os han tenido que hacer frente a grandes retos como: el Covid-19, la erupci\u00f3n volc\u00e1nica, y la subida de precios como consecuencia de la Guerra de Ucrania.<\/p>\n<p>Por \u00faltimo, desde el Ayuntamiento de Los Llanos de Aridane se informa que \u201cya se est\u00e1 trabajando en las bases para sacar esta convocatoria a la mayor brevedad, \u00a0y que esta subvenci\u00f3n llegue a los ganaderos cuanto antes\u201d.[\/vc_column_text][\/vc_column][\/vc_row]<\/p>\n<\/section>","protected":false},"excerpt":{"rendered":"<p>[vc_row css_animation=\u00bb\u00bb row_type=\u00bbrow\u00bb use_row_as_full_screen_section=\u00bbno\u00bb type=\u00bbfull_width\u00bb angled_section=\u00bbno\u00bb text_align=\u00bbleft\u00bb background_image_as_pattern=\u00bbwithout_pattern\u00bb][vc_column][vc_row_inner row_type=\u00bbrow\u00bb type=\u00bbgrid\u00bb text_align=\u00bbleft\u00bb css_animation=\u00bb\u00bb][vc_column_inner][vc_empty_space height=\u00bb20px\u00bb][vc_empty_space height=\u00bb20px\u00bb][\/vc_column_inner][\/vc_row_inner][vc_column_text] Garc\u00eda Leal explica que con esta l\u00ednea de ayuda se intenta contribuir a sobrellevar la dif\u00edcil situaci\u00f3n que viven los ganaderos locales. \u00a0 Los Llanos de Aridane, 9 de junio de&#8230;<\/p>\n","protected":false},"author":1,"featured_media":2410,"comment_status":"closed","ping_status":"open","sticky":false,"template":"","format":"standard","meta":{"footnotes":""},"categories":[6],"tags":[],"class_list":["post-1955","post","type-post","status-publish","format-standard","has-post-thumbnail","hentry","category-prensa"],"yoast_head":"<!-- This site is optimized with the Yoast SEO plugin v22.7 - https:\/\/yoast.com\/wordpress\/plugins\/seo\/ -->\n<title>El Ayuntamiento de Los Llanos de Aridane destina por primera vez en su historia una subvenci\u00f3n de 20.000 euros para los ganaderos del municipio - Ayuntamiento de Los Llanos de Aridane<\/title>\n<meta name=\"description\" content=\"El Ayuntamiento de Los Llanos de Aridane presenta el cartel y el programa de La Patrona 2021 con el lema \u201cRemedios, m\u00e1s que un nombre.\u201d\" \/>\n<meta name=\"robots\" content=\"index, follow, max-snippet:-1, max-image-preview:large, max-video-preview:-1\" \/>\n<link rel=\"canonical\" href=\"https:\/\/www.aridane.org\/city\/2023\/06\/09\/el-ayuntamiento-de-los-llanos-de-aridane-destina-por-primera-vez-en-su-historia-una-subvencion-de-20-000-euros-para-los-ganaderos-del-municipio\/\" \/>\n<meta property=\"og:locale\" content=\"es_ES\" \/>\n<meta property=\"og:type\" content=\"article\" \/>\n<meta property=\"og:title\" content=\"El Ayuntamiento de Los Llanos de Aridane destina por primera vez en su historia una subvenci\u00f3n de 20.000 euros para los ganaderos del municipio - Ayuntamiento de Los Llanos de Aridane\" \/>\n<meta property=\"og:description\" content=\"El Ayuntamiento de Los Llanos de Aridane presenta el cartel y el programa de La Patrona 2021 con el lema \u201cRemedios, m\u00e1s que un nombre.\u201d\" \/>\n<meta property=\"og:url\" content=\"https:\/\/www.aridane.org\/city\/2023\/06\/09\/el-ayuntamiento-de-los-llanos-de-aridane-destina-por-primera-vez-en-su-historia-una-subvencion-de-20-000-euros-para-los-ganaderos-del-municipio\/\" \/>\n<meta property=\"og:site_name\" content=\"Ayuntamiento de Los Llanos de Aridane\" \/>\n<meta property=\"article:published_time\" content=\"2023-06-09T12:54:06+00:00\" \/>\n<meta property=\"article:modified_time\" content=\"2023-07-21T08:33:41+00:00\" \/>\n<meta property=\"og:image\" content=\"https:\/\/www.aridane.org\/city\/wp-content\/uploads\/2023\/06\/ganado_los_llanos.jpg\" \/>\n\t<meta property=\"og:image:width\" content=\"1920\" \/>\n\t<meta property=\"og:image:height\" content=\"1280\" \/>\n\t<meta property=\"og:image:type\" content=\"image\/jpeg\" \/>\n<meta name=\"author\" content=\"Richard Diaz\" \/>\n<meta name=\"twitter:card\" content=\"summary_large_image\" \/>\n<meta name=\"twitter:label1\" content=\"Escrito por\" \/>\n\t<meta name=\"twitter:data1\" content=\"Richard Diaz\" \/>\n\t<meta name=\"twitter:label2\" content=\"Tiempo de lectura\" \/>\n\t<meta name=\"twitter:data2\" content=\"2 minutos\" \/>\n<script type=\"application\/ld+json\" class=\"yoast-schema-graph\">{\"@context\":\"https:\/\/schema.org\",\"@graph\":[{\"@type\":\"WebPage\",\"@id\":\"https:\/\/www.aridane.org\/city\/2023\/06\/09\/el-ayuntamiento-de-los-llanos-de-aridane-destina-por-primera-vez-en-su-historia-una-subvencion-de-20-000-euros-para-los-ganaderos-del-municipio\/\",\"url\":\"https:\/\/www.aridane.org\/city\/2023\/06\/09\/el-ayuntamiento-de-los-llanos-de-aridane-destina-por-primera-vez-en-su-historia-una-subvencion-de-20-000-euros-para-los-ganaderos-del-municipio\/\",\"name\":\"El Ayuntamiento de Los Llanos de Aridane destina por primera vez en su historia una subvenci\u00f3n de 20.000 euros para los ganaderos del municipio - Ayuntamiento de Los Llanos de Aridane\",\"isPartOf\":{\"@id\":\"https:\/\/www.aridane.org\/city\/#website\"},\"primaryImageOfPage\":{\"@id\":\"https:\/\/www.aridane.org\/city\/2023\/06\/09\/el-ayuntamiento-de-los-llanos-de-aridane-destina-por-primera-vez-en-su-historia-una-subvencion-de-20-000-euros-para-los-ganaderos-del-municipio\/#primaryimage\"},\"image\":{\"@id\":\"https:\/\/www.aridane.org\/city\/2023\/06\/09\/el-ayuntamiento-de-los-llanos-de-aridane-destina-por-primera-vez-en-su-historia-una-subvencion-de-20-000-euros-para-los-ganaderos-del-municipio\/#primaryimage\"},\"thumbnailUrl\":\"https:\/\/www.aridane.org\/city\/wp-content\/uploads\/2023\/06\/ganado_los_llanos.jpg\",\"datePublished\":\"2023-06-09T12:54:06+00:00\",\"dateModified\":\"2023-07-21T08:33:41+00:00\",\"author\":{\"@id\":\"https:\/\/www.aridane.org\/city\/#\/schema\/person\/7d352ec7f29881716f298394432e7209\"},\"description\":\"El Ayuntamiento de Los Llanos de Aridane presenta el cartel y el programa de La Patrona 2021 con el lema \u201cRemedios, m\u00e1s que un nombre.\u201d\",\"breadcrumb\":{\"@id\":\"https:\/\/www.aridane.org\/city\/2023\/06\/09\/el-ayuntamiento-de-los-llanos-de-aridane-destina-por-primera-vez-en-su-historia-una-subvencion-de-20-000-euros-para-los-ganaderos-del-municipio\/#breadcrumb\"},\"inLanguage\":\"es\",\"potentialAction\":[{\"@type\":\"ReadAction\",\"target\":[\"https:\/\/www.aridane.org\/city\/2023\/06\/09\/el-ayuntamiento-de-los-llanos-de-aridane-destina-por-primera-vez-en-su-historia-una-subvencion-de-20-000-euros-para-los-ganaderos-del-municipio\/\"]}]},{\"@type\":\"ImageObject\",\"inLanguage\":\"es\",\"@id\":\"https:\/\/www.aridane.org\/city\/2023\/06\/09\/el-ayuntamiento-de-los-llanos-de-aridane-destina-por-primera-vez-en-su-historia-una-subvencion-de-20-000-euros-para-los-ganaderos-del-municipio\/#primaryimage\",\"url\":\"https:\/\/www.aridane.org\/city\/wp-content\/uploads\/2023\/06\/ganado_los_llanos.jpg\",\"contentUrl\":\"https:\/\/www.aridane.org\/city\/wp-content\/uploads\/2023\/06\/ganado_los_llanos.jpg\",\"width\":1920,\"height\":1280},{\"@type\":\"BreadcrumbList\",\"@id\":\"https:\/\/www.aridane.org\/city\/2023\/06\/09\/el-ayuntamiento-de-los-llanos-de-aridane-destina-por-primera-vez-en-su-historia-una-subvencion-de-20-000-euros-para-los-ganaderos-del-municipio\/#breadcrumb\",\"itemListElement\":[{\"@type\":\"ListItem\",\"position\":1,\"name\":\"Portada\",\"item\":\"https:\/\/www.aridane.org\/city\/\"},{\"@type\":\"ListItem\",\"position\":2,\"name\":\"El Ayuntamiento de Los Llanos de Aridane destina por primera vez en su historia una subvenci\u00f3n de 20.000 euros para los ganaderos del municipio\"}]},{\"@type\":\"WebSite\",\"@id\":\"https:\/\/www.aridane.org\/city\/#website\",\"url\":\"https:\/\/www.aridane.org\/city\/\",\"name\":\"Ayuntamiento de Los Llanos de Aridane\",\"description\":\"\",\"potentialAction\":[{\"@type\":\"SearchAction\",\"target\":{\"@type\":\"EntryPoint\",\"urlTemplate\":\"https:\/\/www.aridane.org\/city\/?s={search_term_string}\"},\"query-input\":\"required name=search_term_string\"}],\"inLanguage\":\"es\"},{\"@type\":\"Person\",\"@id\":\"https:\/\/www.aridane.org\/city\/#\/schema\/person\/7d352ec7f29881716f298394432e7209\",\"name\":\"Richard Diaz\",\"image\":{\"@type\":\"ImageObject\",\"inLanguage\":\"es\",\"@id\":\"https:\/\/www.aridane.org\/city\/#\/schema\/person\/image\/\",\"url\":\"https:\/\/secure.gravatar.com\/avatar\/bacd6aefc26a4a204943090a4c596cd10f0857081ef3cfd12084a70ecb3161d5?s=96&d=mm&r=g\",\"contentUrl\":\"https:\/\/secure.gravatar.com\/avatar\/bacd6aefc26a4a204943090a4c596cd10f0857081ef3cfd12084a70ecb3161d5?s=96&d=mm&r=g\",\"caption\":\"Richard Diaz\"},\"sameAs\":[\"https:\/\/www.aridane.org\/city\"],\"url\":\"https:\/\/www.aridane.org\/city\/author\/richard-diaz\/\"}]}<\/script>\n<!-- \/ Yoast SEO plugin. -->","yoast_head_json":{"title":"El Ayuntamiento de Los Llanos de Aridane destina por primera vez en su historia una subvenci\u00f3n de 20.000 euros para los ganaderos del municipio - Ayuntamiento de Los Llanos de Aridane","description":"El Ayuntamiento de Los Llanos de Aridane presenta el cartel y el programa de La Patrona 2021 con el lema \u201cRemedios, m\u00e1s que un nombre.\u201d","robots":{"index":"index","follow":"follow","max-snippet":"max-snippet:-1","max-image-preview":"max-image-preview:large","max-video-preview":"max-video-preview:-1"},"canonical":"https:\/\/www.aridane.org\/city\/2023\/06\/09\/el-ayuntamiento-de-los-llanos-de-aridane-destina-por-primera-vez-en-su-historia-una-subvencion-de-20-000-euros-para-los-ganaderos-del-municipio\/","og_locale":"es_ES","og_type":"article","og_title":"El Ayuntamiento de Los Llanos de Aridane destina por primera vez en su historia una subvenci\u00f3n de 20.000 euros para los ganaderos del municipio - Ayuntamiento de Los Llanos de Aridane","og_description":"El Ayuntamiento de Los Llanos de Aridane presenta el cartel y el programa de La Patrona 2021 con el lema \u201cRemedios, m\u00e1s que un nombre.\u201d","og_url":"https:\/\/www.aridane.org\/city\/2023\/06\/09\/el-ayuntamiento-de-los-llanos-de-aridane-destina-por-primera-vez-en-su-historia-una-subvencion-de-20-000-euros-para-los-ganaderos-del-municipio\/","og_site_name":"Ayuntamiento de Los Llanos de Aridane","article_published_time":"2023-06-09T12:54:06+00:00","article_modified_time":"2023-07-21T08:33:41+00:00","og_image":[{"width":1920,"height":1280,"url":"https:\/\/www.aridane.org\/city\/wp-content\/uploads\/2023\/06\/ganado_los_llanos.jpg","type":"image\/jpeg"}],"author":"Richard Diaz","twitter_card":"summary_large_image","twitter_misc":{"Escrito por":"Richard Diaz","Tiempo de lectura":"2 minutos"},"schema":{"@context":"https:\/\/schema.org","@graph":[{"@type":"WebPage","@id":"https:\/\/www.aridane.org\/city\/2023\/06\/09\/el-ayuntamiento-de-los-llanos-de-aridane-destina-por-primera-vez-en-su-historia-una-subvencion-de-20-000-euros-para-los-ganaderos-del-municipio\/","url":"https:\/\/www.aridane.org\/city\/2023\/06\/09\/el-ayuntamiento-de-los-llanos-de-aridane-destina-por-primera-vez-en-su-historia-una-subvencion-de-20-000-euros-para-los-ganaderos-del-municipio\/","name":"El Ayuntamiento de Los Llanos de Aridane destina por primera vez en su historia una subvenci\u00f3n de 20.000 euros para los ganaderos del municipio - Ayuntamiento de Los Llanos de Aridane","isPartOf":{"@id":"https:\/\/www.aridane.org\/city\/#website"},"primaryImageOfPage":{"@id":"https:\/\/www.aridane.org\/city\/2023\/06\/09\/el-ayuntamiento-de-los-llanos-de-aridane-destina-por-primera-vez-en-su-historia-una-subvencion-de-20-000-euros-para-los-ganaderos-del-municipio\/#primaryimage"},"image":{"@id":"https:\/\/www.aridane.org\/city\/2023\/06\/09\/el-ayuntamiento-de-los-llanos-de-aridane-destina-por-primera-vez-en-su-historia-una-subvencion-de-20-000-euros-para-los-ganaderos-del-municipio\/#primaryimage"},"thumbnailUrl":"https:\/\/www.aridane.org\/city\/wp-content\/uploads\/2023\/06\/ganado_los_llanos.jpg","datePublished":"2023-06-09T12:54:06+00:00","dateModified":"2023-07-21T08:33:41+00:00","author":{"@id":"https:\/\/www.aridane.org\/city\/#\/schema\/person\/7d352ec7f29881716f298394432e7209"},"description":"El Ayuntamiento de Los Llanos de Aridane presenta el cartel y el programa de La Patrona 2021 con el lema \u201cRemedios, m\u00e1s que un nombre.\u201d","breadcrumb":{"@id":"https:\/\/www.aridane.org\/city\/2023\/06\/09\/el-ayuntamiento-de-los-llanos-de-aridane-destina-por-primera-vez-en-su-historia-una-subvencion-de-20-000-euros-para-los-ganaderos-del-municipio\/#breadcrumb"},"inLanguage":"es","potentialAction":[{"@type":"ReadAction","target":["https:\/\/www.aridane.org\/city\/2023\/06\/09\/el-ayuntamiento-de-los-llanos-de-aridane-destina-por-primera-vez-en-su-historia-una-subvencion-de-20-000-euros-para-los-ganaderos-del-municipio\/"]}]},{"@type":"ImageObject","inLanguage":"es","@id":"https:\/\/www.aridane.org\/city\/2023\/06\/09\/el-ayuntamiento-de-los-llanos-de-aridane-destina-por-primera-vez-en-su-historia-una-subvencion-de-20-000-euros-para-los-ganaderos-del-municipio\/#primaryimage","url":"https:\/\/www.aridane.org\/city\/wp-content\/uploads\/2023\/06\/ganado_los_llanos.jpg","contentUrl":"https:\/\/www.aridane.org\/city\/wp-content\/uploads\/2023\/06\/ganado_los_llanos.jpg","width":1920,"height":1280},{"@type":"BreadcrumbList","@id":"https:\/\/www.aridane.org\/city\/2023\/06\/09\/el-ayuntamiento-de-los-llanos-de-aridane-destina-por-primera-vez-en-su-historia-una-subvencion-de-20-000-euros-para-los-ganaderos-del-municipio\/#breadcrumb","itemListElement":[{"@type":"ListItem","position":1,"name":"Portada","item":"https:\/\/www.aridane.org\/city\/"},{"@type":"ListItem","position":2,"name":"El Ayuntamiento de Los Llanos de Aridane destina por primera vez en su historia una subvenci\u00f3n de 20.000 euros para los ganaderos del municipio"}]},{"@type":"WebSite","@id":"https:\/\/www.aridane.org\/city\/#website","url":"https:\/\/www.aridane.org\/city\/","name":"Ayuntamiento de Los Llanos de Aridane","description":"","potentialAction":[{"@type":"SearchAction","target":{"@type":"EntryPoint","urlTemplate":"https:\/\/www.aridane.org\/city\/?s={search_term_string}"},"query-input":"required name=search_term_string"}],"inLanguage":"es"},{"@type":"Person","@id":"https:\/\/www.aridane.org\/city\/#\/schema\/person\/7d352ec7f29881716f298394432e7209","name":"Richard Diaz","image":{"@type":"ImageObject","inLanguage":"es","@id":"https:\/\/www.aridane.org\/city\/#\/schema\/person\/image\/","url":"https:\/\/secure.gravatar.com\/avatar\/bacd6aefc26a4a204943090a4c596cd10f0857081ef3cfd12084a70ecb3161d5?s=96&d=mm&r=g","contentUrl":"https:\/\/secure.gravatar.com\/avatar\/bacd6aefc26a4a204943090a4c596cd10f0857081ef3cfd12084a70ecb3161d5?s=96&d=mm&r=g","caption":"Richard Diaz"},"sameAs":["https:\/\/www.aridane.org\/city"],"url":"https:\/\/www.aridane.org\/city\/author\/richard-diaz\/"}]}},"_links":{"self":[{"href":"https:\/\/www.aridane.org\/city\/wp-json\/wp\/v2\/posts\/1955","targetHints":{"allow":["GET"]}}],"collection":[{"href":"https:\/\/www.aridane.org\/city\/wp-json\/wp\/v2\/posts"}],"about":[{"href":"https:\/\/www.aridane.org\/city\/wp-json\/wp\/v2\/types\/post"}],"author":[{"embeddable":true,"href":"https:\/\/www.aridane.org\/city\/wp-json\/wp\/v2\/users\/1"}],"replies":[{"embeddable":true,"href":"https:\/\/www.aridane.org\/city\/wp-json\/wp\/v2\/comments?post=1955"}],"version-history":[{"count":1,"href":"https:\/\/www.aridane.org\/city\/wp-json\/wp\/v2\/posts\/1955\/revisions"}],"predecessor-version":[{"id":2411,"href":"https:\/\/www.aridane.org\/city\/wp-json\/wp\/v2\/posts\/1955\/revisions\/2411"}],"wp:featuredmedia":[{"embeddable":true,"href":"https:\/\/www.aridane.org\/city\/wp-json\/wp\/v2\/media\/2410"}],"wp:attachment":[{"href":"https:\/\/www.aridane.org\/city\/wp-json\/wp\/v2\/media?parent=1955"}],"wp:term":[{"taxonomy":"category","embeddable":true,"href":"https:\/\/www.aridane.org\/city\/wp-json\/wp\/v2\/categories?post=1955"},{"taxonomy":"post_tag","embeddable":true,"href":"https:\/\/www.aridane.org\/city\/wp-json\/wp\/v2\/tags?post=1955"}],"curies":[{"name":"wp","href":"https:\/\/api.w.org\/{rel}","templated":true}]}}