{"id":1956,"date":"2023-06-08T12:30:55","date_gmt":"2023-06-08T11:30:55","guid":{"rendered":"https:\/\/aridane.org\/ciudad\/?p=1829"},"modified":"2023-07-21T09:15:49","modified_gmt":"2023-07-21T09:15:49","slug":"las-jornadas-conectarte-en-los-llanos-de-aridane-aterrizan-este-fin-de-semana-en-el-municipio-2","status":"publish","type":"post","link":"https:\/\/www.aridane.org\/city\/2023\/06\/08\/las-jornadas-conectarte-en-los-llanos-de-aridane-aterrizan-este-fin-de-semana-en-el-municipio-2\/","title":{"rendered":"Las Jornadas Conectarte en Los Llanos de Aridane aterrizan este fin de semana en el municipio"},"content":{"rendered":"<section class=\"wpb-content-wrapper\"><p>[vc_row css_animation=\u00bb\u00bb row_type=\u00bbrow\u00bb use_row_as_full_screen_section=\u00bbno\u00bb type=\u00bbfull_width\u00bb angled_section=\u00bbno\u00bb text_align=\u00bbleft\u00bb background_image_as_pattern=\u00bbwithout_pattern\u00bb][vc_column][vc_row_inner row_type=\u00bbrow\u00bb type=\u00bbgrid\u00bb text_align=\u00bbleft\u00bb css_animation=\u00bb\u00bb][vc_column_inner][vc_empty_space height=\u00bb20px\u00bb][vc_empty_space height=\u00bb20px\u00bb][\/vc_column_inner][\/vc_row_inner][vc_column_text]<\/p>\n<ul>\n<li><em>La matr\u00edcula es gratuita, y los interesados deber\u00e1n inscribirse enviando un e-mail al siguiente correo <\/em><a href=\"mailto:inart.conectarte@gmail.com\"><em>conectarte@gmail.com<\/em><\/a><\/li>\n<\/ul>\n<p>&nbsp;<\/p>\n<p><strong>Los Llanos de Aridane, 8 de junio de 2023.- <\/strong>El Ayuntamiento de Los Llanos de Aridane a trav\u00e9s de la concejal en funciones de Cultura, Charo Gonz\u00e1lez, ha se\u00f1alado que el municipio acoger\u00e1 este s\u00e1bado, 10, y domingo, 11, las Jornadas Conectarte en Los Llanos de Aridane, que se desarrollar\u00e1n en la Casa de la Cultura .<\/p>\n<p>Gonz\u00e1lez explica que la Asociaci\u00f3n Sociocultural sin \u00e1nimo de lucro Proyecto In-Art organiza este evento en colaboraci\u00f3n con la Universidad de La Laguna, ULL, y las concejal\u00edas de Cultura de Tazacorte, Los Llanos de Aridane y El Paso, \u201cen el que se incluyen talleres, comunicaciones y la creaci\u00f3n colectiva de una obra art\u00edstica\u201d.<\/p>\n<p>Adem\u00e1s, explica que esta propuesta cuenta con talleres relacionados con diferentes \u00e1reas y enfoques, con un punto en \u00a0com\u00fan: el arte y la cultura. Concretamente, afirma, \u00a0el s\u00e1bado arrancar\u00e1 con el \u2018Taller de relatos de vida&#8217;, \u00a0impartido por la Dra. Cristina Mateo Ruiz, soci\u00f3loga; y continuar\u00e1 con una actividad colectiva \u2018Del \u00a0relato al gui\u00f3n\u2019, y el \u2018Taller de gesti\u00f3n emocional a trav\u00e9s del arte\u2019, \u00a0desarrollado por la Dra. Melania \u00a0Sim\u00f3n Pulido, psic\u00f3loga. Mientras que el domingo se contar\u00e1 con la artista internacional Ana de La Preugne, cantante; compositora, profesora de canto y directora coral en el \u2018Taller de gesti\u00f3n emocional a trav\u00e9s del canto\u2019. La din\u00e1mica \u2018Barraquito Social\u2019, favorecer\u00e1 la conversaci\u00f3n y la creaci\u00f3n de conexiones sociales en torno al papel del arte como veh\u00edculo de transformaci\u00f3n personal y social. Por la tarde, la Dra. Mar\u00eda Luisa Hodgson, artista pl\u00e1stica y Profesora Titular de Bellas Artes en la ULL, pondr\u00e1 el broche \u00a0final a las jornadas con una creaci\u00f3n colectiva muy especial que ser\u00e1 posteriormente compartida, \u00a0junto con las formadas en Tazacorte y El Paso, con grandes artistas para inspiraci\u00f3n de sus propias \u00a0obras que ser\u00e1n finalmente ensambladas.<\/p>\n<p>Adem\u00e1s de los talleres, las din\u00e1micas y las creaciones colectivas tendr\u00e1n un papel importante en las jornadas las comunicaciones que realizar\u00e1 el alumnado de Psicolog\u00eda, Sociolog\u00eda y Bellas Artes de la Universidad de La Laguna, as\u00ed como su participaci\u00f3n activa durante todo el evento.<\/p>\n<p>Cabe se\u00f1alar que, la asociaci\u00f3n organizadora, Proyecto In-Art, lleva diez a\u00f1os trabajando el papel del arte como veh\u00edculo de desarrollo y transformaci\u00f3n personal y social. Las Jornadas Conectarte son una pieza importante dentro del proyecto m\u00e1s amplio \u201cLa erupci\u00f3n del volc\u00e1n de La Palma a trav\u00e9s del arte \u00a0y los relatos de vida\u201d, que se desarrolla desde septiembre de 2021. La entidad cuenta con la \u00a0colaboraci\u00f3n de la Universidad de La Laguna, ULL, \u00a0y la participaci\u00f3n activa de alumnado de las \u00a0Facultades de Psicolog\u00eda, Sociolog\u00eda, Antropolog\u00eda, Bellas Artes y Filosof\u00eda.<\/p>\n<p>Por \u00faltimo, desde el Ayuntamiento de Los Llanos de Aridane se invita a todas las personas que as\u00ed lo deseen a participar, \u201cya que la matr\u00edcula es gratuita, y los interesados deber\u00e1n inscribirse enviando un e-mail al siguiente correo <a href=\"mailto:inart.conectarte@gmail.com\">inart.conectarte@gmail.com<\/a>\u00ab.[\/vc_column_text][\/vc_column][\/vc_row]<\/p>\n<\/section>","protected":false},"excerpt":{"rendered":"<p>[vc_row css_animation=\u00bb\u00bb row_type=\u00bbrow\u00bb use_row_as_full_screen_section=\u00bbno\u00bb type=\u00bbfull_width\u00bb angled_section=\u00bbno\u00bb text_align=\u00bbleft\u00bb background_image_as_pattern=\u00bbwithout_pattern\u00bb][vc_column][vc_row_inner row_type=\u00bbrow\u00bb type=\u00bbgrid\u00bb text_align=\u00bbleft\u00bb css_animation=\u00bb\u00bb][vc_column_inner][vc_empty_space height=\u00bb20px\u00bb][vc_empty_space height=\u00bb20px\u00bb][\/vc_column_inner][\/vc_row_inner][vc_column_text] La matr\u00edcula es gratuita, y los interesados deber\u00e1n inscribirse enviando un e-mail al siguiente correo conectarte@gmail.com &nbsp; Los Llanos de Aridane, 8 de junio de 2023.- El Ayuntamiento de Los Llanos&#8230;<\/p>\n","protected":false},"author":1,"featured_media":2418,"comment_status":"closed","ping_status":"open","sticky":false,"template":"","format":"standard","meta":{"footnotes":""},"categories":[6],"tags":[],"class_list":["post-1956","post","type-post","status-publish","format-standard","has-post-thumbnail","hentry","category-prensa"],"yoast_head":"<!-- This site is optimized with the Yoast SEO plugin v22.7 - https:\/\/yoast.com\/wordpress\/plugins\/seo\/ -->\n<title>Las Jornadas Conectarte en Los Llanos de Aridane aterrizan este fin de semana en el municipio - Ayuntamiento de Los Llanos de Aridane<\/title>\n<meta name=\"description\" content=\"El Ayuntamiento de Los Llanos de Aridane presenta el cartel y el programa de La Patrona 2021 con el lema \u201cRemedios, m\u00e1s que un nombre.\u201d\" \/>\n<meta name=\"robots\" content=\"index, follow, max-snippet:-1, max-image-preview:large, max-video-preview:-1\" \/>\n<link rel=\"canonical\" href=\"https:\/\/www.aridane.org\/city\/2023\/06\/08\/las-jornadas-conectarte-en-los-llanos-de-aridane-aterrizan-este-fin-de-semana-en-el-municipio-2\/\" \/>\n<meta property=\"og:locale\" content=\"es_ES\" \/>\n<meta property=\"og:type\" content=\"article\" \/>\n<meta property=\"og:title\" content=\"Las Jornadas Conectarte en Los Llanos de Aridane aterrizan este fin de semana en el municipio - Ayuntamiento de Los Llanos de Aridane\" \/>\n<meta property=\"og:description\" content=\"El Ayuntamiento de Los Llanos de Aridane presenta el cartel y el programa de La Patrona 2021 con el lema \u201cRemedios, m\u00e1s que un nombre.\u201d\" \/>\n<meta property=\"og:url\" content=\"https:\/\/www.aridane.org\/city\/2023\/06\/08\/las-jornadas-conectarte-en-los-llanos-de-aridane-aterrizan-este-fin-de-semana-en-el-municipio-2\/\" \/>\n<meta property=\"og:site_name\" content=\"Ayuntamiento de Los Llanos de Aridane\" \/>\n<meta property=\"article:published_time\" content=\"2023-06-08T11:30:55+00:00\" \/>\n<meta property=\"article:modified_time\" content=\"2023-07-21T09:15:49+00:00\" \/>\n<meta property=\"og:image\" content=\"https:\/\/www.aridane.org\/city\/wp-content\/uploads\/2023\/06\/jornadas_conectarte.jpg\" \/>\n\t<meta property=\"og:image:width\" content=\"1920\" \/>\n\t<meta property=\"og:image:height\" content=\"1280\" \/>\n\t<meta property=\"og:image:type\" content=\"image\/jpeg\" \/>\n<meta name=\"author\" content=\"Richard Diaz\" \/>\n<meta name=\"twitter:card\" content=\"summary_large_image\" \/>\n<meta name=\"twitter:label1\" content=\"Escrito por\" \/>\n\t<meta name=\"twitter:data1\" content=\"Richard Diaz\" \/>\n\t<meta name=\"twitter:label2\" content=\"Tiempo de lectura\" \/>\n\t<meta name=\"twitter:data2\" content=\"3 minutos\" \/>\n<script type=\"application\/ld+json\" class=\"yoast-schema-graph\">{\"@context\":\"https:\/\/schema.org\",\"@graph\":[{\"@type\":\"WebPage\",\"@id\":\"https:\/\/www.aridane.org\/city\/2023\/06\/08\/las-jornadas-conectarte-en-los-llanos-de-aridane-aterrizan-este-fin-de-semana-en-el-municipio-2\/\",\"url\":\"https:\/\/www.aridane.org\/city\/2023\/06\/08\/las-jornadas-conectarte-en-los-llanos-de-aridane-aterrizan-este-fin-de-semana-en-el-municipio-2\/\",\"name\":\"Las Jornadas Conectarte en Los Llanos de Aridane aterrizan este fin de semana en el municipio - Ayuntamiento de Los Llanos de Aridane\",\"isPartOf\":{\"@id\":\"https:\/\/www.aridane.org\/city\/#website\"},\"primaryImageOfPage\":{\"@id\":\"https:\/\/www.aridane.org\/city\/2023\/06\/08\/las-jornadas-conectarte-en-los-llanos-de-aridane-aterrizan-este-fin-de-semana-en-el-municipio-2\/#primaryimage\"},\"image\":{\"@id\":\"https:\/\/www.aridane.org\/city\/2023\/06\/08\/las-jornadas-conectarte-en-los-llanos-de-aridane-aterrizan-este-fin-de-semana-en-el-municipio-2\/#primaryimage\"},\"thumbnailUrl\":\"https:\/\/www.aridane.org\/city\/wp-content\/uploads\/2023\/06\/jornadas_conectarte.jpg\",\"datePublished\":\"2023-06-08T11:30:55+00:00\",\"dateModified\":\"2023-07-21T09:15:49+00:00\",\"author\":{\"@id\":\"https:\/\/www.aridane.org\/city\/#\/schema\/person\/7d352ec7f29881716f298394432e7209\"},\"description\":\"El Ayuntamiento de Los Llanos de Aridane presenta el cartel y el programa de La Patrona 2021 con el lema \u201cRemedios, m\u00e1s que un nombre.\u201d\",\"breadcrumb\":{\"@id\":\"https:\/\/www.aridane.org\/city\/2023\/06\/08\/las-jornadas-conectarte-en-los-llanos-de-aridane-aterrizan-este-fin-de-semana-en-el-municipio-2\/#breadcrumb\"},\"inLanguage\":\"es\",\"potentialAction\":[{\"@type\":\"ReadAction\",\"target\":[\"https:\/\/www.aridane.org\/city\/2023\/06\/08\/las-jornadas-conectarte-en-los-llanos-de-aridane-aterrizan-este-fin-de-semana-en-el-municipio-2\/\"]}]},{\"@type\":\"ImageObject\",\"inLanguage\":\"es\",\"@id\":\"https:\/\/www.aridane.org\/city\/2023\/06\/08\/las-jornadas-conectarte-en-los-llanos-de-aridane-aterrizan-este-fin-de-semana-en-el-municipio-2\/#primaryimage\",\"url\":\"https:\/\/www.aridane.org\/city\/wp-content\/uploads\/2023\/06\/jornadas_conectarte.jpg\",\"contentUrl\":\"https:\/\/www.aridane.org\/city\/wp-content\/uploads\/2023\/06\/jornadas_conectarte.jpg\",\"width\":1920,\"height\":1280},{\"@type\":\"BreadcrumbList\",\"@id\":\"https:\/\/www.aridane.org\/city\/2023\/06\/08\/las-jornadas-conectarte-en-los-llanos-de-aridane-aterrizan-este-fin-de-semana-en-el-municipio-2\/#breadcrumb\",\"itemListElement\":[{\"@type\":\"ListItem\",\"position\":1,\"name\":\"Portada\",\"item\":\"https:\/\/www.aridane.org\/city\/\"},{\"@type\":\"ListItem\",\"position\":2,\"name\":\"Las Jornadas Conectarte en Los Llanos de Aridane aterrizan este fin de semana en el municipio\"}]},{\"@type\":\"WebSite\",\"@id\":\"https:\/\/www.aridane.org\/city\/#website\",\"url\":\"https:\/\/www.aridane.org\/city\/\",\"name\":\"Ayuntamiento de Los Llanos de Aridane\",\"description\":\"\",\"potentialAction\":[{\"@type\":\"SearchAction\",\"target\":{\"@type\":\"EntryPoint\",\"urlTemplate\":\"https:\/\/www.aridane.org\/city\/?s={search_term_string}\"},\"query-input\":\"required name=search_term_string\"}],\"inLanguage\":\"es\"},{\"@type\":\"Person\",\"@id\":\"https:\/\/www.aridane.org\/city\/#\/schema\/person\/7d352ec7f29881716f298394432e7209\",\"name\":\"Richard Diaz\",\"image\":{\"@type\":\"ImageObject\",\"inLanguage\":\"es\",\"@id\":\"https:\/\/www.aridane.org\/city\/#\/schema\/person\/image\/\",\"url\":\"https:\/\/secure.gravatar.com\/avatar\/bacd6aefc26a4a204943090a4c596cd10f0857081ef3cfd12084a70ecb3161d5?s=96&d=mm&r=g\",\"contentUrl\":\"https:\/\/secure.gravatar.com\/avatar\/bacd6aefc26a4a204943090a4c596cd10f0857081ef3cfd12084a70ecb3161d5?s=96&d=mm&r=g\",\"caption\":\"Richard Diaz\"},\"sameAs\":[\"https:\/\/www.aridane.org\/city\"],\"url\":\"https:\/\/www.aridane.org\/city\/author\/richard-diaz\/\"}]}<\/script>\n<!-- \/ Yoast SEO plugin. -->","yoast_head_json":{"title":"Las Jornadas Conectarte en Los Llanos de Aridane aterrizan este fin de semana en el municipio - Ayuntamiento de Los Llanos de Aridane","description":"El Ayuntamiento de Los Llanos de Aridane presenta el cartel y el programa de La Patrona 2021 con el lema \u201cRemedios, m\u00e1s que un nombre.\u201d","robots":{"index":"index","follow":"follow","max-snippet":"max-snippet:-1","max-image-preview":"max-image-preview:large","max-video-preview":"max-video-preview:-1"},"canonical":"https:\/\/www.aridane.org\/city\/2023\/06\/08\/las-jornadas-conectarte-en-los-llanos-de-aridane-aterrizan-este-fin-de-semana-en-el-municipio-2\/","og_locale":"es_ES","og_type":"article","og_title":"Las Jornadas Conectarte en Los Llanos de Aridane aterrizan este fin de semana en el municipio - Ayuntamiento de Los Llanos de Aridane","og_description":"El Ayuntamiento de Los Llanos de Aridane presenta el cartel y el programa de La Patrona 2021 con el lema \u201cRemedios, m\u00e1s que un nombre.\u201d","og_url":"https:\/\/www.aridane.org\/city\/2023\/06\/08\/las-jornadas-conectarte-en-los-llanos-de-aridane-aterrizan-este-fin-de-semana-en-el-municipio-2\/","og_site_name":"Ayuntamiento de Los Llanos de Aridane","article_published_time":"2023-06-08T11:30:55+00:00","article_modified_time":"2023-07-21T09:15:49+00:00","og_image":[{"width":1920,"height":1280,"url":"https:\/\/www.aridane.org\/city\/wp-content\/uploads\/2023\/06\/jornadas_conectarte.jpg","type":"image\/jpeg"}],"author":"Richard Diaz","twitter_card":"summary_large_image","twitter_misc":{"Escrito por":"Richard Diaz","Tiempo de lectura":"3 minutos"},"schema":{"@context":"https:\/\/schema.org","@graph":[{"@type":"WebPage","@id":"https:\/\/www.aridane.org\/city\/2023\/06\/08\/las-jornadas-conectarte-en-los-llanos-de-aridane-aterrizan-este-fin-de-semana-en-el-municipio-2\/","url":"https:\/\/www.aridane.org\/city\/2023\/06\/08\/las-jornadas-conectarte-en-los-llanos-de-aridane-aterrizan-este-fin-de-semana-en-el-municipio-2\/","name":"Las Jornadas Conectarte en Los Llanos de Aridane aterrizan este fin de semana en el municipio - Ayuntamiento de Los Llanos de Aridane","isPartOf":{"@id":"https:\/\/www.aridane.org\/city\/#website"},"primaryImageOfPage":{"@id":"https:\/\/www.aridane.org\/city\/2023\/06\/08\/las-jornadas-conectarte-en-los-llanos-de-aridane-aterrizan-este-fin-de-semana-en-el-municipio-2\/#primaryimage"},"image":{"@id":"https:\/\/www.aridane.org\/city\/2023\/06\/08\/las-jornadas-conectarte-en-los-llanos-de-aridane-aterrizan-este-fin-de-semana-en-el-municipio-2\/#primaryimage"},"thumbnailUrl":"https:\/\/www.aridane.org\/city\/wp-content\/uploads\/2023\/06\/jornadas_conectarte.jpg","datePublished":"2023-06-08T11:30:55+00:00","dateModified":"2023-07-21T09:15:49+00:00","author":{"@id":"https:\/\/www.aridane.org\/city\/#\/schema\/person\/7d352ec7f29881716f298394432e7209"},"description":"El Ayuntamiento de Los Llanos de Aridane presenta el cartel y el programa de La Patrona 2021 con el lema \u201cRemedios, m\u00e1s que un nombre.\u201d","breadcrumb":{"@id":"https:\/\/www.aridane.org\/city\/2023\/06\/08\/las-jornadas-conectarte-en-los-llanos-de-aridane-aterrizan-este-fin-de-semana-en-el-municipio-2\/#breadcrumb"},"inLanguage":"es","potentialAction":[{"@type":"ReadAction","target":["https:\/\/www.aridane.org\/city\/2023\/06\/08\/las-jornadas-conectarte-en-los-llanos-de-aridane-aterrizan-este-fin-de-semana-en-el-municipio-2\/"]}]},{"@type":"ImageObject","inLanguage":"es","@id":"https:\/\/www.aridane.org\/city\/2023\/06\/08\/las-jornadas-conectarte-en-los-llanos-de-aridane-aterrizan-este-fin-de-semana-en-el-municipio-2\/#primaryimage","url":"https:\/\/www.aridane.org\/city\/wp-content\/uploads\/2023\/06\/jornadas_conectarte.jpg","contentUrl":"https:\/\/www.aridane.org\/city\/wp-content\/uploads\/2023\/06\/jornadas_conectarte.jpg","width":1920,"height":1280},{"@type":"BreadcrumbList","@id":"https:\/\/www.aridane.org\/city\/2023\/06\/08\/las-jornadas-conectarte-en-los-llanos-de-aridane-aterrizan-este-fin-de-semana-en-el-municipio-2\/#breadcrumb","itemListElement":[{"@type":"ListItem","position":1,"name":"Portada","item":"https:\/\/www.aridane.org\/city\/"},{"@type":"ListItem","position":2,"name":"Las Jornadas Conectarte en Los Llanos de Aridane aterrizan este fin de semana en el municipio"}]},{"@type":"WebSite","@id":"https:\/\/www.aridane.org\/city\/#website","url":"https:\/\/www.aridane.org\/city\/","name":"Ayuntamiento de Los Llanos de Aridane","description":"","potentialAction":[{"@type":"SearchAction","target":{"@type":"EntryPoint","urlTemplate":"https:\/\/www.aridane.org\/city\/?s={search_term_string}"},"query-input":"required name=search_term_string"}],"inLanguage":"es"},{"@type":"Person","@id":"https:\/\/www.aridane.org\/city\/#\/schema\/person\/7d352ec7f29881716f298394432e7209","name":"Richard Diaz","image":{"@type":"ImageObject","inLanguage":"es","@id":"https:\/\/www.aridane.org\/city\/#\/schema\/person\/image\/","url":"https:\/\/secure.gravatar.com\/avatar\/bacd6aefc26a4a204943090a4c596cd10f0857081ef3cfd12084a70ecb3161d5?s=96&d=mm&r=g","contentUrl":"https:\/\/secure.gravatar.com\/avatar\/bacd6aefc26a4a204943090a4c596cd10f0857081ef3cfd12084a70ecb3161d5?s=96&d=mm&r=g","caption":"Richard Diaz"},"sameAs":["https:\/\/www.aridane.org\/city"],"url":"https:\/\/www.aridane.org\/city\/author\/richard-diaz\/"}]}},"_links":{"self":[{"href":"https:\/\/www.aridane.org\/city\/wp-json\/wp\/v2\/posts\/1956","targetHints":{"allow":["GET"]}}],"collection":[{"href":"https:\/\/www.aridane.org\/city\/wp-json\/wp\/v2\/posts"}],"about":[{"href":"https:\/\/www.aridane.org\/city\/wp-json\/wp\/v2\/types\/post"}],"author":[{"embeddable":true,"href":"https:\/\/www.aridane.org\/city\/wp-json\/wp\/v2\/users\/1"}],"replies":[{"embeddable":true,"href":"https:\/\/www.aridane.org\/city\/wp-json\/wp\/v2\/comments?post=1956"}],"version-history":[{"count":1,"href":"https:\/\/www.aridane.org\/city\/wp-json\/wp\/v2\/posts\/1956\/revisions"}],"predecessor-version":[{"id":2417,"href":"https:\/\/www.aridane.org\/city\/wp-json\/wp\/v2\/posts\/1956\/revisions\/2417"}],"wp:featuredmedia":[{"embeddable":true,"href":"https:\/\/www.aridane.org\/city\/wp-json\/wp\/v2\/media\/2418"}],"wp:attachment":[{"href":"https:\/\/www.aridane.org\/city\/wp-json\/wp\/v2\/media?parent=1956"}],"wp:term":[{"taxonomy":"category","embeddable":true,"href":"https:\/\/www.aridane.org\/city\/wp-json\/wp\/v2\/categories?post=1956"},{"taxonomy":"post_tag","embeddable":true,"href":"https:\/\/www.aridane.org\/city\/wp-json\/wp\/v2\/tags?post=1956"}],"curies":[{"name":"wp","href":"https:\/\/api.w.org\/{rel}","templated":true}]}}