{"id":1957,"date":"2023-06-08T11:33:40","date_gmt":"2023-06-08T10:33:40","guid":{"rendered":"https:\/\/aridane.org\/ciudad\/?p=1831"},"modified":"2023-07-21T09:20:07","modified_gmt":"2023-07-21T09:20:07","slug":"el-ayuntamiento-de-los-llanos-de-aridane-ultima-las-obras-del-antiguo-colegio-xxv-anos-de-paz","status":"publish","type":"post","link":"https:\/\/www.aridane.org\/city\/2023\/06\/08\/el-ayuntamiento-de-los-llanos-de-aridane-ultima-las-obras-del-antiguo-colegio-xxv-anos-de-paz\/","title":{"rendered":"El Ayuntamiento de Los Llanos de Aridane ultima las obras del antiguo colegio XXV A\u00f1os de Paz"},"content":{"rendered":"<section class=\"wpb-content-wrapper\"><p>[vc_row css_animation=\u00bb\u00bb row_type=\u00bbrow\u00bb use_row_as_full_screen_section=\u00bbno\u00bb type=\u00bbfull_width\u00bb angled_section=\u00bbno\u00bb text_align=\u00bbleft\u00bb background_image_as_pattern=\u00bbwithout_pattern\u00bb][vc_column][vc_row_inner row_type=\u00bbrow\u00bb type=\u00bbgrid\u00bb text_align=\u00bbleft\u00bb css_animation=\u00bb\u00bb][vc_column_inner][vc_empty_space height=\u00bb20px\u00bb][vc_empty_space height=\u00bb20px\u00bb][\/vc_column_inner][\/vc_row_inner][vc_column_text]<\/p>\n<ul>\n<li><em>Garc\u00eda Leal destaca que se est\u00e1 trabajando en los detalles de embellecimiento de esta infraestructura que albergar\u00e1 todas las \u00e1reas de los Servicios Sociales Municipales, \u201cy que deber\u00e1 entrar en funcionamiento en los pr\u00f3ximos meses\u201d.<\/em><\/li>\n<li><em>Adem\u00e1s, destaca el importante ahorro en gastos de alquiler que supondr\u00e1 su puesta en funcionamiento.<\/em><\/li>\n<\/ul>\n<p>&nbsp;<\/p>\n<p class=\"CuerpoA\" style=\"text-align: justify; text-justify: inter-ideograph; tab-stops: 12.65pt;\"><span class=\"Ninguno\"><b><span lang=\"ES-TRAD\" style=\"font-size: 12.0pt; line-height: 115%;\">Los Llanos de Aridane, 8 de junio de 2023.- <\/span><\/b><\/span><span class=\"Ninguno\"><span lang=\"ES-TRAD\" style=\"font-size: 12.0pt; line-height: 115%;\">El Ayuntamiento de Los Llanos de Aridane a trav\u00e9s de su alcaldesa en funciones, Noelia Garc\u00eda Leal; y el concejal de Urbanismo en funciones, Manuel Perera, han confirmado que ya se est\u00e1n ultimando los detalles del antiguo colegio XXV A\u00f1os de Paz, ubicado en en la Avenida Enrique Mederos, \u201cy que deber\u00e1 ponerse en funcionamiento los pr\u00f3ximos meses\u201d.<\/span><\/span><\/p>\n<p class=\"CuerpoA\" style=\"text-align: justify; text-justify: inter-ideograph; tab-stops: 12.65pt;\"><span class=\"Ninguno\"><span lang=\"ES-TRAD\" style=\"font-size: 12.0pt; line-height: 115%;\">Garc\u00eda Leal pone en valor el trabajo \u00a0de modernizaci\u00f3n y adecuaci\u00f3n que se ha llevado a cabo en esta infraestructura, \u201cque va a ser clave ya que en su interior se albergar\u00e1n todas las \u00e1reas de los Servicios Sociales municipales. Nuestro compromiso siempre ha sido con las personas y su bienestar, y este edificio va a contar con nuevos espacios adaptados en los que seguiremos trabajando para ofrecer un buen servicio a los ciudadanos\u201d. Adem\u00e1s, confirma que esta nueva infraestructura tambi\u00e9n va a contribuir a un importante ahorro en gastos de alquiler.<\/span><\/span><\/p>\n<p class=\"CuerpoA\" style=\"text-align: justify; text-justify: inter-ideograph; tab-stops: 12.65pt;\"><span class=\"Ninguno\"><span lang=\"ES-TRAD\" style=\"font-size: 12.0pt; line-height: 115%;\">Por su parte, Manuel Perera se\u00f1ala que en los pr\u00f3ximos d\u00edas se proceder\u00e1 a terminar peque\u00f1os detalles, y se iniciar\u00e1 el estudio para el acondicionamiento y \u00a0la dotaci\u00f3n del mobiliario.<\/span><\/span><\/p>\n<p class=\"CuerpoA\" style=\"text-align: justify; text-justify: inter-ideograph; tab-stops: 12.65pt;\"><span class=\"Ninguno\"><span lang=\"ES-TRAD\" style=\"font-size: 12.0pt; line-height: 115%;\">Perera recuerda que para la ejecuci\u00f3n de esta obra, que se ha hecho en dos fases, se ha contado con un presupuesto que ha ascendido hasta los 455.268,54 euros, \u201cy se han llevado a cabo tareas de cerramiento exterior, la instalaci\u00f3n de un ascensor, instalaci\u00f3n de luminaria de eficiencia energ\u00e9tica tanto en el interior como en el exterior, se han distribuido las plantas, y hemos realizado trabajos de carpinter\u00eda, entre otros\u201d.\u00a0<\/span><\/span><\/p>\n<p class=\"CuerpoA\" style=\"text-align: justify; text-justify: inter-ideograph; tab-stops: 12.65pt;\"><span class=\"Ninguno\"><span lang=\"ES-TRAD\" style=\"font-size: 12.0pt; line-height: 115%;\">Asimismo, ha confirmado que este espacio, \u201ces totalmente accesible para personas con movilidad reducida, y cuenta con un acceso diferenciado para los usuarios de cada servicio, a fin de preservar la privacidad de los mismos\u201d. En relaci\u00f3n a los trabajadores, asegura que \u201ccontar\u00e1n con instalaciones completamente adaptadas, tendr\u00e1n su despacho, y con salas comunes destinadas a cursos formativos y reuniones de trabajo\u201d.\u00a0<\/span><\/span><\/p>\n<p class=\"CuerpoA\" style=\"text-align: justify; text-justify: inter-ideograph; tab-stops: 12.65pt;\"><span class=\"Ninguno\"><span lang=\"ES-TRAD\" style=\"font-size: 12.0pt; line-height: 115%;\">Por \u00faltimo, desde el Ayuntamiento de Los Llanos de Aridane se agradece la paciencia de los vecinos de la zona, y se les pide disculpas por los posibles inconvenientes causados.<\/span><\/span><\/p>\n<p>[\/vc_column_text][\/vc_column][\/vc_row]<\/p>\n<\/section>","protected":false},"excerpt":{"rendered":"<p>[vc_row css_animation=\u00bb\u00bb row_type=\u00bbrow\u00bb use_row_as_full_screen_section=\u00bbno\u00bb type=\u00bbfull_width\u00bb angled_section=\u00bbno\u00bb text_align=\u00bbleft\u00bb background_image_as_pattern=\u00bbwithout_pattern\u00bb][vc_column][vc_row_inner row_type=\u00bbrow\u00bb type=\u00bbgrid\u00bb text_align=\u00bbleft\u00bb css_animation=\u00bb\u00bb][vc_column_inner][vc_empty_space height=\u00bb20px\u00bb][vc_empty_space height=\u00bb20px\u00bb][\/vc_column_inner][\/vc_row_inner][vc_column_text] Garc\u00eda Leal destaca que se est\u00e1 trabajando en los detalles de embellecimiento de esta infraestructura que albergar\u00e1 todas las \u00e1reas de los Servicios Sociales Municipales, \u201cy que deber\u00e1 entrar en funcionamiento&#8230;<\/p>\n","protected":false},"author":1,"featured_media":2420,"comment_status":"closed","ping_status":"open","sticky":false,"template":"","format":"standard","meta":{"footnotes":""},"categories":[6],"tags":[],"class_list":["post-1957","post","type-post","status-publish","format-standard","has-post-thumbnail","hentry","category-prensa"],"yoast_head":"<!-- This site is optimized with the Yoast SEO plugin v22.7 - https:\/\/yoast.com\/wordpress\/plugins\/seo\/ -->\n<title>El Ayuntamiento de Los Llanos de Aridane ultima las obras del antiguo colegio XXV A\u00f1os de Paz - Ayuntamiento de Los Llanos de Aridane<\/title>\n<meta name=\"description\" content=\"El Ayuntamiento de Los Llanos de Aridane presenta el cartel y el programa de La Patrona 2021 con el lema \u201cRemedios, m\u00e1s que un nombre.\u201d\" \/>\n<meta name=\"robots\" content=\"index, follow, max-snippet:-1, max-image-preview:large, max-video-preview:-1\" \/>\n<link rel=\"canonical\" href=\"https:\/\/www.aridane.org\/city\/2023\/06\/08\/el-ayuntamiento-de-los-llanos-de-aridane-ultima-las-obras-del-antiguo-colegio-xxv-anos-de-paz\/\" \/>\n<meta property=\"og:locale\" content=\"es_ES\" \/>\n<meta property=\"og:type\" content=\"article\" \/>\n<meta property=\"og:title\" content=\"El Ayuntamiento de Los Llanos de Aridane ultima las obras del antiguo colegio XXV A\u00f1os de Paz - Ayuntamiento de Los Llanos de Aridane\" \/>\n<meta property=\"og:description\" content=\"El Ayuntamiento de Los Llanos de Aridane presenta el cartel y el programa de La Patrona 2021 con el lema \u201cRemedios, m\u00e1s que un nombre.\u201d\" \/>\n<meta property=\"og:url\" content=\"https:\/\/www.aridane.org\/city\/2023\/06\/08\/el-ayuntamiento-de-los-llanos-de-aridane-ultima-las-obras-del-antiguo-colegio-xxv-anos-de-paz\/\" \/>\n<meta property=\"og:site_name\" content=\"Ayuntamiento de Los Llanos de Aridane\" \/>\n<meta property=\"article:published_time\" content=\"2023-06-08T10:33:40+00:00\" \/>\n<meta property=\"article:modified_time\" content=\"2023-07-21T09:20:07+00:00\" \/>\n<meta property=\"og:image\" content=\"https:\/\/www.aridane.org\/city\/wp-content\/uploads\/2023\/06\/XXV_Anos_de_Paz.jpeg\" \/>\n\t<meta property=\"og:image:width\" content=\"1600\" \/>\n\t<meta property=\"og:image:height\" content=\"1200\" \/>\n\t<meta property=\"og:image:type\" content=\"image\/jpeg\" \/>\n<meta name=\"author\" content=\"Richard Diaz\" \/>\n<meta name=\"twitter:card\" content=\"summary_large_image\" \/>\n<meta name=\"twitter:label1\" content=\"Escrito por\" \/>\n\t<meta name=\"twitter:data1\" content=\"Richard Diaz\" \/>\n\t<meta name=\"twitter:label2\" content=\"Tiempo de lectura\" \/>\n\t<meta name=\"twitter:data2\" content=\"2 minutos\" \/>\n<script type=\"application\/ld+json\" class=\"yoast-schema-graph\">{\"@context\":\"https:\/\/schema.org\",\"@graph\":[{\"@type\":\"WebPage\",\"@id\":\"https:\/\/www.aridane.org\/city\/2023\/06\/08\/el-ayuntamiento-de-los-llanos-de-aridane-ultima-las-obras-del-antiguo-colegio-xxv-anos-de-paz\/\",\"url\":\"https:\/\/www.aridane.org\/city\/2023\/06\/08\/el-ayuntamiento-de-los-llanos-de-aridane-ultima-las-obras-del-antiguo-colegio-xxv-anos-de-paz\/\",\"name\":\"El Ayuntamiento de Los Llanos de Aridane ultima las obras del antiguo colegio XXV A\u00f1os de Paz - Ayuntamiento de Los Llanos de Aridane\",\"isPartOf\":{\"@id\":\"https:\/\/www.aridane.org\/city\/#website\"},\"primaryImageOfPage\":{\"@id\":\"https:\/\/www.aridane.org\/city\/2023\/06\/08\/el-ayuntamiento-de-los-llanos-de-aridane-ultima-las-obras-del-antiguo-colegio-xxv-anos-de-paz\/#primaryimage\"},\"image\":{\"@id\":\"https:\/\/www.aridane.org\/city\/2023\/06\/08\/el-ayuntamiento-de-los-llanos-de-aridane-ultima-las-obras-del-antiguo-colegio-xxv-anos-de-paz\/#primaryimage\"},\"thumbnailUrl\":\"https:\/\/www.aridane.org\/city\/wp-content\/uploads\/2023\/06\/XXV_Anos_de_Paz.jpeg\",\"datePublished\":\"2023-06-08T10:33:40+00:00\",\"dateModified\":\"2023-07-21T09:20:07+00:00\",\"author\":{\"@id\":\"https:\/\/www.aridane.org\/city\/#\/schema\/person\/7d352ec7f29881716f298394432e7209\"},\"description\":\"El Ayuntamiento de Los Llanos de Aridane presenta el cartel y el programa de La Patrona 2021 con el lema \u201cRemedios, m\u00e1s que un nombre.\u201d\",\"breadcrumb\":{\"@id\":\"https:\/\/www.aridane.org\/city\/2023\/06\/08\/el-ayuntamiento-de-los-llanos-de-aridane-ultima-las-obras-del-antiguo-colegio-xxv-anos-de-paz\/#breadcrumb\"},\"inLanguage\":\"es\",\"potentialAction\":[{\"@type\":\"ReadAction\",\"target\":[\"https:\/\/www.aridane.org\/city\/2023\/06\/08\/el-ayuntamiento-de-los-llanos-de-aridane-ultima-las-obras-del-antiguo-colegio-xxv-anos-de-paz\/\"]}]},{\"@type\":\"ImageObject\",\"inLanguage\":\"es\",\"@id\":\"https:\/\/www.aridane.org\/city\/2023\/06\/08\/el-ayuntamiento-de-los-llanos-de-aridane-ultima-las-obras-del-antiguo-colegio-xxv-anos-de-paz\/#primaryimage\",\"url\":\"https:\/\/www.aridane.org\/city\/wp-content\/uploads\/2023\/06\/XXV_Anos_de_Paz.jpeg\",\"contentUrl\":\"https:\/\/www.aridane.org\/city\/wp-content\/uploads\/2023\/06\/XXV_Anos_de_Paz.jpeg\",\"width\":1600,\"height\":1200},{\"@type\":\"BreadcrumbList\",\"@id\":\"https:\/\/www.aridane.org\/city\/2023\/06\/08\/el-ayuntamiento-de-los-llanos-de-aridane-ultima-las-obras-del-antiguo-colegio-xxv-anos-de-paz\/#breadcrumb\",\"itemListElement\":[{\"@type\":\"ListItem\",\"position\":1,\"name\":\"Portada\",\"item\":\"https:\/\/www.aridane.org\/city\/\"},{\"@type\":\"ListItem\",\"position\":2,\"name\":\"El Ayuntamiento de Los Llanos de Aridane ultima las obras del antiguo colegio XXV A\u00f1os de Paz\"}]},{\"@type\":\"WebSite\",\"@id\":\"https:\/\/www.aridane.org\/city\/#website\",\"url\":\"https:\/\/www.aridane.org\/city\/\",\"name\":\"Ayuntamiento de Los Llanos de Aridane\",\"description\":\"\",\"potentialAction\":[{\"@type\":\"SearchAction\",\"target\":{\"@type\":\"EntryPoint\",\"urlTemplate\":\"https:\/\/www.aridane.org\/city\/?s={search_term_string}\"},\"query-input\":\"required name=search_term_string\"}],\"inLanguage\":\"es\"},{\"@type\":\"Person\",\"@id\":\"https:\/\/www.aridane.org\/city\/#\/schema\/person\/7d352ec7f29881716f298394432e7209\",\"name\":\"Richard Diaz\",\"image\":{\"@type\":\"ImageObject\",\"inLanguage\":\"es\",\"@id\":\"https:\/\/www.aridane.org\/city\/#\/schema\/person\/image\/\",\"url\":\"https:\/\/secure.gravatar.com\/avatar\/bacd6aefc26a4a204943090a4c596cd10f0857081ef3cfd12084a70ecb3161d5?s=96&d=mm&r=g\",\"contentUrl\":\"https:\/\/secure.gravatar.com\/avatar\/bacd6aefc26a4a204943090a4c596cd10f0857081ef3cfd12084a70ecb3161d5?s=96&d=mm&r=g\",\"caption\":\"Richard Diaz\"},\"sameAs\":[\"https:\/\/www.aridane.org\/city\"],\"url\":\"https:\/\/www.aridane.org\/city\/author\/richard-diaz\/\"}]}<\/script>\n<!-- \/ Yoast SEO plugin. -->","yoast_head_json":{"title":"El Ayuntamiento de Los Llanos de Aridane ultima las obras del antiguo colegio XXV A\u00f1os de Paz - Ayuntamiento de Los Llanos de Aridane","description":"El Ayuntamiento de Los Llanos de Aridane presenta el cartel y el programa de La Patrona 2021 con el lema \u201cRemedios, m\u00e1s que un nombre.\u201d","robots":{"index":"index","follow":"follow","max-snippet":"max-snippet:-1","max-image-preview":"max-image-preview:large","max-video-preview":"max-video-preview:-1"},"canonical":"https:\/\/www.aridane.org\/city\/2023\/06\/08\/el-ayuntamiento-de-los-llanos-de-aridane-ultima-las-obras-del-antiguo-colegio-xxv-anos-de-paz\/","og_locale":"es_ES","og_type":"article","og_title":"El Ayuntamiento de Los Llanos de Aridane ultima las obras del antiguo colegio XXV A\u00f1os de Paz - Ayuntamiento de Los Llanos de Aridane","og_description":"El Ayuntamiento de Los Llanos de Aridane presenta el cartel y el programa de La Patrona 2021 con el lema \u201cRemedios, m\u00e1s que un nombre.\u201d","og_url":"https:\/\/www.aridane.org\/city\/2023\/06\/08\/el-ayuntamiento-de-los-llanos-de-aridane-ultima-las-obras-del-antiguo-colegio-xxv-anos-de-paz\/","og_site_name":"Ayuntamiento de Los Llanos de Aridane","article_published_time":"2023-06-08T10:33:40+00:00","article_modified_time":"2023-07-21T09:20:07+00:00","og_image":[{"width":1600,"height":1200,"url":"https:\/\/www.aridane.org\/city\/wp-content\/uploads\/2023\/06\/XXV_Anos_de_Paz.jpeg","type":"image\/jpeg"}],"author":"Richard Diaz","twitter_card":"summary_large_image","twitter_misc":{"Escrito por":"Richard Diaz","Tiempo de lectura":"2 minutos"},"schema":{"@context":"https:\/\/schema.org","@graph":[{"@type":"WebPage","@id":"https:\/\/www.aridane.org\/city\/2023\/06\/08\/el-ayuntamiento-de-los-llanos-de-aridane-ultima-las-obras-del-antiguo-colegio-xxv-anos-de-paz\/","url":"https:\/\/www.aridane.org\/city\/2023\/06\/08\/el-ayuntamiento-de-los-llanos-de-aridane-ultima-las-obras-del-antiguo-colegio-xxv-anos-de-paz\/","name":"El Ayuntamiento de Los Llanos de Aridane ultima las obras del antiguo colegio XXV A\u00f1os de Paz - Ayuntamiento de Los Llanos de Aridane","isPartOf":{"@id":"https:\/\/www.aridane.org\/city\/#website"},"primaryImageOfPage":{"@id":"https:\/\/www.aridane.org\/city\/2023\/06\/08\/el-ayuntamiento-de-los-llanos-de-aridane-ultima-las-obras-del-antiguo-colegio-xxv-anos-de-paz\/#primaryimage"},"image":{"@id":"https:\/\/www.aridane.org\/city\/2023\/06\/08\/el-ayuntamiento-de-los-llanos-de-aridane-ultima-las-obras-del-antiguo-colegio-xxv-anos-de-paz\/#primaryimage"},"thumbnailUrl":"https:\/\/www.aridane.org\/city\/wp-content\/uploads\/2023\/06\/XXV_Anos_de_Paz.jpeg","datePublished":"2023-06-08T10:33:40+00:00","dateModified":"2023-07-21T09:20:07+00:00","author":{"@id":"https:\/\/www.aridane.org\/city\/#\/schema\/person\/7d352ec7f29881716f298394432e7209"},"description":"El Ayuntamiento de Los Llanos de Aridane presenta el cartel y el programa de La Patrona 2021 con el lema \u201cRemedios, m\u00e1s que un nombre.\u201d","breadcrumb":{"@id":"https:\/\/www.aridane.org\/city\/2023\/06\/08\/el-ayuntamiento-de-los-llanos-de-aridane-ultima-las-obras-del-antiguo-colegio-xxv-anos-de-paz\/#breadcrumb"},"inLanguage":"es","potentialAction":[{"@type":"ReadAction","target":["https:\/\/www.aridane.org\/city\/2023\/06\/08\/el-ayuntamiento-de-los-llanos-de-aridane-ultima-las-obras-del-antiguo-colegio-xxv-anos-de-paz\/"]}]},{"@type":"ImageObject","inLanguage":"es","@id":"https:\/\/www.aridane.org\/city\/2023\/06\/08\/el-ayuntamiento-de-los-llanos-de-aridane-ultima-las-obras-del-antiguo-colegio-xxv-anos-de-paz\/#primaryimage","url":"https:\/\/www.aridane.org\/city\/wp-content\/uploads\/2023\/06\/XXV_Anos_de_Paz.jpeg","contentUrl":"https:\/\/www.aridane.org\/city\/wp-content\/uploads\/2023\/06\/XXV_Anos_de_Paz.jpeg","width":1600,"height":1200},{"@type":"BreadcrumbList","@id":"https:\/\/www.aridane.org\/city\/2023\/06\/08\/el-ayuntamiento-de-los-llanos-de-aridane-ultima-las-obras-del-antiguo-colegio-xxv-anos-de-paz\/#breadcrumb","itemListElement":[{"@type":"ListItem","position":1,"name":"Portada","item":"https:\/\/www.aridane.org\/city\/"},{"@type":"ListItem","position":2,"name":"El Ayuntamiento de Los Llanos de Aridane ultima las obras del antiguo colegio XXV A\u00f1os de Paz"}]},{"@type":"WebSite","@id":"https:\/\/www.aridane.org\/city\/#website","url":"https:\/\/www.aridane.org\/city\/","name":"Ayuntamiento de Los Llanos de Aridane","description":"","potentialAction":[{"@type":"SearchAction","target":{"@type":"EntryPoint","urlTemplate":"https:\/\/www.aridane.org\/city\/?s={search_term_string}"},"query-input":"required name=search_term_string"}],"inLanguage":"es"},{"@type":"Person","@id":"https:\/\/www.aridane.org\/city\/#\/schema\/person\/7d352ec7f29881716f298394432e7209","name":"Richard Diaz","image":{"@type":"ImageObject","inLanguage":"es","@id":"https:\/\/www.aridane.org\/city\/#\/schema\/person\/image\/","url":"https:\/\/secure.gravatar.com\/avatar\/bacd6aefc26a4a204943090a4c596cd10f0857081ef3cfd12084a70ecb3161d5?s=96&d=mm&r=g","contentUrl":"https:\/\/secure.gravatar.com\/avatar\/bacd6aefc26a4a204943090a4c596cd10f0857081ef3cfd12084a70ecb3161d5?s=96&d=mm&r=g","caption":"Richard Diaz"},"sameAs":["https:\/\/www.aridane.org\/city"],"url":"https:\/\/www.aridane.org\/city\/author\/richard-diaz\/"}]}},"_links":{"self":[{"href":"https:\/\/www.aridane.org\/city\/wp-json\/wp\/v2\/posts\/1957","targetHints":{"allow":["GET"]}}],"collection":[{"href":"https:\/\/www.aridane.org\/city\/wp-json\/wp\/v2\/posts"}],"about":[{"href":"https:\/\/www.aridane.org\/city\/wp-json\/wp\/v2\/types\/post"}],"author":[{"embeddable":true,"href":"https:\/\/www.aridane.org\/city\/wp-json\/wp\/v2\/users\/1"}],"replies":[{"embeddable":true,"href":"https:\/\/www.aridane.org\/city\/wp-json\/wp\/v2\/comments?post=1957"}],"version-history":[{"count":1,"href":"https:\/\/www.aridane.org\/city\/wp-json\/wp\/v2\/posts\/1957\/revisions"}],"predecessor-version":[{"id":2421,"href":"https:\/\/www.aridane.org\/city\/wp-json\/wp\/v2\/posts\/1957\/revisions\/2421"}],"wp:featuredmedia":[{"embeddable":true,"href":"https:\/\/www.aridane.org\/city\/wp-json\/wp\/v2\/media\/2420"}],"wp:attachment":[{"href":"https:\/\/www.aridane.org\/city\/wp-json\/wp\/v2\/media?parent=1957"}],"wp:term":[{"taxonomy":"category","embeddable":true,"href":"https:\/\/www.aridane.org\/city\/wp-json\/wp\/v2\/categories?post=1957"},{"taxonomy":"post_tag","embeddable":true,"href":"https:\/\/www.aridane.org\/city\/wp-json\/wp\/v2\/tags?post=1957"}],"curies":[{"name":"wp","href":"https:\/\/api.w.org\/{rel}","templated":true}]}}