{"id":1958,"date":"2023-06-08T12:47:53","date_gmt":"2023-06-08T11:47:53","guid":{"rendered":"https:\/\/aridane.org\/ciudad\/?p=1834"},"modified":"2023-07-21T08:58:54","modified_gmt":"2023-07-21T08:58:54","slug":"pilar-teresa-diaz-luis-mujer-destacada-2023-de-los-llanos-de-aridane","status":"publish","type":"post","link":"https:\/\/www.aridane.org\/city\/2023\/06\/08\/pilar-teresa-diaz-luis-mujer-destacada-2023-de-los-llanos-de-aridane\/","title":{"rendered":"Pilar Teresa D\u00edaz Luis Mujer Destacada 2023 de Los Llanos de Aridane"},"content":{"rendered":"<section class=\"wpb-content-wrapper\"><p>[vc_row css_animation=\u00bb\u00bb row_type=\u00bbrow\u00bb use_row_as_full_screen_section=\u00bbno\u00bb type=\u00bbfull_width\u00bb angled_section=\u00bbno\u00bb text_align=\u00bbleft\u00bb background_image_as_pattern=\u00bbwithout_pattern\u00bb][vc_column][vc_row_inner row_type=\u00bbrow\u00bb type=\u00bbgrid\u00bb text_align=\u00bbleft\u00bb css_animation=\u00bb\u00bb][vc_column_inner][vc_empty_space height=\u00bb20px\u00bb][vc_empty_space height=\u00bb20px\u00bb][\/vc_column_inner][\/vc_row_inner][vc_column_text]<\/p>\n<ul>\n<li><em>El acto tendr\u00e1 lugar el pr\u00f3ximo<\/em> <em>mi\u00e9rcoles 14 de junio a partir de las 20:30 horas en la Plaza de Espa\u00f1a.<\/em><\/li>\n<\/ul>\n<p>&nbsp;<\/p>\n<p><strong>Los Llanos de Aridane, 8 de junio 2022.- <\/strong>El Ayuntamiento de Los Llanos de Aridane a trav\u00e9s de la alcaldesa en funciones, Noelia Garc\u00eda Leal, y la concejal en funciones de Igualdad, Elena Pais, han confirmado que Pilar Teresa D\u00edaz Lu\u00eds ser\u00e1 reconocida como Mujer Destaca 2023 de Los Llanos de Aridane, en un acto que tendr\u00e1 lugar el pr\u00f3ximo mi\u00e9rcoles 14 de junio a partir de las 20:30 horas en la Plaza de Espa\u00f1a. Un reconocimiento que estar\u00e1 dirigido por la presentadora de TV Canaria, Emilia\u00a0 Gonz\u00e1lez, y que contar\u00e1 con las actuaciones de Besay, y el bailar\u00edn Dorian Acosta.<\/p>\n<p>Garc\u00eda Leal ha puesto en valor el importante trabajo que ha desarrollado Pilar Teresa D\u00edaz en el municipio, \u201cactualmente como orientadora del IES Eusebio Barreto Lorenzo, pero con una extensa experiencia \u00a0vinculada a la educaci\u00f3n y el fomento de la igualdad entre hombres y mujeres\u201d. Adem\u00e1s, ha recordado que Pilar form\u00f3 parte tambi\u00e9n de la primera asociaci\u00f3n feminista del municipio, Viola Palmensis, y defiende que \u201cPilar representa el esfuerzo y el compromiso de todas esas mujeres que han trabajado y peleado por sus objetivos en momentos complicados, abriendo puertas y ventanas educativas y ayudando a generar conciencia, y compromiso social en beneficio de un mundo mejor\u201d.<\/p>\n<p>Adem\u00e1s, la alcaldesa en funciones ha confirmado que tambi\u00e9n se reconocer\u00e1 al resto de mujeres propuestas para este premio, concretamente a: Mar\u00eda Mercedes Lorenzo G\u00f3mez, Marta Libia Hern\u00e1ndez, Rosa Lilia Brito Brito, Carmen Nieves D\u00edaz D\u00edaz, Miriam Cruz Gonz\u00e1lez, Rosa Mar\u00eda Rodr\u00edguez Acosta, Fela Medina Medina, Rosa D\u00edaz Ramos, Flor Marina Pescaso Sanabria. A t\u00edtulo p\u00f3stumo se reconocer\u00e1 a Julia Lafuente Pah\u00edno y Carmen Ramos Luis,\u00a0 \u201cya que todas ellas han sido y son un referente para todas las mujeres aridanenses\u201d.<\/p>\n<p>Por su parte, Pais tambi\u00e9n ha se\u00f1alado que este a\u00f1o la labor de las entidades y\/o personas que fomenten la igualdad entre hombres y mujeres ha reca\u00eddo en el IES Jos\u00e9 Mar\u00eda P\u00e9rez Pulido por las actividades realizadas el pasado 25 de noviembre, en las que se realiz\u00f3 un homenaje a todas las mujeres v\u00edctimas de violencia de g\u00e9nero; la realizaci\u00f3n y planificaci\u00f3n de la activad \u2018Semana de la mujer en el Deporte\u2019; \u00a0la realizaci\u00f3n de un Quiz sobre cu\u00e1nto sabes de la igualdad; y talleres de arte terapia y teatro terap\u00e9utico para gestionar y canalizar las emociones, entre otros.<\/p>\n<p>Las empresas premiadas este a\u00f1o han sido Adamana Peluqueros, con Antonia Toledo Vi\u00f1a a la cabeza, \u201cquien abri\u00f3 su primer Sal\u00f3n de Belleza en la Calle y posteriormente sigui\u00f3 ampliando sus negocios. Todo ello haciendo frente, tambi\u00e9n, \u00a0a duros momentos como la crisis de 2008, y la emergencia volc\u00e1nica\u201d.\u00a0 La segunda empresa premiada es la Ferreter\u00eda Hogar, que dirige Carmen Mar\u00eda Koury Hern\u00e1ndez, \u201cquien ha demostrado ser una mujer luchadora, y con un gran esp\u00edritu emprendedor.\u00a0 Asimismo, destaca su labor en el municipio ya que est\u00e1 siendo clave como presidenta de la Asociaci\u00f3n de Comerciantes Zona Abierta en beneficio de todos los comerciantes y la poblaci\u00f3n en general\u201d.<\/p>\n<p>Mientras que la menci\u00f3n honor\u00edfica ha reca\u00eddo este a\u00f1o en la Fundaci\u00f3n Canaria para las Personas con Sordera y sus familias, FUNCASOR. \u201cQuienes desarrollan proyectos de igualdad en la fundaci\u00f3n, en el a\u00f1o 2019 cre\u00f3 el primer comit\u00e9 interno de igualdad. Algunos de los proyectos llevados a cabo son: Proyecto integraci\u00f3n socio laboral para mujeres con discapacidad preferentemente auditiva de La Palma; Proyecto Emplea-T para facilitar la incorporaci\u00f3n al mercado laboral de la mujer con discapacidad y en riesgo de exclusi\u00f3n social fomentando la igualdad entre hombres y mujeres. Adem\u00e1s, trabaja con un importante n\u00famero de entidades de igualdad y violencia de g\u00e9nero en las islas\u201d.<\/p>\n<p>Por \u00faltimo, desde el Ayuntamiento de Los Llanos se invita a todas aquellas personas que lo deseen a participar en este reconocimiento.[\/vc_column_text][\/vc_column][\/vc_row]<\/p>\n<\/section>","protected":false},"excerpt":{"rendered":"<p>[vc_row css_animation=\u00bb\u00bb row_type=\u00bbrow\u00bb use_row_as_full_screen_section=\u00bbno\u00bb type=\u00bbfull_width\u00bb angled_section=\u00bbno\u00bb text_align=\u00bbleft\u00bb background_image_as_pattern=\u00bbwithout_pattern\u00bb][vc_column][vc_row_inner row_type=\u00bbrow\u00bb type=\u00bbgrid\u00bb text_align=\u00bbleft\u00bb css_animation=\u00bb\u00bb][vc_column_inner][vc_empty_space height=\u00bb20px\u00bb][vc_empty_space height=\u00bb20px\u00bb][\/vc_column_inner][\/vc_row_inner][vc_column_text] El acto tendr\u00e1 lugar el pr\u00f3ximo mi\u00e9rcoles 14 de junio a partir de las 20:30 horas en la Plaza de Espa\u00f1a. &nbsp; Los Llanos de Aridane, 8 de junio 2022.- El&#8230;<\/p>\n","protected":false},"author":1,"featured_media":2414,"comment_status":"closed","ping_status":"open","sticky":false,"template":"","format":"standard","meta":{"footnotes":""},"categories":[6],"tags":[],"class_list":["post-1958","post","type-post","status-publish","format-standard","has-post-thumbnail","hentry","category-prensa"],"yoast_head":"<!-- This site is optimized with the Yoast SEO plugin v22.7 - https:\/\/yoast.com\/wordpress\/plugins\/seo\/ -->\n<title>Pilar Teresa D\u00edaz Luis Mujer Destacada 2023 de Los Llanos de Aridane - Ayuntamiento de Los Llanos de Aridane<\/title>\n<meta name=\"description\" content=\"El Ayuntamiento de Los Llanos de Aridane presenta el cartel y el programa de La Patrona 2021 con el lema \u201cRemedios, m\u00e1s que un nombre.\u201d\" \/>\n<meta name=\"robots\" content=\"index, follow, max-snippet:-1, max-image-preview:large, max-video-preview:-1\" \/>\n<link rel=\"canonical\" href=\"https:\/\/www.aridane.org\/city\/2023\/06\/08\/pilar-teresa-diaz-luis-mujer-destacada-2023-de-los-llanos-de-aridane\/\" \/>\n<meta property=\"og:locale\" content=\"es_ES\" \/>\n<meta property=\"og:type\" content=\"article\" \/>\n<meta property=\"og:title\" content=\"Pilar Teresa D\u00edaz Luis Mujer Destacada 2023 de Los Llanos de Aridane - Ayuntamiento de Los Llanos de Aridane\" \/>\n<meta property=\"og:description\" content=\"El Ayuntamiento de Los Llanos de Aridane presenta el cartel y el programa de La Patrona 2021 con el lema \u201cRemedios, m\u00e1s que un nombre.\u201d\" \/>\n<meta property=\"og:url\" content=\"https:\/\/www.aridane.org\/city\/2023\/06\/08\/pilar-teresa-diaz-luis-mujer-destacada-2023-de-los-llanos-de-aridane\/\" \/>\n<meta property=\"og:site_name\" content=\"Ayuntamiento de Los Llanos de Aridane\" \/>\n<meta property=\"article:published_time\" content=\"2023-06-08T11:47:53+00:00\" \/>\n<meta property=\"article:modified_time\" content=\"2023-07-21T08:58:54+00:00\" \/>\n<meta property=\"og:image\" content=\"https:\/\/www.aridane.org\/city\/wp-content\/uploads\/2023\/06\/pilar_teresa_diaz_mujer_destacada.jpg\" \/>\n\t<meta property=\"og:image:width\" content=\"1200\" \/>\n\t<meta property=\"og:image:height\" content=\"675\" \/>\n\t<meta property=\"og:image:type\" content=\"image\/jpeg\" \/>\n<meta name=\"author\" content=\"Richard Diaz\" \/>\n<meta name=\"twitter:card\" content=\"summary_large_image\" \/>\n<meta name=\"twitter:label1\" content=\"Escrito por\" \/>\n\t<meta name=\"twitter:data1\" content=\"Richard Diaz\" \/>\n\t<meta name=\"twitter:label2\" content=\"Tiempo de lectura\" \/>\n\t<meta name=\"twitter:data2\" content=\"4 minutos\" \/>\n<script type=\"application\/ld+json\" class=\"yoast-schema-graph\">{\"@context\":\"https:\/\/schema.org\",\"@graph\":[{\"@type\":\"WebPage\",\"@id\":\"https:\/\/www.aridane.org\/city\/2023\/06\/08\/pilar-teresa-diaz-luis-mujer-destacada-2023-de-los-llanos-de-aridane\/\",\"url\":\"https:\/\/www.aridane.org\/city\/2023\/06\/08\/pilar-teresa-diaz-luis-mujer-destacada-2023-de-los-llanos-de-aridane\/\",\"name\":\"Pilar Teresa D\u00edaz Luis Mujer Destacada 2023 de Los Llanos de Aridane - Ayuntamiento de Los Llanos de Aridane\",\"isPartOf\":{\"@id\":\"https:\/\/www.aridane.org\/city\/#website\"},\"primaryImageOfPage\":{\"@id\":\"https:\/\/www.aridane.org\/city\/2023\/06\/08\/pilar-teresa-diaz-luis-mujer-destacada-2023-de-los-llanos-de-aridane\/#primaryimage\"},\"image\":{\"@id\":\"https:\/\/www.aridane.org\/city\/2023\/06\/08\/pilar-teresa-diaz-luis-mujer-destacada-2023-de-los-llanos-de-aridane\/#primaryimage\"},\"thumbnailUrl\":\"https:\/\/www.aridane.org\/city\/wp-content\/uploads\/2023\/06\/pilar_teresa_diaz_mujer_destacada.jpg\",\"datePublished\":\"2023-06-08T11:47:53+00:00\",\"dateModified\":\"2023-07-21T08:58:54+00:00\",\"author\":{\"@id\":\"https:\/\/www.aridane.org\/city\/#\/schema\/person\/7d352ec7f29881716f298394432e7209\"},\"description\":\"El Ayuntamiento de Los Llanos de Aridane presenta el cartel y el programa de La Patrona 2021 con el lema \u201cRemedios, m\u00e1s que un nombre.\u201d\",\"breadcrumb\":{\"@id\":\"https:\/\/www.aridane.org\/city\/2023\/06\/08\/pilar-teresa-diaz-luis-mujer-destacada-2023-de-los-llanos-de-aridane\/#breadcrumb\"},\"inLanguage\":\"es\",\"potentialAction\":[{\"@type\":\"ReadAction\",\"target\":[\"https:\/\/www.aridane.org\/city\/2023\/06\/08\/pilar-teresa-diaz-luis-mujer-destacada-2023-de-los-llanos-de-aridane\/\"]}]},{\"@type\":\"ImageObject\",\"inLanguage\":\"es\",\"@id\":\"https:\/\/www.aridane.org\/city\/2023\/06\/08\/pilar-teresa-diaz-luis-mujer-destacada-2023-de-los-llanos-de-aridane\/#primaryimage\",\"url\":\"https:\/\/www.aridane.org\/city\/wp-content\/uploads\/2023\/06\/pilar_teresa_diaz_mujer_destacada.jpg\",\"contentUrl\":\"https:\/\/www.aridane.org\/city\/wp-content\/uploads\/2023\/06\/pilar_teresa_diaz_mujer_destacada.jpg\",\"width\":1200,\"height\":675},{\"@type\":\"BreadcrumbList\",\"@id\":\"https:\/\/www.aridane.org\/city\/2023\/06\/08\/pilar-teresa-diaz-luis-mujer-destacada-2023-de-los-llanos-de-aridane\/#breadcrumb\",\"itemListElement\":[{\"@type\":\"ListItem\",\"position\":1,\"name\":\"Portada\",\"item\":\"https:\/\/www.aridane.org\/city\/\"},{\"@type\":\"ListItem\",\"position\":2,\"name\":\"Pilar Teresa D\u00edaz Luis Mujer Destacada 2023 de Los Llanos de Aridane\"}]},{\"@type\":\"WebSite\",\"@id\":\"https:\/\/www.aridane.org\/city\/#website\",\"url\":\"https:\/\/www.aridane.org\/city\/\",\"name\":\"Ayuntamiento de Los Llanos de Aridane\",\"description\":\"\",\"potentialAction\":[{\"@type\":\"SearchAction\",\"target\":{\"@type\":\"EntryPoint\",\"urlTemplate\":\"https:\/\/www.aridane.org\/city\/?s={search_term_string}\"},\"query-input\":\"required name=search_term_string\"}],\"inLanguage\":\"es\"},{\"@type\":\"Person\",\"@id\":\"https:\/\/www.aridane.org\/city\/#\/schema\/person\/7d352ec7f29881716f298394432e7209\",\"name\":\"Richard Diaz\",\"image\":{\"@type\":\"ImageObject\",\"inLanguage\":\"es\",\"@id\":\"https:\/\/www.aridane.org\/city\/#\/schema\/person\/image\/\",\"url\":\"https:\/\/secure.gravatar.com\/avatar\/bacd6aefc26a4a204943090a4c596cd10f0857081ef3cfd12084a70ecb3161d5?s=96&d=mm&r=g\",\"contentUrl\":\"https:\/\/secure.gravatar.com\/avatar\/bacd6aefc26a4a204943090a4c596cd10f0857081ef3cfd12084a70ecb3161d5?s=96&d=mm&r=g\",\"caption\":\"Richard Diaz\"},\"sameAs\":[\"https:\/\/www.aridane.org\/city\"],\"url\":\"https:\/\/www.aridane.org\/city\/author\/richard-diaz\/\"}]}<\/script>\n<!-- \/ Yoast SEO plugin. -->","yoast_head_json":{"title":"Pilar Teresa D\u00edaz Luis Mujer Destacada 2023 de Los Llanos de Aridane - Ayuntamiento de Los Llanos de Aridane","description":"El Ayuntamiento de Los Llanos de Aridane presenta el cartel y el programa de La Patrona 2021 con el lema \u201cRemedios, m\u00e1s que un nombre.\u201d","robots":{"index":"index","follow":"follow","max-snippet":"max-snippet:-1","max-image-preview":"max-image-preview:large","max-video-preview":"max-video-preview:-1"},"canonical":"https:\/\/www.aridane.org\/city\/2023\/06\/08\/pilar-teresa-diaz-luis-mujer-destacada-2023-de-los-llanos-de-aridane\/","og_locale":"es_ES","og_type":"article","og_title":"Pilar Teresa D\u00edaz Luis Mujer Destacada 2023 de Los Llanos de Aridane - Ayuntamiento de Los Llanos de Aridane","og_description":"El Ayuntamiento de Los Llanos de Aridane presenta el cartel y el programa de La Patrona 2021 con el lema \u201cRemedios, m\u00e1s que un nombre.\u201d","og_url":"https:\/\/www.aridane.org\/city\/2023\/06\/08\/pilar-teresa-diaz-luis-mujer-destacada-2023-de-los-llanos-de-aridane\/","og_site_name":"Ayuntamiento de Los Llanos de Aridane","article_published_time":"2023-06-08T11:47:53+00:00","article_modified_time":"2023-07-21T08:58:54+00:00","og_image":[{"width":1200,"height":675,"url":"https:\/\/www.aridane.org\/city\/wp-content\/uploads\/2023\/06\/pilar_teresa_diaz_mujer_destacada.jpg","type":"image\/jpeg"}],"author":"Richard Diaz","twitter_card":"summary_large_image","twitter_misc":{"Escrito por":"Richard Diaz","Tiempo de lectura":"4 minutos"},"schema":{"@context":"https:\/\/schema.org","@graph":[{"@type":"WebPage","@id":"https:\/\/www.aridane.org\/city\/2023\/06\/08\/pilar-teresa-diaz-luis-mujer-destacada-2023-de-los-llanos-de-aridane\/","url":"https:\/\/www.aridane.org\/city\/2023\/06\/08\/pilar-teresa-diaz-luis-mujer-destacada-2023-de-los-llanos-de-aridane\/","name":"Pilar Teresa D\u00edaz Luis Mujer Destacada 2023 de Los Llanos de Aridane - Ayuntamiento de Los Llanos de Aridane","isPartOf":{"@id":"https:\/\/www.aridane.org\/city\/#website"},"primaryImageOfPage":{"@id":"https:\/\/www.aridane.org\/city\/2023\/06\/08\/pilar-teresa-diaz-luis-mujer-destacada-2023-de-los-llanos-de-aridane\/#primaryimage"},"image":{"@id":"https:\/\/www.aridane.org\/city\/2023\/06\/08\/pilar-teresa-diaz-luis-mujer-destacada-2023-de-los-llanos-de-aridane\/#primaryimage"},"thumbnailUrl":"https:\/\/www.aridane.org\/city\/wp-content\/uploads\/2023\/06\/pilar_teresa_diaz_mujer_destacada.jpg","datePublished":"2023-06-08T11:47:53+00:00","dateModified":"2023-07-21T08:58:54+00:00","author":{"@id":"https:\/\/www.aridane.org\/city\/#\/schema\/person\/7d352ec7f29881716f298394432e7209"},"description":"El Ayuntamiento de Los Llanos de Aridane presenta el cartel y el programa de La Patrona 2021 con el lema \u201cRemedios, m\u00e1s que un nombre.\u201d","breadcrumb":{"@id":"https:\/\/www.aridane.org\/city\/2023\/06\/08\/pilar-teresa-diaz-luis-mujer-destacada-2023-de-los-llanos-de-aridane\/#breadcrumb"},"inLanguage":"es","potentialAction":[{"@type":"ReadAction","target":["https:\/\/www.aridane.org\/city\/2023\/06\/08\/pilar-teresa-diaz-luis-mujer-destacada-2023-de-los-llanos-de-aridane\/"]}]},{"@type":"ImageObject","inLanguage":"es","@id":"https:\/\/www.aridane.org\/city\/2023\/06\/08\/pilar-teresa-diaz-luis-mujer-destacada-2023-de-los-llanos-de-aridane\/#primaryimage","url":"https:\/\/www.aridane.org\/city\/wp-content\/uploads\/2023\/06\/pilar_teresa_diaz_mujer_destacada.jpg","contentUrl":"https:\/\/www.aridane.org\/city\/wp-content\/uploads\/2023\/06\/pilar_teresa_diaz_mujer_destacada.jpg","width":1200,"height":675},{"@type":"BreadcrumbList","@id":"https:\/\/www.aridane.org\/city\/2023\/06\/08\/pilar-teresa-diaz-luis-mujer-destacada-2023-de-los-llanos-de-aridane\/#breadcrumb","itemListElement":[{"@type":"ListItem","position":1,"name":"Portada","item":"https:\/\/www.aridane.org\/city\/"},{"@type":"ListItem","position":2,"name":"Pilar Teresa D\u00edaz Luis Mujer Destacada 2023 de Los Llanos de Aridane"}]},{"@type":"WebSite","@id":"https:\/\/www.aridane.org\/city\/#website","url":"https:\/\/www.aridane.org\/city\/","name":"Ayuntamiento de Los Llanos de Aridane","description":"","potentialAction":[{"@type":"SearchAction","target":{"@type":"EntryPoint","urlTemplate":"https:\/\/www.aridane.org\/city\/?s={search_term_string}"},"query-input":"required name=search_term_string"}],"inLanguage":"es"},{"@type":"Person","@id":"https:\/\/www.aridane.org\/city\/#\/schema\/person\/7d352ec7f29881716f298394432e7209","name":"Richard Diaz","image":{"@type":"ImageObject","inLanguage":"es","@id":"https:\/\/www.aridane.org\/city\/#\/schema\/person\/image\/","url":"https:\/\/secure.gravatar.com\/avatar\/bacd6aefc26a4a204943090a4c596cd10f0857081ef3cfd12084a70ecb3161d5?s=96&d=mm&r=g","contentUrl":"https:\/\/secure.gravatar.com\/avatar\/bacd6aefc26a4a204943090a4c596cd10f0857081ef3cfd12084a70ecb3161d5?s=96&d=mm&r=g","caption":"Richard Diaz"},"sameAs":["https:\/\/www.aridane.org\/city"],"url":"https:\/\/www.aridane.org\/city\/author\/richard-diaz\/"}]}},"_links":{"self":[{"href":"https:\/\/www.aridane.org\/city\/wp-json\/wp\/v2\/posts\/1958","targetHints":{"allow":["GET"]}}],"collection":[{"href":"https:\/\/www.aridane.org\/city\/wp-json\/wp\/v2\/posts"}],"about":[{"href":"https:\/\/www.aridane.org\/city\/wp-json\/wp\/v2\/types\/post"}],"author":[{"embeddable":true,"href":"https:\/\/www.aridane.org\/city\/wp-json\/wp\/v2\/users\/1"}],"replies":[{"embeddable":true,"href":"https:\/\/www.aridane.org\/city\/wp-json\/wp\/v2\/comments?post=1958"}],"version-history":[{"count":1,"href":"https:\/\/www.aridane.org\/city\/wp-json\/wp\/v2\/posts\/1958\/revisions"}],"predecessor-version":[{"id":2415,"href":"https:\/\/www.aridane.org\/city\/wp-json\/wp\/v2\/posts\/1958\/revisions\/2415"}],"wp:featuredmedia":[{"embeddable":true,"href":"https:\/\/www.aridane.org\/city\/wp-json\/wp\/v2\/media\/2414"}],"wp:attachment":[{"href":"https:\/\/www.aridane.org\/city\/wp-json\/wp\/v2\/media?parent=1958"}],"wp:term":[{"taxonomy":"category","embeddable":true,"href":"https:\/\/www.aridane.org\/city\/wp-json\/wp\/v2\/categories?post=1958"},{"taxonomy":"post_tag","embeddable":true,"href":"https:\/\/www.aridane.org\/city\/wp-json\/wp\/v2\/tags?post=1958"}],"curies":[{"name":"wp","href":"https:\/\/api.w.org\/{rel}","templated":true}]}}