{"id":1959,"date":"2023-06-09T09:41:05","date_gmt":"2023-06-09T08:41:05","guid":{"rendered":"https:\/\/aridane.org\/ciudad\/?p=1837"},"modified":"2023-07-21T08:38:06","modified_gmt":"2023-07-21T08:38:06","slug":"el-ayuntamiento-de-los-llanos-de-aridane-y-karmala-cultura-presentan-la-exposicion-fotografica-del-zoom-social-mas-alla-de-las-imagenes","status":"publish","type":"post","link":"https:\/\/www.aridane.org\/city\/2023\/06\/09\/el-ayuntamiento-de-los-llanos-de-aridane-y-karmala-cultura-presentan-la-exposicion-fotografica-del-zoom-social-mas-alla-de-las-imagenes\/","title":{"rendered":"El Ayuntamiento de Los Llanos de Aridane y Karmala Cultura presentan la exposici\u00f3n fotogr\u00e1fica del Zoom Social \u2018M\u00e1s all\u00e1 de las im\u00e1genes\u2019"},"content":{"rendered":"<section class=\"wpb-content-wrapper\"><p>[vc_row css_animation=\u00bb\u00bb row_type=\u00bbrow\u00bb use_row_as_full_screen_section=\u00bbno\u00bb type=\u00bbfull_width\u00bb angled_section=\u00bbno\u00bb text_align=\u00bbleft\u00bb background_image_as_pattern=\u00bbwithout_pattern\u00bb][vc_column][vc_row_inner row_type=\u00bbrow\u00bb type=\u00bbgrid\u00bb text_align=\u00bbleft\u00bb css_animation=\u00bb\u00bb][vc_column_inner][vc_empty_space height=\u00bb20px\u00bb][vc_empty_space height=\u00bb20px\u00bb][\/vc_column_inner][\/vc_row_inner][vc_column_text]<\/p>\n<ul>\n<li><em>Esta exposici\u00f3n se podr\u00e1 visitar desde el pr\u00f3ximo lunes, 12 de junio, hasta el 3 de julio en la Avenida Venezuela.<\/em><\/li>\n<\/ul>\n<p>&nbsp;<\/p>\n<p><strong>Los Llanos de Aridane, 9 de junio de 2023.- <\/strong>El Ayuntamiento de Los Llanos de Aridane a trav\u00e9s de la concejal en funciones de Acci\u00f3n Social, Elena Concepci\u00f3n, junto la representante de Karmala Cultura, Tamara Avidad; y la t\u00e9cnico de Karmala Social, Stefania Mucci, presentan la exposici\u00f3n fotogr\u00e1fica del IV Zoom Social \u2018M\u00e1s all\u00e1 de las im\u00e1genes\u2019 .<\/p>\n<p>Concepci\u00f3n explica que esta exposici\u00f3n se podr\u00e1 visitar desde el pr\u00f3ximo lunes, 12 de junio, hasta el 3 de julio en la Avenida Venezuela, \u201cy todas las personas que se acerquen hasta esta exposici\u00f3n \u00a0van a poder disfrutar del gran trabajo que han desarrollado, a lo largo de estos meses, los artistas de los centros Taburiente y Triana, y cuyo objetivo va mucho m\u00e1s all\u00e1 de la fotograf\u00eda, ya que tratan de mostrarnos c\u00f3mo ven a los viandantes del municipio, y su realidad\u201d.<\/p>\n<p>Por su parte, la representante de Karmala Cultura, Tamara Avidad destaca que \u201cel Zoom Social nace de la necesidad de volver la cultura verdaderamente accesible, ofreciendo espacios de creaci\u00f3n art\u00edstica &#8211; expresiva a colectivos de personas que en muchas ocasiones se encuentran apartadas a un segundo plano, volvi\u00e9ndose las verdaderas protagonistas del proyecto. A trav\u00e9s de la fotograf\u00eda terap\u00e9utica- participativa se ofrecen herramientas para promover el autoconocimiento, reforzar la autoestima, la confianza en s\u00ed mismas y ocupar espacio visible en las calles\u201d.<\/p>\n<p>Mientras que la t\u00e9cnico de Karmala Social, Stefania Mucci, afirma que \u201cm\u00e1s all\u00e1 de las im\u00e1genes es una exposici\u00f3n que recoge la s\u00edntesis de 3 meses de trabajo intenso y enriquecedor. Es el resultado de cada uno de los encuentros en los que, a trav\u00e9s de la fotograf\u00eda, se ha explorado, dialogado y experimentado con el entorno, materiales y profundizado en las emociones. Es el retrato de un colectivo de personas que cuentan lo ven, lo que sienten, lo que les interesa o sorprende. Es un espacio libre, respetuoso y la muestra de que la creaci\u00f3n es una herramienta de comunicaci\u00f3n, un lenguaje propio\u201d.<\/p>\n<p>Por \u00faltimo, desde el Ayuntamiento de Los Llanos de Aridane se invita a todas las personas que lo deseen a visitar esta exposici\u00f3n, y se recuerda que \u201cel Zoom Social es accesibilidad, un lugar de libertad, es una cita sin prejuicios, es la creatividad en estado puro\u201d.[\/vc_column_text][\/vc_column][\/vc_row]<\/p>\n<\/section>","protected":false},"excerpt":{"rendered":"<p>[vc_row css_animation=\u00bb\u00bb row_type=\u00bbrow\u00bb use_row_as_full_screen_section=\u00bbno\u00bb type=\u00bbfull_width\u00bb angled_section=\u00bbno\u00bb text_align=\u00bbleft\u00bb background_image_as_pattern=\u00bbwithout_pattern\u00bb][vc_column][vc_row_inner row_type=\u00bbrow\u00bb type=\u00bbgrid\u00bb text_align=\u00bbleft\u00bb css_animation=\u00bb\u00bb][vc_column_inner][vc_empty_space height=\u00bb20px\u00bb][vc_empty_space height=\u00bb20px\u00bb][\/vc_column_inner][\/vc_row_inner][vc_column_text] Esta exposici\u00f3n se podr\u00e1 visitar desde el pr\u00f3ximo lunes, 12 de junio, hasta el 3 de julio en la Avenida Venezuela. &nbsp; Los Llanos de Aridane, 9 de junio de 2023.-&#8230;<\/p>\n","protected":false},"author":1,"featured_media":2412,"comment_status":"closed","ping_status":"open","sticky":false,"template":"","format":"standard","meta":{"footnotes":""},"categories":[6],"tags":[],"class_list":["post-1959","post","type-post","status-publish","format-standard","has-post-thumbnail","hentry","category-prensa"],"yoast_head":"<!-- This site is optimized with the Yoast SEO plugin v22.7 - https:\/\/yoast.com\/wordpress\/plugins\/seo\/ -->\n<title>El Ayuntamiento de Los Llanos de Aridane y Karmala Cultura presentan la exposici\u00f3n fotogr\u00e1fica del Zoom Social \u2018M\u00e1s all\u00e1 de las im\u00e1genes\u2019 - Ayuntamiento de Los Llanos de Aridane<\/title>\n<meta name=\"description\" content=\"El Ayuntamiento de Los Llanos de Aridane presenta el cartel y el programa de La Patrona 2021 con el lema \u201cRemedios, m\u00e1s que un nombre.\u201d\" \/>\n<meta name=\"robots\" content=\"index, follow, max-snippet:-1, max-image-preview:large, max-video-preview:-1\" \/>\n<link rel=\"canonical\" href=\"https:\/\/www.aridane.org\/city\/2023\/06\/09\/el-ayuntamiento-de-los-llanos-de-aridane-y-karmala-cultura-presentan-la-exposicion-fotografica-del-zoom-social-mas-alla-de-las-imagenes\/\" \/>\n<meta property=\"og:locale\" content=\"es_ES\" \/>\n<meta property=\"og:type\" content=\"article\" \/>\n<meta property=\"og:title\" content=\"El Ayuntamiento de Los Llanos de Aridane y Karmala Cultura presentan la exposici\u00f3n fotogr\u00e1fica del Zoom Social \u2018M\u00e1s all\u00e1 de las im\u00e1genes\u2019 - Ayuntamiento de Los Llanos de Aridane\" \/>\n<meta property=\"og:description\" content=\"El Ayuntamiento de Los Llanos de Aridane presenta el cartel y el programa de La Patrona 2021 con el lema \u201cRemedios, m\u00e1s que un nombre.\u201d\" \/>\n<meta property=\"og:url\" content=\"https:\/\/www.aridane.org\/city\/2023\/06\/09\/el-ayuntamiento-de-los-llanos-de-aridane-y-karmala-cultura-presentan-la-exposicion-fotografica-del-zoom-social-mas-alla-de-las-imagenes\/\" \/>\n<meta property=\"og:site_name\" content=\"Ayuntamiento de Los Llanos de Aridane\" \/>\n<meta property=\"article:published_time\" content=\"2023-06-09T08:41:05+00:00\" \/>\n<meta property=\"article:modified_time\" content=\"2023-07-21T08:38:06+00:00\" \/>\n<meta property=\"og:image\" content=\"https:\/\/www.aridane.org\/city\/wp-content\/uploads\/2023\/06\/exposicion_fotografica_del_zoom_social-.jpg\" \/>\n\t<meta property=\"og:image:width\" content=\"1200\" \/>\n\t<meta property=\"og:image:height\" content=\"675\" \/>\n\t<meta property=\"og:image:type\" content=\"image\/jpeg\" \/>\n<meta name=\"author\" content=\"Richard Diaz\" \/>\n<meta name=\"twitter:card\" content=\"summary_large_image\" \/>\n<meta name=\"twitter:label1\" content=\"Escrito por\" \/>\n\t<meta name=\"twitter:data1\" content=\"Richard Diaz\" \/>\n\t<meta name=\"twitter:label2\" content=\"Tiempo de lectura\" \/>\n\t<meta name=\"twitter:data2\" content=\"2 minutos\" \/>\n<script type=\"application\/ld+json\" class=\"yoast-schema-graph\">{\"@context\":\"https:\/\/schema.org\",\"@graph\":[{\"@type\":\"WebPage\",\"@id\":\"https:\/\/www.aridane.org\/city\/2023\/06\/09\/el-ayuntamiento-de-los-llanos-de-aridane-y-karmala-cultura-presentan-la-exposicion-fotografica-del-zoom-social-mas-alla-de-las-imagenes\/\",\"url\":\"https:\/\/www.aridane.org\/city\/2023\/06\/09\/el-ayuntamiento-de-los-llanos-de-aridane-y-karmala-cultura-presentan-la-exposicion-fotografica-del-zoom-social-mas-alla-de-las-imagenes\/\",\"name\":\"El Ayuntamiento de Los Llanos de Aridane y Karmala Cultura presentan la exposici\u00f3n fotogr\u00e1fica del Zoom Social \u2018M\u00e1s all\u00e1 de las im\u00e1genes\u2019 - Ayuntamiento de Los Llanos de Aridane\",\"isPartOf\":{\"@id\":\"https:\/\/www.aridane.org\/city\/#website\"},\"primaryImageOfPage\":{\"@id\":\"https:\/\/www.aridane.org\/city\/2023\/06\/09\/el-ayuntamiento-de-los-llanos-de-aridane-y-karmala-cultura-presentan-la-exposicion-fotografica-del-zoom-social-mas-alla-de-las-imagenes\/#primaryimage\"},\"image\":{\"@id\":\"https:\/\/www.aridane.org\/city\/2023\/06\/09\/el-ayuntamiento-de-los-llanos-de-aridane-y-karmala-cultura-presentan-la-exposicion-fotografica-del-zoom-social-mas-alla-de-las-imagenes\/#primaryimage\"},\"thumbnailUrl\":\"https:\/\/www.aridane.org\/city\/wp-content\/uploads\/2023\/06\/exposicion_fotografica_del_zoom_social-.jpg\",\"datePublished\":\"2023-06-09T08:41:05+00:00\",\"dateModified\":\"2023-07-21T08:38:06+00:00\",\"author\":{\"@id\":\"https:\/\/www.aridane.org\/city\/#\/schema\/person\/7d352ec7f29881716f298394432e7209\"},\"description\":\"El Ayuntamiento de Los Llanos de Aridane presenta el cartel y el programa de La Patrona 2021 con el lema \u201cRemedios, m\u00e1s que un nombre.\u201d\",\"breadcrumb\":{\"@id\":\"https:\/\/www.aridane.org\/city\/2023\/06\/09\/el-ayuntamiento-de-los-llanos-de-aridane-y-karmala-cultura-presentan-la-exposicion-fotografica-del-zoom-social-mas-alla-de-las-imagenes\/#breadcrumb\"},\"inLanguage\":\"es\",\"potentialAction\":[{\"@type\":\"ReadAction\",\"target\":[\"https:\/\/www.aridane.org\/city\/2023\/06\/09\/el-ayuntamiento-de-los-llanos-de-aridane-y-karmala-cultura-presentan-la-exposicion-fotografica-del-zoom-social-mas-alla-de-las-imagenes\/\"]}]},{\"@type\":\"ImageObject\",\"inLanguage\":\"es\",\"@id\":\"https:\/\/www.aridane.org\/city\/2023\/06\/09\/el-ayuntamiento-de-los-llanos-de-aridane-y-karmala-cultura-presentan-la-exposicion-fotografica-del-zoom-social-mas-alla-de-las-imagenes\/#primaryimage\",\"url\":\"https:\/\/www.aridane.org\/city\/wp-content\/uploads\/2023\/06\/exposicion_fotografica_del_zoom_social-.jpg\",\"contentUrl\":\"https:\/\/www.aridane.org\/city\/wp-content\/uploads\/2023\/06\/exposicion_fotografica_del_zoom_social-.jpg\",\"width\":1200,\"height\":675},{\"@type\":\"BreadcrumbList\",\"@id\":\"https:\/\/www.aridane.org\/city\/2023\/06\/09\/el-ayuntamiento-de-los-llanos-de-aridane-y-karmala-cultura-presentan-la-exposicion-fotografica-del-zoom-social-mas-alla-de-las-imagenes\/#breadcrumb\",\"itemListElement\":[{\"@type\":\"ListItem\",\"position\":1,\"name\":\"Portada\",\"item\":\"https:\/\/www.aridane.org\/city\/\"},{\"@type\":\"ListItem\",\"position\":2,\"name\":\"El Ayuntamiento de Los Llanos de Aridane y Karmala Cultura presentan la exposici\u00f3n fotogr\u00e1fica del Zoom Social \u2018M\u00e1s all\u00e1 de las im\u00e1genes\u2019\"}]},{\"@type\":\"WebSite\",\"@id\":\"https:\/\/www.aridane.org\/city\/#website\",\"url\":\"https:\/\/www.aridane.org\/city\/\",\"name\":\"Ayuntamiento de Los Llanos de Aridane\",\"description\":\"\",\"potentialAction\":[{\"@type\":\"SearchAction\",\"target\":{\"@type\":\"EntryPoint\",\"urlTemplate\":\"https:\/\/www.aridane.org\/city\/?s={search_term_string}\"},\"query-input\":\"required name=search_term_string\"}],\"inLanguage\":\"es\"},{\"@type\":\"Person\",\"@id\":\"https:\/\/www.aridane.org\/city\/#\/schema\/person\/7d352ec7f29881716f298394432e7209\",\"name\":\"Richard Diaz\",\"image\":{\"@type\":\"ImageObject\",\"inLanguage\":\"es\",\"@id\":\"https:\/\/www.aridane.org\/city\/#\/schema\/person\/image\/\",\"url\":\"https:\/\/secure.gravatar.com\/avatar\/bacd6aefc26a4a204943090a4c596cd10f0857081ef3cfd12084a70ecb3161d5?s=96&d=mm&r=g\",\"contentUrl\":\"https:\/\/secure.gravatar.com\/avatar\/bacd6aefc26a4a204943090a4c596cd10f0857081ef3cfd12084a70ecb3161d5?s=96&d=mm&r=g\",\"caption\":\"Richard Diaz\"},\"sameAs\":[\"https:\/\/www.aridane.org\/city\"],\"url\":\"https:\/\/www.aridane.org\/city\/author\/richard-diaz\/\"}]}<\/script>\n<!-- \/ Yoast SEO plugin. -->","yoast_head_json":{"title":"El Ayuntamiento de Los Llanos de Aridane y Karmala Cultura presentan la exposici\u00f3n fotogr\u00e1fica del Zoom Social \u2018M\u00e1s all\u00e1 de las im\u00e1genes\u2019 - Ayuntamiento de Los Llanos de Aridane","description":"El Ayuntamiento de Los Llanos de Aridane presenta el cartel y el programa de La Patrona 2021 con el lema \u201cRemedios, m\u00e1s que un nombre.\u201d","robots":{"index":"index","follow":"follow","max-snippet":"max-snippet:-1","max-image-preview":"max-image-preview:large","max-video-preview":"max-video-preview:-1"},"canonical":"https:\/\/www.aridane.org\/city\/2023\/06\/09\/el-ayuntamiento-de-los-llanos-de-aridane-y-karmala-cultura-presentan-la-exposicion-fotografica-del-zoom-social-mas-alla-de-las-imagenes\/","og_locale":"es_ES","og_type":"article","og_title":"El Ayuntamiento de Los Llanos de Aridane y Karmala Cultura presentan la exposici\u00f3n fotogr\u00e1fica del Zoom Social \u2018M\u00e1s all\u00e1 de las im\u00e1genes\u2019 - Ayuntamiento de Los Llanos de Aridane","og_description":"El Ayuntamiento de Los Llanos de Aridane presenta el cartel y el programa de La Patrona 2021 con el lema \u201cRemedios, m\u00e1s que un nombre.\u201d","og_url":"https:\/\/www.aridane.org\/city\/2023\/06\/09\/el-ayuntamiento-de-los-llanos-de-aridane-y-karmala-cultura-presentan-la-exposicion-fotografica-del-zoom-social-mas-alla-de-las-imagenes\/","og_site_name":"Ayuntamiento de Los Llanos de Aridane","article_published_time":"2023-06-09T08:41:05+00:00","article_modified_time":"2023-07-21T08:38:06+00:00","og_image":[{"width":1200,"height":675,"url":"https:\/\/www.aridane.org\/city\/wp-content\/uploads\/2023\/06\/exposicion_fotografica_del_zoom_social-.jpg","type":"image\/jpeg"}],"author":"Richard Diaz","twitter_card":"summary_large_image","twitter_misc":{"Escrito por":"Richard Diaz","Tiempo de lectura":"2 minutos"},"schema":{"@context":"https:\/\/schema.org","@graph":[{"@type":"WebPage","@id":"https:\/\/www.aridane.org\/city\/2023\/06\/09\/el-ayuntamiento-de-los-llanos-de-aridane-y-karmala-cultura-presentan-la-exposicion-fotografica-del-zoom-social-mas-alla-de-las-imagenes\/","url":"https:\/\/www.aridane.org\/city\/2023\/06\/09\/el-ayuntamiento-de-los-llanos-de-aridane-y-karmala-cultura-presentan-la-exposicion-fotografica-del-zoom-social-mas-alla-de-las-imagenes\/","name":"El Ayuntamiento de Los Llanos de Aridane y Karmala Cultura presentan la exposici\u00f3n fotogr\u00e1fica del Zoom Social \u2018M\u00e1s all\u00e1 de las im\u00e1genes\u2019 - Ayuntamiento de Los Llanos de Aridane","isPartOf":{"@id":"https:\/\/www.aridane.org\/city\/#website"},"primaryImageOfPage":{"@id":"https:\/\/www.aridane.org\/city\/2023\/06\/09\/el-ayuntamiento-de-los-llanos-de-aridane-y-karmala-cultura-presentan-la-exposicion-fotografica-del-zoom-social-mas-alla-de-las-imagenes\/#primaryimage"},"image":{"@id":"https:\/\/www.aridane.org\/city\/2023\/06\/09\/el-ayuntamiento-de-los-llanos-de-aridane-y-karmala-cultura-presentan-la-exposicion-fotografica-del-zoom-social-mas-alla-de-las-imagenes\/#primaryimage"},"thumbnailUrl":"https:\/\/www.aridane.org\/city\/wp-content\/uploads\/2023\/06\/exposicion_fotografica_del_zoom_social-.jpg","datePublished":"2023-06-09T08:41:05+00:00","dateModified":"2023-07-21T08:38:06+00:00","author":{"@id":"https:\/\/www.aridane.org\/city\/#\/schema\/person\/7d352ec7f29881716f298394432e7209"},"description":"El Ayuntamiento de Los Llanos de Aridane presenta el cartel y el programa de La Patrona 2021 con el lema \u201cRemedios, m\u00e1s que un nombre.\u201d","breadcrumb":{"@id":"https:\/\/www.aridane.org\/city\/2023\/06\/09\/el-ayuntamiento-de-los-llanos-de-aridane-y-karmala-cultura-presentan-la-exposicion-fotografica-del-zoom-social-mas-alla-de-las-imagenes\/#breadcrumb"},"inLanguage":"es","potentialAction":[{"@type":"ReadAction","target":["https:\/\/www.aridane.org\/city\/2023\/06\/09\/el-ayuntamiento-de-los-llanos-de-aridane-y-karmala-cultura-presentan-la-exposicion-fotografica-del-zoom-social-mas-alla-de-las-imagenes\/"]}]},{"@type":"ImageObject","inLanguage":"es","@id":"https:\/\/www.aridane.org\/city\/2023\/06\/09\/el-ayuntamiento-de-los-llanos-de-aridane-y-karmala-cultura-presentan-la-exposicion-fotografica-del-zoom-social-mas-alla-de-las-imagenes\/#primaryimage","url":"https:\/\/www.aridane.org\/city\/wp-content\/uploads\/2023\/06\/exposicion_fotografica_del_zoom_social-.jpg","contentUrl":"https:\/\/www.aridane.org\/city\/wp-content\/uploads\/2023\/06\/exposicion_fotografica_del_zoom_social-.jpg","width":1200,"height":675},{"@type":"BreadcrumbList","@id":"https:\/\/www.aridane.org\/city\/2023\/06\/09\/el-ayuntamiento-de-los-llanos-de-aridane-y-karmala-cultura-presentan-la-exposicion-fotografica-del-zoom-social-mas-alla-de-las-imagenes\/#breadcrumb","itemListElement":[{"@type":"ListItem","position":1,"name":"Portada","item":"https:\/\/www.aridane.org\/city\/"},{"@type":"ListItem","position":2,"name":"El Ayuntamiento de Los Llanos de Aridane y Karmala Cultura presentan la exposici\u00f3n fotogr\u00e1fica del Zoom Social \u2018M\u00e1s all\u00e1 de las im\u00e1genes\u2019"}]},{"@type":"WebSite","@id":"https:\/\/www.aridane.org\/city\/#website","url":"https:\/\/www.aridane.org\/city\/","name":"Ayuntamiento de Los Llanos de Aridane","description":"","potentialAction":[{"@type":"SearchAction","target":{"@type":"EntryPoint","urlTemplate":"https:\/\/www.aridane.org\/city\/?s={search_term_string}"},"query-input":"required name=search_term_string"}],"inLanguage":"es"},{"@type":"Person","@id":"https:\/\/www.aridane.org\/city\/#\/schema\/person\/7d352ec7f29881716f298394432e7209","name":"Richard Diaz","image":{"@type":"ImageObject","inLanguage":"es","@id":"https:\/\/www.aridane.org\/city\/#\/schema\/person\/image\/","url":"https:\/\/secure.gravatar.com\/avatar\/bacd6aefc26a4a204943090a4c596cd10f0857081ef3cfd12084a70ecb3161d5?s=96&d=mm&r=g","contentUrl":"https:\/\/secure.gravatar.com\/avatar\/bacd6aefc26a4a204943090a4c596cd10f0857081ef3cfd12084a70ecb3161d5?s=96&d=mm&r=g","caption":"Richard Diaz"},"sameAs":["https:\/\/www.aridane.org\/city"],"url":"https:\/\/www.aridane.org\/city\/author\/richard-diaz\/"}]}},"_links":{"self":[{"href":"https:\/\/www.aridane.org\/city\/wp-json\/wp\/v2\/posts\/1959","targetHints":{"allow":["GET"]}}],"collection":[{"href":"https:\/\/www.aridane.org\/city\/wp-json\/wp\/v2\/posts"}],"about":[{"href":"https:\/\/www.aridane.org\/city\/wp-json\/wp\/v2\/types\/post"}],"author":[{"embeddable":true,"href":"https:\/\/www.aridane.org\/city\/wp-json\/wp\/v2\/users\/1"}],"replies":[{"embeddable":true,"href":"https:\/\/www.aridane.org\/city\/wp-json\/wp\/v2\/comments?post=1959"}],"version-history":[{"count":1,"href":"https:\/\/www.aridane.org\/city\/wp-json\/wp\/v2\/posts\/1959\/revisions"}],"predecessor-version":[{"id":2413,"href":"https:\/\/www.aridane.org\/city\/wp-json\/wp\/v2\/posts\/1959\/revisions\/2413"}],"wp:featuredmedia":[{"embeddable":true,"href":"https:\/\/www.aridane.org\/city\/wp-json\/wp\/v2\/media\/2412"}],"wp:attachment":[{"href":"https:\/\/www.aridane.org\/city\/wp-json\/wp\/v2\/media?parent=1959"}],"wp:term":[{"taxonomy":"category","embeddable":true,"href":"https:\/\/www.aridane.org\/city\/wp-json\/wp\/v2\/categories?post=1959"},{"taxonomy":"post_tag","embeddable":true,"href":"https:\/\/www.aridane.org\/city\/wp-json\/wp\/v2\/tags?post=1959"}],"curies":[{"name":"wp","href":"https:\/\/api.w.org\/{rel}","templated":true}]}}