{"id":1960,"date":"2023-06-10T09:48:18","date_gmt":"2023-06-10T08:48:18","guid":{"rendered":"https:\/\/aridane.org\/ciudad\/?p=1840"},"modified":"2023-07-21T08:29:16","modified_gmt":"2023-07-21T08:29:16","slug":"klara-asiri-gabele-zamora-reina-de-las-fiestas-de-la-patrona-2023","status":"publish","type":"post","link":"https:\/\/www.aridane.org\/city\/2023\/06\/10\/klara-asiri-gabele-zamora-reina-de-las-fiestas-de-la-patrona-2023\/","title":{"rendered":"Klara Asiri Gabele Zamora, reina de las fiestas de La Patrona 2023"},"content":{"rendered":"<section class=\"wpb-content-wrapper\"><p>[vc_row css_animation=\u00bb\u00bb row_type=\u00bbrow\u00bb use_row_as_full_screen_section=\u00bbno\u00bb type=\u00bbfull_width\u00bb angled_section=\u00bbno\u00bb text_align=\u00bbleft\u00bb background_image_as_pattern=\u00bbwithout_pattern\u00bb][vc_column][vc_row_inner row_type=\u00bbrow\u00bb type=\u00bbgrid\u00bb text_align=\u00bbleft\u00bb css_animation=\u00bb\u00bb][vc_column_inner][vc_empty_space height=\u00bb20px\u00bb][vc_empty_space height=\u00bb20px\u00bb][\/vc_column_inner][\/vc_row_inner][vc_column_text]<strong>Los Llanos de Aridane, 10 de junio de 2023.-<\/strong> El Ayuntamiento de Los Llanos de Aridane a trav\u00e9s de la concejal de Fiestas en funciones, M\u00f3nica Gonz\u00e1lez, ha informado que Klara Asiri Gabele Zamora se ha proclamado Reina de las fiestas de La Patrona 2023 de Los Llanos de Aridane, durante la gala que se celebr\u00f3 anoche en la Plaza de Espa\u00f1a.<\/p>\n<p>Klara Asiri Gabele Zamora es la representante de Asociaci\u00f3n de Vecinos Los Barros-Pedregales, Dise\u00f1o Desing &#8211; Ropa Natural, Molinete Sound, PGC Tak Canarias, Promoci\u00f3n y Gesti\u00f3n Cultural TAK Canarias, J.N. Novias, Merjo, Javi Gr\u00faas, Asesor\u00eda Laboral Barroso, Bodegas Perdomo, Apartamentos Yurena, MC To\u00f1o, Compa\u00f1\u00eda de Seguros Agencia Fdez. y Jere, Bar Restaurante Tinguaro, Agroisle\u00f1a Suministros S.L. Multienda Isla Bonita, Ferreter\u00eda Argual, Confecciones Nieves, Peluquer\u00eda Estilo, Bazar Avenida, Different, D &amp;amp; D La Palma, Sabores y Recuerdos.<\/p>\n<p>Por \u00faltimo, desde el Ayuntamiento de Los Llanos de Aridane se recuerda que los actos contin\u00faan esta noche cuando a partir de las 22:00 horas Klara Asiri Gabele Zamora en el balc\u00f3n del Consistorio reciba de manos de la alcaldesa en funciones, Noelia Garc\u00eda Leal, la corona con la que se oficializa el comienzo de su reinado.[\/vc_column_text][\/vc_column][\/vc_row]<\/p>\n<\/section>","protected":false},"excerpt":{"rendered":"<p>[vc_row css_animation=\u00bb\u00bb row_type=\u00bbrow\u00bb use_row_as_full_screen_section=\u00bbno\u00bb type=\u00bbfull_width\u00bb angled_section=\u00bbno\u00bb text_align=\u00bbleft\u00bb background_image_as_pattern=\u00bbwithout_pattern\u00bb][vc_column][vc_row_inner row_type=\u00bbrow\u00bb type=\u00bbgrid\u00bb text_align=\u00bbleft\u00bb css_animation=\u00bb\u00bb][vc_column_inner][vc_empty_space height=\u00bb20px\u00bb][vc_empty_space height=\u00bb20px\u00bb][\/vc_column_inner][\/vc_row_inner][vc_column_text]Los Llanos de Aridane, 10 de junio de 2023.- El Ayuntamiento de Los Llanos de Aridane a trav\u00e9s de la concejal de Fiestas en funciones, M\u00f3nica Gonz\u00e1lez, ha informado que Klara Asiri&#8230;<\/p>\n","protected":false},"author":1,"featured_media":2408,"comment_status":"closed","ping_status":"open","sticky":false,"template":"","format":"standard","meta":{"footnotes":""},"categories":[6],"tags":[],"class_list":["post-1960","post","type-post","status-publish","format-standard","has-post-thumbnail","hentry","category-prensa"],"yoast_head":"<!-- This site is optimized with the Yoast SEO plugin v22.7 - https:\/\/yoast.com\/wordpress\/plugins\/seo\/ -->\n<title>Klara Asiri Gabele Zamora, reina de las fiestas de La Patrona 2023 - Ayuntamiento de Los Llanos de Aridane<\/title>\n<meta name=\"description\" content=\"El Ayuntamiento de Los Llanos de Aridane presenta el cartel y el programa de La Patrona 2021 con el lema \u201cRemedios, m\u00e1s que un nombre.\u201d\" \/>\n<meta name=\"robots\" content=\"index, follow, max-snippet:-1, max-image-preview:large, max-video-preview:-1\" \/>\n<link rel=\"canonical\" href=\"https:\/\/www.aridane.org\/city\/2023\/06\/10\/klara-asiri-gabele-zamora-reina-de-las-fiestas-de-la-patrona-2023\/\" \/>\n<meta property=\"og:locale\" content=\"es_ES\" \/>\n<meta property=\"og:type\" content=\"article\" \/>\n<meta property=\"og:title\" content=\"Klara Asiri Gabele Zamora, reina de las fiestas de La Patrona 2023 - Ayuntamiento de Los Llanos de Aridane\" \/>\n<meta property=\"og:description\" content=\"El Ayuntamiento de Los Llanos de Aridane presenta el cartel y el programa de La Patrona 2021 con el lema \u201cRemedios, m\u00e1s que un nombre.\u201d\" \/>\n<meta property=\"og:url\" content=\"https:\/\/www.aridane.org\/city\/2023\/06\/10\/klara-asiri-gabele-zamora-reina-de-las-fiestas-de-la-patrona-2023\/\" \/>\n<meta property=\"og:site_name\" content=\"Ayuntamiento de Los Llanos de Aridane\" \/>\n<meta property=\"article:published_time\" content=\"2023-06-10T08:48:18+00:00\" \/>\n<meta property=\"article:modified_time\" content=\"2023-07-21T08:29:16+00:00\" \/>\n<meta property=\"og:image\" content=\"https:\/\/www.aridane.org\/city\/wp-content\/uploads\/2023\/06\/klara_asiri_gabele_zamora.jpg\" \/>\n\t<meta property=\"og:image:width\" content=\"1200\" \/>\n\t<meta property=\"og:image:height\" content=\"675\" \/>\n\t<meta property=\"og:image:type\" content=\"image\/jpeg\" \/>\n<meta name=\"author\" content=\"Richard Diaz\" \/>\n<meta name=\"twitter:card\" content=\"summary_large_image\" \/>\n<meta name=\"twitter:label1\" content=\"Escrito por\" \/>\n\t<meta name=\"twitter:data1\" content=\"Richard Diaz\" \/>\n\t<meta name=\"twitter:label2\" content=\"Tiempo de lectura\" \/>\n\t<meta name=\"twitter:data2\" content=\"1 minuto\" \/>\n<script type=\"application\/ld+json\" class=\"yoast-schema-graph\">{\"@context\":\"https:\/\/schema.org\",\"@graph\":[{\"@type\":\"WebPage\",\"@id\":\"https:\/\/www.aridane.org\/city\/2023\/06\/10\/klara-asiri-gabele-zamora-reina-de-las-fiestas-de-la-patrona-2023\/\",\"url\":\"https:\/\/www.aridane.org\/city\/2023\/06\/10\/klara-asiri-gabele-zamora-reina-de-las-fiestas-de-la-patrona-2023\/\",\"name\":\"Klara Asiri Gabele Zamora, reina de las fiestas de La Patrona 2023 - Ayuntamiento de Los Llanos de Aridane\",\"isPartOf\":{\"@id\":\"https:\/\/www.aridane.org\/city\/#website\"},\"primaryImageOfPage\":{\"@id\":\"https:\/\/www.aridane.org\/city\/2023\/06\/10\/klara-asiri-gabele-zamora-reina-de-las-fiestas-de-la-patrona-2023\/#primaryimage\"},\"image\":{\"@id\":\"https:\/\/www.aridane.org\/city\/2023\/06\/10\/klara-asiri-gabele-zamora-reina-de-las-fiestas-de-la-patrona-2023\/#primaryimage\"},\"thumbnailUrl\":\"https:\/\/www.aridane.org\/city\/wp-content\/uploads\/2023\/06\/klara_asiri_gabele_zamora.jpg\",\"datePublished\":\"2023-06-10T08:48:18+00:00\",\"dateModified\":\"2023-07-21T08:29:16+00:00\",\"author\":{\"@id\":\"https:\/\/www.aridane.org\/city\/#\/schema\/person\/7d352ec7f29881716f298394432e7209\"},\"description\":\"El Ayuntamiento de Los Llanos de Aridane presenta el cartel y el programa de La Patrona 2021 con el lema \u201cRemedios, m\u00e1s que un nombre.\u201d\",\"breadcrumb\":{\"@id\":\"https:\/\/www.aridane.org\/city\/2023\/06\/10\/klara-asiri-gabele-zamora-reina-de-las-fiestas-de-la-patrona-2023\/#breadcrumb\"},\"inLanguage\":\"es\",\"potentialAction\":[{\"@type\":\"ReadAction\",\"target\":[\"https:\/\/www.aridane.org\/city\/2023\/06\/10\/klara-asiri-gabele-zamora-reina-de-las-fiestas-de-la-patrona-2023\/\"]}]},{\"@type\":\"ImageObject\",\"inLanguage\":\"es\",\"@id\":\"https:\/\/www.aridane.org\/city\/2023\/06\/10\/klara-asiri-gabele-zamora-reina-de-las-fiestas-de-la-patrona-2023\/#primaryimage\",\"url\":\"https:\/\/www.aridane.org\/city\/wp-content\/uploads\/2023\/06\/klara_asiri_gabele_zamora.jpg\",\"contentUrl\":\"https:\/\/www.aridane.org\/city\/wp-content\/uploads\/2023\/06\/klara_asiri_gabele_zamora.jpg\",\"width\":1200,\"height\":675},{\"@type\":\"BreadcrumbList\",\"@id\":\"https:\/\/www.aridane.org\/city\/2023\/06\/10\/klara-asiri-gabele-zamora-reina-de-las-fiestas-de-la-patrona-2023\/#breadcrumb\",\"itemListElement\":[{\"@type\":\"ListItem\",\"position\":1,\"name\":\"Portada\",\"item\":\"https:\/\/www.aridane.org\/city\/\"},{\"@type\":\"ListItem\",\"position\":2,\"name\":\"Klara Asiri Gabele Zamora, reina de las fiestas de La Patrona 2023\"}]},{\"@type\":\"WebSite\",\"@id\":\"https:\/\/www.aridane.org\/city\/#website\",\"url\":\"https:\/\/www.aridane.org\/city\/\",\"name\":\"Ayuntamiento de Los Llanos de Aridane\",\"description\":\"\",\"potentialAction\":[{\"@type\":\"SearchAction\",\"target\":{\"@type\":\"EntryPoint\",\"urlTemplate\":\"https:\/\/www.aridane.org\/city\/?s={search_term_string}\"},\"query-input\":\"required name=search_term_string\"}],\"inLanguage\":\"es\"},{\"@type\":\"Person\",\"@id\":\"https:\/\/www.aridane.org\/city\/#\/schema\/person\/7d352ec7f29881716f298394432e7209\",\"name\":\"Richard Diaz\",\"image\":{\"@type\":\"ImageObject\",\"inLanguage\":\"es\",\"@id\":\"https:\/\/www.aridane.org\/city\/#\/schema\/person\/image\/\",\"url\":\"https:\/\/secure.gravatar.com\/avatar\/bacd6aefc26a4a204943090a4c596cd10f0857081ef3cfd12084a70ecb3161d5?s=96&d=mm&r=g\",\"contentUrl\":\"https:\/\/secure.gravatar.com\/avatar\/bacd6aefc26a4a204943090a4c596cd10f0857081ef3cfd12084a70ecb3161d5?s=96&d=mm&r=g\",\"caption\":\"Richard Diaz\"},\"sameAs\":[\"https:\/\/www.aridane.org\/city\"],\"url\":\"https:\/\/www.aridane.org\/city\/author\/richard-diaz\/\"}]}<\/script>\n<!-- \/ Yoast SEO plugin. -->","yoast_head_json":{"title":"Klara Asiri Gabele Zamora, reina de las fiestas de La Patrona 2023 - Ayuntamiento de Los Llanos de Aridane","description":"El Ayuntamiento de Los Llanos de Aridane presenta el cartel y el programa de La Patrona 2021 con el lema \u201cRemedios, m\u00e1s que un nombre.\u201d","robots":{"index":"index","follow":"follow","max-snippet":"max-snippet:-1","max-image-preview":"max-image-preview:large","max-video-preview":"max-video-preview:-1"},"canonical":"https:\/\/www.aridane.org\/city\/2023\/06\/10\/klara-asiri-gabele-zamora-reina-de-las-fiestas-de-la-patrona-2023\/","og_locale":"es_ES","og_type":"article","og_title":"Klara Asiri Gabele Zamora, reina de las fiestas de La Patrona 2023 - Ayuntamiento de Los Llanos de Aridane","og_description":"El Ayuntamiento de Los Llanos de Aridane presenta el cartel y el programa de La Patrona 2021 con el lema \u201cRemedios, m\u00e1s que un nombre.\u201d","og_url":"https:\/\/www.aridane.org\/city\/2023\/06\/10\/klara-asiri-gabele-zamora-reina-de-las-fiestas-de-la-patrona-2023\/","og_site_name":"Ayuntamiento de Los Llanos de Aridane","article_published_time":"2023-06-10T08:48:18+00:00","article_modified_time":"2023-07-21T08:29:16+00:00","og_image":[{"width":1200,"height":675,"url":"https:\/\/www.aridane.org\/city\/wp-content\/uploads\/2023\/06\/klara_asiri_gabele_zamora.jpg","type":"image\/jpeg"}],"author":"Richard Diaz","twitter_card":"summary_large_image","twitter_misc":{"Escrito por":"Richard Diaz","Tiempo de lectura":"1 minuto"},"schema":{"@context":"https:\/\/schema.org","@graph":[{"@type":"WebPage","@id":"https:\/\/www.aridane.org\/city\/2023\/06\/10\/klara-asiri-gabele-zamora-reina-de-las-fiestas-de-la-patrona-2023\/","url":"https:\/\/www.aridane.org\/city\/2023\/06\/10\/klara-asiri-gabele-zamora-reina-de-las-fiestas-de-la-patrona-2023\/","name":"Klara Asiri Gabele Zamora, reina de las fiestas de La Patrona 2023 - Ayuntamiento de Los Llanos de Aridane","isPartOf":{"@id":"https:\/\/www.aridane.org\/city\/#website"},"primaryImageOfPage":{"@id":"https:\/\/www.aridane.org\/city\/2023\/06\/10\/klara-asiri-gabele-zamora-reina-de-las-fiestas-de-la-patrona-2023\/#primaryimage"},"image":{"@id":"https:\/\/www.aridane.org\/city\/2023\/06\/10\/klara-asiri-gabele-zamora-reina-de-las-fiestas-de-la-patrona-2023\/#primaryimage"},"thumbnailUrl":"https:\/\/www.aridane.org\/city\/wp-content\/uploads\/2023\/06\/klara_asiri_gabele_zamora.jpg","datePublished":"2023-06-10T08:48:18+00:00","dateModified":"2023-07-21T08:29:16+00:00","author":{"@id":"https:\/\/www.aridane.org\/city\/#\/schema\/person\/7d352ec7f29881716f298394432e7209"},"description":"El Ayuntamiento de Los Llanos de Aridane presenta el cartel y el programa de La Patrona 2021 con el lema \u201cRemedios, m\u00e1s que un nombre.\u201d","breadcrumb":{"@id":"https:\/\/www.aridane.org\/city\/2023\/06\/10\/klara-asiri-gabele-zamora-reina-de-las-fiestas-de-la-patrona-2023\/#breadcrumb"},"inLanguage":"es","potentialAction":[{"@type":"ReadAction","target":["https:\/\/www.aridane.org\/city\/2023\/06\/10\/klara-asiri-gabele-zamora-reina-de-las-fiestas-de-la-patrona-2023\/"]}]},{"@type":"ImageObject","inLanguage":"es","@id":"https:\/\/www.aridane.org\/city\/2023\/06\/10\/klara-asiri-gabele-zamora-reina-de-las-fiestas-de-la-patrona-2023\/#primaryimage","url":"https:\/\/www.aridane.org\/city\/wp-content\/uploads\/2023\/06\/klara_asiri_gabele_zamora.jpg","contentUrl":"https:\/\/www.aridane.org\/city\/wp-content\/uploads\/2023\/06\/klara_asiri_gabele_zamora.jpg","width":1200,"height":675},{"@type":"BreadcrumbList","@id":"https:\/\/www.aridane.org\/city\/2023\/06\/10\/klara-asiri-gabele-zamora-reina-de-las-fiestas-de-la-patrona-2023\/#breadcrumb","itemListElement":[{"@type":"ListItem","position":1,"name":"Portada","item":"https:\/\/www.aridane.org\/city\/"},{"@type":"ListItem","position":2,"name":"Klara Asiri Gabele Zamora, reina de las fiestas de La Patrona 2023"}]},{"@type":"WebSite","@id":"https:\/\/www.aridane.org\/city\/#website","url":"https:\/\/www.aridane.org\/city\/","name":"Ayuntamiento de Los Llanos de Aridane","description":"","potentialAction":[{"@type":"SearchAction","target":{"@type":"EntryPoint","urlTemplate":"https:\/\/www.aridane.org\/city\/?s={search_term_string}"},"query-input":"required name=search_term_string"}],"inLanguage":"es"},{"@type":"Person","@id":"https:\/\/www.aridane.org\/city\/#\/schema\/person\/7d352ec7f29881716f298394432e7209","name":"Richard Diaz","image":{"@type":"ImageObject","inLanguage":"es","@id":"https:\/\/www.aridane.org\/city\/#\/schema\/person\/image\/","url":"https:\/\/secure.gravatar.com\/avatar\/bacd6aefc26a4a204943090a4c596cd10f0857081ef3cfd12084a70ecb3161d5?s=96&d=mm&r=g","contentUrl":"https:\/\/secure.gravatar.com\/avatar\/bacd6aefc26a4a204943090a4c596cd10f0857081ef3cfd12084a70ecb3161d5?s=96&d=mm&r=g","caption":"Richard Diaz"},"sameAs":["https:\/\/www.aridane.org\/city"],"url":"https:\/\/www.aridane.org\/city\/author\/richard-diaz\/"}]}},"_links":{"self":[{"href":"https:\/\/www.aridane.org\/city\/wp-json\/wp\/v2\/posts\/1960","targetHints":{"allow":["GET"]}}],"collection":[{"href":"https:\/\/www.aridane.org\/city\/wp-json\/wp\/v2\/posts"}],"about":[{"href":"https:\/\/www.aridane.org\/city\/wp-json\/wp\/v2\/types\/post"}],"author":[{"embeddable":true,"href":"https:\/\/www.aridane.org\/city\/wp-json\/wp\/v2\/users\/1"}],"replies":[{"embeddable":true,"href":"https:\/\/www.aridane.org\/city\/wp-json\/wp\/v2\/comments?post=1960"}],"version-history":[{"count":1,"href":"https:\/\/www.aridane.org\/city\/wp-json\/wp\/v2\/posts\/1960\/revisions"}],"predecessor-version":[{"id":2409,"href":"https:\/\/www.aridane.org\/city\/wp-json\/wp\/v2\/posts\/1960\/revisions\/2409"}],"wp:featuredmedia":[{"embeddable":true,"href":"https:\/\/www.aridane.org\/city\/wp-json\/wp\/v2\/media\/2408"}],"wp:attachment":[{"href":"https:\/\/www.aridane.org\/city\/wp-json\/wp\/v2\/media?parent=1960"}],"wp:term":[{"taxonomy":"category","embeddable":true,"href":"https:\/\/www.aridane.org\/city\/wp-json\/wp\/v2\/categories?post=1960"},{"taxonomy":"post_tag","embeddable":true,"href":"https:\/\/www.aridane.org\/city\/wp-json\/wp\/v2\/tags?post=1960"}],"curies":[{"name":"wp","href":"https:\/\/api.w.org\/{rel}","templated":true}]}}