{"id":1961,"date":"2023-06-11T12:36:05","date_gmt":"2023-06-11T11:36:05","guid":{"rendered":"https:\/\/aridane.org\/ciudad\/?p=1845"},"modified":"2023-07-21T08:18:39","modified_gmt":"2023-07-21T08:18:39","slug":"los-llanos-celebra-su-tradicional-ofrenda-en-honor-a-la-patrona-nuestra-senora-de-los-remedios","status":"publish","type":"post","link":"https:\/\/www.aridane.org\/city\/2023\/06\/11\/los-llanos-celebra-su-tradicional-ofrenda-en-honor-a-la-patrona-nuestra-senora-de-los-remedios\/","title":{"rendered":"Los Llanos celebra su tradicional ofrenda en honor a La Patrona Nuestra Se\u00f1ora de Los Remedios"},"content":{"rendered":"<section class=\"wpb-content-wrapper\"><p>[vc_row css_animation=\u00bb\u00bb row_type=\u00bbrow\u00bb use_row_as_full_screen_section=\u00bbno\u00bb type=\u00bbfull_width\u00bb angled_section=\u00bbno\u00bb text_align=\u00bbleft\u00bb background_image_as_pattern=\u00bbwithout_pattern\u00bb][vc_column][vc_row_inner row_type=\u00bbrow\u00bb type=\u00bbgrid\u00bb text_align=\u00bbleft\u00bb css_animation=\u00bb\u00bb][vc_column_inner][vc_empty_space height=\u00bb20px\u00bb][vc_empty_space height=\u00bb20px\u00bb][\/vc_column_inner][\/vc_row_inner][vc_column_text]<strong>Los Llanos de Aridane, 11 de junio de 2023.-<\/strong> El Ayuntamiento de Los Llanos de Aridane a trav\u00e9s de la alcaldesa en funciones, Noelia Garc\u00eda Leal; y la concejal de Fiestas en funciones, M\u00f3nica Gonz\u00e1lez, han confirmado que hoy el municipio ha celebrado su tradicional ofrenda en honor a La Patrona, Nuestra Se\u00f1ora la Virgen de Los Remedios. \u201cUn acto, que se ha llevado a cabo en la Iglesia Matriz, y en el que un a\u00f1o m\u00e1s ha estado representado una importante parte de la sociedad aridanense, entre las que destacan, entre otras: las entidades sociales, culturales, vecinales, educativas, deportivas, religiosas e institucionales\u201d.<\/p>\n<p>Garc\u00eda Leal recuerda que \u201cen este acto el municipio aridanense manifiesta su solidaridad y devoci\u00f3n a la Virgen de Los Remedios, a trav\u00e9s de la entrega de flores, alimentos y productos de primera necesidad, entre otros, y que posteriormente ser\u00e1n entregados a C\u00e1ritas Diocesana para atender las necesidades de las familias que lo necesiten\u201d.<\/p>\n<p>Por su parte, M\u00f3nica Gonz\u00e1lez, agradece la gran participaci\u00f3n que ha tenido esta ofrenda, un a\u00f1o m\u00e1s, \u201cdemostrando un a\u00f1o m\u00e1s que una de las se\u00f1as de identidad del municipio aridanense es su solidaridad con los dem\u00e1s, como ya se ha demostrado durante los momentos m\u00e1s complicados que ha vivido el municipio\u201d..[\/vc_column_text][\/vc_column][\/vc_row]<\/p>\n<\/section>","protected":false},"excerpt":{"rendered":"<p>[vc_row css_animation=\u00bb\u00bb row_type=\u00bbrow\u00bb use_row_as_full_screen_section=\u00bbno\u00bb type=\u00bbfull_width\u00bb angled_section=\u00bbno\u00bb text_align=\u00bbleft\u00bb background_image_as_pattern=\u00bbwithout_pattern\u00bb][vc_column][vc_row_inner row_type=\u00bbrow\u00bb type=\u00bbgrid\u00bb text_align=\u00bbleft\u00bb css_animation=\u00bb\u00bb][vc_column_inner][vc_empty_space height=\u00bb20px\u00bb][vc_empty_space height=\u00bb20px\u00bb][\/vc_column_inner][\/vc_row_inner][vc_column_text]Los Llanos de Aridane, 11 de junio de 2023.- El Ayuntamiento de Los Llanos de Aridane a trav\u00e9s de la alcaldesa en funciones, Noelia Garc\u00eda Leal; y la concejal de Fiestas en&#8230;<\/p>\n","protected":false},"author":1,"featured_media":2407,"comment_status":"closed","ping_status":"open","sticky":false,"template":"","format":"standard","meta":{"footnotes":""},"categories":[6],"tags":[],"class_list":["post-1961","post","type-post","status-publish","format-standard","has-post-thumbnail","hentry","category-prensa"],"yoast_head":"<!-- This site is optimized with the Yoast SEO plugin v22.7 - https:\/\/yoast.com\/wordpress\/plugins\/seo\/ -->\n<title>Los Llanos celebra su tradicional ofrenda en honor a La Patrona Nuestra Se\u00f1ora de Los Remedios - Ayuntamiento de Los Llanos de Aridane<\/title>\n<meta name=\"description\" content=\"El Ayuntamiento de Los Llanos de Aridane presenta el cartel y el programa de La Patrona 2021 con el lema \u201cRemedios, m\u00e1s que un nombre.\u201d\" \/>\n<meta name=\"robots\" content=\"index, follow, max-snippet:-1, max-image-preview:large, max-video-preview:-1\" \/>\n<link rel=\"canonical\" href=\"https:\/\/www.aridane.org\/city\/2023\/06\/11\/los-llanos-celebra-su-tradicional-ofrenda-en-honor-a-la-patrona-nuestra-senora-de-los-remedios\/\" \/>\n<meta property=\"og:locale\" content=\"es_ES\" \/>\n<meta property=\"og:type\" content=\"article\" \/>\n<meta property=\"og:title\" content=\"Los Llanos celebra su tradicional ofrenda en honor a La Patrona Nuestra Se\u00f1ora de Los Remedios - Ayuntamiento de Los Llanos de Aridane\" \/>\n<meta property=\"og:description\" content=\"El Ayuntamiento de Los Llanos de Aridane presenta el cartel y el programa de La Patrona 2021 con el lema \u201cRemedios, m\u00e1s que un nombre.\u201d\" \/>\n<meta property=\"og:url\" content=\"https:\/\/www.aridane.org\/city\/2023\/06\/11\/los-llanos-celebra-su-tradicional-ofrenda-en-honor-a-la-patrona-nuestra-senora-de-los-remedios\/\" \/>\n<meta property=\"og:site_name\" content=\"Ayuntamiento de Los Llanos de Aridane\" \/>\n<meta property=\"article:published_time\" content=\"2023-06-11T11:36:05+00:00\" \/>\n<meta property=\"article:modified_time\" content=\"2023-07-21T08:18:39+00:00\" \/>\n<meta property=\"og:image\" content=\"https:\/\/www.aridane.org\/city\/wp-content\/uploads\/2023\/06\/Ofrendaok-1.jpg\" \/>\n\t<meta property=\"og:image:width\" content=\"1920\" \/>\n\t<meta property=\"og:image:height\" content=\"1280\" \/>\n\t<meta property=\"og:image:type\" content=\"image\/jpeg\" \/>\n<meta name=\"author\" content=\"Richard Diaz\" \/>\n<meta name=\"twitter:card\" content=\"summary_large_image\" \/>\n<meta name=\"twitter:label1\" content=\"Escrito por\" \/>\n\t<meta name=\"twitter:data1\" content=\"Richard Diaz\" \/>\n\t<meta name=\"twitter:label2\" content=\"Tiempo de lectura\" \/>\n\t<meta name=\"twitter:data2\" content=\"2 minutos\" \/>\n<script type=\"application\/ld+json\" class=\"yoast-schema-graph\">{\"@context\":\"https:\/\/schema.org\",\"@graph\":[{\"@type\":\"WebPage\",\"@id\":\"https:\/\/www.aridane.org\/city\/2023\/06\/11\/los-llanos-celebra-su-tradicional-ofrenda-en-honor-a-la-patrona-nuestra-senora-de-los-remedios\/\",\"url\":\"https:\/\/www.aridane.org\/city\/2023\/06\/11\/los-llanos-celebra-su-tradicional-ofrenda-en-honor-a-la-patrona-nuestra-senora-de-los-remedios\/\",\"name\":\"Los Llanos celebra su tradicional ofrenda en honor a La Patrona Nuestra Se\u00f1ora de Los Remedios - Ayuntamiento de Los Llanos de Aridane\",\"isPartOf\":{\"@id\":\"https:\/\/www.aridane.org\/city\/#website\"},\"primaryImageOfPage\":{\"@id\":\"https:\/\/www.aridane.org\/city\/2023\/06\/11\/los-llanos-celebra-su-tradicional-ofrenda-en-honor-a-la-patrona-nuestra-senora-de-los-remedios\/#primaryimage\"},\"image\":{\"@id\":\"https:\/\/www.aridane.org\/city\/2023\/06\/11\/los-llanos-celebra-su-tradicional-ofrenda-en-honor-a-la-patrona-nuestra-senora-de-los-remedios\/#primaryimage\"},\"thumbnailUrl\":\"https:\/\/www.aridane.org\/city\/wp-content\/uploads\/2023\/06\/Ofrendaok-1.jpg\",\"datePublished\":\"2023-06-11T11:36:05+00:00\",\"dateModified\":\"2023-07-21T08:18:39+00:00\",\"author\":{\"@id\":\"https:\/\/www.aridane.org\/city\/#\/schema\/person\/7d352ec7f29881716f298394432e7209\"},\"description\":\"El Ayuntamiento de Los Llanos de Aridane presenta el cartel y el programa de La Patrona 2021 con el lema \u201cRemedios, m\u00e1s que un nombre.\u201d\",\"breadcrumb\":{\"@id\":\"https:\/\/www.aridane.org\/city\/2023\/06\/11\/los-llanos-celebra-su-tradicional-ofrenda-en-honor-a-la-patrona-nuestra-senora-de-los-remedios\/#breadcrumb\"},\"inLanguage\":\"es\",\"potentialAction\":[{\"@type\":\"ReadAction\",\"target\":[\"https:\/\/www.aridane.org\/city\/2023\/06\/11\/los-llanos-celebra-su-tradicional-ofrenda-en-honor-a-la-patrona-nuestra-senora-de-los-remedios\/\"]}]},{\"@type\":\"ImageObject\",\"inLanguage\":\"es\",\"@id\":\"https:\/\/www.aridane.org\/city\/2023\/06\/11\/los-llanos-celebra-su-tradicional-ofrenda-en-honor-a-la-patrona-nuestra-senora-de-los-remedios\/#primaryimage\",\"url\":\"https:\/\/www.aridane.org\/city\/wp-content\/uploads\/2023\/06\/Ofrendaok-1.jpg\",\"contentUrl\":\"https:\/\/www.aridane.org\/city\/wp-content\/uploads\/2023\/06\/Ofrendaok-1.jpg\",\"width\":1920,\"height\":1280},{\"@type\":\"BreadcrumbList\",\"@id\":\"https:\/\/www.aridane.org\/city\/2023\/06\/11\/los-llanos-celebra-su-tradicional-ofrenda-en-honor-a-la-patrona-nuestra-senora-de-los-remedios\/#breadcrumb\",\"itemListElement\":[{\"@type\":\"ListItem\",\"position\":1,\"name\":\"Portada\",\"item\":\"https:\/\/www.aridane.org\/city\/\"},{\"@type\":\"ListItem\",\"position\":2,\"name\":\"Los Llanos celebra su tradicional ofrenda en honor a La Patrona Nuestra Se\u00f1ora de Los Remedios\"}]},{\"@type\":\"WebSite\",\"@id\":\"https:\/\/www.aridane.org\/city\/#website\",\"url\":\"https:\/\/www.aridane.org\/city\/\",\"name\":\"Ayuntamiento de Los Llanos de Aridane\",\"description\":\"\",\"potentialAction\":[{\"@type\":\"SearchAction\",\"target\":{\"@type\":\"EntryPoint\",\"urlTemplate\":\"https:\/\/www.aridane.org\/city\/?s={search_term_string}\"},\"query-input\":\"required name=search_term_string\"}],\"inLanguage\":\"es\"},{\"@type\":\"Person\",\"@id\":\"https:\/\/www.aridane.org\/city\/#\/schema\/person\/7d352ec7f29881716f298394432e7209\",\"name\":\"Richard Diaz\",\"image\":{\"@type\":\"ImageObject\",\"inLanguage\":\"es\",\"@id\":\"https:\/\/www.aridane.org\/city\/#\/schema\/person\/image\/\",\"url\":\"https:\/\/secure.gravatar.com\/avatar\/bacd6aefc26a4a204943090a4c596cd10f0857081ef3cfd12084a70ecb3161d5?s=96&d=mm&r=g\",\"contentUrl\":\"https:\/\/secure.gravatar.com\/avatar\/bacd6aefc26a4a204943090a4c596cd10f0857081ef3cfd12084a70ecb3161d5?s=96&d=mm&r=g\",\"caption\":\"Richard Diaz\"},\"sameAs\":[\"https:\/\/www.aridane.org\/city\"],\"url\":\"https:\/\/www.aridane.org\/city\/author\/richard-diaz\/\"}]}<\/script>\n<!-- \/ Yoast SEO plugin. -->","yoast_head_json":{"title":"Los Llanos celebra su tradicional ofrenda en honor a La Patrona Nuestra Se\u00f1ora de Los Remedios - Ayuntamiento de Los Llanos de Aridane","description":"El Ayuntamiento de Los Llanos de Aridane presenta el cartel y el programa de La Patrona 2021 con el lema \u201cRemedios, m\u00e1s que un nombre.\u201d","robots":{"index":"index","follow":"follow","max-snippet":"max-snippet:-1","max-image-preview":"max-image-preview:large","max-video-preview":"max-video-preview:-1"},"canonical":"https:\/\/www.aridane.org\/city\/2023\/06\/11\/los-llanos-celebra-su-tradicional-ofrenda-en-honor-a-la-patrona-nuestra-senora-de-los-remedios\/","og_locale":"es_ES","og_type":"article","og_title":"Los Llanos celebra su tradicional ofrenda en honor a La Patrona Nuestra Se\u00f1ora de Los Remedios - Ayuntamiento de Los Llanos de Aridane","og_description":"El Ayuntamiento de Los Llanos de Aridane presenta el cartel y el programa de La Patrona 2021 con el lema \u201cRemedios, m\u00e1s que un nombre.\u201d","og_url":"https:\/\/www.aridane.org\/city\/2023\/06\/11\/los-llanos-celebra-su-tradicional-ofrenda-en-honor-a-la-patrona-nuestra-senora-de-los-remedios\/","og_site_name":"Ayuntamiento de Los Llanos de Aridane","article_published_time":"2023-06-11T11:36:05+00:00","article_modified_time":"2023-07-21T08:18:39+00:00","og_image":[{"width":1920,"height":1280,"url":"https:\/\/www.aridane.org\/city\/wp-content\/uploads\/2023\/06\/Ofrendaok-1.jpg","type":"image\/jpeg"}],"author":"Richard Diaz","twitter_card":"summary_large_image","twitter_misc":{"Escrito por":"Richard Diaz","Tiempo de lectura":"2 minutos"},"schema":{"@context":"https:\/\/schema.org","@graph":[{"@type":"WebPage","@id":"https:\/\/www.aridane.org\/city\/2023\/06\/11\/los-llanos-celebra-su-tradicional-ofrenda-en-honor-a-la-patrona-nuestra-senora-de-los-remedios\/","url":"https:\/\/www.aridane.org\/city\/2023\/06\/11\/los-llanos-celebra-su-tradicional-ofrenda-en-honor-a-la-patrona-nuestra-senora-de-los-remedios\/","name":"Los Llanos celebra su tradicional ofrenda en honor a La Patrona Nuestra Se\u00f1ora de Los Remedios - Ayuntamiento de Los Llanos de Aridane","isPartOf":{"@id":"https:\/\/www.aridane.org\/city\/#website"},"primaryImageOfPage":{"@id":"https:\/\/www.aridane.org\/city\/2023\/06\/11\/los-llanos-celebra-su-tradicional-ofrenda-en-honor-a-la-patrona-nuestra-senora-de-los-remedios\/#primaryimage"},"image":{"@id":"https:\/\/www.aridane.org\/city\/2023\/06\/11\/los-llanos-celebra-su-tradicional-ofrenda-en-honor-a-la-patrona-nuestra-senora-de-los-remedios\/#primaryimage"},"thumbnailUrl":"https:\/\/www.aridane.org\/city\/wp-content\/uploads\/2023\/06\/Ofrendaok-1.jpg","datePublished":"2023-06-11T11:36:05+00:00","dateModified":"2023-07-21T08:18:39+00:00","author":{"@id":"https:\/\/www.aridane.org\/city\/#\/schema\/person\/7d352ec7f29881716f298394432e7209"},"description":"El Ayuntamiento de Los Llanos de Aridane presenta el cartel y el programa de La Patrona 2021 con el lema \u201cRemedios, m\u00e1s que un nombre.\u201d","breadcrumb":{"@id":"https:\/\/www.aridane.org\/city\/2023\/06\/11\/los-llanos-celebra-su-tradicional-ofrenda-en-honor-a-la-patrona-nuestra-senora-de-los-remedios\/#breadcrumb"},"inLanguage":"es","potentialAction":[{"@type":"ReadAction","target":["https:\/\/www.aridane.org\/city\/2023\/06\/11\/los-llanos-celebra-su-tradicional-ofrenda-en-honor-a-la-patrona-nuestra-senora-de-los-remedios\/"]}]},{"@type":"ImageObject","inLanguage":"es","@id":"https:\/\/www.aridane.org\/city\/2023\/06\/11\/los-llanos-celebra-su-tradicional-ofrenda-en-honor-a-la-patrona-nuestra-senora-de-los-remedios\/#primaryimage","url":"https:\/\/www.aridane.org\/city\/wp-content\/uploads\/2023\/06\/Ofrendaok-1.jpg","contentUrl":"https:\/\/www.aridane.org\/city\/wp-content\/uploads\/2023\/06\/Ofrendaok-1.jpg","width":1920,"height":1280},{"@type":"BreadcrumbList","@id":"https:\/\/www.aridane.org\/city\/2023\/06\/11\/los-llanos-celebra-su-tradicional-ofrenda-en-honor-a-la-patrona-nuestra-senora-de-los-remedios\/#breadcrumb","itemListElement":[{"@type":"ListItem","position":1,"name":"Portada","item":"https:\/\/www.aridane.org\/city\/"},{"@type":"ListItem","position":2,"name":"Los Llanos celebra su tradicional ofrenda en honor a La Patrona Nuestra Se\u00f1ora de Los Remedios"}]},{"@type":"WebSite","@id":"https:\/\/www.aridane.org\/city\/#website","url":"https:\/\/www.aridane.org\/city\/","name":"Ayuntamiento de Los Llanos de Aridane","description":"","potentialAction":[{"@type":"SearchAction","target":{"@type":"EntryPoint","urlTemplate":"https:\/\/www.aridane.org\/city\/?s={search_term_string}"},"query-input":"required name=search_term_string"}],"inLanguage":"es"},{"@type":"Person","@id":"https:\/\/www.aridane.org\/city\/#\/schema\/person\/7d352ec7f29881716f298394432e7209","name":"Richard Diaz","image":{"@type":"ImageObject","inLanguage":"es","@id":"https:\/\/www.aridane.org\/city\/#\/schema\/person\/image\/","url":"https:\/\/secure.gravatar.com\/avatar\/bacd6aefc26a4a204943090a4c596cd10f0857081ef3cfd12084a70ecb3161d5?s=96&d=mm&r=g","contentUrl":"https:\/\/secure.gravatar.com\/avatar\/bacd6aefc26a4a204943090a4c596cd10f0857081ef3cfd12084a70ecb3161d5?s=96&d=mm&r=g","caption":"Richard Diaz"},"sameAs":["https:\/\/www.aridane.org\/city"],"url":"https:\/\/www.aridane.org\/city\/author\/richard-diaz\/"}]}},"_links":{"self":[{"href":"https:\/\/www.aridane.org\/city\/wp-json\/wp\/v2\/posts\/1961","targetHints":{"allow":["GET"]}}],"collection":[{"href":"https:\/\/www.aridane.org\/city\/wp-json\/wp\/v2\/posts"}],"about":[{"href":"https:\/\/www.aridane.org\/city\/wp-json\/wp\/v2\/types\/post"}],"author":[{"embeddable":true,"href":"https:\/\/www.aridane.org\/city\/wp-json\/wp\/v2\/users\/1"}],"replies":[{"embeddable":true,"href":"https:\/\/www.aridane.org\/city\/wp-json\/wp\/v2\/comments?post=1961"}],"version-history":[{"count":1,"href":"https:\/\/www.aridane.org\/city\/wp-json\/wp\/v2\/posts\/1961\/revisions"}],"predecessor-version":[{"id":2405,"href":"https:\/\/www.aridane.org\/city\/wp-json\/wp\/v2\/posts\/1961\/revisions\/2405"}],"wp:featuredmedia":[{"embeddable":true,"href":"https:\/\/www.aridane.org\/city\/wp-json\/wp\/v2\/media\/2407"}],"wp:attachment":[{"href":"https:\/\/www.aridane.org\/city\/wp-json\/wp\/v2\/media?parent=1961"}],"wp:term":[{"taxonomy":"category","embeddable":true,"href":"https:\/\/www.aridane.org\/city\/wp-json\/wp\/v2\/categories?post=1961"},{"taxonomy":"post_tag","embeddable":true,"href":"https:\/\/www.aridane.org\/city\/wp-json\/wp\/v2\/tags?post=1961"}],"curies":[{"name":"wp","href":"https:\/\/api.w.org\/{rel}","templated":true}]}}