{"id":1962,"date":"2023-06-12T13:48:33","date_gmt":"2023-06-12T12:48:33","guid":{"rendered":"https:\/\/aridane.org\/ciudad\/?p=1848"},"modified":"2023-07-21T08:14:13","modified_gmt":"2023-07-21T08:14:13","slug":"los-llanos-de-aridane-acoge-este-viernes-la-xvii-edicion-de-la-gala-del-deporte","status":"publish","type":"post","link":"https:\/\/www.aridane.org\/city\/2023\/06\/12\/los-llanos-de-aridane-acoge-este-viernes-la-xvii-edicion-de-la-gala-del-deporte\/","title":{"rendered":"Los Llanos de Aridane acoge este viernes la XVII edici\u00f3n de la Gala del Deporte"},"content":{"rendered":"<section class=\"wpb-content-wrapper\"><p>[vc_row css_animation=\u00bb\u00bb row_type=\u00bbrow\u00bb use_row_as_full_screen_section=\u00bbno\u00bb type=\u00bbfull_width\u00bb angled_section=\u00bbno\u00bb text_align=\u00bbleft\u00bb background_image_as_pattern=\u00bbwithout_pattern\u00bb][vc_column][vc_row_inner row_type=\u00bbrow\u00bb type=\u00bbgrid\u00bb text_align=\u00bbleft\u00bb css_animation=\u00bb\u00bb][vc_column_inner][vc_empty_space height=\u00bb20px\u00bb][vc_empty_space height=\u00bb20px\u00bb][\/vc_column_inner][\/vc_row_inner][vc_column_text]<\/p>\n<ul>\n<li><em>M\u00e1s de 80 deportistas ser\u00e1n reconocidos a partir de las 20:00 horas en la Plaza de Espa\u00f1a.<\/em><\/li>\n<li><em>Garc\u00eda Leal destaca el importante papel que ha jugado y sigue jugando el deporte como elemento dinamizador de Los Llanos de Aridane.<\/em><\/li>\n<\/ul>\n<p>&nbsp;<\/p>\n<p><strong>Los Llanos de Aridane, 12 de junio del 2023.-<\/strong> El Ayuntamiento de Los Llanos de Aridane a trav\u00e9s de la alcaldesa en funciones, Noelia Garc\u00eda Leal, y el concejal de Deportes en funciones, V\u00edctor Gonz\u00e1lez, han confirmado que este viernes, 16 de junio, a partir de las 20:00 en la Plaza de Espa\u00f1a se celebrar\u00e1 la XVII Gala del Deporte\u201d.<\/p>\n<p>Garc\u00eda Leal pone en valor \u201cel importante papel que ha jugado el deporte, especialmente durante los \u00faltimos tres a\u00f1os, como instrumento dinamizador del municipio\u201d. Adem\u00e1s, ha querido felicitar a todos los premiados, y agradecerles, \u201csiempre tener presente y llevar hasta lo m\u00e1s alto el nombre de Los Llanos de Aridane. Este viernes, volveremos a celebrar junto a nuestros deportistas sus triunfos, que tambi\u00e9n lo son de todos los aridanenses\u201d.<\/p>\n<p>Por su parte, V\u00edctor Gonz\u00e1lez explica que en la Gala se reconocer\u00e1 a m\u00e1s de 80 deportistas que han obtenido p\u00f3dium durante el 2022, as\u00ed como a los que se han clasificado dentro de los tres primeros puestos en los campeonatos de Canarias o que han obtenido plaza dentro de los 10 primeros clasificados a nivel nacional. La gala, afirma, \u00a0estar\u00e1 conducida por los periodistas Nacho Feliciano y D\u00e9borah Sabina, \u201cy adem\u00e1s, contaremos con la intervenci\u00f3n de la periodista de Televisi\u00f3n Espa\u00f1ola Paloma del R\u00edo que pone su voz a las competiciones de gimnasia r\u00edtmica, art\u00edstica, patinaje art\u00edstico o h\u00edpica, entre otros\u201d.<\/p>\n<p>El concejal confirma que este a\u00f1o el \u2018Galard\u00f3n a la Mejor Deportista Femenina 2022 Rosana Sim\u00f3n \u00c1lamo&#8217; es para Nubia Afonso Casimiro, mientras que el \u2018Galard\u00f3n al Mejor Deportista Masculino 2022 Rosana Sim\u00f3n \u00c1lamo\u2019 es para Toni Santana Yanes. Los premios especiales al deporte han reca\u00eddo en el Club Baloncesto Aridane, Santiago Concepci\u00f3n Acosta, y el Club Deportivo Hilera, \u00abcomo mejor gesti\u00f3n deportiva por su palmeres deportivo y mayor n\u00famero de licencias federativas\u201d.[\/vc_column_text][\/vc_column][\/vc_row]<\/p>\n<\/section>","protected":false},"excerpt":{"rendered":"<p>[vc_row css_animation=\u00bb\u00bb row_type=\u00bbrow\u00bb use_row_as_full_screen_section=\u00bbno\u00bb type=\u00bbfull_width\u00bb angled_section=\u00bbno\u00bb text_align=\u00bbleft\u00bb background_image_as_pattern=\u00bbwithout_pattern\u00bb][vc_column][vc_row_inner row_type=\u00bbrow\u00bb type=\u00bbgrid\u00bb text_align=\u00bbleft\u00bb css_animation=\u00bb\u00bb][vc_column_inner][vc_empty_space height=\u00bb20px\u00bb][vc_empty_space height=\u00bb20px\u00bb][\/vc_column_inner][\/vc_row_inner][vc_column_text] M\u00e1s de 80 deportistas ser\u00e1n reconocidos a partir de las 20:00 horas en la Plaza de Espa\u00f1a. Garc\u00eda Leal destaca el importante papel que ha jugado y sigue jugando el deporte&#8230;<\/p>\n","protected":false},"author":1,"featured_media":2402,"comment_status":"closed","ping_status":"open","sticky":false,"template":"","format":"standard","meta":{"footnotes":""},"categories":[6],"tags":[],"class_list":["post-1962","post","type-post","status-publish","format-standard","has-post-thumbnail","hentry","category-prensa"],"yoast_head":"<!-- This site is optimized with the Yoast SEO plugin v22.7 - https:\/\/yoast.com\/wordpress\/plugins\/seo\/ -->\n<title>Los Llanos de Aridane acoge este viernes la XVII edici\u00f3n de la Gala del Deporte - Ayuntamiento de Los Llanos de Aridane<\/title>\n<meta name=\"description\" content=\"El Ayuntamiento de Los Llanos de Aridane presenta el cartel y el programa de La Patrona 2021 con el lema \u201cRemedios, m\u00e1s que un nombre.\u201d\" \/>\n<meta name=\"robots\" content=\"index, follow, max-snippet:-1, max-image-preview:large, max-video-preview:-1\" \/>\n<link rel=\"canonical\" href=\"https:\/\/www.aridane.org\/city\/2023\/06\/12\/los-llanos-de-aridane-acoge-este-viernes-la-xvii-edicion-de-la-gala-del-deporte\/\" \/>\n<meta property=\"og:locale\" content=\"es_ES\" \/>\n<meta property=\"og:type\" content=\"article\" \/>\n<meta property=\"og:title\" content=\"Los Llanos de Aridane acoge este viernes la XVII edici\u00f3n de la Gala del Deporte - Ayuntamiento de Los Llanos de Aridane\" \/>\n<meta property=\"og:description\" content=\"El Ayuntamiento de Los Llanos de Aridane presenta el cartel y el programa de La Patrona 2021 con el lema \u201cRemedios, m\u00e1s que un nombre.\u201d\" \/>\n<meta property=\"og:url\" content=\"https:\/\/www.aridane.org\/city\/2023\/06\/12\/los-llanos-de-aridane-acoge-este-viernes-la-xvii-edicion-de-la-gala-del-deporte\/\" \/>\n<meta property=\"og:site_name\" content=\"Ayuntamiento de Los Llanos de Aridane\" \/>\n<meta property=\"article:published_time\" content=\"2023-06-12T12:48:33+00:00\" \/>\n<meta property=\"article:modified_time\" content=\"2023-07-21T08:14:13+00:00\" \/>\n<meta property=\"og:image\" content=\"https:\/\/www.aridane.org\/city\/wp-content\/uploads\/2023\/06\/Concejal_de_Deportes_Vitor_Gonzalezok.jpg\" \/>\n\t<meta property=\"og:image:width\" content=\"999\" \/>\n\t<meta property=\"og:image:height\" content=\"749\" \/>\n\t<meta property=\"og:image:type\" content=\"image\/jpeg\" \/>\n<meta name=\"author\" content=\"Richard Diaz\" \/>\n<meta name=\"twitter:card\" content=\"summary_large_image\" \/>\n<meta name=\"twitter:label1\" content=\"Escrito por\" \/>\n\t<meta name=\"twitter:data1\" content=\"Richard Diaz\" \/>\n\t<meta name=\"twitter:label2\" content=\"Tiempo de lectura\" \/>\n\t<meta name=\"twitter:data2\" content=\"2 minutos\" \/>\n<script type=\"application\/ld+json\" class=\"yoast-schema-graph\">{\"@context\":\"https:\/\/schema.org\",\"@graph\":[{\"@type\":\"WebPage\",\"@id\":\"https:\/\/www.aridane.org\/city\/2023\/06\/12\/los-llanos-de-aridane-acoge-este-viernes-la-xvii-edicion-de-la-gala-del-deporte\/\",\"url\":\"https:\/\/www.aridane.org\/city\/2023\/06\/12\/los-llanos-de-aridane-acoge-este-viernes-la-xvii-edicion-de-la-gala-del-deporte\/\",\"name\":\"Los Llanos de Aridane acoge este viernes la XVII edici\u00f3n de la Gala del Deporte - Ayuntamiento de Los Llanos de Aridane\",\"isPartOf\":{\"@id\":\"https:\/\/www.aridane.org\/city\/#website\"},\"primaryImageOfPage\":{\"@id\":\"https:\/\/www.aridane.org\/city\/2023\/06\/12\/los-llanos-de-aridane-acoge-este-viernes-la-xvii-edicion-de-la-gala-del-deporte\/#primaryimage\"},\"image\":{\"@id\":\"https:\/\/www.aridane.org\/city\/2023\/06\/12\/los-llanos-de-aridane-acoge-este-viernes-la-xvii-edicion-de-la-gala-del-deporte\/#primaryimage\"},\"thumbnailUrl\":\"https:\/\/www.aridane.org\/city\/wp-content\/uploads\/2023\/06\/Concejal_de_Deportes_Vitor_Gonzalezok.jpg\",\"datePublished\":\"2023-06-12T12:48:33+00:00\",\"dateModified\":\"2023-07-21T08:14:13+00:00\",\"author\":{\"@id\":\"https:\/\/www.aridane.org\/city\/#\/schema\/person\/7d352ec7f29881716f298394432e7209\"},\"description\":\"El Ayuntamiento de Los Llanos de Aridane presenta el cartel y el programa de La Patrona 2021 con el lema \u201cRemedios, m\u00e1s que un nombre.\u201d\",\"breadcrumb\":{\"@id\":\"https:\/\/www.aridane.org\/city\/2023\/06\/12\/los-llanos-de-aridane-acoge-este-viernes-la-xvii-edicion-de-la-gala-del-deporte\/#breadcrumb\"},\"inLanguage\":\"es\",\"potentialAction\":[{\"@type\":\"ReadAction\",\"target\":[\"https:\/\/www.aridane.org\/city\/2023\/06\/12\/los-llanos-de-aridane-acoge-este-viernes-la-xvii-edicion-de-la-gala-del-deporte\/\"]}]},{\"@type\":\"ImageObject\",\"inLanguage\":\"es\",\"@id\":\"https:\/\/www.aridane.org\/city\/2023\/06\/12\/los-llanos-de-aridane-acoge-este-viernes-la-xvii-edicion-de-la-gala-del-deporte\/#primaryimage\",\"url\":\"https:\/\/www.aridane.org\/city\/wp-content\/uploads\/2023\/06\/Concejal_de_Deportes_Vitor_Gonzalezok.jpg\",\"contentUrl\":\"https:\/\/www.aridane.org\/city\/wp-content\/uploads\/2023\/06\/Concejal_de_Deportes_Vitor_Gonzalezok.jpg\",\"width\":999,\"height\":749},{\"@type\":\"BreadcrumbList\",\"@id\":\"https:\/\/www.aridane.org\/city\/2023\/06\/12\/los-llanos-de-aridane-acoge-este-viernes-la-xvii-edicion-de-la-gala-del-deporte\/#breadcrumb\",\"itemListElement\":[{\"@type\":\"ListItem\",\"position\":1,\"name\":\"Portada\",\"item\":\"https:\/\/www.aridane.org\/city\/\"},{\"@type\":\"ListItem\",\"position\":2,\"name\":\"Los Llanos de Aridane acoge este viernes la XVII edici\u00f3n de la Gala del Deporte\"}]},{\"@type\":\"WebSite\",\"@id\":\"https:\/\/www.aridane.org\/city\/#website\",\"url\":\"https:\/\/www.aridane.org\/city\/\",\"name\":\"Ayuntamiento de Los Llanos de Aridane\",\"description\":\"\",\"potentialAction\":[{\"@type\":\"SearchAction\",\"target\":{\"@type\":\"EntryPoint\",\"urlTemplate\":\"https:\/\/www.aridane.org\/city\/?s={search_term_string}\"},\"query-input\":\"required name=search_term_string\"}],\"inLanguage\":\"es\"},{\"@type\":\"Person\",\"@id\":\"https:\/\/www.aridane.org\/city\/#\/schema\/person\/7d352ec7f29881716f298394432e7209\",\"name\":\"Richard Diaz\",\"image\":{\"@type\":\"ImageObject\",\"inLanguage\":\"es\",\"@id\":\"https:\/\/www.aridane.org\/city\/#\/schema\/person\/image\/\",\"url\":\"https:\/\/secure.gravatar.com\/avatar\/bacd6aefc26a4a204943090a4c596cd10f0857081ef3cfd12084a70ecb3161d5?s=96&d=mm&r=g\",\"contentUrl\":\"https:\/\/secure.gravatar.com\/avatar\/bacd6aefc26a4a204943090a4c596cd10f0857081ef3cfd12084a70ecb3161d5?s=96&d=mm&r=g\",\"caption\":\"Richard Diaz\"},\"sameAs\":[\"https:\/\/www.aridane.org\/city\"],\"url\":\"https:\/\/www.aridane.org\/city\/author\/richard-diaz\/\"}]}<\/script>\n<!-- \/ Yoast SEO plugin. -->","yoast_head_json":{"title":"Los Llanos de Aridane acoge este viernes la XVII edici\u00f3n de la Gala del Deporte - Ayuntamiento de Los Llanos de Aridane","description":"El Ayuntamiento de Los Llanos de Aridane presenta el cartel y el programa de La Patrona 2021 con el lema \u201cRemedios, m\u00e1s que un nombre.\u201d","robots":{"index":"index","follow":"follow","max-snippet":"max-snippet:-1","max-image-preview":"max-image-preview:large","max-video-preview":"max-video-preview:-1"},"canonical":"https:\/\/www.aridane.org\/city\/2023\/06\/12\/los-llanos-de-aridane-acoge-este-viernes-la-xvii-edicion-de-la-gala-del-deporte\/","og_locale":"es_ES","og_type":"article","og_title":"Los Llanos de Aridane acoge este viernes la XVII edici\u00f3n de la Gala del Deporte - Ayuntamiento de Los Llanos de Aridane","og_description":"El Ayuntamiento de Los Llanos de Aridane presenta el cartel y el programa de La Patrona 2021 con el lema \u201cRemedios, m\u00e1s que un nombre.\u201d","og_url":"https:\/\/www.aridane.org\/city\/2023\/06\/12\/los-llanos-de-aridane-acoge-este-viernes-la-xvii-edicion-de-la-gala-del-deporte\/","og_site_name":"Ayuntamiento de Los Llanos de Aridane","article_published_time":"2023-06-12T12:48:33+00:00","article_modified_time":"2023-07-21T08:14:13+00:00","og_image":[{"width":999,"height":749,"url":"https:\/\/www.aridane.org\/city\/wp-content\/uploads\/2023\/06\/Concejal_de_Deportes_Vitor_Gonzalezok.jpg","type":"image\/jpeg"}],"author":"Richard Diaz","twitter_card":"summary_large_image","twitter_misc":{"Escrito por":"Richard Diaz","Tiempo de lectura":"2 minutos"},"schema":{"@context":"https:\/\/schema.org","@graph":[{"@type":"WebPage","@id":"https:\/\/www.aridane.org\/city\/2023\/06\/12\/los-llanos-de-aridane-acoge-este-viernes-la-xvii-edicion-de-la-gala-del-deporte\/","url":"https:\/\/www.aridane.org\/city\/2023\/06\/12\/los-llanos-de-aridane-acoge-este-viernes-la-xvii-edicion-de-la-gala-del-deporte\/","name":"Los Llanos de Aridane acoge este viernes la XVII edici\u00f3n de la Gala del Deporte - Ayuntamiento de Los Llanos de Aridane","isPartOf":{"@id":"https:\/\/www.aridane.org\/city\/#website"},"primaryImageOfPage":{"@id":"https:\/\/www.aridane.org\/city\/2023\/06\/12\/los-llanos-de-aridane-acoge-este-viernes-la-xvii-edicion-de-la-gala-del-deporte\/#primaryimage"},"image":{"@id":"https:\/\/www.aridane.org\/city\/2023\/06\/12\/los-llanos-de-aridane-acoge-este-viernes-la-xvii-edicion-de-la-gala-del-deporte\/#primaryimage"},"thumbnailUrl":"https:\/\/www.aridane.org\/city\/wp-content\/uploads\/2023\/06\/Concejal_de_Deportes_Vitor_Gonzalezok.jpg","datePublished":"2023-06-12T12:48:33+00:00","dateModified":"2023-07-21T08:14:13+00:00","author":{"@id":"https:\/\/www.aridane.org\/city\/#\/schema\/person\/7d352ec7f29881716f298394432e7209"},"description":"El Ayuntamiento de Los Llanos de Aridane presenta el cartel y el programa de La Patrona 2021 con el lema \u201cRemedios, m\u00e1s que un nombre.\u201d","breadcrumb":{"@id":"https:\/\/www.aridane.org\/city\/2023\/06\/12\/los-llanos-de-aridane-acoge-este-viernes-la-xvii-edicion-de-la-gala-del-deporte\/#breadcrumb"},"inLanguage":"es","potentialAction":[{"@type":"ReadAction","target":["https:\/\/www.aridane.org\/city\/2023\/06\/12\/los-llanos-de-aridane-acoge-este-viernes-la-xvii-edicion-de-la-gala-del-deporte\/"]}]},{"@type":"ImageObject","inLanguage":"es","@id":"https:\/\/www.aridane.org\/city\/2023\/06\/12\/los-llanos-de-aridane-acoge-este-viernes-la-xvii-edicion-de-la-gala-del-deporte\/#primaryimage","url":"https:\/\/www.aridane.org\/city\/wp-content\/uploads\/2023\/06\/Concejal_de_Deportes_Vitor_Gonzalezok.jpg","contentUrl":"https:\/\/www.aridane.org\/city\/wp-content\/uploads\/2023\/06\/Concejal_de_Deportes_Vitor_Gonzalezok.jpg","width":999,"height":749},{"@type":"BreadcrumbList","@id":"https:\/\/www.aridane.org\/city\/2023\/06\/12\/los-llanos-de-aridane-acoge-este-viernes-la-xvii-edicion-de-la-gala-del-deporte\/#breadcrumb","itemListElement":[{"@type":"ListItem","position":1,"name":"Portada","item":"https:\/\/www.aridane.org\/city\/"},{"@type":"ListItem","position":2,"name":"Los Llanos de Aridane acoge este viernes la XVII edici\u00f3n de la Gala del Deporte"}]},{"@type":"WebSite","@id":"https:\/\/www.aridane.org\/city\/#website","url":"https:\/\/www.aridane.org\/city\/","name":"Ayuntamiento de Los Llanos de Aridane","description":"","potentialAction":[{"@type":"SearchAction","target":{"@type":"EntryPoint","urlTemplate":"https:\/\/www.aridane.org\/city\/?s={search_term_string}"},"query-input":"required name=search_term_string"}],"inLanguage":"es"},{"@type":"Person","@id":"https:\/\/www.aridane.org\/city\/#\/schema\/person\/7d352ec7f29881716f298394432e7209","name":"Richard Diaz","image":{"@type":"ImageObject","inLanguage":"es","@id":"https:\/\/www.aridane.org\/city\/#\/schema\/person\/image\/","url":"https:\/\/secure.gravatar.com\/avatar\/bacd6aefc26a4a204943090a4c596cd10f0857081ef3cfd12084a70ecb3161d5?s=96&d=mm&r=g","contentUrl":"https:\/\/secure.gravatar.com\/avatar\/bacd6aefc26a4a204943090a4c596cd10f0857081ef3cfd12084a70ecb3161d5?s=96&d=mm&r=g","caption":"Richard Diaz"},"sameAs":["https:\/\/www.aridane.org\/city"],"url":"https:\/\/www.aridane.org\/city\/author\/richard-diaz\/"}]}},"_links":{"self":[{"href":"https:\/\/www.aridane.org\/city\/wp-json\/wp\/v2\/posts\/1962","targetHints":{"allow":["GET"]}}],"collection":[{"href":"https:\/\/www.aridane.org\/city\/wp-json\/wp\/v2\/posts"}],"about":[{"href":"https:\/\/www.aridane.org\/city\/wp-json\/wp\/v2\/types\/post"}],"author":[{"embeddable":true,"href":"https:\/\/www.aridane.org\/city\/wp-json\/wp\/v2\/users\/1"}],"replies":[{"embeddable":true,"href":"https:\/\/www.aridane.org\/city\/wp-json\/wp\/v2\/comments?post=1962"}],"version-history":[{"count":1,"href":"https:\/\/www.aridane.org\/city\/wp-json\/wp\/v2\/posts\/1962\/revisions"}],"predecessor-version":[{"id":2403,"href":"https:\/\/www.aridane.org\/city\/wp-json\/wp\/v2\/posts\/1962\/revisions\/2403"}],"wp:featuredmedia":[{"embeddable":true,"href":"https:\/\/www.aridane.org\/city\/wp-json\/wp\/v2\/media\/2402"}],"wp:attachment":[{"href":"https:\/\/www.aridane.org\/city\/wp-json\/wp\/v2\/media?parent=1962"}],"wp:term":[{"taxonomy":"category","embeddable":true,"href":"https:\/\/www.aridane.org\/city\/wp-json\/wp\/v2\/categories?post=1962"},{"taxonomy":"post_tag","embeddable":true,"href":"https:\/\/www.aridane.org\/city\/wp-json\/wp\/v2\/tags?post=1962"}],"curies":[{"name":"wp","href":"https:\/\/api.w.org\/{rel}","templated":true}]}}