{"id":1963,"date":"2023-06-13T11:16:01","date_gmt":"2023-06-13T10:16:01","guid":{"rendered":"https:\/\/aridane.org\/ciudad\/?p=1851"},"modified":"2023-07-21T08:11:44","modified_gmt":"2023-07-21T08:11:44","slug":"david-y-felipe-ramos-perez-donan-al-archivo-municipal-de-los-llanos-de-aridane-20-cajas-con-ejemplares-de-periodicos-publicados-en-la-palma-entre-los-anos-1992-y-2012","status":"publish","type":"post","link":"https:\/\/www.aridane.org\/city\/2023\/06\/13\/david-y-felipe-ramos-perez-donan-al-archivo-municipal-de-los-llanos-de-aridane-20-cajas-con-ejemplares-de-periodicos-publicados-en-la-palma-entre-los-anos-1992-y-2012\/","title":{"rendered":"David y Felipe Ramos P\u00e9rez  donan al Archivo Municipal de Los Llanos de Aridane 20 cajas con ejemplares de peri\u00f3dicos publicados en La Palma entre los a\u00f1os 1992 y 2012"},"content":{"rendered":"<section class=\"wpb-content-wrapper\"><p>[vc_row css_animation=\u00bb\u00bb row_type=\u00bbrow\u00bb use_row_as_full_screen_section=\u00bbno\u00bb type=\u00bbfull_width\u00bb angled_section=\u00bbno\u00bb text_align=\u00bbleft\u00bb background_image_as_pattern=\u00bbwithout_pattern\u00bb][vc_column][vc_row_inner row_type=\u00bbrow\u00bb type=\u00bbgrid\u00bb text_align=\u00bbleft\u00bb css_animation=\u00bb\u00bb][vc_column_inner][vc_empty_space height=\u00bb20px\u00bb][vc_empty_space height=\u00bb20px\u00bb][\/vc_column_inner][\/vc_row_inner][vc_column_text]<\/p>\n<ul>\n<li>Se trata de n\u00fameros de El Time Palmero, La Hoja, La Voz de La Palma y La Isla de La Palma.<\/li>\n<\/ul>\n<p>&nbsp;<\/p>\n<p><strong>Los Llanos de Aridane, 13 de junio de 2023.- <\/strong>El Ayuntamiento de Los Llanos de Aridane a trav\u00e9s de la concejal de Cultura en funciones, Charo Gonz\u00e1lez, ha agradecido a los hermanos David y Felipe Ramos P\u00e9rez \u201cla donaci\u00f3n de 20 cajas con ejemplares de peri\u00f3dicos publicados en la Isla Bonita entre los a\u00f1os 1992 y 2012\u201d.<\/p>\n<p>Charo Gonz\u00e1lez explica que se trata de n\u00fameros de El Time Palmero, La Hoja, La Voz de La Palma y La Isla de La Palma. Adem\u00e1s, defiende que \u201cun archivo municipal se alimenta de las colecciones y recuerdos de generaciones familiares o institucionales, y del buen hacer de quienes trabajan en ellos. A lo largo de estos ocho a\u00f1os he podido comprobar como ambos aspectos se han conjugado haciendo del de Los Llanos de Aridane uno de los m\u00e1s interesantes de la isla. Mi agradecimiento a la familia Ramos P\u00e9rez por esta donaci\u00f3n que viene a enriquecer el fondo, y a Miguel Santiago por ser alma y motor del archivo municipal\u201d.<\/p>\n<p>Por su parte, Felipe Ramos P\u00e9rez afirma que \u201cse trata de m\u00e1s de 500 peri\u00f3dicos, y miles de p\u00e1ginas que pueden contribuir al estudio de la realidad pol\u00edtica, econ\u00f3mica y social de la isla en las d\u00e9cadas de los a\u00f1os 90 y 2000, cuando incluso varios peri\u00f3dicos en papel llegaron a publicarse simult\u00e1neamente.\u201d<\/p>\n<p>Ramos P\u00e9rez, en nombre de la familia que ha realizado la donaci\u00f3n, \u201cagradece el inter\u00e9s mostrado por Miguel Santiago, archivero municipal y por Charo Gonz\u00e1lez, concejala de cultura, quienes desde un principio aceptaron la propuesta.\u201d[\/vc_column_text][\/vc_column][\/vc_row]<\/p>\n<\/section>","protected":false},"excerpt":{"rendered":"<p>[vc_row css_animation=\u00bb\u00bb row_type=\u00bbrow\u00bb use_row_as_full_screen_section=\u00bbno\u00bb type=\u00bbfull_width\u00bb angled_section=\u00bbno\u00bb text_align=\u00bbleft\u00bb background_image_as_pattern=\u00bbwithout_pattern\u00bb][vc_column][vc_row_inner row_type=\u00bbrow\u00bb type=\u00bbgrid\u00bb text_align=\u00bbleft\u00bb css_animation=\u00bb\u00bb][vc_column_inner][vc_empty_space height=\u00bb20px\u00bb][vc_empty_space height=\u00bb20px\u00bb][\/vc_column_inner][\/vc_row_inner][vc_column_text] Se trata de n\u00fameros de El Time Palmero, La Hoja, La Voz de La Palma y La Isla de La Palma. &nbsp; Los Llanos de Aridane, 13 de junio de 2023.-&#8230;<\/p>\n","protected":false},"author":1,"featured_media":2400,"comment_status":"closed","ping_status":"open","sticky":false,"template":"","format":"standard","meta":{"footnotes":""},"categories":[6],"tags":[],"class_list":["post-1963","post","type-post","status-publish","format-standard","has-post-thumbnail","hentry","category-prensa"],"yoast_head":"<!-- This site is optimized with the Yoast SEO plugin v22.7 - https:\/\/yoast.com\/wordpress\/plugins\/seo\/ -->\n<title>David y Felipe Ramos P\u00e9rez donan al Archivo Municipal de Los Llanos de Aridane 20 cajas con ejemplares de peri\u00f3dicos publicados en La Palma entre los a\u00f1os 1992 y 2012 - Ayuntamiento de Los Llanos de Aridane<\/title>\n<meta name=\"description\" content=\"El Ayuntamiento de Los Llanos de Aridane presenta el cartel y el programa de La Patrona 2021 con el lema \u201cRemedios, m\u00e1s que un nombre.\u201d\" \/>\n<meta name=\"robots\" content=\"index, follow, max-snippet:-1, max-image-preview:large, max-video-preview:-1\" \/>\n<link rel=\"canonical\" href=\"https:\/\/www.aridane.org\/city\/2023\/06\/13\/david-y-felipe-ramos-perez-donan-al-archivo-municipal-de-los-llanos-de-aridane-20-cajas-con-ejemplares-de-periodicos-publicados-en-la-palma-entre-los-anos-1992-y-2012\/\" \/>\n<meta property=\"og:locale\" content=\"es_ES\" \/>\n<meta property=\"og:type\" content=\"article\" \/>\n<meta property=\"og:title\" content=\"David y Felipe Ramos P\u00e9rez donan al Archivo Municipal de Los Llanos de Aridane 20 cajas con ejemplares de peri\u00f3dicos publicados en La Palma entre los a\u00f1os 1992 y 2012 - Ayuntamiento de Los Llanos de Aridane\" \/>\n<meta property=\"og:description\" content=\"El Ayuntamiento de Los Llanos de Aridane presenta el cartel y el programa de La Patrona 2021 con el lema \u201cRemedios, m\u00e1s que un nombre.\u201d\" \/>\n<meta property=\"og:url\" content=\"https:\/\/www.aridane.org\/city\/2023\/06\/13\/david-y-felipe-ramos-perez-donan-al-archivo-municipal-de-los-llanos-de-aridane-20-cajas-con-ejemplares-de-periodicos-publicados-en-la-palma-entre-los-anos-1992-y-2012\/\" \/>\n<meta property=\"og:site_name\" content=\"Ayuntamiento de Los Llanos de Aridane\" \/>\n<meta property=\"article:published_time\" content=\"2023-06-13T10:16:01+00:00\" \/>\n<meta property=\"article:modified_time\" content=\"2023-07-21T08:11:44+00:00\" \/>\n<meta property=\"og:image\" content=\"https:\/\/www.aridane.org\/city\/wp-content\/uploads\/2023\/06\/David-y-Felipe-Ramos-Perez-donan-1.jpg\" \/>\n\t<meta property=\"og:image:width\" content=\"1920\" \/>\n\t<meta property=\"og:image:height\" content=\"1280\" \/>\n\t<meta property=\"og:image:type\" content=\"image\/jpeg\" \/>\n<meta name=\"author\" content=\"Richard Diaz\" \/>\n<meta name=\"twitter:card\" content=\"summary_large_image\" \/>\n<meta name=\"twitter:label1\" content=\"Escrito por\" \/>\n\t<meta name=\"twitter:data1\" content=\"Richard Diaz\" \/>\n\t<meta name=\"twitter:label2\" content=\"Tiempo de lectura\" \/>\n\t<meta name=\"twitter:data2\" content=\"2 minutos\" \/>\n<script type=\"application\/ld+json\" class=\"yoast-schema-graph\">{\"@context\":\"https:\/\/schema.org\",\"@graph\":[{\"@type\":\"WebPage\",\"@id\":\"https:\/\/www.aridane.org\/city\/2023\/06\/13\/david-y-felipe-ramos-perez-donan-al-archivo-municipal-de-los-llanos-de-aridane-20-cajas-con-ejemplares-de-periodicos-publicados-en-la-palma-entre-los-anos-1992-y-2012\/\",\"url\":\"https:\/\/www.aridane.org\/city\/2023\/06\/13\/david-y-felipe-ramos-perez-donan-al-archivo-municipal-de-los-llanos-de-aridane-20-cajas-con-ejemplares-de-periodicos-publicados-en-la-palma-entre-los-anos-1992-y-2012\/\",\"name\":\"David y Felipe Ramos P\u00e9rez donan al Archivo Municipal de Los Llanos de Aridane 20 cajas con ejemplares de peri\u00f3dicos publicados en La Palma entre los a\u00f1os 1992 y 2012 - Ayuntamiento de Los Llanos de Aridane\",\"isPartOf\":{\"@id\":\"https:\/\/www.aridane.org\/city\/#website\"},\"primaryImageOfPage\":{\"@id\":\"https:\/\/www.aridane.org\/city\/2023\/06\/13\/david-y-felipe-ramos-perez-donan-al-archivo-municipal-de-los-llanos-de-aridane-20-cajas-con-ejemplares-de-periodicos-publicados-en-la-palma-entre-los-anos-1992-y-2012\/#primaryimage\"},\"image\":{\"@id\":\"https:\/\/www.aridane.org\/city\/2023\/06\/13\/david-y-felipe-ramos-perez-donan-al-archivo-municipal-de-los-llanos-de-aridane-20-cajas-con-ejemplares-de-periodicos-publicados-en-la-palma-entre-los-anos-1992-y-2012\/#primaryimage\"},\"thumbnailUrl\":\"https:\/\/www.aridane.org\/city\/wp-content\/uploads\/2023\/06\/David-y-Felipe-Ramos-Perez-donan-1.jpg\",\"datePublished\":\"2023-06-13T10:16:01+00:00\",\"dateModified\":\"2023-07-21T08:11:44+00:00\",\"author\":{\"@id\":\"https:\/\/www.aridane.org\/city\/#\/schema\/person\/7d352ec7f29881716f298394432e7209\"},\"description\":\"El Ayuntamiento de Los Llanos de Aridane presenta el cartel y el programa de La Patrona 2021 con el lema \u201cRemedios, m\u00e1s que un nombre.\u201d\",\"breadcrumb\":{\"@id\":\"https:\/\/www.aridane.org\/city\/2023\/06\/13\/david-y-felipe-ramos-perez-donan-al-archivo-municipal-de-los-llanos-de-aridane-20-cajas-con-ejemplares-de-periodicos-publicados-en-la-palma-entre-los-anos-1992-y-2012\/#breadcrumb\"},\"inLanguage\":\"es\",\"potentialAction\":[{\"@type\":\"ReadAction\",\"target\":[\"https:\/\/www.aridane.org\/city\/2023\/06\/13\/david-y-felipe-ramos-perez-donan-al-archivo-municipal-de-los-llanos-de-aridane-20-cajas-con-ejemplares-de-periodicos-publicados-en-la-palma-entre-los-anos-1992-y-2012\/\"]}]},{\"@type\":\"ImageObject\",\"inLanguage\":\"es\",\"@id\":\"https:\/\/www.aridane.org\/city\/2023\/06\/13\/david-y-felipe-ramos-perez-donan-al-archivo-municipal-de-los-llanos-de-aridane-20-cajas-con-ejemplares-de-periodicos-publicados-en-la-palma-entre-los-anos-1992-y-2012\/#primaryimage\",\"url\":\"https:\/\/www.aridane.org\/city\/wp-content\/uploads\/2023\/06\/David-y-Felipe-Ramos-Perez-donan-1.jpg\",\"contentUrl\":\"https:\/\/www.aridane.org\/city\/wp-content\/uploads\/2023\/06\/David-y-Felipe-Ramos-Perez-donan-1.jpg\",\"width\":1920,\"height\":1280},{\"@type\":\"BreadcrumbList\",\"@id\":\"https:\/\/www.aridane.org\/city\/2023\/06\/13\/david-y-felipe-ramos-perez-donan-al-archivo-municipal-de-los-llanos-de-aridane-20-cajas-con-ejemplares-de-periodicos-publicados-en-la-palma-entre-los-anos-1992-y-2012\/#breadcrumb\",\"itemListElement\":[{\"@type\":\"ListItem\",\"position\":1,\"name\":\"Portada\",\"item\":\"https:\/\/www.aridane.org\/city\/\"},{\"@type\":\"ListItem\",\"position\":2,\"name\":\"David y Felipe Ramos P\u00e9rez donan al Archivo Municipal de Los Llanos de Aridane 20 cajas con ejemplares de peri\u00f3dicos publicados en La Palma entre los a\u00f1os 1992 y 2012\"}]},{\"@type\":\"WebSite\",\"@id\":\"https:\/\/www.aridane.org\/city\/#website\",\"url\":\"https:\/\/www.aridane.org\/city\/\",\"name\":\"Ayuntamiento de Los Llanos de Aridane\",\"description\":\"\",\"potentialAction\":[{\"@type\":\"SearchAction\",\"target\":{\"@type\":\"EntryPoint\",\"urlTemplate\":\"https:\/\/www.aridane.org\/city\/?s={search_term_string}\"},\"query-input\":\"required name=search_term_string\"}],\"inLanguage\":\"es\"},{\"@type\":\"Person\",\"@id\":\"https:\/\/www.aridane.org\/city\/#\/schema\/person\/7d352ec7f29881716f298394432e7209\",\"name\":\"Richard Diaz\",\"image\":{\"@type\":\"ImageObject\",\"inLanguage\":\"es\",\"@id\":\"https:\/\/www.aridane.org\/city\/#\/schema\/person\/image\/\",\"url\":\"https:\/\/secure.gravatar.com\/avatar\/bacd6aefc26a4a204943090a4c596cd10f0857081ef3cfd12084a70ecb3161d5?s=96&d=mm&r=g\",\"contentUrl\":\"https:\/\/secure.gravatar.com\/avatar\/bacd6aefc26a4a204943090a4c596cd10f0857081ef3cfd12084a70ecb3161d5?s=96&d=mm&r=g\",\"caption\":\"Richard Diaz\"},\"sameAs\":[\"https:\/\/www.aridane.org\/city\"],\"url\":\"https:\/\/www.aridane.org\/city\/author\/richard-diaz\/\"}]}<\/script>\n<!-- \/ Yoast SEO plugin. -->","yoast_head_json":{"title":"David y Felipe Ramos P\u00e9rez donan al Archivo Municipal de Los Llanos de Aridane 20 cajas con ejemplares de peri\u00f3dicos publicados en La Palma entre los a\u00f1os 1992 y 2012 - Ayuntamiento de Los Llanos de Aridane","description":"El Ayuntamiento de Los Llanos de Aridane presenta el cartel y el programa de La Patrona 2021 con el lema \u201cRemedios, m\u00e1s que un nombre.\u201d","robots":{"index":"index","follow":"follow","max-snippet":"max-snippet:-1","max-image-preview":"max-image-preview:large","max-video-preview":"max-video-preview:-1"},"canonical":"https:\/\/www.aridane.org\/city\/2023\/06\/13\/david-y-felipe-ramos-perez-donan-al-archivo-municipal-de-los-llanos-de-aridane-20-cajas-con-ejemplares-de-periodicos-publicados-en-la-palma-entre-los-anos-1992-y-2012\/","og_locale":"es_ES","og_type":"article","og_title":"David y Felipe Ramos P\u00e9rez donan al Archivo Municipal de Los Llanos de Aridane 20 cajas con ejemplares de peri\u00f3dicos publicados en La Palma entre los a\u00f1os 1992 y 2012 - Ayuntamiento de Los Llanos de Aridane","og_description":"El Ayuntamiento de Los Llanos de Aridane presenta el cartel y el programa de La Patrona 2021 con el lema \u201cRemedios, m\u00e1s que un nombre.\u201d","og_url":"https:\/\/www.aridane.org\/city\/2023\/06\/13\/david-y-felipe-ramos-perez-donan-al-archivo-municipal-de-los-llanos-de-aridane-20-cajas-con-ejemplares-de-periodicos-publicados-en-la-palma-entre-los-anos-1992-y-2012\/","og_site_name":"Ayuntamiento de Los Llanos de Aridane","article_published_time":"2023-06-13T10:16:01+00:00","article_modified_time":"2023-07-21T08:11:44+00:00","og_image":[{"width":1920,"height":1280,"url":"https:\/\/www.aridane.org\/city\/wp-content\/uploads\/2023\/06\/David-y-Felipe-Ramos-Perez-donan-1.jpg","type":"image\/jpeg"}],"author":"Richard Diaz","twitter_card":"summary_large_image","twitter_misc":{"Escrito por":"Richard Diaz","Tiempo de lectura":"2 minutos"},"schema":{"@context":"https:\/\/schema.org","@graph":[{"@type":"WebPage","@id":"https:\/\/www.aridane.org\/city\/2023\/06\/13\/david-y-felipe-ramos-perez-donan-al-archivo-municipal-de-los-llanos-de-aridane-20-cajas-con-ejemplares-de-periodicos-publicados-en-la-palma-entre-los-anos-1992-y-2012\/","url":"https:\/\/www.aridane.org\/city\/2023\/06\/13\/david-y-felipe-ramos-perez-donan-al-archivo-municipal-de-los-llanos-de-aridane-20-cajas-con-ejemplares-de-periodicos-publicados-en-la-palma-entre-los-anos-1992-y-2012\/","name":"David y Felipe Ramos P\u00e9rez donan al Archivo Municipal de Los Llanos de Aridane 20 cajas con ejemplares de peri\u00f3dicos publicados en La Palma entre los a\u00f1os 1992 y 2012 - Ayuntamiento de Los Llanos de Aridane","isPartOf":{"@id":"https:\/\/www.aridane.org\/city\/#website"},"primaryImageOfPage":{"@id":"https:\/\/www.aridane.org\/city\/2023\/06\/13\/david-y-felipe-ramos-perez-donan-al-archivo-municipal-de-los-llanos-de-aridane-20-cajas-con-ejemplares-de-periodicos-publicados-en-la-palma-entre-los-anos-1992-y-2012\/#primaryimage"},"image":{"@id":"https:\/\/www.aridane.org\/city\/2023\/06\/13\/david-y-felipe-ramos-perez-donan-al-archivo-municipal-de-los-llanos-de-aridane-20-cajas-con-ejemplares-de-periodicos-publicados-en-la-palma-entre-los-anos-1992-y-2012\/#primaryimage"},"thumbnailUrl":"https:\/\/www.aridane.org\/city\/wp-content\/uploads\/2023\/06\/David-y-Felipe-Ramos-Perez-donan-1.jpg","datePublished":"2023-06-13T10:16:01+00:00","dateModified":"2023-07-21T08:11:44+00:00","author":{"@id":"https:\/\/www.aridane.org\/city\/#\/schema\/person\/7d352ec7f29881716f298394432e7209"},"description":"El Ayuntamiento de Los Llanos de Aridane presenta el cartel y el programa de La Patrona 2021 con el lema \u201cRemedios, m\u00e1s que un nombre.\u201d","breadcrumb":{"@id":"https:\/\/www.aridane.org\/city\/2023\/06\/13\/david-y-felipe-ramos-perez-donan-al-archivo-municipal-de-los-llanos-de-aridane-20-cajas-con-ejemplares-de-periodicos-publicados-en-la-palma-entre-los-anos-1992-y-2012\/#breadcrumb"},"inLanguage":"es","potentialAction":[{"@type":"ReadAction","target":["https:\/\/www.aridane.org\/city\/2023\/06\/13\/david-y-felipe-ramos-perez-donan-al-archivo-municipal-de-los-llanos-de-aridane-20-cajas-con-ejemplares-de-periodicos-publicados-en-la-palma-entre-los-anos-1992-y-2012\/"]}]},{"@type":"ImageObject","inLanguage":"es","@id":"https:\/\/www.aridane.org\/city\/2023\/06\/13\/david-y-felipe-ramos-perez-donan-al-archivo-municipal-de-los-llanos-de-aridane-20-cajas-con-ejemplares-de-periodicos-publicados-en-la-palma-entre-los-anos-1992-y-2012\/#primaryimage","url":"https:\/\/www.aridane.org\/city\/wp-content\/uploads\/2023\/06\/David-y-Felipe-Ramos-Perez-donan-1.jpg","contentUrl":"https:\/\/www.aridane.org\/city\/wp-content\/uploads\/2023\/06\/David-y-Felipe-Ramos-Perez-donan-1.jpg","width":1920,"height":1280},{"@type":"BreadcrumbList","@id":"https:\/\/www.aridane.org\/city\/2023\/06\/13\/david-y-felipe-ramos-perez-donan-al-archivo-municipal-de-los-llanos-de-aridane-20-cajas-con-ejemplares-de-periodicos-publicados-en-la-palma-entre-los-anos-1992-y-2012\/#breadcrumb","itemListElement":[{"@type":"ListItem","position":1,"name":"Portada","item":"https:\/\/www.aridane.org\/city\/"},{"@type":"ListItem","position":2,"name":"David y Felipe Ramos P\u00e9rez donan al Archivo Municipal de Los Llanos de Aridane 20 cajas con ejemplares de peri\u00f3dicos publicados en La Palma entre los a\u00f1os 1992 y 2012"}]},{"@type":"WebSite","@id":"https:\/\/www.aridane.org\/city\/#website","url":"https:\/\/www.aridane.org\/city\/","name":"Ayuntamiento de Los Llanos de Aridane","description":"","potentialAction":[{"@type":"SearchAction","target":{"@type":"EntryPoint","urlTemplate":"https:\/\/www.aridane.org\/city\/?s={search_term_string}"},"query-input":"required name=search_term_string"}],"inLanguage":"es"},{"@type":"Person","@id":"https:\/\/www.aridane.org\/city\/#\/schema\/person\/7d352ec7f29881716f298394432e7209","name":"Richard Diaz","image":{"@type":"ImageObject","inLanguage":"es","@id":"https:\/\/www.aridane.org\/city\/#\/schema\/person\/image\/","url":"https:\/\/secure.gravatar.com\/avatar\/bacd6aefc26a4a204943090a4c596cd10f0857081ef3cfd12084a70ecb3161d5?s=96&d=mm&r=g","contentUrl":"https:\/\/secure.gravatar.com\/avatar\/bacd6aefc26a4a204943090a4c596cd10f0857081ef3cfd12084a70ecb3161d5?s=96&d=mm&r=g","caption":"Richard Diaz"},"sameAs":["https:\/\/www.aridane.org\/city"],"url":"https:\/\/www.aridane.org\/city\/author\/richard-diaz\/"}]}},"_links":{"self":[{"href":"https:\/\/www.aridane.org\/city\/wp-json\/wp\/v2\/posts\/1963","targetHints":{"allow":["GET"]}}],"collection":[{"href":"https:\/\/www.aridane.org\/city\/wp-json\/wp\/v2\/posts"}],"about":[{"href":"https:\/\/www.aridane.org\/city\/wp-json\/wp\/v2\/types\/post"}],"author":[{"embeddable":true,"href":"https:\/\/www.aridane.org\/city\/wp-json\/wp\/v2\/users\/1"}],"replies":[{"embeddable":true,"href":"https:\/\/www.aridane.org\/city\/wp-json\/wp\/v2\/comments?post=1963"}],"version-history":[{"count":1,"href":"https:\/\/www.aridane.org\/city\/wp-json\/wp\/v2\/posts\/1963\/revisions"}],"predecessor-version":[{"id":2401,"href":"https:\/\/www.aridane.org\/city\/wp-json\/wp\/v2\/posts\/1963\/revisions\/2401"}],"wp:featuredmedia":[{"embeddable":true,"href":"https:\/\/www.aridane.org\/city\/wp-json\/wp\/v2\/media\/2400"}],"wp:attachment":[{"href":"https:\/\/www.aridane.org\/city\/wp-json\/wp\/v2\/media?parent=1963"}],"wp:term":[{"taxonomy":"category","embeddable":true,"href":"https:\/\/www.aridane.org\/city\/wp-json\/wp\/v2\/categories?post=1963"},{"taxonomy":"post_tag","embeddable":true,"href":"https:\/\/www.aridane.org\/city\/wp-json\/wp\/v2\/tags?post=1963"}],"curies":[{"name":"wp","href":"https:\/\/api.w.org\/{rel}","templated":true}]}}