{"id":1964,"date":"2023-06-14T13:07:20","date_gmt":"2023-06-14T12:07:20","guid":{"rendered":"https:\/\/aridane.org\/ciudad\/?p=1854"},"modified":"2023-07-21T07:53:18","modified_gmt":"2023-07-21T07:53:18","slug":"los-jardines-de-la-entrada-de-los-llanos-de-aridane-se-embelleceran-con-vegetacion-autoctona","status":"publish","type":"post","link":"https:\/\/www.aridane.org\/city\/2023\/06\/14\/los-jardines-de-la-entrada-de-los-llanos-de-aridane-se-embelleceran-con-vegetacion-autoctona\/","title":{"rendered":"Los jardines de la entrada de Los Llanos de Aridane se embellecer\u00e1n con vegetaci\u00f3n aut\u00f3ctona"},"content":{"rendered":"<section class=\"wpb-content-wrapper\"><p>[vc_row css_animation=\u00bb\u00bb row_type=\u00bbrow\u00bb use_row_as_full_screen_section=\u00bbno\u00bb type=\u00bbfull_width\u00bb angled_section=\u00bbno\u00bb text_align=\u00bbleft\u00bb background_image_as_pattern=\u00bbwithout_pattern\u00bb][vc_column][vc_row_inner row_type=\u00bbrow\u00bb type=\u00bbgrid\u00bb text_align=\u00bbleft\u00bb css_animation=\u00bb\u00bb][vc_column_inner][vc_empty_space height=\u00bb20px\u00bb][vc_empty_space height=\u00bb20px\u00bb][\/vc_column_inner][\/vc_row_inner][vc_column_text]<\/p>\n<ul>\n<li>Garc\u00eda Leal explica que concretamente se est\u00e1 tarea se ejecutar\u00e1 entre la Avda. Eusebio Barreto y la Avda. Carlos Francisco, y para ello se cuenta con una partida de m\u00e1s de 36.000 euros procedentes de la Reserva de la Biosfera.<\/li>\n<\/ul>\n<p>&nbsp;<\/p>\n<p><strong>Los Llanos de Aridane, 14 de junio de 2023.- <\/strong>El Ayuntamiento de Los Llanos de Aridane a trav\u00e9s de su alcaldesa en funciones, Noelia Garc\u00eda Leal; y junto al concejal de Servicios Municipales en funciones, Jos\u00e9 Mar\u00eda Rivera, han confirmado que \u201cpr\u00f3ximamente comenzar\u00e1n las tareas de embellecimiento en los jardines de la entrada del municipio, concretamente entre la Avda. Eusebio Barreto y la Avda. Carlos Francisco\u201d.<\/p>\n<p>Garc\u00eda Leal destaca que \u201ceste trabajo responde al compromiso de continuar embelleciendo los espacios p\u00fablicos para uso y disfrute de los propios aridanenses, y tambi\u00e9n para seguir haciendo de Los Llanos de Aridane un municipio atractivo para todas aquellas personas que nos visiten\u201d.<\/p>\n<p>Por su parte, Jos\u00e9 Mar\u00eda Rivera explica que primero se proceder\u00e1 a la adecuaci\u00f3n de los jardines, \u201cpara posteriormente poder plantar flores, y tambi\u00e9n se contempla la ubicaci\u00f3n de una escultura\u201d. Para su ejecuci\u00f3n, se\u00f1ala \u201ccontamos con un presupuesto de m\u00e1s de 36.000 euros procedentes de la Reserva de la Biosfera, mientras que desde el Ayuntamiento nos hemos encargado de la elaboraci\u00f3n del proyecto, y se ha contado con una inversi\u00f3n de cerca de 4.200 euros\u201d.<\/p>\n<p>Por \u00faltimo, desde el Ayuntamiento de Los Llanos de Aridane se agradece a la Reserva de la Biosfera este acuerdo de colaboraci\u00f3n para poder llevar a cabo este trabajo, \u201cque va a repercutir de manera positiva en la mejora del municipio\u201d.[\/vc_column_text][\/vc_column][\/vc_row]<\/p>\n<\/section>","protected":false},"excerpt":{"rendered":"<p>[vc_row css_animation=\u00bb\u00bb row_type=\u00bbrow\u00bb use_row_as_full_screen_section=\u00bbno\u00bb type=\u00bbfull_width\u00bb angled_section=\u00bbno\u00bb text_align=\u00bbleft\u00bb background_image_as_pattern=\u00bbwithout_pattern\u00bb][vc_column][vc_row_inner row_type=\u00bbrow\u00bb type=\u00bbgrid\u00bb text_align=\u00bbleft\u00bb css_animation=\u00bb\u00bb][vc_column_inner][vc_empty_space height=\u00bb20px\u00bb][vc_empty_space height=\u00bb20px\u00bb][\/vc_column_inner][\/vc_row_inner][vc_column_text] Garc\u00eda Leal explica que concretamente se est\u00e1 tarea se ejecutar\u00e1 entre la Avda. Eusebio Barreto y la Avda. Carlos Francisco, y para ello se cuenta con una partida de m\u00e1s de&#8230;<\/p>\n","protected":false},"author":1,"featured_media":2393,"comment_status":"closed","ping_status":"open","sticky":false,"template":"","format":"standard","meta":{"footnotes":""},"categories":[6],"tags":[],"class_list":["post-1964","post","type-post","status-publish","format-standard","has-post-thumbnail","hentry","category-prensa"],"yoast_head":"<!-- This site is optimized with the Yoast SEO plugin v22.7 - https:\/\/yoast.com\/wordpress\/plugins\/seo\/ -->\n<title>Los jardines de la entrada de Los Llanos de Aridane se embellecer\u00e1n con vegetaci\u00f3n aut\u00f3ctona - Ayuntamiento de Los Llanos de Aridane<\/title>\n<meta name=\"description\" content=\"El Ayuntamiento de Los Llanos de Aridane presenta el cartel y el programa de La Patrona 2021 con el lema \u201cRemedios, m\u00e1s que un nombre.\u201d\" \/>\n<meta name=\"robots\" content=\"index, follow, max-snippet:-1, max-image-preview:large, max-video-preview:-1\" \/>\n<link rel=\"canonical\" href=\"https:\/\/www.aridane.org\/city\/2023\/06\/14\/los-jardines-de-la-entrada-de-los-llanos-de-aridane-se-embelleceran-con-vegetacion-autoctona\/\" \/>\n<meta property=\"og:locale\" content=\"es_ES\" \/>\n<meta property=\"og:type\" content=\"article\" \/>\n<meta property=\"og:title\" content=\"Los jardines de la entrada de Los Llanos de Aridane se embellecer\u00e1n con vegetaci\u00f3n aut\u00f3ctona - Ayuntamiento de Los Llanos de Aridane\" \/>\n<meta property=\"og:description\" content=\"El Ayuntamiento de Los Llanos de Aridane presenta el cartel y el programa de La Patrona 2021 con el lema \u201cRemedios, m\u00e1s que un nombre.\u201d\" \/>\n<meta property=\"og:url\" content=\"https:\/\/www.aridane.org\/city\/2023\/06\/14\/los-jardines-de-la-entrada-de-los-llanos-de-aridane-se-embelleceran-con-vegetacion-autoctona\/\" \/>\n<meta property=\"og:site_name\" content=\"Ayuntamiento de Los Llanos de Aridane\" \/>\n<meta property=\"article:published_time\" content=\"2023-06-14T12:07:20+00:00\" \/>\n<meta property=\"article:modified_time\" content=\"2023-07-21T07:53:18+00:00\" \/>\n<meta property=\"og:image\" content=\"https:\/\/www.aridane.org\/city\/wp-content\/uploads\/2023\/06\/Noelia-Garcia-Leal-y-Jose-Maria-Rivera.jpg\" \/>\n\t<meta property=\"og:image:width\" content=\"900\" \/>\n\t<meta property=\"og:image:height\" content=\"675\" \/>\n\t<meta property=\"og:image:type\" content=\"image\/jpeg\" \/>\n<meta name=\"author\" content=\"Richard Diaz\" \/>\n<meta name=\"twitter:card\" content=\"summary_large_image\" \/>\n<meta name=\"twitter:label1\" content=\"Escrito por\" \/>\n\t<meta name=\"twitter:data1\" content=\"Richard Diaz\" \/>\n\t<meta name=\"twitter:label2\" content=\"Tiempo de lectura\" \/>\n\t<meta name=\"twitter:data2\" content=\"2 minutos\" \/>\n<script type=\"application\/ld+json\" class=\"yoast-schema-graph\">{\"@context\":\"https:\/\/schema.org\",\"@graph\":[{\"@type\":\"WebPage\",\"@id\":\"https:\/\/www.aridane.org\/city\/2023\/06\/14\/los-jardines-de-la-entrada-de-los-llanos-de-aridane-se-embelleceran-con-vegetacion-autoctona\/\",\"url\":\"https:\/\/www.aridane.org\/city\/2023\/06\/14\/los-jardines-de-la-entrada-de-los-llanos-de-aridane-se-embelleceran-con-vegetacion-autoctona\/\",\"name\":\"Los jardines de la entrada de Los Llanos de Aridane se embellecer\u00e1n con vegetaci\u00f3n aut\u00f3ctona - Ayuntamiento de Los Llanos de Aridane\",\"isPartOf\":{\"@id\":\"https:\/\/www.aridane.org\/city\/#website\"},\"primaryImageOfPage\":{\"@id\":\"https:\/\/www.aridane.org\/city\/2023\/06\/14\/los-jardines-de-la-entrada-de-los-llanos-de-aridane-se-embelleceran-con-vegetacion-autoctona\/#primaryimage\"},\"image\":{\"@id\":\"https:\/\/www.aridane.org\/city\/2023\/06\/14\/los-jardines-de-la-entrada-de-los-llanos-de-aridane-se-embelleceran-con-vegetacion-autoctona\/#primaryimage\"},\"thumbnailUrl\":\"https:\/\/www.aridane.org\/city\/wp-content\/uploads\/2023\/06\/Noelia-Garcia-Leal-y-Jose-Maria-Rivera.jpg\",\"datePublished\":\"2023-06-14T12:07:20+00:00\",\"dateModified\":\"2023-07-21T07:53:18+00:00\",\"author\":{\"@id\":\"https:\/\/www.aridane.org\/city\/#\/schema\/person\/7d352ec7f29881716f298394432e7209\"},\"description\":\"El Ayuntamiento de Los Llanos de Aridane presenta el cartel y el programa de La Patrona 2021 con el lema \u201cRemedios, m\u00e1s que un nombre.\u201d\",\"breadcrumb\":{\"@id\":\"https:\/\/www.aridane.org\/city\/2023\/06\/14\/los-jardines-de-la-entrada-de-los-llanos-de-aridane-se-embelleceran-con-vegetacion-autoctona\/#breadcrumb\"},\"inLanguage\":\"es\",\"potentialAction\":[{\"@type\":\"ReadAction\",\"target\":[\"https:\/\/www.aridane.org\/city\/2023\/06\/14\/los-jardines-de-la-entrada-de-los-llanos-de-aridane-se-embelleceran-con-vegetacion-autoctona\/\"]}]},{\"@type\":\"ImageObject\",\"inLanguage\":\"es\",\"@id\":\"https:\/\/www.aridane.org\/city\/2023\/06\/14\/los-jardines-de-la-entrada-de-los-llanos-de-aridane-se-embelleceran-con-vegetacion-autoctona\/#primaryimage\",\"url\":\"https:\/\/www.aridane.org\/city\/wp-content\/uploads\/2023\/06\/Noelia-Garcia-Leal-y-Jose-Maria-Rivera.jpg\",\"contentUrl\":\"https:\/\/www.aridane.org\/city\/wp-content\/uploads\/2023\/06\/Noelia-Garcia-Leal-y-Jose-Maria-Rivera.jpg\",\"width\":900,\"height\":675},{\"@type\":\"BreadcrumbList\",\"@id\":\"https:\/\/www.aridane.org\/city\/2023\/06\/14\/los-jardines-de-la-entrada-de-los-llanos-de-aridane-se-embelleceran-con-vegetacion-autoctona\/#breadcrumb\",\"itemListElement\":[{\"@type\":\"ListItem\",\"position\":1,\"name\":\"Portada\",\"item\":\"https:\/\/www.aridane.org\/city\/\"},{\"@type\":\"ListItem\",\"position\":2,\"name\":\"Los jardines de la entrada de Los Llanos de Aridane se embellecer\u00e1n con vegetaci\u00f3n aut\u00f3ctona\"}]},{\"@type\":\"WebSite\",\"@id\":\"https:\/\/www.aridane.org\/city\/#website\",\"url\":\"https:\/\/www.aridane.org\/city\/\",\"name\":\"Ayuntamiento de Los Llanos de Aridane\",\"description\":\"\",\"potentialAction\":[{\"@type\":\"SearchAction\",\"target\":{\"@type\":\"EntryPoint\",\"urlTemplate\":\"https:\/\/www.aridane.org\/city\/?s={search_term_string}\"},\"query-input\":\"required name=search_term_string\"}],\"inLanguage\":\"es\"},{\"@type\":\"Person\",\"@id\":\"https:\/\/www.aridane.org\/city\/#\/schema\/person\/7d352ec7f29881716f298394432e7209\",\"name\":\"Richard Diaz\",\"image\":{\"@type\":\"ImageObject\",\"inLanguage\":\"es\",\"@id\":\"https:\/\/www.aridane.org\/city\/#\/schema\/person\/image\/\",\"url\":\"https:\/\/secure.gravatar.com\/avatar\/bacd6aefc26a4a204943090a4c596cd10f0857081ef3cfd12084a70ecb3161d5?s=96&d=mm&r=g\",\"contentUrl\":\"https:\/\/secure.gravatar.com\/avatar\/bacd6aefc26a4a204943090a4c596cd10f0857081ef3cfd12084a70ecb3161d5?s=96&d=mm&r=g\",\"caption\":\"Richard Diaz\"},\"sameAs\":[\"https:\/\/www.aridane.org\/city\"],\"url\":\"https:\/\/www.aridane.org\/city\/author\/richard-diaz\/\"}]}<\/script>\n<!-- \/ Yoast SEO plugin. -->","yoast_head_json":{"title":"Los jardines de la entrada de Los Llanos de Aridane se embellecer\u00e1n con vegetaci\u00f3n aut\u00f3ctona - Ayuntamiento de Los Llanos de Aridane","description":"El Ayuntamiento de Los Llanos de Aridane presenta el cartel y el programa de La Patrona 2021 con el lema \u201cRemedios, m\u00e1s que un nombre.\u201d","robots":{"index":"index","follow":"follow","max-snippet":"max-snippet:-1","max-image-preview":"max-image-preview:large","max-video-preview":"max-video-preview:-1"},"canonical":"https:\/\/www.aridane.org\/city\/2023\/06\/14\/los-jardines-de-la-entrada-de-los-llanos-de-aridane-se-embelleceran-con-vegetacion-autoctona\/","og_locale":"es_ES","og_type":"article","og_title":"Los jardines de la entrada de Los Llanos de Aridane se embellecer\u00e1n con vegetaci\u00f3n aut\u00f3ctona - Ayuntamiento de Los Llanos de Aridane","og_description":"El Ayuntamiento de Los Llanos de Aridane presenta el cartel y el programa de La Patrona 2021 con el lema \u201cRemedios, m\u00e1s que un nombre.\u201d","og_url":"https:\/\/www.aridane.org\/city\/2023\/06\/14\/los-jardines-de-la-entrada-de-los-llanos-de-aridane-se-embelleceran-con-vegetacion-autoctona\/","og_site_name":"Ayuntamiento de Los Llanos de Aridane","article_published_time":"2023-06-14T12:07:20+00:00","article_modified_time":"2023-07-21T07:53:18+00:00","og_image":[{"width":900,"height":675,"url":"https:\/\/www.aridane.org\/city\/wp-content\/uploads\/2023\/06\/Noelia-Garcia-Leal-y-Jose-Maria-Rivera.jpg","type":"image\/jpeg"}],"author":"Richard Diaz","twitter_card":"summary_large_image","twitter_misc":{"Escrito por":"Richard Diaz","Tiempo de lectura":"2 minutos"},"schema":{"@context":"https:\/\/schema.org","@graph":[{"@type":"WebPage","@id":"https:\/\/www.aridane.org\/city\/2023\/06\/14\/los-jardines-de-la-entrada-de-los-llanos-de-aridane-se-embelleceran-con-vegetacion-autoctona\/","url":"https:\/\/www.aridane.org\/city\/2023\/06\/14\/los-jardines-de-la-entrada-de-los-llanos-de-aridane-se-embelleceran-con-vegetacion-autoctona\/","name":"Los jardines de la entrada de Los Llanos de Aridane se embellecer\u00e1n con vegetaci\u00f3n aut\u00f3ctona - Ayuntamiento de Los Llanos de Aridane","isPartOf":{"@id":"https:\/\/www.aridane.org\/city\/#website"},"primaryImageOfPage":{"@id":"https:\/\/www.aridane.org\/city\/2023\/06\/14\/los-jardines-de-la-entrada-de-los-llanos-de-aridane-se-embelleceran-con-vegetacion-autoctona\/#primaryimage"},"image":{"@id":"https:\/\/www.aridane.org\/city\/2023\/06\/14\/los-jardines-de-la-entrada-de-los-llanos-de-aridane-se-embelleceran-con-vegetacion-autoctona\/#primaryimage"},"thumbnailUrl":"https:\/\/www.aridane.org\/city\/wp-content\/uploads\/2023\/06\/Noelia-Garcia-Leal-y-Jose-Maria-Rivera.jpg","datePublished":"2023-06-14T12:07:20+00:00","dateModified":"2023-07-21T07:53:18+00:00","author":{"@id":"https:\/\/www.aridane.org\/city\/#\/schema\/person\/7d352ec7f29881716f298394432e7209"},"description":"El Ayuntamiento de Los Llanos de Aridane presenta el cartel y el programa de La Patrona 2021 con el lema \u201cRemedios, m\u00e1s que un nombre.\u201d","breadcrumb":{"@id":"https:\/\/www.aridane.org\/city\/2023\/06\/14\/los-jardines-de-la-entrada-de-los-llanos-de-aridane-se-embelleceran-con-vegetacion-autoctona\/#breadcrumb"},"inLanguage":"es","potentialAction":[{"@type":"ReadAction","target":["https:\/\/www.aridane.org\/city\/2023\/06\/14\/los-jardines-de-la-entrada-de-los-llanos-de-aridane-se-embelleceran-con-vegetacion-autoctona\/"]}]},{"@type":"ImageObject","inLanguage":"es","@id":"https:\/\/www.aridane.org\/city\/2023\/06\/14\/los-jardines-de-la-entrada-de-los-llanos-de-aridane-se-embelleceran-con-vegetacion-autoctona\/#primaryimage","url":"https:\/\/www.aridane.org\/city\/wp-content\/uploads\/2023\/06\/Noelia-Garcia-Leal-y-Jose-Maria-Rivera.jpg","contentUrl":"https:\/\/www.aridane.org\/city\/wp-content\/uploads\/2023\/06\/Noelia-Garcia-Leal-y-Jose-Maria-Rivera.jpg","width":900,"height":675},{"@type":"BreadcrumbList","@id":"https:\/\/www.aridane.org\/city\/2023\/06\/14\/los-jardines-de-la-entrada-de-los-llanos-de-aridane-se-embelleceran-con-vegetacion-autoctona\/#breadcrumb","itemListElement":[{"@type":"ListItem","position":1,"name":"Portada","item":"https:\/\/www.aridane.org\/city\/"},{"@type":"ListItem","position":2,"name":"Los jardines de la entrada de Los Llanos de Aridane se embellecer\u00e1n con vegetaci\u00f3n aut\u00f3ctona"}]},{"@type":"WebSite","@id":"https:\/\/www.aridane.org\/city\/#website","url":"https:\/\/www.aridane.org\/city\/","name":"Ayuntamiento de Los Llanos de Aridane","description":"","potentialAction":[{"@type":"SearchAction","target":{"@type":"EntryPoint","urlTemplate":"https:\/\/www.aridane.org\/city\/?s={search_term_string}"},"query-input":"required name=search_term_string"}],"inLanguage":"es"},{"@type":"Person","@id":"https:\/\/www.aridane.org\/city\/#\/schema\/person\/7d352ec7f29881716f298394432e7209","name":"Richard Diaz","image":{"@type":"ImageObject","inLanguage":"es","@id":"https:\/\/www.aridane.org\/city\/#\/schema\/person\/image\/","url":"https:\/\/secure.gravatar.com\/avatar\/bacd6aefc26a4a204943090a4c596cd10f0857081ef3cfd12084a70ecb3161d5?s=96&d=mm&r=g","contentUrl":"https:\/\/secure.gravatar.com\/avatar\/bacd6aefc26a4a204943090a4c596cd10f0857081ef3cfd12084a70ecb3161d5?s=96&d=mm&r=g","caption":"Richard Diaz"},"sameAs":["https:\/\/www.aridane.org\/city"],"url":"https:\/\/www.aridane.org\/city\/author\/richard-diaz\/"}]}},"_links":{"self":[{"href":"https:\/\/www.aridane.org\/city\/wp-json\/wp\/v2\/posts\/1964","targetHints":{"allow":["GET"]}}],"collection":[{"href":"https:\/\/www.aridane.org\/city\/wp-json\/wp\/v2\/posts"}],"about":[{"href":"https:\/\/www.aridane.org\/city\/wp-json\/wp\/v2\/types\/post"}],"author":[{"embeddable":true,"href":"https:\/\/www.aridane.org\/city\/wp-json\/wp\/v2\/users\/1"}],"replies":[{"embeddable":true,"href":"https:\/\/www.aridane.org\/city\/wp-json\/wp\/v2\/comments?post=1964"}],"version-history":[{"count":1,"href":"https:\/\/www.aridane.org\/city\/wp-json\/wp\/v2\/posts\/1964\/revisions"}],"predecessor-version":[{"id":2395,"href":"https:\/\/www.aridane.org\/city\/wp-json\/wp\/v2\/posts\/1964\/revisions\/2395"}],"wp:featuredmedia":[{"embeddable":true,"href":"https:\/\/www.aridane.org\/city\/wp-json\/wp\/v2\/media\/2393"}],"wp:attachment":[{"href":"https:\/\/www.aridane.org\/city\/wp-json\/wp\/v2\/media?parent=1964"}],"wp:term":[{"taxonomy":"category","embeddable":true,"href":"https:\/\/www.aridane.org\/city\/wp-json\/wp\/v2\/categories?post=1964"},{"taxonomy":"post_tag","embeddable":true,"href":"https:\/\/www.aridane.org\/city\/wp-json\/wp\/v2\/tags?post=1964"}],"curies":[{"name":"wp","href":"https:\/\/api.w.org\/{rel}","templated":true}]}}