{"id":1965,"date":"2023-06-14T10:31:49","date_gmt":"2023-06-14T09:31:49","guid":{"rendered":"https:\/\/aridane.org\/ciudad\/?p=1857"},"modified":"2023-07-21T07:55:42","modified_gmt":"2023-07-21T07:55:42","slug":"los-llanos-de-aridane-transfiere-mas-de-40-000-euros-entre-las-asociaciones-vecinales-del-municipio","status":"publish","type":"post","link":"https:\/\/www.aridane.org\/city\/2023\/06\/14\/los-llanos-de-aridane-transfiere-mas-de-40-000-euros-entre-las-asociaciones-vecinales-del-municipio\/","title":{"rendered":"Los Llanos de Aridane transfiere m\u00e1s de 40.000 euros entre las asociaciones vecinales del municipio"},"content":{"rendered":"<section class=\"wpb-content-wrapper\"><p>[vc_row css_animation=\u00bb\u00bb row_type=\u00bbrow\u00bb use_row_as_full_screen_section=\u00bbno\u00bb type=\u00bbfull_width\u00bb angled_section=\u00bbno\u00bb text_align=\u00bbleft\u00bb background_image_as_pattern=\u00bbwithout_pattern\u00bb][vc_column][vc_row_inner row_type=\u00bbrow\u00bb type=\u00bbgrid\u00bb text_align=\u00bbleft\u00bb css_animation=\u00bb\u00bb][vc_column_inner][vc_empty_space height=\u00bb20px\u00bb][vc_empty_space height=\u00bb20px\u00bb][\/vc_column_inner][\/vc_row_inner][vc_column_text]<\/p>\n<ul>\n<li><em>Garc\u00eda Leal destaca que durante estos a\u00f1os se ha aumentado considerablemente la inversi\u00f3n destinada a las asociaciones de vecinos, \u201cya que contribuyen a mejorar la vida y la dinamizaci\u00f3n de los barrios, y tambi\u00e9n a reforzar la promoci\u00f3n de actividades culturales y sociales del municipio\u201d.<\/em><\/li>\n<\/ul>\n<p>&nbsp;<\/p>\n<p><strong>Los Llanos de Aridane, 14 de junio de 2023.- <\/strong>El Ayuntamiento de Los Llanos de Aridane a trav\u00e9s de la alcaldesa en funciones, Noelia Garc\u00eda Leal, y la concejal de Participaci\u00f3n Ciudadana en funciones, Inmaculada Fern\u00e1ndez, han confirmado que ya se ha procedido a la transferencia de m\u00e1s de 40.000 euros entre las asociaciones vecinales del municipio\u201d.<\/p>\n<p>Garc\u00eda Leal explica que a lo largo de estos a\u00f1os se ha aumentado considerablemente la inversi\u00f3n de esta subvenci\u00f3n, con el fin de que puedan llevar a cabo distintas actividades, y con el objetivo de que que se promocione la participaci\u00f3n ciudadana en los barrios as\u00ed como el asociacionismo\u201d. Adem\u00e1s, pone en valor el importante trabajo que desarrollan estas asociaciones, \u201ccontribuyendo a mejorar la vida y dinamizaci\u00f3n de los barrios y permitiendo reforzar la promoci\u00f3n de actividades culturales y sociales municipales\u201d.<\/p>\n<p>Por su parte, Inmaculada Fern\u00e1ndez, ha explicado que concretamente se ha\u00a0 transferido 40.724,43\u20ac a todas las asociaciones vecinales que presentaron el proyecto, \u201cexcepto a la Asociaci\u00f3n de Vecinos de Las Manchas, que no se le ha podido conceder,\u00a0 al no haber justificado correctamente la subvenci\u00f3n.<\/p>\n<p>Por \u00faltimo, desde el Ayuntamiento de Los Llanos de Aridane se agradece el importante papel que juegan las Asociaciones Vecinales para mejorar la vida municipal.[\/vc_column_text][\/vc_column][\/vc_row]<\/p>\n<\/section>","protected":false},"excerpt":{"rendered":"<p>[vc_row css_animation=\u00bb\u00bb row_type=\u00bbrow\u00bb use_row_as_full_screen_section=\u00bbno\u00bb type=\u00bbfull_width\u00bb angled_section=\u00bbno\u00bb text_align=\u00bbleft\u00bb background_image_as_pattern=\u00bbwithout_pattern\u00bb][vc_column][vc_row_inner row_type=\u00bbrow\u00bb type=\u00bbgrid\u00bb text_align=\u00bbleft\u00bb css_animation=\u00bb\u00bb][vc_column_inner][vc_empty_space height=\u00bb20px\u00bb][vc_empty_space height=\u00bb20px\u00bb][\/vc_column_inner][\/vc_row_inner][vc_column_text] Garc\u00eda Leal destaca que durante estos a\u00f1os se ha aumentado considerablemente la inversi\u00f3n destinada a las asociaciones de vecinos, \u201cya que contribuyen a mejorar la vida y la dinamizaci\u00f3n de los&#8230;<\/p>\n","protected":false},"author":1,"featured_media":2076,"comment_status":"closed","ping_status":"open","sticky":false,"template":"","format":"standard","meta":{"footnotes":""},"categories":[6],"tags":[],"class_list":["post-1965","post","type-post","status-publish","format-standard","has-post-thumbnail","hentry","category-prensa"],"yoast_head":"<!-- This site is optimized with the Yoast SEO plugin v22.7 - https:\/\/yoast.com\/wordpress\/plugins\/seo\/ -->\n<title>Los Llanos de Aridane transfiere m\u00e1s de 40.000 euros entre las asociaciones vecinales del municipio - Ayuntamiento de Los Llanos de Aridane<\/title>\n<meta name=\"description\" content=\"El Ayuntamiento de Los Llanos de Aridane presenta el cartel y el programa de La Patrona 2021 con el lema \u201cRemedios, m\u00e1s que un nombre.\u201d\" \/>\n<meta name=\"robots\" content=\"index, follow, max-snippet:-1, max-image-preview:large, max-video-preview:-1\" \/>\n<link rel=\"canonical\" href=\"https:\/\/www.aridane.org\/city\/2023\/06\/14\/los-llanos-de-aridane-transfiere-mas-de-40-000-euros-entre-las-asociaciones-vecinales-del-municipio\/\" \/>\n<meta property=\"og:locale\" content=\"es_ES\" \/>\n<meta property=\"og:type\" content=\"article\" \/>\n<meta property=\"og:title\" content=\"Los Llanos de Aridane transfiere m\u00e1s de 40.000 euros entre las asociaciones vecinales del municipio - Ayuntamiento de Los Llanos de Aridane\" \/>\n<meta property=\"og:description\" content=\"El Ayuntamiento de Los Llanos de Aridane presenta el cartel y el programa de La Patrona 2021 con el lema \u201cRemedios, m\u00e1s que un nombre.\u201d\" \/>\n<meta property=\"og:url\" content=\"https:\/\/www.aridane.org\/city\/2023\/06\/14\/los-llanos-de-aridane-transfiere-mas-de-40-000-euros-entre-las-asociaciones-vecinales-del-municipio\/\" \/>\n<meta property=\"og:site_name\" content=\"Ayuntamiento de Los Llanos de Aridane\" \/>\n<meta property=\"article:published_time\" content=\"2023-06-14T09:31:49+00:00\" \/>\n<meta property=\"article:modified_time\" content=\"2023-07-21T07:55:42+00:00\" \/>\n<meta property=\"og:image\" content=\"https:\/\/www.aridane.org\/city\/wp-content\/uploads\/2023\/06\/Ayuntamiento-2.jpg\" \/>\n\t<meta property=\"og:image:width\" content=\"1024\" \/>\n\t<meta property=\"og:image:height\" content=\"768\" \/>\n\t<meta property=\"og:image:type\" content=\"image\/jpeg\" \/>\n<meta name=\"author\" content=\"Richard Diaz\" \/>\n<meta name=\"twitter:card\" content=\"summary_large_image\" \/>\n<meta name=\"twitter:label1\" content=\"Escrito por\" \/>\n\t<meta name=\"twitter:data1\" content=\"Richard Diaz\" \/>\n\t<meta name=\"twitter:label2\" content=\"Tiempo de lectura\" \/>\n\t<meta name=\"twitter:data2\" content=\"2 minutos\" \/>\n<script type=\"application\/ld+json\" class=\"yoast-schema-graph\">{\"@context\":\"https:\/\/schema.org\",\"@graph\":[{\"@type\":\"WebPage\",\"@id\":\"https:\/\/www.aridane.org\/city\/2023\/06\/14\/los-llanos-de-aridane-transfiere-mas-de-40-000-euros-entre-las-asociaciones-vecinales-del-municipio\/\",\"url\":\"https:\/\/www.aridane.org\/city\/2023\/06\/14\/los-llanos-de-aridane-transfiere-mas-de-40-000-euros-entre-las-asociaciones-vecinales-del-municipio\/\",\"name\":\"Los Llanos de Aridane transfiere m\u00e1s de 40.000 euros entre las asociaciones vecinales del municipio - Ayuntamiento de Los Llanos de Aridane\",\"isPartOf\":{\"@id\":\"https:\/\/www.aridane.org\/city\/#website\"},\"primaryImageOfPage\":{\"@id\":\"https:\/\/www.aridane.org\/city\/2023\/06\/14\/los-llanos-de-aridane-transfiere-mas-de-40-000-euros-entre-las-asociaciones-vecinales-del-municipio\/#primaryimage\"},\"image\":{\"@id\":\"https:\/\/www.aridane.org\/city\/2023\/06\/14\/los-llanos-de-aridane-transfiere-mas-de-40-000-euros-entre-las-asociaciones-vecinales-del-municipio\/#primaryimage\"},\"thumbnailUrl\":\"https:\/\/www.aridane.org\/city\/wp-content\/uploads\/2023\/06\/Ayuntamiento-2.jpg\",\"datePublished\":\"2023-06-14T09:31:49+00:00\",\"dateModified\":\"2023-07-21T07:55:42+00:00\",\"author\":{\"@id\":\"https:\/\/www.aridane.org\/city\/#\/schema\/person\/7d352ec7f29881716f298394432e7209\"},\"description\":\"El Ayuntamiento de Los Llanos de Aridane presenta el cartel y el programa de La Patrona 2021 con el lema \u201cRemedios, m\u00e1s que un nombre.\u201d\",\"breadcrumb\":{\"@id\":\"https:\/\/www.aridane.org\/city\/2023\/06\/14\/los-llanos-de-aridane-transfiere-mas-de-40-000-euros-entre-las-asociaciones-vecinales-del-municipio\/#breadcrumb\"},\"inLanguage\":\"es\",\"potentialAction\":[{\"@type\":\"ReadAction\",\"target\":[\"https:\/\/www.aridane.org\/city\/2023\/06\/14\/los-llanos-de-aridane-transfiere-mas-de-40-000-euros-entre-las-asociaciones-vecinales-del-municipio\/\"]}]},{\"@type\":\"ImageObject\",\"inLanguage\":\"es\",\"@id\":\"https:\/\/www.aridane.org\/city\/2023\/06\/14\/los-llanos-de-aridane-transfiere-mas-de-40-000-euros-entre-las-asociaciones-vecinales-del-municipio\/#primaryimage\",\"url\":\"https:\/\/www.aridane.org\/city\/wp-content\/uploads\/2023\/06\/Ayuntamiento-2.jpg\",\"contentUrl\":\"https:\/\/www.aridane.org\/city\/wp-content\/uploads\/2023\/06\/Ayuntamiento-2.jpg\",\"width\":1024,\"height\":768},{\"@type\":\"BreadcrumbList\",\"@id\":\"https:\/\/www.aridane.org\/city\/2023\/06\/14\/los-llanos-de-aridane-transfiere-mas-de-40-000-euros-entre-las-asociaciones-vecinales-del-municipio\/#breadcrumb\",\"itemListElement\":[{\"@type\":\"ListItem\",\"position\":1,\"name\":\"Portada\",\"item\":\"https:\/\/www.aridane.org\/city\/\"},{\"@type\":\"ListItem\",\"position\":2,\"name\":\"Los Llanos de Aridane transfiere m\u00e1s de 40.000 euros entre las asociaciones vecinales del municipio\"}]},{\"@type\":\"WebSite\",\"@id\":\"https:\/\/www.aridane.org\/city\/#website\",\"url\":\"https:\/\/www.aridane.org\/city\/\",\"name\":\"Ayuntamiento de Los Llanos de Aridane\",\"description\":\"\",\"potentialAction\":[{\"@type\":\"SearchAction\",\"target\":{\"@type\":\"EntryPoint\",\"urlTemplate\":\"https:\/\/www.aridane.org\/city\/?s={search_term_string}\"},\"query-input\":\"required name=search_term_string\"}],\"inLanguage\":\"es\"},{\"@type\":\"Person\",\"@id\":\"https:\/\/www.aridane.org\/city\/#\/schema\/person\/7d352ec7f29881716f298394432e7209\",\"name\":\"Richard Diaz\",\"image\":{\"@type\":\"ImageObject\",\"inLanguage\":\"es\",\"@id\":\"https:\/\/www.aridane.org\/city\/#\/schema\/person\/image\/\",\"url\":\"https:\/\/secure.gravatar.com\/avatar\/bacd6aefc26a4a204943090a4c596cd10f0857081ef3cfd12084a70ecb3161d5?s=96&d=mm&r=g\",\"contentUrl\":\"https:\/\/secure.gravatar.com\/avatar\/bacd6aefc26a4a204943090a4c596cd10f0857081ef3cfd12084a70ecb3161d5?s=96&d=mm&r=g\",\"caption\":\"Richard Diaz\"},\"sameAs\":[\"https:\/\/www.aridane.org\/city\"],\"url\":\"https:\/\/www.aridane.org\/city\/author\/richard-diaz\/\"}]}<\/script>\n<!-- \/ Yoast SEO plugin. -->","yoast_head_json":{"title":"Los Llanos de Aridane transfiere m\u00e1s de 40.000 euros entre las asociaciones vecinales del municipio - Ayuntamiento de Los Llanos de Aridane","description":"El Ayuntamiento de Los Llanos de Aridane presenta el cartel y el programa de La Patrona 2021 con el lema \u201cRemedios, m\u00e1s que un nombre.\u201d","robots":{"index":"index","follow":"follow","max-snippet":"max-snippet:-1","max-image-preview":"max-image-preview:large","max-video-preview":"max-video-preview:-1"},"canonical":"https:\/\/www.aridane.org\/city\/2023\/06\/14\/los-llanos-de-aridane-transfiere-mas-de-40-000-euros-entre-las-asociaciones-vecinales-del-municipio\/","og_locale":"es_ES","og_type":"article","og_title":"Los Llanos de Aridane transfiere m\u00e1s de 40.000 euros entre las asociaciones vecinales del municipio - Ayuntamiento de Los Llanos de Aridane","og_description":"El Ayuntamiento de Los Llanos de Aridane presenta el cartel y el programa de La Patrona 2021 con el lema \u201cRemedios, m\u00e1s que un nombre.\u201d","og_url":"https:\/\/www.aridane.org\/city\/2023\/06\/14\/los-llanos-de-aridane-transfiere-mas-de-40-000-euros-entre-las-asociaciones-vecinales-del-municipio\/","og_site_name":"Ayuntamiento de Los Llanos de Aridane","article_published_time":"2023-06-14T09:31:49+00:00","article_modified_time":"2023-07-21T07:55:42+00:00","og_image":[{"width":1024,"height":768,"url":"https:\/\/www.aridane.org\/city\/wp-content\/uploads\/2023\/06\/Ayuntamiento-2.jpg","type":"image\/jpeg"}],"author":"Richard Diaz","twitter_card":"summary_large_image","twitter_misc":{"Escrito por":"Richard Diaz","Tiempo de lectura":"2 minutos"},"schema":{"@context":"https:\/\/schema.org","@graph":[{"@type":"WebPage","@id":"https:\/\/www.aridane.org\/city\/2023\/06\/14\/los-llanos-de-aridane-transfiere-mas-de-40-000-euros-entre-las-asociaciones-vecinales-del-municipio\/","url":"https:\/\/www.aridane.org\/city\/2023\/06\/14\/los-llanos-de-aridane-transfiere-mas-de-40-000-euros-entre-las-asociaciones-vecinales-del-municipio\/","name":"Los Llanos de Aridane transfiere m\u00e1s de 40.000 euros entre las asociaciones vecinales del municipio - Ayuntamiento de Los Llanos de Aridane","isPartOf":{"@id":"https:\/\/www.aridane.org\/city\/#website"},"primaryImageOfPage":{"@id":"https:\/\/www.aridane.org\/city\/2023\/06\/14\/los-llanos-de-aridane-transfiere-mas-de-40-000-euros-entre-las-asociaciones-vecinales-del-municipio\/#primaryimage"},"image":{"@id":"https:\/\/www.aridane.org\/city\/2023\/06\/14\/los-llanos-de-aridane-transfiere-mas-de-40-000-euros-entre-las-asociaciones-vecinales-del-municipio\/#primaryimage"},"thumbnailUrl":"https:\/\/www.aridane.org\/city\/wp-content\/uploads\/2023\/06\/Ayuntamiento-2.jpg","datePublished":"2023-06-14T09:31:49+00:00","dateModified":"2023-07-21T07:55:42+00:00","author":{"@id":"https:\/\/www.aridane.org\/city\/#\/schema\/person\/7d352ec7f29881716f298394432e7209"},"description":"El Ayuntamiento de Los Llanos de Aridane presenta el cartel y el programa de La Patrona 2021 con el lema \u201cRemedios, m\u00e1s que un nombre.\u201d","breadcrumb":{"@id":"https:\/\/www.aridane.org\/city\/2023\/06\/14\/los-llanos-de-aridane-transfiere-mas-de-40-000-euros-entre-las-asociaciones-vecinales-del-municipio\/#breadcrumb"},"inLanguage":"es","potentialAction":[{"@type":"ReadAction","target":["https:\/\/www.aridane.org\/city\/2023\/06\/14\/los-llanos-de-aridane-transfiere-mas-de-40-000-euros-entre-las-asociaciones-vecinales-del-municipio\/"]}]},{"@type":"ImageObject","inLanguage":"es","@id":"https:\/\/www.aridane.org\/city\/2023\/06\/14\/los-llanos-de-aridane-transfiere-mas-de-40-000-euros-entre-las-asociaciones-vecinales-del-municipio\/#primaryimage","url":"https:\/\/www.aridane.org\/city\/wp-content\/uploads\/2023\/06\/Ayuntamiento-2.jpg","contentUrl":"https:\/\/www.aridane.org\/city\/wp-content\/uploads\/2023\/06\/Ayuntamiento-2.jpg","width":1024,"height":768},{"@type":"BreadcrumbList","@id":"https:\/\/www.aridane.org\/city\/2023\/06\/14\/los-llanos-de-aridane-transfiere-mas-de-40-000-euros-entre-las-asociaciones-vecinales-del-municipio\/#breadcrumb","itemListElement":[{"@type":"ListItem","position":1,"name":"Portada","item":"https:\/\/www.aridane.org\/city\/"},{"@type":"ListItem","position":2,"name":"Los Llanos de Aridane transfiere m\u00e1s de 40.000 euros entre las asociaciones vecinales del municipio"}]},{"@type":"WebSite","@id":"https:\/\/www.aridane.org\/city\/#website","url":"https:\/\/www.aridane.org\/city\/","name":"Ayuntamiento de Los Llanos de Aridane","description":"","potentialAction":[{"@type":"SearchAction","target":{"@type":"EntryPoint","urlTemplate":"https:\/\/www.aridane.org\/city\/?s={search_term_string}"},"query-input":"required name=search_term_string"}],"inLanguage":"es"},{"@type":"Person","@id":"https:\/\/www.aridane.org\/city\/#\/schema\/person\/7d352ec7f29881716f298394432e7209","name":"Richard Diaz","image":{"@type":"ImageObject","inLanguage":"es","@id":"https:\/\/www.aridane.org\/city\/#\/schema\/person\/image\/","url":"https:\/\/secure.gravatar.com\/avatar\/bacd6aefc26a4a204943090a4c596cd10f0857081ef3cfd12084a70ecb3161d5?s=96&d=mm&r=g","contentUrl":"https:\/\/secure.gravatar.com\/avatar\/bacd6aefc26a4a204943090a4c596cd10f0857081ef3cfd12084a70ecb3161d5?s=96&d=mm&r=g","caption":"Richard Diaz"},"sameAs":["https:\/\/www.aridane.org\/city"],"url":"https:\/\/www.aridane.org\/city\/author\/richard-diaz\/"}]}},"_links":{"self":[{"href":"https:\/\/www.aridane.org\/city\/wp-json\/wp\/v2\/posts\/1965","targetHints":{"allow":["GET"]}}],"collection":[{"href":"https:\/\/www.aridane.org\/city\/wp-json\/wp\/v2\/posts"}],"about":[{"href":"https:\/\/www.aridane.org\/city\/wp-json\/wp\/v2\/types\/post"}],"author":[{"embeddable":true,"href":"https:\/\/www.aridane.org\/city\/wp-json\/wp\/v2\/users\/1"}],"replies":[{"embeddable":true,"href":"https:\/\/www.aridane.org\/city\/wp-json\/wp\/v2\/comments?post=1965"}],"version-history":[{"count":1,"href":"https:\/\/www.aridane.org\/city\/wp-json\/wp\/v2\/posts\/1965\/revisions"}],"predecessor-version":[{"id":2396,"href":"https:\/\/www.aridane.org\/city\/wp-json\/wp\/v2\/posts\/1965\/revisions\/2396"}],"wp:featuredmedia":[{"embeddable":true,"href":"https:\/\/www.aridane.org\/city\/wp-json\/wp\/v2\/media\/2076"}],"wp:attachment":[{"href":"https:\/\/www.aridane.org\/city\/wp-json\/wp\/v2\/media?parent=1965"}],"wp:term":[{"taxonomy":"category","embeddable":true,"href":"https:\/\/www.aridane.org\/city\/wp-json\/wp\/v2\/categories?post=1965"},{"taxonomy":"post_tag","embeddable":true,"href":"https:\/\/www.aridane.org\/city\/wp-json\/wp\/v2\/tags?post=1965"}],"curies":[{"name":"wp","href":"https:\/\/api.w.org\/{rel}","templated":true}]}}