{"id":1966,"date":"2023-06-14T09:28:23","date_gmt":"2023-06-14T08:28:23","guid":{"rendered":"https:\/\/aridane.org\/ciudad\/?p=1859"},"modified":"2023-07-21T08:03:24","modified_gmt":"2023-07-21T08:03:24","slug":"la-cronista-oficial-de-los-llanos-de-aridane-maria-victoria-hernandez-perez-dona-al-archivo-municipal-un-onnoven","status":"publish","type":"post","link":"https:\/\/www.aridane.org\/city\/2023\/06\/14\/la-cronista-oficial-de-los-llanos-de-aridane-maria-victoria-hernandez-perez-dona-al-archivo-municipal-un-onnoven\/","title":{"rendered":"La cronista oficial de Los Llanos de Aridane Mar\u00eda Victoria Hern\u00e1ndez P\u00e9rez dona al Archivo Municipal un onnoven"},"content":{"rendered":"<section class=\"wpb-content-wrapper\"><p>[vc_row css_animation=\u00bb\u00bb row_type=\u00bbrow\u00bb use_row_as_full_screen_section=\u00bbno\u00bb type=\u00bbfull_width\u00bb angled_section=\u00bbno\u00bb text_align=\u00bbleft\u00bb background_image_as_pattern=\u00bbwithout_pattern\u00bb][vc_column][vc_row_inner row_type=\u00bbrow\u00bb type=\u00bbgrid\u00bb text_align=\u00bbleft\u00bb css_animation=\u00bb\u00bb][vc_column_inner][vc_empty_space height=\u00bb20px\u00bb][vc_empty_space height=\u00bb20px\u00bb][\/vc_column_inner][\/vc_row_inner][vc_column_text]<strong>Los Llanos de Aridane, 14 de junio de 2023.-<\/strong> El Ayuntamiento de Los Llanos de Aridane a trav\u00e9s de la concejal de Cultura en funciones, Charo Gonz\u00e1lez, ha informado que la cronista municipal Mar\u00eda Victoria Hern\u00e1ndez P\u00e9rez ha donado al Archivo Municipal de un onnoven.<\/p>\n<p>Gonz\u00e1lez explica que el instrumento musical objeto de esta donaci\u00f3n es un aer\u00f3fono de metal perteneciente a la familia de los saxhornos y denominado trompa alto, aunque en Espa\u00f1a ha sido m\u00e1s conocido como onnoven. Este \u00faltimo t\u00e9rmino, de origen desconocido y hoy ya en desuso, nunca lleg\u00f3 a recogerse en el Diccionario de la lengua espa\u00f1ola,DLE, pero s\u00ed lo incluye el Diccionario hist\u00f3rico de la lengua espa\u00f1ola, DHLE, que tambi\u00e9n ofrece como variantes gr\u00e1fico-fon\u00e9ticas las voces onnove, onnovene, onoben y onoven.<\/p>\n<p>Tras su introducci\u00f3n en las bandas de m\u00fasica sobre la d\u00e9cada de 1860, afirma, los onn\u00f3venes gozaron de relativa popularidad durante el \u00faltimo tercio del siglo XIX y el primero del XX hasta que dichas formaciones comenzaron a desprenderse paulatinamente de ellos en favor de la trompa orquestal, de similar tesitura pero con un sonido mucho m\u00e1s potente y rico.<\/p>\n<p>La concejal en funciones se\u00f1ala que concretamente esta pieza fue fabricada por la compa\u00f1\u00eda francesa Couesnon et Cie en 1934 y distribuida en nuestro pa\u00eds por Casa Erviti, San Sebasti\u00e1n, Guip\u00fazcoa. Dicha f\u00e1brica, fundada en 1827 y establecida en Par\u00eds desde 1881, se especializ\u00f3 en la construcci\u00f3n de instrumentos musicales de viento y percusi\u00f3n, llegando a contar con seis talleres y m\u00e1s de mil empleados a principios del siglo XX. Nuestro onnoven se trata de un instrumento de taladro cil\u00edndrico hecho en bronce, que carece de ba\u00f1o o revestimiento alguno. De hecho, su brillo se ha ido oscureciendo con el paso de tiempo hasta adquirir el color verdoso caracter\u00edstico del \u00f3xido de dicho metal. Utiliza boquilla semiesf\u00e9rica, mecanismo de pistones y es transpositor, situ\u00e1ndose su sonido a un intervalo de sexta mayor por debajo del do central del piano, es decir, se encuentra afinado en mi bemol.<\/p>\n<p>Adem\u00e1s, explica que su estado general es aceptable, pese a que presenta algunos golpes y diversas abolladuras de diferente consideraci\u00f3n. Asimismo, se observan toscas reparaciones y soldaduras efectuadas en talleres de mec\u00e1nica general, en una de ellas se lleg\u00f3 a suprimir la llave de agua, quiz\u00e1s debido al elevado coste que supon\u00eda enviarlo a un taller especializado fuera de las islas. Tales desperfectos podr\u00edan repararse, pero a nuestro juicio resulta m\u00e1s interesante conservarlo en su estado actual como eficaz testigo de las dificultades que hubo que sortear para mantener la actividad musical en \u00e9pocas de enorme escasez de recursos.<\/p>\n<p>Cabe destacar, que de acuerdo con el testimonio de la donante, este instrumento fue utilizado por miembros de la Banda Municipal de M\u00fasica de Los Llanos de Aridane durante a\u00f1os. Los or\u00edgenes de dicha formaci\u00f3n, que ha sido distinguida con la medalla de oro de la ciudad, se remontan a 1858 y ha mantenido su actividad casi ininterrumpidamente hasta el tiempo presente, lo que la convierte en la decana de las bandas de m\u00fasica de La Palma y en uno de los conjuntos de este tipo m\u00e1s antiguos de Canarias. Por todo ello, la pieza que a partir de ahora se integra en el patrimonio municipal a\u00f1ade a su intr\u00ednseco valor organol\u00f3gico como instrumento decimon\u00f3nico desaparecido en las actuales plantillas de banda en Espa\u00f1a, el valor hist\u00f3rico y etnogr\u00e1fico que le aporta su pertenencia durante d\u00e9cadas al conjunto con m\u00e1s solera de la ciudad aridanense.<\/p>\n<p>Por \u00faltimo, desde el Ayuntamiento de Los Llanos de Aridane se agradece a Mar\u00eda Victoria Hern\u00e1ndez P\u00e9rez esta donaci\u00f3n para el archivo municipal.[\/vc_column_text][\/vc_column][\/vc_row]<\/p>\n<\/section>","protected":false},"excerpt":{"rendered":"<p>[vc_row css_animation=\u00bb\u00bb row_type=\u00bbrow\u00bb use_row_as_full_screen_section=\u00bbno\u00bb type=\u00bbfull_width\u00bb angled_section=\u00bbno\u00bb text_align=\u00bbleft\u00bb background_image_as_pattern=\u00bbwithout_pattern\u00bb][vc_column][vc_row_inner row_type=\u00bbrow\u00bb type=\u00bbgrid\u00bb text_align=\u00bbleft\u00bb css_animation=\u00bb\u00bb][vc_column_inner][vc_empty_space height=\u00bb20px\u00bb][vc_empty_space height=\u00bb20px\u00bb][\/vc_column_inner][\/vc_row_inner][vc_column_text]Los Llanos de Aridane, 14 de junio de 2023.- El Ayuntamiento de Los Llanos de Aridane a trav\u00e9s de la concejal de Cultura en funciones, Charo Gonz\u00e1lez, ha informado que la cronista&#8230;<\/p>\n","protected":false},"author":1,"featured_media":2397,"comment_status":"closed","ping_status":"open","sticky":false,"template":"","format":"standard","meta":{"footnotes":""},"categories":[6],"tags":[],"class_list":["post-1966","post","type-post","status-publish","format-standard","has-post-thumbnail","hentry","category-prensa"],"yoast_head":"<!-- This site is optimized with the Yoast SEO plugin v22.7 - https:\/\/yoast.com\/wordpress\/plugins\/seo\/ -->\n<title>La cronista oficial de Los Llanos de Aridane Mar\u00eda Victoria Hern\u00e1ndez P\u00e9rez dona al Archivo Municipal un onnoven - Ayuntamiento de Los Llanos de Aridane<\/title>\n<meta name=\"description\" content=\"El Ayuntamiento de Los Llanos de Aridane presenta el cartel y el programa de La Patrona 2021 con el lema \u201cRemedios, m\u00e1s que un nombre.\u201d\" \/>\n<meta name=\"robots\" content=\"index, follow, max-snippet:-1, max-image-preview:large, max-video-preview:-1\" \/>\n<link rel=\"canonical\" href=\"https:\/\/www.aridane.org\/city\/2023\/06\/14\/la-cronista-oficial-de-los-llanos-de-aridane-maria-victoria-hernandez-perez-dona-al-archivo-municipal-un-onnoven\/\" \/>\n<meta property=\"og:locale\" content=\"es_ES\" \/>\n<meta property=\"og:type\" content=\"article\" \/>\n<meta property=\"og:title\" content=\"La cronista oficial de Los Llanos de Aridane Mar\u00eda Victoria Hern\u00e1ndez P\u00e9rez dona al Archivo Municipal un onnoven - Ayuntamiento de Los Llanos de Aridane\" \/>\n<meta property=\"og:description\" content=\"El Ayuntamiento de Los Llanos de Aridane presenta el cartel y el programa de La Patrona 2021 con el lema \u201cRemedios, m\u00e1s que un nombre.\u201d\" \/>\n<meta property=\"og:url\" content=\"https:\/\/www.aridane.org\/city\/2023\/06\/14\/la-cronista-oficial-de-los-llanos-de-aridane-maria-victoria-hernandez-perez-dona-al-archivo-municipal-un-onnoven\/\" \/>\n<meta property=\"og:site_name\" content=\"Ayuntamiento de Los Llanos de Aridane\" \/>\n<meta property=\"article:published_time\" content=\"2023-06-14T08:28:23+00:00\" \/>\n<meta property=\"article:modified_time\" content=\"2023-07-21T08:03:24+00:00\" \/>\n<meta property=\"og:image\" content=\"https:\/\/www.aridane.org\/city\/wp-content\/uploads\/2023\/06\/donacion_archivo_municipal.webp\" \/>\n\t<meta property=\"og:image:width\" content=\"1200\" \/>\n\t<meta property=\"og:image:height\" content=\"675\" \/>\n\t<meta property=\"og:image:type\" content=\"image\/webp\" \/>\n<meta name=\"author\" content=\"Richard Diaz\" \/>\n<meta name=\"twitter:card\" content=\"summary_large_image\" \/>\n<meta name=\"twitter:label1\" content=\"Escrito por\" \/>\n\t<meta name=\"twitter:data1\" content=\"Richard Diaz\" \/>\n\t<meta name=\"twitter:label2\" content=\"Tiempo de lectura\" \/>\n\t<meta name=\"twitter:data2\" content=\"3 minutos\" \/>\n<script type=\"application\/ld+json\" class=\"yoast-schema-graph\">{\"@context\":\"https:\/\/schema.org\",\"@graph\":[{\"@type\":\"WebPage\",\"@id\":\"https:\/\/www.aridane.org\/city\/2023\/06\/14\/la-cronista-oficial-de-los-llanos-de-aridane-maria-victoria-hernandez-perez-dona-al-archivo-municipal-un-onnoven\/\",\"url\":\"https:\/\/www.aridane.org\/city\/2023\/06\/14\/la-cronista-oficial-de-los-llanos-de-aridane-maria-victoria-hernandez-perez-dona-al-archivo-municipal-un-onnoven\/\",\"name\":\"La cronista oficial de Los Llanos de Aridane Mar\u00eda Victoria Hern\u00e1ndez P\u00e9rez dona al Archivo Municipal un onnoven - Ayuntamiento de Los Llanos de Aridane\",\"isPartOf\":{\"@id\":\"https:\/\/www.aridane.org\/city\/#website\"},\"primaryImageOfPage\":{\"@id\":\"https:\/\/www.aridane.org\/city\/2023\/06\/14\/la-cronista-oficial-de-los-llanos-de-aridane-maria-victoria-hernandez-perez-dona-al-archivo-municipal-un-onnoven\/#primaryimage\"},\"image\":{\"@id\":\"https:\/\/www.aridane.org\/city\/2023\/06\/14\/la-cronista-oficial-de-los-llanos-de-aridane-maria-victoria-hernandez-perez-dona-al-archivo-municipal-un-onnoven\/#primaryimage\"},\"thumbnailUrl\":\"https:\/\/www.aridane.org\/city\/wp-content\/uploads\/2023\/06\/donacion_archivo_municipal.webp\",\"datePublished\":\"2023-06-14T08:28:23+00:00\",\"dateModified\":\"2023-07-21T08:03:24+00:00\",\"author\":{\"@id\":\"https:\/\/www.aridane.org\/city\/#\/schema\/person\/7d352ec7f29881716f298394432e7209\"},\"description\":\"El Ayuntamiento de Los Llanos de Aridane presenta el cartel y el programa de La Patrona 2021 con el lema \u201cRemedios, m\u00e1s que un nombre.\u201d\",\"breadcrumb\":{\"@id\":\"https:\/\/www.aridane.org\/city\/2023\/06\/14\/la-cronista-oficial-de-los-llanos-de-aridane-maria-victoria-hernandez-perez-dona-al-archivo-municipal-un-onnoven\/#breadcrumb\"},\"inLanguage\":\"es\",\"potentialAction\":[{\"@type\":\"ReadAction\",\"target\":[\"https:\/\/www.aridane.org\/city\/2023\/06\/14\/la-cronista-oficial-de-los-llanos-de-aridane-maria-victoria-hernandez-perez-dona-al-archivo-municipal-un-onnoven\/\"]}]},{\"@type\":\"ImageObject\",\"inLanguage\":\"es\",\"@id\":\"https:\/\/www.aridane.org\/city\/2023\/06\/14\/la-cronista-oficial-de-los-llanos-de-aridane-maria-victoria-hernandez-perez-dona-al-archivo-municipal-un-onnoven\/#primaryimage\",\"url\":\"https:\/\/www.aridane.org\/city\/wp-content\/uploads\/2023\/06\/donacion_archivo_municipal.webp\",\"contentUrl\":\"https:\/\/www.aridane.org\/city\/wp-content\/uploads\/2023\/06\/donacion_archivo_municipal.webp\",\"width\":1200,\"height\":675},{\"@type\":\"BreadcrumbList\",\"@id\":\"https:\/\/www.aridane.org\/city\/2023\/06\/14\/la-cronista-oficial-de-los-llanos-de-aridane-maria-victoria-hernandez-perez-dona-al-archivo-municipal-un-onnoven\/#breadcrumb\",\"itemListElement\":[{\"@type\":\"ListItem\",\"position\":1,\"name\":\"Portada\",\"item\":\"https:\/\/www.aridane.org\/city\/\"},{\"@type\":\"ListItem\",\"position\":2,\"name\":\"La cronista oficial de Los Llanos de Aridane Mar\u00eda Victoria Hern\u00e1ndez P\u00e9rez dona al Archivo Municipal un onnoven\"}]},{\"@type\":\"WebSite\",\"@id\":\"https:\/\/www.aridane.org\/city\/#website\",\"url\":\"https:\/\/www.aridane.org\/city\/\",\"name\":\"Ayuntamiento de Los Llanos de Aridane\",\"description\":\"\",\"potentialAction\":[{\"@type\":\"SearchAction\",\"target\":{\"@type\":\"EntryPoint\",\"urlTemplate\":\"https:\/\/www.aridane.org\/city\/?s={search_term_string}\"},\"query-input\":\"required name=search_term_string\"}],\"inLanguage\":\"es\"},{\"@type\":\"Person\",\"@id\":\"https:\/\/www.aridane.org\/city\/#\/schema\/person\/7d352ec7f29881716f298394432e7209\",\"name\":\"Richard Diaz\",\"image\":{\"@type\":\"ImageObject\",\"inLanguage\":\"es\",\"@id\":\"https:\/\/www.aridane.org\/city\/#\/schema\/person\/image\/\",\"url\":\"https:\/\/secure.gravatar.com\/avatar\/bacd6aefc26a4a204943090a4c596cd10f0857081ef3cfd12084a70ecb3161d5?s=96&d=mm&r=g\",\"contentUrl\":\"https:\/\/secure.gravatar.com\/avatar\/bacd6aefc26a4a204943090a4c596cd10f0857081ef3cfd12084a70ecb3161d5?s=96&d=mm&r=g\",\"caption\":\"Richard Diaz\"},\"sameAs\":[\"https:\/\/www.aridane.org\/city\"],\"url\":\"https:\/\/www.aridane.org\/city\/author\/richard-diaz\/\"}]}<\/script>\n<!-- \/ Yoast SEO plugin. -->","yoast_head_json":{"title":"La cronista oficial de Los Llanos de Aridane Mar\u00eda Victoria Hern\u00e1ndez P\u00e9rez dona al Archivo Municipal un onnoven - Ayuntamiento de Los Llanos de Aridane","description":"El Ayuntamiento de Los Llanos de Aridane presenta el cartel y el programa de La Patrona 2021 con el lema \u201cRemedios, m\u00e1s que un nombre.\u201d","robots":{"index":"index","follow":"follow","max-snippet":"max-snippet:-1","max-image-preview":"max-image-preview:large","max-video-preview":"max-video-preview:-1"},"canonical":"https:\/\/www.aridane.org\/city\/2023\/06\/14\/la-cronista-oficial-de-los-llanos-de-aridane-maria-victoria-hernandez-perez-dona-al-archivo-municipal-un-onnoven\/","og_locale":"es_ES","og_type":"article","og_title":"La cronista oficial de Los Llanos de Aridane Mar\u00eda Victoria Hern\u00e1ndez P\u00e9rez dona al Archivo Municipal un onnoven - Ayuntamiento de Los Llanos de Aridane","og_description":"El Ayuntamiento de Los Llanos de Aridane presenta el cartel y el programa de La Patrona 2021 con el lema \u201cRemedios, m\u00e1s que un nombre.\u201d","og_url":"https:\/\/www.aridane.org\/city\/2023\/06\/14\/la-cronista-oficial-de-los-llanos-de-aridane-maria-victoria-hernandez-perez-dona-al-archivo-municipal-un-onnoven\/","og_site_name":"Ayuntamiento de Los Llanos de Aridane","article_published_time":"2023-06-14T08:28:23+00:00","article_modified_time":"2023-07-21T08:03:24+00:00","og_image":[{"width":1200,"height":675,"url":"https:\/\/www.aridane.org\/city\/wp-content\/uploads\/2023\/06\/donacion_archivo_municipal.webp","type":"image\/webp"}],"author":"Richard Diaz","twitter_card":"summary_large_image","twitter_misc":{"Escrito por":"Richard Diaz","Tiempo de lectura":"3 minutos"},"schema":{"@context":"https:\/\/schema.org","@graph":[{"@type":"WebPage","@id":"https:\/\/www.aridane.org\/city\/2023\/06\/14\/la-cronista-oficial-de-los-llanos-de-aridane-maria-victoria-hernandez-perez-dona-al-archivo-municipal-un-onnoven\/","url":"https:\/\/www.aridane.org\/city\/2023\/06\/14\/la-cronista-oficial-de-los-llanos-de-aridane-maria-victoria-hernandez-perez-dona-al-archivo-municipal-un-onnoven\/","name":"La cronista oficial de Los Llanos de Aridane Mar\u00eda Victoria Hern\u00e1ndez P\u00e9rez dona al Archivo Municipal un onnoven - Ayuntamiento de Los Llanos de Aridane","isPartOf":{"@id":"https:\/\/www.aridane.org\/city\/#website"},"primaryImageOfPage":{"@id":"https:\/\/www.aridane.org\/city\/2023\/06\/14\/la-cronista-oficial-de-los-llanos-de-aridane-maria-victoria-hernandez-perez-dona-al-archivo-municipal-un-onnoven\/#primaryimage"},"image":{"@id":"https:\/\/www.aridane.org\/city\/2023\/06\/14\/la-cronista-oficial-de-los-llanos-de-aridane-maria-victoria-hernandez-perez-dona-al-archivo-municipal-un-onnoven\/#primaryimage"},"thumbnailUrl":"https:\/\/www.aridane.org\/city\/wp-content\/uploads\/2023\/06\/donacion_archivo_municipal.webp","datePublished":"2023-06-14T08:28:23+00:00","dateModified":"2023-07-21T08:03:24+00:00","author":{"@id":"https:\/\/www.aridane.org\/city\/#\/schema\/person\/7d352ec7f29881716f298394432e7209"},"description":"El Ayuntamiento de Los Llanos de Aridane presenta el cartel y el programa de La Patrona 2021 con el lema \u201cRemedios, m\u00e1s que un nombre.\u201d","breadcrumb":{"@id":"https:\/\/www.aridane.org\/city\/2023\/06\/14\/la-cronista-oficial-de-los-llanos-de-aridane-maria-victoria-hernandez-perez-dona-al-archivo-municipal-un-onnoven\/#breadcrumb"},"inLanguage":"es","potentialAction":[{"@type":"ReadAction","target":["https:\/\/www.aridane.org\/city\/2023\/06\/14\/la-cronista-oficial-de-los-llanos-de-aridane-maria-victoria-hernandez-perez-dona-al-archivo-municipal-un-onnoven\/"]}]},{"@type":"ImageObject","inLanguage":"es","@id":"https:\/\/www.aridane.org\/city\/2023\/06\/14\/la-cronista-oficial-de-los-llanos-de-aridane-maria-victoria-hernandez-perez-dona-al-archivo-municipal-un-onnoven\/#primaryimage","url":"https:\/\/www.aridane.org\/city\/wp-content\/uploads\/2023\/06\/donacion_archivo_municipal.webp","contentUrl":"https:\/\/www.aridane.org\/city\/wp-content\/uploads\/2023\/06\/donacion_archivo_municipal.webp","width":1200,"height":675},{"@type":"BreadcrumbList","@id":"https:\/\/www.aridane.org\/city\/2023\/06\/14\/la-cronista-oficial-de-los-llanos-de-aridane-maria-victoria-hernandez-perez-dona-al-archivo-municipal-un-onnoven\/#breadcrumb","itemListElement":[{"@type":"ListItem","position":1,"name":"Portada","item":"https:\/\/www.aridane.org\/city\/"},{"@type":"ListItem","position":2,"name":"La cronista oficial de Los Llanos de Aridane Mar\u00eda Victoria Hern\u00e1ndez P\u00e9rez dona al Archivo Municipal un onnoven"}]},{"@type":"WebSite","@id":"https:\/\/www.aridane.org\/city\/#website","url":"https:\/\/www.aridane.org\/city\/","name":"Ayuntamiento de Los Llanos de Aridane","description":"","potentialAction":[{"@type":"SearchAction","target":{"@type":"EntryPoint","urlTemplate":"https:\/\/www.aridane.org\/city\/?s={search_term_string}"},"query-input":"required name=search_term_string"}],"inLanguage":"es"},{"@type":"Person","@id":"https:\/\/www.aridane.org\/city\/#\/schema\/person\/7d352ec7f29881716f298394432e7209","name":"Richard Diaz","image":{"@type":"ImageObject","inLanguage":"es","@id":"https:\/\/www.aridane.org\/city\/#\/schema\/person\/image\/","url":"https:\/\/secure.gravatar.com\/avatar\/bacd6aefc26a4a204943090a4c596cd10f0857081ef3cfd12084a70ecb3161d5?s=96&d=mm&r=g","contentUrl":"https:\/\/secure.gravatar.com\/avatar\/bacd6aefc26a4a204943090a4c596cd10f0857081ef3cfd12084a70ecb3161d5?s=96&d=mm&r=g","caption":"Richard Diaz"},"sameAs":["https:\/\/www.aridane.org\/city"],"url":"https:\/\/www.aridane.org\/city\/author\/richard-diaz\/"}]}},"_links":{"self":[{"href":"https:\/\/www.aridane.org\/city\/wp-json\/wp\/v2\/posts\/1966","targetHints":{"allow":["GET"]}}],"collection":[{"href":"https:\/\/www.aridane.org\/city\/wp-json\/wp\/v2\/posts"}],"about":[{"href":"https:\/\/www.aridane.org\/city\/wp-json\/wp\/v2\/types\/post"}],"author":[{"embeddable":true,"href":"https:\/\/www.aridane.org\/city\/wp-json\/wp\/v2\/users\/1"}],"replies":[{"embeddable":true,"href":"https:\/\/www.aridane.org\/city\/wp-json\/wp\/v2\/comments?post=1966"}],"version-history":[{"count":1,"href":"https:\/\/www.aridane.org\/city\/wp-json\/wp\/v2\/posts\/1966\/revisions"}],"predecessor-version":[{"id":2398,"href":"https:\/\/www.aridane.org\/city\/wp-json\/wp\/v2\/posts\/1966\/revisions\/2398"}],"wp:featuredmedia":[{"embeddable":true,"href":"https:\/\/www.aridane.org\/city\/wp-json\/wp\/v2\/media\/2397"}],"wp:attachment":[{"href":"https:\/\/www.aridane.org\/city\/wp-json\/wp\/v2\/media?parent=1966"}],"wp:term":[{"taxonomy":"category","embeddable":true,"href":"https:\/\/www.aridane.org\/city\/wp-json\/wp\/v2\/categories?post=1966"},{"taxonomy":"post_tag","embeddable":true,"href":"https:\/\/www.aridane.org\/city\/wp-json\/wp\/v2\/tags?post=1966"}],"curies":[{"name":"wp","href":"https:\/\/api.w.org\/{rel}","templated":true}]}}